{"id":7009,"date":"2023-05-18T10:30:23","date_gmt":"2023-05-18T08:30:23","guid":{"rendered":"https:\/\/www.sgeaj.ch\/?p=7009"},"modified":"2023-05-18T10:33:16","modified_gmt":"2023-05-18T08:33:16","slug":"band-13-2022","status":"publish","type":"post","link":"https:\/\/www.sgeaj.ch\/fr\/publications\/xviii-ch-fr\/band-13-2022\/","title":{"rendered":"Volume 13\/2022"},"content":{"rendered":"\n<p>La revue plurilingue xviii.ch offre, \u00e0 travers des articles, des rapports, des \u00e9ditions de sources et des recensions, un large aper\u00e7u de la recherche actuelle sur l\u2019espace suisse au XVIIIe si\u00e8cle. Le volume 13\/2022 est consacr\u00e9 \u00e0 la th\u00e9matique \u00abReligion, \u00e9criture et Lumi\u00e8res helv\u00e9tiques\u00bb. Les contributions examinent entre autres l\u2019identit\u00e9 confessionnelle dans les \u0153uvres autobiographiques de l&rsquo;espace alpin, la liturgie des Lumi\u00e8res catholiques, la r\u00e9ception litt\u00e9raire de la Gen\u00e8se et la repr\u00e9sentation de la religion dans le mouvement de r\u00e9forme juif. Des personnalit\u00e9s phares des Lumi\u00e8res romandes comme Isabelle de Charri\u00e8re, Alexandre-C\u00e9sar Chavannes, Germaine de Sta\u00ebl et Benjamin Constant s\u2019y expriment.<\/p>\n\n\n\n<p><a href=\"https:\/\/doi.org\/10.24894\/xviii.ch.2022.13\" target=\"_blank\" rel=\"noreferrer noopener\">Zeitschrift online im open access lesen<\/a><\/p>\n\n\n\n<h2 class=\"wp-block-heading\">Contenu<\/h2>\n\n\n\n<p>Introduction<br>No\u00e9mie Rochat Nogales, Simona Sala, Barbara Selmeci Castioni, DOI: 10.24894\/2673-4419.00120<\/p>\n\n\n\n<p><br>La religione del padre, l\u2019educazione della madre. Matrimoni misti, identit\u00e0 confessionale e scritture autobiografiche in una valle alpina<br>Miriam Nicoli, DOI: 10.24894\/2673-4419.00121<\/p>\n\n\n\n<p><br>Une r\u00e9forme liturgique dans la Suisse catholique des Lumi\u00e8res : la r\u00e9daction du br\u00e9viaire lausannois de 1787<br>Damien Savoy, DOI: 10.24894\/2673-4419.00122<\/p>\n\n\n\n<p><br>L\u2019origine de l\u2019homme selon Alexandre-C\u00e9sar Chavannes: entre histoire profane et r\u00e9cit biblique<br>R\u00e9my Zanardi, DOI: 10.24894\/2673-4419.00123<\/p>\n\n\n\n<p><br>Von der \u00ableeren Zeremonialreligion\u00bb zum \u00absittlich-religi\u00f6sen Mosaismus\u00bb. Die Repr\u00e4sentation von Religion in der j\u00fcdischen Reformbewegung in der Schweiz der Regenerationszeit<br>Patrik S\u00fcess, DOI: 10.24894\/2673-4419.00124<\/p>\n\n\n\n<p><br>Germaine de Sta\u00ebl et Benjamin Constant : des passions au sentiment religieux<br>Simona Sala, Barbara Selmeci Castioni, DOI: 10.24894\/2673-4419.00125<\/p>\n\n\n\n<p><br>Cogitans dubito : Isabelle de Charri\u00e8re, avec la b\u00e9n\u00e9diction de l\u2019abb\u00e9 de la Tour<br>Fran\u00e7ois Rosset, DOI: 10.24894\/2673-4419.00126<\/p>\n\n\n\n<p><br>R\u00e9\u00e9critures litt\u00e9raires de la Gen\u00e8se au tournant des Lumi\u00e8res : Fran\u00e7ois Vernes et les beaut\u00e9s de la cr\u00e9ation<br>No\u00e9mie Rochat Nogales, DOI: 10.24894\/2673-4419.00127<\/p>\n\n\n\n<h3 class=\"wp-block-heading\"><br>Perspectives<\/h3>\n\n\n\n<p><br>Nouvelles recherches sur Johann-Jakob Scheuchzer : une histoire sociale et politique des savoirs<br>Claude Reichler, DOI: 10.24894\/2673-4419.00128<\/p>\n\n\n\n<p><br>Le Corps helv\u00e9tique et la France (1660\u20131792). Transferts, asym\u00e9tries et interd\u00e9pendances entre des partenaires in\u00e9gaux \/ Das Corps helv\u00e9tique und Frankreich (1660\u20131792). Transfers, Asymmetrien und Interdependenzen zwischen ungleichen Partnern : un rapport de colloque<br>Claire Gantet, DOI: 10.24894\/2673-4419.00129<\/p>\n\n\n\n<h3 class=\"wp-block-heading\"><br>Recensions<\/h3>\n\n\n\n<p><br>DOI: 10.24894\/2673-4419.00130<\/p>\n\n\n\n<p><\/p>\n","protected":false},"excerpt":{"rendered":"<p>La revue plurilingue xviii.ch offre, \u00e0 travers des articles, des rapports, des \u00e9ditions de sources et des recensions, un large aper\u00e7u de la recherche actuelle sur l\u2019espace suisse au XVIIIe si\u00e8cle. Le volume 13\/2022 est consacr\u00e9 \u00e0 la th\u00e9matique \u00abReligion, \u00e9criture et Lumi\u00e8res helv\u00e9tiques\u00bb. Les contributions examinent entre autres l\u2019identit\u00e9 confessionnelle dans les \u0153uvres autobiographiques [&hellip;]<\/p>\n","protected":false},"author":7,"featured_media":6685,"comment_status":"closed","ping_status":"open","sticky":false,"template":"","format":"standard","meta":{"footnotes":""},"categories":[46,49],"tags":[],"class_list":{"0":"post-7009","1":"post","2":"type-post","3":"status-publish","4":"format-standard","5":"has-post-thumbnail","7":"category-publications","8":"category-xviii-ch-fr","9":"czr-hentry"},"yoast_head":"<!-- This site is optimized with the Yoast SEO plugin v26.9 - https:\/\/yoast.com\/product\/yoast-seo-wordpress\/ -->\n<title>Volume 13\/2022 - Schweizerische Gesellschaft f\u00fcr die Erforschung des 18. Jahrhunderts (SGEAJ - SSEDS)<\/title>\n<meta name=\"robots\" content=\"index, follow, max-snippet:-1, max-image-preview:large, max-video-preview:-1\" \/>\n<link rel=\"canonical\" href=\"https:\/\/www.sgeaj.ch\/fr\/publications\/xviii-ch-fr\/band-13-2022\/\" \/>\n<meta name=\"twitter:label1\" content=\"\u00c9crit par\" \/>\n\t<meta name=\"twitter:data1\" content=\"Nadja Ackermann\" \/>\n\t<meta name=\"twitter:label2\" content=\"Dur\u00e9e de lecture estim\u00e9e\" \/>\n\t<meta name=\"twitter:data2\" content=\"2 minutes\" \/>\n<script type=\"application\/ld+json\" class=\"yoast-schema-graph\">{\"@context\":\"https:\/\/schema.org\",\"@graph\":[{\"@type\":\"Article\",\"@id\":\"https:\/\/www.sgeaj.ch\/fr\/publications\/xviii-ch-fr\/band-13-2022\/#article\",\"isPartOf\":{\"@id\":\"https:\/\/www.sgeaj.ch\/fr\/publications\/xviii-ch-fr\/band-13-2022\/\"},\"author\":{\"name\":\"Nadja Ackermann\",\"@id\":\"https:\/\/www.sgeaj.ch\/fr\/#\/schema\/person\/2cd839eed625879a17645fc9f307c8e7\"},\"headline\":\"Volume 13\/2022\",\"datePublished\":\"2023-05-18T08:30:23+00:00\",\"dateModified\":\"2023-05-18T08:33:16+00:00\",\"mainEntityOfPage\":{\"@id\":\"https:\/\/www.sgeaj.ch\/fr\/publications\/xviii-ch-fr\/band-13-2022\/\"},\"wordCount\":355,\"publisher\":{\"@id\":\"https:\/\/www.sgeaj.ch\/fr\/#organization\"},\"image\":{\"@id\":\"https:\/\/www.sgeaj.ch\/fr\/publications\/xviii-ch-fr\/band-13-2022\/#primaryimage\"},\"thumbnailUrl\":\"https:\/\/www.sgeaj.ch\/wp-content\/uploads\/2022\/01\/cover-xviiich-scaled.jpg\",\"articleSection\":[\"Publications\",\"XVIII.ch\"],\"inLanguage\":\"fr-FR\"},{\"@type\":\"WebPage\",\"@id\":\"https:\/\/www.sgeaj.ch\/fr\/publications\/xviii-ch-fr\/band-13-2022\/\",\"url\":\"https:\/\/www.sgeaj.ch\/fr\/publications\/xviii-ch-fr\/band-13-2022\/\",\"name\":\"Volume 13\/2022 - Schweizerische Gesellschaft f\u00fcr die Erforschung des 18. Jahrhunderts (SGEAJ - SSEDS)\",\"isPartOf\":{\"@id\":\"https:\/\/www.sgeaj.ch\/fr\/#website\"},\"primaryImageOfPage\":{\"@id\":\"https:\/\/www.sgeaj.ch\/fr\/publications\/xviii-ch-fr\/band-13-2022\/#primaryimage\"},\"image\":{\"@id\":\"https:\/\/www.sgeaj.ch\/fr\/publications\/xviii-ch-fr\/band-13-2022\/#primaryimage\"},\"thumbnailUrl\":\"https:\/\/www.sgeaj.ch\/wp-content\/uploads\/2022\/01\/cover-xviiich-scaled.jpg\",\"datePublished\":\"2023-05-18T08:30:23+00:00\",\"dateModified\":\"2023-05-18T08:33:16+00:00\",\"inLanguage\":\"fr-FR\",\"potentialAction\":[{\"@type\":\"ReadAction\",\"target\":[\"https:\/\/www.sgeaj.ch\/fr\/publications\/xviii-ch-fr\/band-13-2022\/\"]}]},{\"@type\":\"ImageObject\",\"inLanguage\":\"fr-FR\",\"@id\":\"https:\/\/www.sgeaj.ch\/fr\/publications\/xviii-ch-fr\/band-13-2022\/#primaryimage\",\"url\":\"https:\/\/www.sgeaj.ch\/wp-content\/uploads\/2022\/01\/cover-xviiich-scaled.jpg\",\"contentUrl\":\"https:\/\/www.sgeaj.ch\/wp-content\/uploads\/2022\/01\/cover-xviiich-scaled.jpg\",\"width\":1769,\"height\":2560},{\"@type\":\"WebSite\",\"@id\":\"https:\/\/www.sgeaj.ch\/fr\/#website\",\"url\":\"https:\/\/www.sgeaj.ch\/fr\/\",\"name\":\"Schweizerische Gesellschaft f\u00fcr die Erforschung des 18. Jahrhunderts (SGEAJ - SSEDS)\",\"description\":\"Schweizerische Gesellschaft f\u00fcr die Erforschung des 18. Jahrhunderts\",\"publisher\":{\"@id\":\"https:\/\/www.sgeaj.ch\/fr\/#organization\"},\"potentialAction\":[{\"@type\":\"SearchAction\",\"target\":{\"@type\":\"EntryPoint\",\"urlTemplate\":\"https:\/\/www.sgeaj.ch\/fr\/?s={search_term_string}\"},\"query-input\":{\"@type\":\"PropertyValueSpecification\",\"valueRequired\":true,\"valueName\":\"search_term_string\"}}],\"inLanguage\":\"fr-FR\"},{\"@type\":\"Organization\",\"@id\":\"https:\/\/www.sgeaj.ch\/fr\/#organization\",\"name\":\"Schweizerische Gesellschaft f\u00fcr die Erforschung des 18. Jahrhunderts (SGEAJ - SSEDS)\",\"url\":\"https:\/\/www.sgeaj.ch\/fr\/\",\"logo\":{\"@type\":\"ImageObject\",\"inLanguage\":\"fr-FR\",\"@id\":\"https:\/\/www.sgeaj.ch\/fr\/#\/schema\/logo\/image\/\",\"url\":\"https:\/\/www.sgeaj.ch\/wp-content\/uploads\/2021\/06\/cropped-logo-xviiies-horiz-abreuviations-bleues.png\",\"contentUrl\":\"https:\/\/www.sgeaj.ch\/wp-content\/uploads\/2021\/06\/cropped-logo-xviiies-horiz-abreuviations-bleues.png\",\"width\":659,\"height\":335,\"caption\":\"Schweizerische Gesellschaft f\u00fcr die Erforschung des 18. Jahrhunderts (SGEAJ - SSEDS)\"},\"image\":{\"@id\":\"https:\/\/www.sgeaj.ch\/fr\/#\/schema\/logo\/image\/\"}},{\"@type\":\"Person\",\"@id\":\"https:\/\/www.sgeaj.ch\/fr\/#\/schema\/person\/2cd839eed625879a17645fc9f307c8e7\",\"name\":\"Nadja Ackermann\",\"url\":\"https:\/\/www.sgeaj.ch\/fr\/author\/naackermann\/\"}]}<\/script>\n<!-- \/ Yoast SEO plugin. -->","yoast_head_json":{"title":"Volume 13\/2022 - Schweizerische Gesellschaft f\u00fcr die Erforschung des 18. Jahrhunderts (SGEAJ - SSEDS)","robots":{"index":"index","follow":"follow","max-snippet":"max-snippet:-1","max-image-preview":"max-image-preview:large","max-video-preview":"max-video-preview:-1"},"canonical":"https:\/\/www.sgeaj.ch\/fr\/publications\/xviii-ch-fr\/band-13-2022\/","twitter_misc":{"\u00c9crit par":"Nadja Ackermann","Dur\u00e9e de lecture estim\u00e9e":"2 minutes"},"schema":{"@context":"https:\/\/schema.org","@graph":[{"@type":"Article","@id":"https:\/\/www.sgeaj.ch\/fr\/publications\/xviii-ch-fr\/band-13-2022\/#article","isPartOf":{"@id":"https:\/\/www.sgeaj.ch\/fr\/publications\/xviii-ch-fr\/band-13-2022\/"},"author":{"name":"Nadja Ackermann","@id":"https:\/\/www.sgeaj.ch\/fr\/#\/schema\/person\/2cd839eed625879a17645fc9f307c8e7"},"headline":"Volume 13\/2022","datePublished":"2023-05-18T08:30:23+00:00","dateModified":"2023-05-18T08:33:16+00:00","mainEntityOfPage":{"@id":"https:\/\/www.sgeaj.ch\/fr\/publications\/xviii-ch-fr\/band-13-2022\/"},"wordCount":355,"publisher":{"@id":"https:\/\/www.sgeaj.ch\/fr\/#organization"},"image":{"@id":"https:\/\/www.sgeaj.ch\/fr\/publications\/xviii-ch-fr\/band-13-2022\/#primaryimage"},"thumbnailUrl":"https:\/\/www.sgeaj.ch\/wp-content\/uploads\/2022\/01\/cover-xviiich-scaled.jpg","articleSection":["Publications","XVIII.ch"],"inLanguage":"fr-FR"},{"@type":"WebPage","@id":"https:\/\/www.sgeaj.ch\/fr\/publications\/xviii-ch-fr\/band-13-2022\/","url":"https:\/\/www.sgeaj.ch\/fr\/publications\/xviii-ch-fr\/band-13-2022\/","name":"Volume 13\/2022 - Schweizerische Gesellschaft f\u00fcr die Erforschung des 18. Jahrhunderts (SGEAJ - SSEDS)","isPartOf":{"@id":"https:\/\/www.sgeaj.ch\/fr\/#website"},"primaryImageOfPage":{"@id":"https:\/\/www.sgeaj.ch\/fr\/publications\/xviii-ch-fr\/band-13-2022\/#primaryimage"},"image":{"@id":"https:\/\/www.sgeaj.ch\/fr\/publications\/xviii-ch-fr\/band-13-2022\/#primaryimage"},"thumbnailUrl":"https:\/\/www.sgeaj.ch\/wp-content\/uploads\/2022\/01\/cover-xviiich-scaled.jpg","datePublished":"2023-05-18T08:30:23+00:00","dateModified":"2023-05-18T08:33:16+00:00","inLanguage":"fr-FR","potentialAction":[{"@type":"ReadAction","target":["https:\/\/www.sgeaj.ch\/fr\/publications\/xviii-ch-fr\/band-13-2022\/"]}]},{"@type":"ImageObject","inLanguage":"fr-FR","@id":"https:\/\/www.sgeaj.ch\/fr\/publications\/xviii-ch-fr\/band-13-2022\/#primaryimage","url":"https:\/\/www.sgeaj.ch\/wp-content\/uploads\/2022\/01\/cover-xviiich-scaled.jpg","contentUrl":"https:\/\/www.sgeaj.ch\/wp-content\/uploads\/2022\/01\/cover-xviiich-scaled.jpg","width":1769,"height":2560},{"@type":"WebSite","@id":"https:\/\/www.sgeaj.ch\/fr\/#website","url":"https:\/\/www.sgeaj.ch\/fr\/","name":"Schweizerische Gesellschaft f\u00fcr die Erforschung des 18. Jahrhunderts (SGEAJ - SSEDS)","description":"Schweizerische Gesellschaft f\u00fcr die Erforschung des 18. Jahrhunderts","publisher":{"@id":"https:\/\/www.sgeaj.ch\/fr\/#organization"},"potentialAction":[{"@type":"SearchAction","target":{"@type":"EntryPoint","urlTemplate":"https:\/\/www.sgeaj.ch\/fr\/?s={search_term_string}"},"query-input":{"@type":"PropertyValueSpecification","valueRequired":true,"valueName":"search_term_string"}}],"inLanguage":"fr-FR"},{"@type":"Organization","@id":"https:\/\/www.sgeaj.ch\/fr\/#organization","name":"Schweizerische Gesellschaft f\u00fcr die Erforschung des 18. Jahrhunderts (SGEAJ - SSEDS)","url":"https:\/\/www.sgeaj.ch\/fr\/","logo":{"@type":"ImageObject","inLanguage":"fr-FR","@id":"https:\/\/www.sgeaj.ch\/fr\/#\/schema\/logo\/image\/","url":"https:\/\/www.sgeaj.ch\/wp-content\/uploads\/2021\/06\/cropped-logo-xviiies-horiz-abreuviations-bleues.png","contentUrl":"https:\/\/www.sgeaj.ch\/wp-content\/uploads\/2021\/06\/cropped-logo-xviiies-horiz-abreuviations-bleues.png","width":659,"height":335,"caption":"Schweizerische Gesellschaft f\u00fcr die Erforschung des 18. Jahrhunderts (SGEAJ - SSEDS)"},"image":{"@id":"https:\/\/www.sgeaj.ch\/fr\/#\/schema\/logo\/image\/"}},{"@type":"Person","@id":"https:\/\/www.sgeaj.ch\/fr\/#\/schema\/person\/2cd839eed625879a17645fc9f307c8e7","name":"Nadja Ackermann","url":"https:\/\/www.sgeaj.ch\/fr\/author\/naackermann\/"}]}},"_links":{"self":[{"href":"https:\/\/www.sgeaj.ch\/fr\/wp-json\/wp\/v2\/posts\/7009","targetHints":{"allow":["GET"]}}],"collection":[{"href":"https:\/\/www.sgeaj.ch\/fr\/wp-json\/wp\/v2\/posts"}],"about":[{"href":"https:\/\/www.sgeaj.ch\/fr\/wp-json\/wp\/v2\/types\/post"}],"author":[{"embeddable":true,"href":"https:\/\/www.sgeaj.ch\/fr\/wp-json\/wp\/v2\/users\/7"}],"replies":[{"embeddable":true,"href":"https:\/\/www.sgeaj.ch\/fr\/wp-json\/wp\/v2\/comments?post=7009"}],"version-history":[{"count":2,"href":"https:\/\/www.sgeaj.ch\/fr\/wp-json\/wp\/v2\/posts\/7009\/revisions"}],"predecessor-version":[{"id":7012,"href":"https:\/\/www.sgeaj.ch\/fr\/wp-json\/wp\/v2\/posts\/7009\/revisions\/7012"}],"wp:featuredmedia":[{"embeddable":true,"href":"https:\/\/www.sgeaj.ch\/fr\/wp-json\/wp\/v2\/media\/6685"}],"wp:attachment":[{"href":"https:\/\/www.sgeaj.ch\/fr\/wp-json\/wp\/v2\/media?parent=7009"}],"wp:term":[{"taxonomy":"category","embeddable":true,"href":"https:\/\/www.sgeaj.ch\/fr\/wp-json\/wp\/v2\/categories?post=7009"},{"taxonomy":"post_tag","embeddable":true,"href":"https:\/\/www.sgeaj.ch\/fr\/wp-json\/wp\/v2\/tags?post=7009"}],"curies":[{"name":"wp","href":"https:\/\/api.w.org\/{rel}","templated":true}]}}