{"id":7019,"date":"2023-06-14T20:33:36","date_gmt":"2023-06-14T18:33:36","guid":{"rendered":"https:\/\/www.sgeaj.ch\/?p=7019"},"modified":"2023-06-14T20:37:38","modified_gmt":"2023-06-14T18:37:38","slug":"chambrier-doleyres-et-le-chateau-de-cormondreche","status":"publish","type":"post","link":"https:\/\/www.sgeaj.ch\/fr\/actualite\/nouvelles-publications\/chambrier-doleyres-et-le-chateau-de-cormondreche\/","title":{"rendered":"Chambrier d\u2019Oleyres et le ch\u00e2teau de Cormondr\u00e8che"},"content":{"rendered":"\n<h3 class=\"wp-block-heading\">Jean-Pierre de Chambrier d\u2019Oleyres et le ch\u00e2teau de Cormondr\u00e8che, <em>Revue historique neuch\u00e2teloise<\/em> n\u00b0188, 2023<\/h3>\n\n\n\n<p><strong>La <em>Revue historique neuch\u00e2teloise<\/em> consacre son dernier num\u00e9ro \u00e0 la figure de Jean-Pierre de Chambrier d\u2019Oleyres (1753-1822). L\u2019ensemble des textes contenus dans ce num\u00e9ro se base sur une journ\u00e9e d\u2019\u00e9tude consacr\u00e9e au diplomate neuch\u00e2telois, qui s\u2019est d\u00e9roul\u00e9e le 26 novembre 2022 \u00e0 Cormondr\u00e8che.<\/strong><br><br>Diplomate au moment o\u00f9 s\u2019effondre l\u2019ordre ancien du pouvoir et se transforme la carte de l\u2019Europe, Chambrier d\u2019Oleyres est de ceux qui particip\u00e8rent concr\u00e8tement \u00e0 l\u2019\u00e9laboration d\u2019un monde nouveau dans une p\u00e9riode de l\u2019histoire caract\u00e9ris\u00e9e par la transition : transition entre le si\u00e8cle aristocratique des Lumi\u00e8res et la modernit\u00e9 bourgeoise du XIXe si\u00e8cle, transition entre la carte ancienne des royaumes et des principaut\u00e9s et celle des Etats-nations.<br><br>Diplomate au service de la Prusse, bas\u00e9 \u00e0 Turin \u00e0 l\u2019\u00e2ge de 27 ans, ministre pl\u00e9nipotentiaire de Prusse en Suisse de 1805 \u00e0 1814, gouverneur et lieutenant g\u00e9n\u00e9ral de la Principaut\u00e9 entre 1814 et 1822, il a \u0153uvr\u00e9 en tant que ministre de Prusse aupr\u00e8s de la Di\u00e8te, \u00e0 la transformation du statut de Neuch\u00e2tel qui, le 12 septembre 1814, devint le vingt-et-uni\u00e8me canton de la Conf\u00e9d\u00e9ration.<br><br>Chambrier d\u2019Oleyres fait partie de ces hommes issus des anciennes oligarchies, dont la g\u00e9n\u00e9ration a d\u00fb s\u2019adapter \u00e0 un changement sans pr\u00e9c\u00e9dent de leur cadre de r\u00e9f\u00e9rence. Ce num\u00e9ro de la <em>Revue historique neuch\u00e2teloise<\/em> vise \u00e0 mieux cerner l\u2019homme qu\u2019il a \u00e9t\u00e9 tout en le repla\u00e7ant dans le temps qui \u00e9tait le sien. Un article est \u00e9galement consacr\u00e9 \u00e0 l\u2019\u00e9volution du ch\u00e2teau de Cormondr\u00e8che, dans lequel Chambrier d\u2019Oleyres \u00e0 v\u00e9cu, \u00ab de la maison vigneronne \u00e0 la campagne aristocratique \u00bb.<\/p>\n","protected":false},"excerpt":{"rendered":"<p>Jean-Pierre de Chambrier d\u2019Oleyres et le ch\u00e2teau de Cormondr\u00e8che, Revue historique neuch\u00e2teloise n\u00b0188, 2023 La Revue historique neuch\u00e2teloise consacre son dernier num\u00e9ro \u00e0 la figure de Jean-Pierre de Chambrier d\u2019Oleyres (1753-1822). L\u2019ensemble des textes contenus dans ce num\u00e9ro se base sur une journ\u00e9e d\u2019\u00e9tude consacr\u00e9e au diplomate neuch\u00e2telois, qui s\u2019est d\u00e9roul\u00e9e le 26 novembre 2022 [&hellip;]<\/p>\n","protected":false},"author":7,"featured_media":7022,"comment_status":"closed","ping_status":"open","sticky":false,"template":"","format":"standard","meta":{"footnotes":""},"categories":[42,25],"tags":[],"class_list":{"0":"post-7019","1":"post","2":"type-post","3":"status-publish","4":"format-standard","5":"has-post-thumbnail","7":"category-actualite","8":"category-nouvelles-publications","9":"czr-hentry"},"yoast_head":"<!-- This site is optimized with the Yoast SEO plugin v26.9 - https:\/\/yoast.com\/product\/yoast-seo-wordpress\/ -->\n<title>Chambrier d\u2019Oleyres et le ch\u00e2teau de Cormondr\u00e8che - Schweizerische Gesellschaft f\u00fcr die Erforschung des 18. Jahrhunderts (SGEAJ - SSEDS)<\/title>\n<meta name=\"robots\" content=\"index, follow, max-snippet:-1, max-image-preview:large, max-video-preview:-1\" \/>\n<link rel=\"canonical\" href=\"https:\/\/www.sgeaj.ch\/fr\/actualite\/nouvelles-publications\/chambrier-doleyres-et-le-chateau-de-cormondreche\/\" \/>\n<meta name=\"twitter:label1\" content=\"\u00c9crit par\" \/>\n\t<meta name=\"twitter:data1\" content=\"Nadja Ackermann\" \/>\n\t<meta name=\"twitter:label2\" content=\"Dur\u00e9e de lecture estim\u00e9e\" \/>\n\t<meta name=\"twitter:data2\" content=\"2 minutes\" \/>\n<script type=\"application\/ld+json\" class=\"yoast-schema-graph\">{\"@context\":\"https:\/\/schema.org\",\"@graph\":[{\"@type\":\"Article\",\"@id\":\"https:\/\/www.sgeaj.ch\/fr\/actualite\/nouvelles-publications\/chambrier-doleyres-et-le-chateau-de-cormondreche\/#article\",\"isPartOf\":{\"@id\":\"https:\/\/www.sgeaj.ch\/fr\/actualite\/nouvelles-publications\/chambrier-doleyres-et-le-chateau-de-cormondreche\/\"},\"author\":{\"name\":\"Nadja Ackermann\",\"@id\":\"https:\/\/www.sgeaj.ch\/fr\/#\/schema\/person\/2cd839eed625879a17645fc9f307c8e7\"},\"headline\":\"Chambrier d\u2019Oleyres et le ch\u00e2teau de Cormondr\u00e8che\",\"datePublished\":\"2023-06-14T18:33:36+00:00\",\"dateModified\":\"2023-06-14T18:37:38+00:00\",\"mainEntityOfPage\":{\"@id\":\"https:\/\/www.sgeaj.ch\/fr\/actualite\/nouvelles-publications\/chambrier-doleyres-et-le-chateau-de-cormondreche\/\"},\"wordCount\":317,\"publisher\":{\"@id\":\"https:\/\/www.sgeaj.ch\/fr\/#organization\"},\"image\":{\"@id\":\"https:\/\/www.sgeaj.ch\/fr\/actualite\/nouvelles-publications\/chambrier-doleyres-et-le-chateau-de-cormondreche\/#primaryimage\"},\"thumbnailUrl\":\"https:\/\/www.sgeaj.ch\/wp-content\/uploads\/2023\/06\/cormondreche-gravure.jpg\",\"articleSection\":[\"Actualit\u00e9\",\"Nouvelles publications\"],\"inLanguage\":\"fr-FR\"},{\"@type\":\"WebPage\",\"@id\":\"https:\/\/www.sgeaj.ch\/fr\/actualite\/nouvelles-publications\/chambrier-doleyres-et-le-chateau-de-cormondreche\/\",\"url\":\"https:\/\/www.sgeaj.ch\/fr\/actualite\/nouvelles-publications\/chambrier-doleyres-et-le-chateau-de-cormondreche\/\",\"name\":\"Chambrier d\u2019Oleyres et le ch\u00e2teau de Cormondr\u00e8che - Schweizerische Gesellschaft f\u00fcr die Erforschung des 18. Jahrhunderts (SGEAJ - SSEDS)\",\"isPartOf\":{\"@id\":\"https:\/\/www.sgeaj.ch\/fr\/#website\"},\"primaryImageOfPage\":{\"@id\":\"https:\/\/www.sgeaj.ch\/fr\/actualite\/nouvelles-publications\/chambrier-doleyres-et-le-chateau-de-cormondreche\/#primaryimage\"},\"image\":{\"@id\":\"https:\/\/www.sgeaj.ch\/fr\/actualite\/nouvelles-publications\/chambrier-doleyres-et-le-chateau-de-cormondreche\/#primaryimage\"},\"thumbnailUrl\":\"https:\/\/www.sgeaj.ch\/wp-content\/uploads\/2023\/06\/cormondreche-gravure.jpg\",\"datePublished\":\"2023-06-14T18:33:36+00:00\",\"dateModified\":\"2023-06-14T18:37:38+00:00\",\"inLanguage\":\"fr-FR\",\"potentialAction\":[{\"@type\":\"ReadAction\",\"target\":[\"https:\/\/www.sgeaj.ch\/fr\/actualite\/nouvelles-publications\/chambrier-doleyres-et-le-chateau-de-cormondreche\/\"]}]},{\"@type\":\"ImageObject\",\"inLanguage\":\"fr-FR\",\"@id\":\"https:\/\/www.sgeaj.ch\/fr\/actualite\/nouvelles-publications\/chambrier-doleyres-et-le-chateau-de-cormondreche\/#primaryimage\",\"url\":\"https:\/\/www.sgeaj.ch\/wp-content\/uploads\/2023\/06\/cormondreche-gravure.jpg\",\"contentUrl\":\"https:\/\/www.sgeaj.ch\/wp-content\/uploads\/2023\/06\/cormondreche-gravure.jpg\",\"width\":800,\"height\":487},{\"@type\":\"WebSite\",\"@id\":\"https:\/\/www.sgeaj.ch\/fr\/#website\",\"url\":\"https:\/\/www.sgeaj.ch\/fr\/\",\"name\":\"Schweizerische Gesellschaft f\u00fcr die Erforschung des 18. Jahrhunderts (SGEAJ - SSEDS)\",\"description\":\"Schweizerische Gesellschaft f\u00fcr die Erforschung des 18. Jahrhunderts\",\"publisher\":{\"@id\":\"https:\/\/www.sgeaj.ch\/fr\/#organization\"},\"potentialAction\":[{\"@type\":\"SearchAction\",\"target\":{\"@type\":\"EntryPoint\",\"urlTemplate\":\"https:\/\/www.sgeaj.ch\/fr\/?s={search_term_string}\"},\"query-input\":{\"@type\":\"PropertyValueSpecification\",\"valueRequired\":true,\"valueName\":\"search_term_string\"}}],\"inLanguage\":\"fr-FR\"},{\"@type\":\"Organization\",\"@id\":\"https:\/\/www.sgeaj.ch\/fr\/#organization\",\"name\":\"Schweizerische Gesellschaft f\u00fcr die Erforschung des 18. Jahrhunderts (SGEAJ - SSEDS)\",\"url\":\"https:\/\/www.sgeaj.ch\/fr\/\",\"logo\":{\"@type\":\"ImageObject\",\"inLanguage\":\"fr-FR\",\"@id\":\"https:\/\/www.sgeaj.ch\/fr\/#\/schema\/logo\/image\/\",\"url\":\"https:\/\/www.sgeaj.ch\/wp-content\/uploads\/2021\/06\/cropped-logo-xviiies-horiz-abreuviations-bleues.png\",\"contentUrl\":\"https:\/\/www.sgeaj.ch\/wp-content\/uploads\/2021\/06\/cropped-logo-xviiies-horiz-abreuviations-bleues.png\",\"width\":659,\"height\":335,\"caption\":\"Schweizerische Gesellschaft f\u00fcr die Erforschung des 18. Jahrhunderts (SGEAJ - SSEDS)\"},\"image\":{\"@id\":\"https:\/\/www.sgeaj.ch\/fr\/#\/schema\/logo\/image\/\"}},{\"@type\":\"Person\",\"@id\":\"https:\/\/www.sgeaj.ch\/fr\/#\/schema\/person\/2cd839eed625879a17645fc9f307c8e7\",\"name\":\"Nadja Ackermann\",\"url\":\"https:\/\/www.sgeaj.ch\/fr\/author\/naackermann\/\"}]}<\/script>\n<!-- \/ Yoast SEO plugin. -->","yoast_head_json":{"title":"Chambrier d\u2019Oleyres et le ch\u00e2teau de Cormondr\u00e8che - Schweizerische Gesellschaft f\u00fcr die Erforschung des 18. Jahrhunderts (SGEAJ - SSEDS)","robots":{"index":"index","follow":"follow","max-snippet":"max-snippet:-1","max-image-preview":"max-image-preview:large","max-video-preview":"max-video-preview:-1"},"canonical":"https:\/\/www.sgeaj.ch\/fr\/actualite\/nouvelles-publications\/chambrier-doleyres-et-le-chateau-de-cormondreche\/","twitter_misc":{"\u00c9crit par":"Nadja Ackermann","Dur\u00e9e de lecture estim\u00e9e":"2 minutes"},"schema":{"@context":"https:\/\/schema.org","@graph":[{"@type":"Article","@id":"https:\/\/www.sgeaj.ch\/fr\/actualite\/nouvelles-publications\/chambrier-doleyres-et-le-chateau-de-cormondreche\/#article","isPartOf":{"@id":"https:\/\/www.sgeaj.ch\/fr\/actualite\/nouvelles-publications\/chambrier-doleyres-et-le-chateau-de-cormondreche\/"},"author":{"name":"Nadja Ackermann","@id":"https:\/\/www.sgeaj.ch\/fr\/#\/schema\/person\/2cd839eed625879a17645fc9f307c8e7"},"headline":"Chambrier d\u2019Oleyres et le ch\u00e2teau de Cormondr\u00e8che","datePublished":"2023-06-14T18:33:36+00:00","dateModified":"2023-06-14T18:37:38+00:00","mainEntityOfPage":{"@id":"https:\/\/www.sgeaj.ch\/fr\/actualite\/nouvelles-publications\/chambrier-doleyres-et-le-chateau-de-cormondreche\/"},"wordCount":317,"publisher":{"@id":"https:\/\/www.sgeaj.ch\/fr\/#organization"},"image":{"@id":"https:\/\/www.sgeaj.ch\/fr\/actualite\/nouvelles-publications\/chambrier-doleyres-et-le-chateau-de-cormondreche\/#primaryimage"},"thumbnailUrl":"https:\/\/www.sgeaj.ch\/wp-content\/uploads\/2023\/06\/cormondreche-gravure.jpg","articleSection":["Actualit\u00e9","Nouvelles publications"],"inLanguage":"fr-FR"},{"@type":"WebPage","@id":"https:\/\/www.sgeaj.ch\/fr\/actualite\/nouvelles-publications\/chambrier-doleyres-et-le-chateau-de-cormondreche\/","url":"https:\/\/www.sgeaj.ch\/fr\/actualite\/nouvelles-publications\/chambrier-doleyres-et-le-chateau-de-cormondreche\/","name":"Chambrier d\u2019Oleyres et le ch\u00e2teau de Cormondr\u00e8che - Schweizerische Gesellschaft f\u00fcr die Erforschung des 18. Jahrhunderts (SGEAJ - SSEDS)","isPartOf":{"@id":"https:\/\/www.sgeaj.ch\/fr\/#website"},"primaryImageOfPage":{"@id":"https:\/\/www.sgeaj.ch\/fr\/actualite\/nouvelles-publications\/chambrier-doleyres-et-le-chateau-de-cormondreche\/#primaryimage"},"image":{"@id":"https:\/\/www.sgeaj.ch\/fr\/actualite\/nouvelles-publications\/chambrier-doleyres-et-le-chateau-de-cormondreche\/#primaryimage"},"thumbnailUrl":"https:\/\/www.sgeaj.ch\/wp-content\/uploads\/2023\/06\/cormondreche-gravure.jpg","datePublished":"2023-06-14T18:33:36+00:00","dateModified":"2023-06-14T18:37:38+00:00","inLanguage":"fr-FR","potentialAction":[{"@type":"ReadAction","target":["https:\/\/www.sgeaj.ch\/fr\/actualite\/nouvelles-publications\/chambrier-doleyres-et-le-chateau-de-cormondreche\/"]}]},{"@type":"ImageObject","inLanguage":"fr-FR","@id":"https:\/\/www.sgeaj.ch\/fr\/actualite\/nouvelles-publications\/chambrier-doleyres-et-le-chateau-de-cormondreche\/#primaryimage","url":"https:\/\/www.sgeaj.ch\/wp-content\/uploads\/2023\/06\/cormondreche-gravure.jpg","contentUrl":"https:\/\/www.sgeaj.ch\/wp-content\/uploads\/2023\/06\/cormondreche-gravure.jpg","width":800,"height":487},{"@type":"WebSite","@id":"https:\/\/www.sgeaj.ch\/fr\/#website","url":"https:\/\/www.sgeaj.ch\/fr\/","name":"Schweizerische Gesellschaft f\u00fcr die Erforschung des 18. Jahrhunderts (SGEAJ - SSEDS)","description":"Schweizerische Gesellschaft f\u00fcr die Erforschung des 18. Jahrhunderts","publisher":{"@id":"https:\/\/www.sgeaj.ch\/fr\/#organization"},"potentialAction":[{"@type":"SearchAction","target":{"@type":"EntryPoint","urlTemplate":"https:\/\/www.sgeaj.ch\/fr\/?s={search_term_string}"},"query-input":{"@type":"PropertyValueSpecification","valueRequired":true,"valueName":"search_term_string"}}],"inLanguage":"fr-FR"},{"@type":"Organization","@id":"https:\/\/www.sgeaj.ch\/fr\/#organization","name":"Schweizerische Gesellschaft f\u00fcr die Erforschung des 18. Jahrhunderts (SGEAJ - SSEDS)","url":"https:\/\/www.sgeaj.ch\/fr\/","logo":{"@type":"ImageObject","inLanguage":"fr-FR","@id":"https:\/\/www.sgeaj.ch\/fr\/#\/schema\/logo\/image\/","url":"https:\/\/www.sgeaj.ch\/wp-content\/uploads\/2021\/06\/cropped-logo-xviiies-horiz-abreuviations-bleues.png","contentUrl":"https:\/\/www.sgeaj.ch\/wp-content\/uploads\/2021\/06\/cropped-logo-xviiies-horiz-abreuviations-bleues.png","width":659,"height":335,"caption":"Schweizerische Gesellschaft f\u00fcr die Erforschung des 18. Jahrhunderts (SGEAJ - SSEDS)"},"image":{"@id":"https:\/\/www.sgeaj.ch\/fr\/#\/schema\/logo\/image\/"}},{"@type":"Person","@id":"https:\/\/www.sgeaj.ch\/fr\/#\/schema\/person\/2cd839eed625879a17645fc9f307c8e7","name":"Nadja Ackermann","url":"https:\/\/www.sgeaj.ch\/fr\/author\/naackermann\/"}]}},"_links":{"self":[{"href":"https:\/\/www.sgeaj.ch\/fr\/wp-json\/wp\/v2\/posts\/7019","targetHints":{"allow":["GET"]}}],"collection":[{"href":"https:\/\/www.sgeaj.ch\/fr\/wp-json\/wp\/v2\/posts"}],"about":[{"href":"https:\/\/www.sgeaj.ch\/fr\/wp-json\/wp\/v2\/types\/post"}],"author":[{"embeddable":true,"href":"https:\/\/www.sgeaj.ch\/fr\/wp-json\/wp\/v2\/users\/7"}],"replies":[{"embeddable":true,"href":"https:\/\/www.sgeaj.ch\/fr\/wp-json\/wp\/v2\/comments?post=7019"}],"version-history":[{"count":1,"href":"https:\/\/www.sgeaj.ch\/fr\/wp-json\/wp\/v2\/posts\/7019\/revisions"}],"predecessor-version":[{"id":7020,"href":"https:\/\/www.sgeaj.ch\/fr\/wp-json\/wp\/v2\/posts\/7019\/revisions\/7020"}],"wp:featuredmedia":[{"embeddable":true,"href":"https:\/\/www.sgeaj.ch\/fr\/wp-json\/wp\/v2\/media\/7022"}],"wp:attachment":[{"href":"https:\/\/www.sgeaj.ch\/fr\/wp-json\/wp\/v2\/media?parent=7019"}],"wp:term":[{"taxonomy":"category","embeddable":true,"href":"https:\/\/www.sgeaj.ch\/fr\/wp-json\/wp\/v2\/categories?post=7019"},{"taxonomy":"post_tag","embeddable":true,"href":"https:\/\/www.sgeaj.ch\/fr\/wp-json\/wp\/v2\/tags?post=7019"}],"curies":[{"name":"wp","href":"https:\/\/api.w.org\/{rel}","templated":true}]}}