{"id":7030,"date":"2023-06-24T10:47:18","date_gmt":"2023-06-24T08:47:18","guid":{"rendered":"https:\/\/www.sgeaj.ch\/?p=7030"},"modified":"2023-06-24T10:47:20","modified_gmt":"2023-06-24T08:47:20","slug":"usages-pratiques-et-fonctions-des-herbiers-historiques","status":"publish","type":"post","link":"https:\/\/www.sgeaj.ch\/fr\/actualite\/colloques\/usages-pratiques-et-fonctions-des-herbiers-historiques\/","title":{"rendered":"<strong>Usages pratiques et fonctions des herbiers historiques<\/strong>"},"content":{"rendered":"\n<h3 class=\"wp-block-heading\"><strong>Usages pratiques et fonctions des herbiers historiques, Ascona, Centre de congr\u00e8s du Monte Verit\u00e0, 5-9. novembre 2023<\/strong><\/h3>\n\n\n\n<p>Au XVIII<sup>e<\/sup> si\u00e8cle, tandis que la botanique se d\u00e9veloppe et s\u2019institutionnalise, les fonctions de l\u2019herbier se diversifient. Instrument d\u2019acquisition, d\u2019enregistrement, d\u2019\u00e9change et de diffusion des connaissances sur le r\u00e8gne v\u00e9g\u00e9tal, l\u2019herbier m\u00e9rite d\u2019\u00eatre envisag\u00e9 sous l\u2019angle scientifique, aussi bien qu\u2019artistique, \u00e9conomique et social. En effet, l\u2019herbier ne documente pas seulement les processus de r\u00e9colte, description, classification et nomenclature des sp\u00e9cimens, mais encore, en relation avec d\u2019autres types de sources, les r\u00e9seaux d\u2019\u00e9changes botaniques, le r\u00f4le de certains interm\u00e9diaires dans la construction des savoirs et les ambitions scientifiques de leurs possesseurs. Entour\u00e9es d\u2019\u00e9nigmes et souvent fragmentaires, les collections historiques qui sont parvenues jusqu\u2019\u00e0 nous gagnent \u00e0 \u00eatre \u00e9tudi\u00e9es dans une perspective interdisciplinaire et dialogique.<br><br>Le colloque \u00ab Usages, pratiques et fonctions des herbiers historiques \u00bb vise \u00e0 stimuler ce dialogue. Il s\u2019inscrit dans le cadre du projet de recherche \u00ab <a href=\"https:\/\/botanical-legacies.unine.ch\/\" target=\"_blank\" rel=\"noreferrer noopener\">H\u00e9ritages botaniques des Lumi\u00e8res : explorations de sources et d\u2019herbiers historiques \u00e0 l\u2019intersection des lettres et des sciences <\/a>\u00bb qu\u2019une \u00e9quipe de botanistes, historiens des sciences, historiens de la litt\u00e9rature et informaticiens m\u00e8ne \u00e0 l\u2019Universit\u00e9 de Neuch\u00e2tel (Suisse) autour de Jean-Jacques Rousseau (1712-1778), Jean-Baptiste-Christophe Fus\u00e9e-Aublet (1723-1778) et Jean-Fr\u00e9d\u00e9ric Chaillet (1747-1839). Ces trois figures de botanistes ont une action dans le champ de l\u2019histoire naturelle qui se d\u00e9ploie \u00e0 des niveaux diff\u00e9rents. Leurs activit\u00e9s botaniques, leurs parcours contrast\u00e9s et les collections qu\u2019ils ont form\u00e9es offrent une riche mati\u00e8re pour repenser l\u2019articulation entre les pratiques r\u00e9gionales et internationales de la botanique, l\u2019approche de l\u2019amateur et celle du botaniste de m\u00e9tier, les enjeux institutionnels et priv\u00e9s de l\u2019activit\u00e9 scientifique.<\/p>\n\n\n\n<p>Inscription et informations pratiques : <a href=\"https:\/\/botanical-legacies.unine.ch\/#conference\">https:\/\/botanical-legacies.unine.ch\/#conference<\/a><\/p>\n\n\n\n<div data-wp-interactive=\"core\/file\" class=\"wp-block-file\"><object data-wp-bind--hidden=\"!state.hasPdfPreview\" hidden class=\"wp-block-file__embed\" data=\"https:\/\/www.sgeaj.ch\/wp-content\/uploads\/2023\/06\/programme-pdf.pdf\" type=\"application\/pdf\" style=\"width:100%;height:600px\" aria-label=\"Contenu embarqu\u00e9 Programme PDF.\"><\/object><a id=\"wp-block-file--media-4f93d303-2230-41e5-9148-d7b12f842d5e\" href=\"https:\/\/www.sgeaj.ch\/wp-content\/uploads\/2023\/06\/programme-pdf.pdf\">Programme PDF<\/a><a href=\"https:\/\/www.sgeaj.ch\/wp-content\/uploads\/2023\/06\/programme-pdf.pdf\" class=\"wp-block-file__button wp-element-button\" download aria-describedby=\"wp-block-file--media-4f93d303-2230-41e5-9148-d7b12f842d5e\">Herunterladen<\/a><\/div>\n\n\n\n<p><\/p>\n\n\n\n<p><br><\/p>\n","protected":false},"excerpt":{"rendered":"<p>Usages pratiques et fonctions des herbiers historiques, Ascona, Centre de congr\u00e8s du Monte Verit\u00e0, 5-9. novembre 2023 Au XVIIIe si\u00e8cle, tandis que la botanique se d\u00e9veloppe et s\u2019institutionnalise, les fonctions de l\u2019herbier se diversifient. Instrument d\u2019acquisition, d\u2019enregistrement, d\u2019\u00e9change et de diffusion des connaissances sur le r\u00e8gne v\u00e9g\u00e9tal, l\u2019herbier m\u00e9rite d\u2019\u00eatre envisag\u00e9 sous l\u2019angle scientifique, aussi [&hellip;]<\/p>\n","protected":false},"author":7,"featured_media":7028,"comment_status":"closed","ping_status":"open","sticky":false,"template":"","format":"standard","meta":{"footnotes":""},"categories":[42,27],"tags":[],"class_list":{"0":"post-7030","1":"post","2":"type-post","3":"status-publish","4":"format-standard","5":"has-post-thumbnail","7":"category-actualite","8":"category-colloques","9":"czr-hentry"},"yoast_head":"<!-- This site is optimized with the Yoast SEO plugin v26.9 - https:\/\/yoast.com\/product\/yoast-seo-wordpress\/ -->\n<title>Usages pratiques et fonctions des herbiers historiques - Schweizerische Gesellschaft f\u00fcr die Erforschung des 18. Jahrhunderts (SGEAJ - SSEDS)<\/title>\n<meta name=\"robots\" content=\"index, follow, max-snippet:-1, max-image-preview:large, max-video-preview:-1\" \/>\n<link rel=\"canonical\" href=\"https:\/\/www.sgeaj.ch\/fr\/actualite\/colloques\/usages-pratiques-et-fonctions-des-herbiers-historiques\/\" \/>\n<meta name=\"twitter:label1\" content=\"\u00c9crit par\" \/>\n\t<meta name=\"twitter:data1\" content=\"Nadja Ackermann\" \/>\n\t<meta name=\"twitter:label2\" content=\"Dur\u00e9e de lecture estim\u00e9e\" \/>\n\t<meta name=\"twitter:data2\" content=\"2 minutes\" \/>\n<script type=\"application\/ld+json\" class=\"yoast-schema-graph\">{\"@context\":\"https:\/\/schema.org\",\"@graph\":[{\"@type\":\"Article\",\"@id\":\"https:\/\/www.sgeaj.ch\/fr\/actualite\/colloques\/usages-pratiques-et-fonctions-des-herbiers-historiques\/#article\",\"isPartOf\":{\"@id\":\"https:\/\/www.sgeaj.ch\/fr\/actualite\/colloques\/usages-pratiques-et-fonctions-des-herbiers-historiques\/\"},\"author\":{\"name\":\"Nadja Ackermann\",\"@id\":\"https:\/\/www.sgeaj.ch\/fr\/#\/schema\/person\/2cd839eed625879a17645fc9f307c8e7\"},\"headline\":\"Usages pratiques et fonctions des herbiers historiques\",\"datePublished\":\"2023-06-24T08:47:18+00:00\",\"dateModified\":\"2023-06-24T08:47:20+00:00\",\"mainEntityOfPage\":{\"@id\":\"https:\/\/www.sgeaj.ch\/fr\/actualite\/colloques\/usages-pratiques-et-fonctions-des-herbiers-historiques\/\"},\"wordCount\":335,\"publisher\":{\"@id\":\"https:\/\/www.sgeaj.ch\/fr\/#organization\"},\"image\":{\"@id\":\"https:\/\/www.sgeaj.ch\/fr\/actualite\/colloques\/usages-pratiques-et-fonctions-des-herbiers-historiques\/#primaryimage\"},\"thumbnailUrl\":\"https:\/\/www.sgeaj.ch\/wp-content\/uploads\/2023\/06\/chaillet-7-scaled.jpg\",\"articleSection\":[\"Actualit\u00e9\",\"Colloques\"],\"inLanguage\":\"fr-FR\"},{\"@type\":\"WebPage\",\"@id\":\"https:\/\/www.sgeaj.ch\/fr\/actualite\/colloques\/usages-pratiques-et-fonctions-des-herbiers-historiques\/\",\"url\":\"https:\/\/www.sgeaj.ch\/fr\/actualite\/colloques\/usages-pratiques-et-fonctions-des-herbiers-historiques\/\",\"name\":\"Usages pratiques et fonctions des herbiers historiques - Schweizerische Gesellschaft f\u00fcr die Erforschung des 18. Jahrhunderts (SGEAJ - SSEDS)\",\"isPartOf\":{\"@id\":\"https:\/\/www.sgeaj.ch\/fr\/#website\"},\"primaryImageOfPage\":{\"@id\":\"https:\/\/www.sgeaj.ch\/fr\/actualite\/colloques\/usages-pratiques-et-fonctions-des-herbiers-historiques\/#primaryimage\"},\"image\":{\"@id\":\"https:\/\/www.sgeaj.ch\/fr\/actualite\/colloques\/usages-pratiques-et-fonctions-des-herbiers-historiques\/#primaryimage\"},\"thumbnailUrl\":\"https:\/\/www.sgeaj.ch\/wp-content\/uploads\/2023\/06\/chaillet-7-scaled.jpg\",\"datePublished\":\"2023-06-24T08:47:18+00:00\",\"dateModified\":\"2023-06-24T08:47:20+00:00\",\"inLanguage\":\"fr-FR\",\"potentialAction\":[{\"@type\":\"ReadAction\",\"target\":[\"https:\/\/www.sgeaj.ch\/fr\/actualite\/colloques\/usages-pratiques-et-fonctions-des-herbiers-historiques\/\"]}]},{\"@type\":\"ImageObject\",\"inLanguage\":\"fr-FR\",\"@id\":\"https:\/\/www.sgeaj.ch\/fr\/actualite\/colloques\/usages-pratiques-et-fonctions-des-herbiers-historiques\/#primaryimage\",\"url\":\"https:\/\/www.sgeaj.ch\/wp-content\/uploads\/2023\/06\/chaillet-7-scaled.jpg\",\"contentUrl\":\"https:\/\/www.sgeaj.ch\/wp-content\/uploads\/2023\/06\/chaillet-7-scaled.jpg\",\"width\":2560,\"height\":1707},{\"@type\":\"WebSite\",\"@id\":\"https:\/\/www.sgeaj.ch\/fr\/#website\",\"url\":\"https:\/\/www.sgeaj.ch\/fr\/\",\"name\":\"Schweizerische Gesellschaft f\u00fcr die Erforschung des 18. Jahrhunderts (SGEAJ - SSEDS)\",\"description\":\"Schweizerische Gesellschaft f\u00fcr die Erforschung des 18. Jahrhunderts\",\"publisher\":{\"@id\":\"https:\/\/www.sgeaj.ch\/fr\/#organization\"},\"potentialAction\":[{\"@type\":\"SearchAction\",\"target\":{\"@type\":\"EntryPoint\",\"urlTemplate\":\"https:\/\/www.sgeaj.ch\/fr\/?s={search_term_string}\"},\"query-input\":{\"@type\":\"PropertyValueSpecification\",\"valueRequired\":true,\"valueName\":\"search_term_string\"}}],\"inLanguage\":\"fr-FR\"},{\"@type\":\"Organization\",\"@id\":\"https:\/\/www.sgeaj.ch\/fr\/#organization\",\"name\":\"Schweizerische Gesellschaft f\u00fcr die Erforschung des 18. Jahrhunderts (SGEAJ - SSEDS)\",\"url\":\"https:\/\/www.sgeaj.ch\/fr\/\",\"logo\":{\"@type\":\"ImageObject\",\"inLanguage\":\"fr-FR\",\"@id\":\"https:\/\/www.sgeaj.ch\/fr\/#\/schema\/logo\/image\/\",\"url\":\"https:\/\/www.sgeaj.ch\/wp-content\/uploads\/2021\/06\/cropped-logo-xviiies-horiz-abreuviations-bleues.png\",\"contentUrl\":\"https:\/\/www.sgeaj.ch\/wp-content\/uploads\/2021\/06\/cropped-logo-xviiies-horiz-abreuviations-bleues.png\",\"width\":659,\"height\":335,\"caption\":\"Schweizerische Gesellschaft f\u00fcr die Erforschung des 18. Jahrhunderts (SGEAJ - SSEDS)\"},\"image\":{\"@id\":\"https:\/\/www.sgeaj.ch\/fr\/#\/schema\/logo\/image\/\"}},{\"@type\":\"Person\",\"@id\":\"https:\/\/www.sgeaj.ch\/fr\/#\/schema\/person\/2cd839eed625879a17645fc9f307c8e7\",\"name\":\"Nadja Ackermann\",\"url\":\"https:\/\/www.sgeaj.ch\/fr\/author\/naackermann\/\"}]}<\/script>\n<!-- \/ Yoast SEO plugin. -->","yoast_head_json":{"title":"Usages pratiques et fonctions des herbiers historiques - Schweizerische Gesellschaft f\u00fcr die Erforschung des 18. Jahrhunderts (SGEAJ - SSEDS)","robots":{"index":"index","follow":"follow","max-snippet":"max-snippet:-1","max-image-preview":"max-image-preview:large","max-video-preview":"max-video-preview:-1"},"canonical":"https:\/\/www.sgeaj.ch\/fr\/actualite\/colloques\/usages-pratiques-et-fonctions-des-herbiers-historiques\/","twitter_misc":{"\u00c9crit par":"Nadja Ackermann","Dur\u00e9e de lecture estim\u00e9e":"2 minutes"},"schema":{"@context":"https:\/\/schema.org","@graph":[{"@type":"Article","@id":"https:\/\/www.sgeaj.ch\/fr\/actualite\/colloques\/usages-pratiques-et-fonctions-des-herbiers-historiques\/#article","isPartOf":{"@id":"https:\/\/www.sgeaj.ch\/fr\/actualite\/colloques\/usages-pratiques-et-fonctions-des-herbiers-historiques\/"},"author":{"name":"Nadja Ackermann","@id":"https:\/\/www.sgeaj.ch\/fr\/#\/schema\/person\/2cd839eed625879a17645fc9f307c8e7"},"headline":"Usages pratiques et fonctions des herbiers historiques","datePublished":"2023-06-24T08:47:18+00:00","dateModified":"2023-06-24T08:47:20+00:00","mainEntityOfPage":{"@id":"https:\/\/www.sgeaj.ch\/fr\/actualite\/colloques\/usages-pratiques-et-fonctions-des-herbiers-historiques\/"},"wordCount":335,"publisher":{"@id":"https:\/\/www.sgeaj.ch\/fr\/#organization"},"image":{"@id":"https:\/\/www.sgeaj.ch\/fr\/actualite\/colloques\/usages-pratiques-et-fonctions-des-herbiers-historiques\/#primaryimage"},"thumbnailUrl":"https:\/\/www.sgeaj.ch\/wp-content\/uploads\/2023\/06\/chaillet-7-scaled.jpg","articleSection":["Actualit\u00e9","Colloques"],"inLanguage":"fr-FR"},{"@type":"WebPage","@id":"https:\/\/www.sgeaj.ch\/fr\/actualite\/colloques\/usages-pratiques-et-fonctions-des-herbiers-historiques\/","url":"https:\/\/www.sgeaj.ch\/fr\/actualite\/colloques\/usages-pratiques-et-fonctions-des-herbiers-historiques\/","name":"Usages pratiques et fonctions des herbiers historiques - Schweizerische Gesellschaft f\u00fcr die Erforschung des 18. Jahrhunderts (SGEAJ - SSEDS)","isPartOf":{"@id":"https:\/\/www.sgeaj.ch\/fr\/#website"},"primaryImageOfPage":{"@id":"https:\/\/www.sgeaj.ch\/fr\/actualite\/colloques\/usages-pratiques-et-fonctions-des-herbiers-historiques\/#primaryimage"},"image":{"@id":"https:\/\/www.sgeaj.ch\/fr\/actualite\/colloques\/usages-pratiques-et-fonctions-des-herbiers-historiques\/#primaryimage"},"thumbnailUrl":"https:\/\/www.sgeaj.ch\/wp-content\/uploads\/2023\/06\/chaillet-7-scaled.jpg","datePublished":"2023-06-24T08:47:18+00:00","dateModified":"2023-06-24T08:47:20+00:00","inLanguage":"fr-FR","potentialAction":[{"@type":"ReadAction","target":["https:\/\/www.sgeaj.ch\/fr\/actualite\/colloques\/usages-pratiques-et-fonctions-des-herbiers-historiques\/"]}]},{"@type":"ImageObject","inLanguage":"fr-FR","@id":"https:\/\/www.sgeaj.ch\/fr\/actualite\/colloques\/usages-pratiques-et-fonctions-des-herbiers-historiques\/#primaryimage","url":"https:\/\/www.sgeaj.ch\/wp-content\/uploads\/2023\/06\/chaillet-7-scaled.jpg","contentUrl":"https:\/\/www.sgeaj.ch\/wp-content\/uploads\/2023\/06\/chaillet-7-scaled.jpg","width":2560,"height":1707},{"@type":"WebSite","@id":"https:\/\/www.sgeaj.ch\/fr\/#website","url":"https:\/\/www.sgeaj.ch\/fr\/","name":"Schweizerische Gesellschaft f\u00fcr die Erforschung des 18. Jahrhunderts (SGEAJ - SSEDS)","description":"Schweizerische Gesellschaft f\u00fcr die Erforschung des 18. Jahrhunderts","publisher":{"@id":"https:\/\/www.sgeaj.ch\/fr\/#organization"},"potentialAction":[{"@type":"SearchAction","target":{"@type":"EntryPoint","urlTemplate":"https:\/\/www.sgeaj.ch\/fr\/?s={search_term_string}"},"query-input":{"@type":"PropertyValueSpecification","valueRequired":true,"valueName":"search_term_string"}}],"inLanguage":"fr-FR"},{"@type":"Organization","@id":"https:\/\/www.sgeaj.ch\/fr\/#organization","name":"Schweizerische Gesellschaft f\u00fcr die Erforschung des 18. Jahrhunderts (SGEAJ - SSEDS)","url":"https:\/\/www.sgeaj.ch\/fr\/","logo":{"@type":"ImageObject","inLanguage":"fr-FR","@id":"https:\/\/www.sgeaj.ch\/fr\/#\/schema\/logo\/image\/","url":"https:\/\/www.sgeaj.ch\/wp-content\/uploads\/2021\/06\/cropped-logo-xviiies-horiz-abreuviations-bleues.png","contentUrl":"https:\/\/www.sgeaj.ch\/wp-content\/uploads\/2021\/06\/cropped-logo-xviiies-horiz-abreuviations-bleues.png","width":659,"height":335,"caption":"Schweizerische Gesellschaft f\u00fcr die Erforschung des 18. Jahrhunderts (SGEAJ - SSEDS)"},"image":{"@id":"https:\/\/www.sgeaj.ch\/fr\/#\/schema\/logo\/image\/"}},{"@type":"Person","@id":"https:\/\/www.sgeaj.ch\/fr\/#\/schema\/person\/2cd839eed625879a17645fc9f307c8e7","name":"Nadja Ackermann","url":"https:\/\/www.sgeaj.ch\/fr\/author\/naackermann\/"}]}},"_links":{"self":[{"href":"https:\/\/www.sgeaj.ch\/fr\/wp-json\/wp\/v2\/posts\/7030","targetHints":{"allow":["GET"]}}],"collection":[{"href":"https:\/\/www.sgeaj.ch\/fr\/wp-json\/wp\/v2\/posts"}],"about":[{"href":"https:\/\/www.sgeaj.ch\/fr\/wp-json\/wp\/v2\/types\/post"}],"author":[{"embeddable":true,"href":"https:\/\/www.sgeaj.ch\/fr\/wp-json\/wp\/v2\/users\/7"}],"replies":[{"embeddable":true,"href":"https:\/\/www.sgeaj.ch\/fr\/wp-json\/wp\/v2\/comments?post=7030"}],"version-history":[{"count":1,"href":"https:\/\/www.sgeaj.ch\/fr\/wp-json\/wp\/v2\/posts\/7030\/revisions"}],"predecessor-version":[{"id":7031,"href":"https:\/\/www.sgeaj.ch\/fr\/wp-json\/wp\/v2\/posts\/7030\/revisions\/7031"}],"wp:featuredmedia":[{"embeddable":true,"href":"https:\/\/www.sgeaj.ch\/fr\/wp-json\/wp\/v2\/media\/7028"}],"wp:attachment":[{"href":"https:\/\/www.sgeaj.ch\/fr\/wp-json\/wp\/v2\/media?parent=7030"}],"wp:term":[{"taxonomy":"category","embeddable":true,"href":"https:\/\/www.sgeaj.ch\/fr\/wp-json\/wp\/v2\/categories?post=7030"},{"taxonomy":"post_tag","embeddable":true,"href":"https:\/\/www.sgeaj.ch\/fr\/wp-json\/wp\/v2\/tags?post=7030"}],"curies":[{"name":"wp","href":"https:\/\/api.w.org\/{rel}","templated":true}]}}