{"id":7059,"date":"2023-07-03T11:23:56","date_gmt":"2023-07-03T09:23:56","guid":{"rendered":"https:\/\/www.sgeaj.ch\/?p=7059"},"modified":"2024-09-11T18:31:16","modified_gmt":"2024-09-11T16:31:16","slug":"baldi-breathe-kobi-elie-bertrand1713-1797-geneve-2023","status":"publish","type":"post","link":"https:\/\/www.sgeaj.ch\/fr\/publications\/tsl-critiques-essais\/baldi-breathe-kobi-elie-bertrand1713-1797-geneve-2023\/","title":{"rendered":"\u00c9lie Bertrand (1713-1797)"},"content":{"rendered":"\n<h3 class=\"wp-block-heading\">Rossella Baldi \/ Alice Breathe \/ Val\u00e9rie Kobi, \u00c9lie Bertrand (1713-1797), entre science, religion, pr\u00e9ceptorat et journalisme (Travaux sur la Suisse des Lumi\u00e8res 21), Gen\u00e8ve 2023.<\/h3>\n\n\n\n<p>\u00c9lie Bertrand (1713-1797) est une des personnalit\u00e9s qui ont marqu\u00e9 le&nbsp;XVIIIe si\u00e8cle helv\u00e9tique. Son activit\u00e9 intellectuelle se d\u00e9ploie sur&nbsp; presque&nbsp;soixante ans entre la Suisse et l\u2019Europe et couvre diff\u00e9rents&nbsp; champs du&nbsp;savoir. \u00c0 la fois pasteur, g\u00e9ologue, collectionneur,&nbsp; pr\u00e9cepteur,&nbsp;journaliste ou encore \u00e9diteur, le philosophe nous a l\u00e9gu\u00e9&nbsp; une&nbsp;conception humaniste et protestante de la connaissance, ainsi&nbsp; qu\u2019une&nbsp;oeuvre abondante et composite.<\/p>\n\n\n\n<p>Le pr\u00e9sent volume offre un itin\u00e9raire transversal \u00e0 travers ce&nbsp; parcours&nbsp;savant pluriel pour en illustrer et en saisir les enjeux,&nbsp; l\u2019\u00e9tendue, voire&nbsp;les ambigu\u00eft\u00e9s. Il r\u00e9unit une s\u00e9rie de contributions&nbsp; qui, dans un esprit&nbsp;interdisciplinaire et \u00e0 l\u2019aide de sources in\u00e9dites,&nbsp; proposent une vue&nbsp;d\u2019ensemble plus exhaustive et revisitent la vision&nbsp; souvent apolog\u00e9tique&nbsp;qui a impr\u00e9gn\u00e9 les \u00e9tudes consacr\u00e9es \u00e0&nbsp; l\u2019oeuvre d\u2019\u00c9lie Bertrand dans&nbsp;le pass\u00e9. Au-del\u00e0 de sa port\u00e9e&nbsp; monographique, l\u2019ouvrage contribue \u00e0&nbsp;enrichir notre lecture des&nbsp; Lumi\u00e8res helv\u00e9tiques.<\/p>\n\n\n\n<p><a href=\"https:\/\/www.slatkine.com\/fr\/slatkine-reprints-erudition\/75274-book-07102877-9782051028776.html\" target=\"_blank\" rel=\"noreferrer noopener\">Commander le livre<\/a><\/p>\n","protected":false},"excerpt":{"rendered":"<p>Rossella Baldi \/ Alice Breathe \/ Val\u00e9rie Kobi, \u00c9lie Bertrand (1713-1797), entre science, religion, pr\u00e9ceptorat et journalisme (Travaux sur la Suisse des Lumi\u00e8res 21), Gen\u00e8ve 2023. \u00c9lie Bertrand (1713-1797) est une des personnalit\u00e9s qui ont marqu\u00e9 le&nbsp;XVIIIe si\u00e8cle helv\u00e9tique. Son activit\u00e9 intellectuelle se d\u00e9ploie sur&nbsp; presque&nbsp;soixante ans entre la Suisse et l\u2019Europe et couvre diff\u00e9rents&nbsp; [&hellip;]<\/p>\n","protected":false},"author":7,"featured_media":5522,"comment_status":"closed","ping_status":"open","sticky":false,"template":"","format":"standard","meta":{"footnotes":""},"categories":[46,47],"tags":[],"class_list":{"0":"post-7059","1":"post","2":"type-post","3":"status-publish","4":"format-standard","5":"has-post-thumbnail","7":"category-publications","8":"category-tsl-critiques-essais","9":"czr-hentry"},"yoast_head":"<!-- This site is optimized with the Yoast SEO plugin v26.9 - https:\/\/yoast.com\/product\/yoast-seo-wordpress\/ -->\n<title>\u00c9lie Bertrand (1713-1797) - Schweizerische Gesellschaft f\u00fcr die Erforschung des 18. Jahrhunderts (SGEAJ - SSEDS)<\/title>\n<meta name=\"robots\" content=\"index, follow, max-snippet:-1, max-image-preview:large, max-video-preview:-1\" \/>\n<link rel=\"canonical\" href=\"https:\/\/www.sgeaj.ch\/fr\/publications\/tsl-critiques-essais\/baldi-breathe-kobi-elie-bertrand1713-1797-geneve-2023\/\" \/>\n<meta name=\"twitter:label1\" content=\"\u00c9crit par\" \/>\n\t<meta name=\"twitter:data1\" content=\"Nadja Ackermann\" \/>\n\t<meta name=\"twitter:label2\" content=\"Dur\u00e9e de lecture estim\u00e9e\" \/>\n\t<meta name=\"twitter:data2\" content=\"1 minute\" \/>\n<script type=\"application\/ld+json\" class=\"yoast-schema-graph\">{\"@context\":\"https:\/\/schema.org\",\"@graph\":[{\"@type\":\"Article\",\"@id\":\"https:\/\/www.sgeaj.ch\/fr\/publications\/tsl-critiques-essais\/baldi-breathe-kobi-elie-bertrand1713-1797-geneve-2023\/#article\",\"isPartOf\":{\"@id\":\"https:\/\/www.sgeaj.ch\/fr\/publications\/tsl-critiques-essais\/baldi-breathe-kobi-elie-bertrand1713-1797-geneve-2023\/\"},\"author\":{\"name\":\"Nadja Ackermann\",\"@id\":\"https:\/\/www.sgeaj.ch\/fr\/#\/schema\/person\/2cd839eed625879a17645fc9f307c8e7\"},\"headline\":\"\u00c9lie Bertrand (1713-1797)\",\"datePublished\":\"2023-07-03T09:23:56+00:00\",\"dateModified\":\"2024-09-11T16:31:16+00:00\",\"mainEntityOfPage\":{\"@id\":\"https:\/\/www.sgeaj.ch\/fr\/publications\/tsl-critiques-essais\/baldi-breathe-kobi-elie-bertrand1713-1797-geneve-2023\/\"},\"wordCount\":227,\"publisher\":{\"@id\":\"https:\/\/www.sgeaj.ch\/fr\/#organization\"},\"image\":{\"@id\":\"https:\/\/www.sgeaj.ch\/fr\/publications\/tsl-critiques-essais\/baldi-breathe-kobi-elie-bertrand1713-1797-geneve-2023\/#primaryimage\"},\"thumbnailUrl\":\"https:\/\/www.sgeaj.ch\/wp-content\/uploads\/2015\/03\/proxy-image-3.jpg\",\"articleSection\":[\"Publications\",\"Travaux sur la Suisse des Lumi\u00e8res (critiques et essais\"],\"inLanguage\":\"fr-FR\"},{\"@type\":\"WebPage\",\"@id\":\"https:\/\/www.sgeaj.ch\/fr\/publications\/tsl-critiques-essais\/baldi-breathe-kobi-elie-bertrand1713-1797-geneve-2023\/\",\"url\":\"https:\/\/www.sgeaj.ch\/fr\/publications\/tsl-critiques-essais\/baldi-breathe-kobi-elie-bertrand1713-1797-geneve-2023\/\",\"name\":\"\u00c9lie Bertrand (1713-1797) - Schweizerische Gesellschaft f\u00fcr die Erforschung des 18. Jahrhunderts (SGEAJ - SSEDS)\",\"isPartOf\":{\"@id\":\"https:\/\/www.sgeaj.ch\/fr\/#website\"},\"primaryImageOfPage\":{\"@id\":\"https:\/\/www.sgeaj.ch\/fr\/publications\/tsl-critiques-essais\/baldi-breathe-kobi-elie-bertrand1713-1797-geneve-2023\/#primaryimage\"},\"image\":{\"@id\":\"https:\/\/www.sgeaj.ch\/fr\/publications\/tsl-critiques-essais\/baldi-breathe-kobi-elie-bertrand1713-1797-geneve-2023\/#primaryimage\"},\"thumbnailUrl\":\"https:\/\/www.sgeaj.ch\/wp-content\/uploads\/2015\/03\/proxy-image-3.jpg\",\"datePublished\":\"2023-07-03T09:23:56+00:00\",\"dateModified\":\"2024-09-11T16:31:16+00:00\",\"inLanguage\":\"fr-FR\",\"potentialAction\":[{\"@type\":\"ReadAction\",\"target\":[\"https:\/\/www.sgeaj.ch\/fr\/publications\/tsl-critiques-essais\/baldi-breathe-kobi-elie-bertrand1713-1797-geneve-2023\/\"]}]},{\"@type\":\"ImageObject\",\"inLanguage\":\"fr-FR\",\"@id\":\"https:\/\/www.sgeaj.ch\/fr\/publications\/tsl-critiques-essais\/baldi-breathe-kobi-elie-bertrand1713-1797-geneve-2023\/#primaryimage\",\"url\":\"https:\/\/www.sgeaj.ch\/wp-content\/uploads\/2015\/03\/proxy-image-3.jpg\",\"contentUrl\":\"https:\/\/www.sgeaj.ch\/wp-content\/uploads\/2015\/03\/proxy-image-3.jpg\",\"width\":1246,\"height\":670},{\"@type\":\"WebSite\",\"@id\":\"https:\/\/www.sgeaj.ch\/fr\/#website\",\"url\":\"https:\/\/www.sgeaj.ch\/fr\/\",\"name\":\"Schweizerische Gesellschaft f\u00fcr die Erforschung des 18. Jahrhunderts (SGEAJ - SSEDS)\",\"description\":\"Schweizerische Gesellschaft f\u00fcr die Erforschung des 18. Jahrhunderts\",\"publisher\":{\"@id\":\"https:\/\/www.sgeaj.ch\/fr\/#organization\"},\"potentialAction\":[{\"@type\":\"SearchAction\",\"target\":{\"@type\":\"EntryPoint\",\"urlTemplate\":\"https:\/\/www.sgeaj.ch\/fr\/?s={search_term_string}\"},\"query-input\":{\"@type\":\"PropertyValueSpecification\",\"valueRequired\":true,\"valueName\":\"search_term_string\"}}],\"inLanguage\":\"fr-FR\"},{\"@type\":\"Organization\",\"@id\":\"https:\/\/www.sgeaj.ch\/fr\/#organization\",\"name\":\"Schweizerische Gesellschaft f\u00fcr die Erforschung des 18. Jahrhunderts (SGEAJ - SSEDS)\",\"url\":\"https:\/\/www.sgeaj.ch\/fr\/\",\"logo\":{\"@type\":\"ImageObject\",\"inLanguage\":\"fr-FR\",\"@id\":\"https:\/\/www.sgeaj.ch\/fr\/#\/schema\/logo\/image\/\",\"url\":\"https:\/\/www.sgeaj.ch\/wp-content\/uploads\/2021\/06\/cropped-logo-xviiies-horiz-abreuviations-bleues.png\",\"contentUrl\":\"https:\/\/www.sgeaj.ch\/wp-content\/uploads\/2021\/06\/cropped-logo-xviiies-horiz-abreuviations-bleues.png\",\"width\":659,\"height\":335,\"caption\":\"Schweizerische Gesellschaft f\u00fcr die Erforschung des 18. Jahrhunderts (SGEAJ - SSEDS)\"},\"image\":{\"@id\":\"https:\/\/www.sgeaj.ch\/fr\/#\/schema\/logo\/image\/\"}},{\"@type\":\"Person\",\"@id\":\"https:\/\/www.sgeaj.ch\/fr\/#\/schema\/person\/2cd839eed625879a17645fc9f307c8e7\",\"name\":\"Nadja Ackermann\",\"url\":\"https:\/\/www.sgeaj.ch\/fr\/author\/naackermann\/\"}]}<\/script>\n<!-- \/ Yoast SEO plugin. -->","yoast_head_json":{"title":"\u00c9lie Bertrand (1713-1797) - Schweizerische Gesellschaft f\u00fcr die Erforschung des 18. Jahrhunderts (SGEAJ - SSEDS)","robots":{"index":"index","follow":"follow","max-snippet":"max-snippet:-1","max-image-preview":"max-image-preview:large","max-video-preview":"max-video-preview:-1"},"canonical":"https:\/\/www.sgeaj.ch\/fr\/publications\/tsl-critiques-essais\/baldi-breathe-kobi-elie-bertrand1713-1797-geneve-2023\/","twitter_misc":{"\u00c9crit par":"Nadja Ackermann","Dur\u00e9e de lecture estim\u00e9e":"1 minute"},"schema":{"@context":"https:\/\/schema.org","@graph":[{"@type":"Article","@id":"https:\/\/www.sgeaj.ch\/fr\/publications\/tsl-critiques-essais\/baldi-breathe-kobi-elie-bertrand1713-1797-geneve-2023\/#article","isPartOf":{"@id":"https:\/\/www.sgeaj.ch\/fr\/publications\/tsl-critiques-essais\/baldi-breathe-kobi-elie-bertrand1713-1797-geneve-2023\/"},"author":{"name":"Nadja Ackermann","@id":"https:\/\/www.sgeaj.ch\/fr\/#\/schema\/person\/2cd839eed625879a17645fc9f307c8e7"},"headline":"\u00c9lie Bertrand (1713-1797)","datePublished":"2023-07-03T09:23:56+00:00","dateModified":"2024-09-11T16:31:16+00:00","mainEntityOfPage":{"@id":"https:\/\/www.sgeaj.ch\/fr\/publications\/tsl-critiques-essais\/baldi-breathe-kobi-elie-bertrand1713-1797-geneve-2023\/"},"wordCount":227,"publisher":{"@id":"https:\/\/www.sgeaj.ch\/fr\/#organization"},"image":{"@id":"https:\/\/www.sgeaj.ch\/fr\/publications\/tsl-critiques-essais\/baldi-breathe-kobi-elie-bertrand1713-1797-geneve-2023\/#primaryimage"},"thumbnailUrl":"https:\/\/www.sgeaj.ch\/wp-content\/uploads\/2015\/03\/proxy-image-3.jpg","articleSection":["Publications","Travaux sur la Suisse des Lumi\u00e8res (critiques et essais"],"inLanguage":"fr-FR"},{"@type":"WebPage","@id":"https:\/\/www.sgeaj.ch\/fr\/publications\/tsl-critiques-essais\/baldi-breathe-kobi-elie-bertrand1713-1797-geneve-2023\/","url":"https:\/\/www.sgeaj.ch\/fr\/publications\/tsl-critiques-essais\/baldi-breathe-kobi-elie-bertrand1713-1797-geneve-2023\/","name":"\u00c9lie Bertrand (1713-1797) - Schweizerische Gesellschaft f\u00fcr die Erforschung des 18. Jahrhunderts (SGEAJ - SSEDS)","isPartOf":{"@id":"https:\/\/www.sgeaj.ch\/fr\/#website"},"primaryImageOfPage":{"@id":"https:\/\/www.sgeaj.ch\/fr\/publications\/tsl-critiques-essais\/baldi-breathe-kobi-elie-bertrand1713-1797-geneve-2023\/#primaryimage"},"image":{"@id":"https:\/\/www.sgeaj.ch\/fr\/publications\/tsl-critiques-essais\/baldi-breathe-kobi-elie-bertrand1713-1797-geneve-2023\/#primaryimage"},"thumbnailUrl":"https:\/\/www.sgeaj.ch\/wp-content\/uploads\/2015\/03\/proxy-image-3.jpg","datePublished":"2023-07-03T09:23:56+00:00","dateModified":"2024-09-11T16:31:16+00:00","inLanguage":"fr-FR","potentialAction":[{"@type":"ReadAction","target":["https:\/\/www.sgeaj.ch\/fr\/publications\/tsl-critiques-essais\/baldi-breathe-kobi-elie-bertrand1713-1797-geneve-2023\/"]}]},{"@type":"ImageObject","inLanguage":"fr-FR","@id":"https:\/\/www.sgeaj.ch\/fr\/publications\/tsl-critiques-essais\/baldi-breathe-kobi-elie-bertrand1713-1797-geneve-2023\/#primaryimage","url":"https:\/\/www.sgeaj.ch\/wp-content\/uploads\/2015\/03\/proxy-image-3.jpg","contentUrl":"https:\/\/www.sgeaj.ch\/wp-content\/uploads\/2015\/03\/proxy-image-3.jpg","width":1246,"height":670},{"@type":"WebSite","@id":"https:\/\/www.sgeaj.ch\/fr\/#website","url":"https:\/\/www.sgeaj.ch\/fr\/","name":"Schweizerische Gesellschaft f\u00fcr die Erforschung des 18. Jahrhunderts (SGEAJ - SSEDS)","description":"Schweizerische Gesellschaft f\u00fcr die Erforschung des 18. Jahrhunderts","publisher":{"@id":"https:\/\/www.sgeaj.ch\/fr\/#organization"},"potentialAction":[{"@type":"SearchAction","target":{"@type":"EntryPoint","urlTemplate":"https:\/\/www.sgeaj.ch\/fr\/?s={search_term_string}"},"query-input":{"@type":"PropertyValueSpecification","valueRequired":true,"valueName":"search_term_string"}}],"inLanguage":"fr-FR"},{"@type":"Organization","@id":"https:\/\/www.sgeaj.ch\/fr\/#organization","name":"Schweizerische Gesellschaft f\u00fcr die Erforschung des 18. Jahrhunderts (SGEAJ - SSEDS)","url":"https:\/\/www.sgeaj.ch\/fr\/","logo":{"@type":"ImageObject","inLanguage":"fr-FR","@id":"https:\/\/www.sgeaj.ch\/fr\/#\/schema\/logo\/image\/","url":"https:\/\/www.sgeaj.ch\/wp-content\/uploads\/2021\/06\/cropped-logo-xviiies-horiz-abreuviations-bleues.png","contentUrl":"https:\/\/www.sgeaj.ch\/wp-content\/uploads\/2021\/06\/cropped-logo-xviiies-horiz-abreuviations-bleues.png","width":659,"height":335,"caption":"Schweizerische Gesellschaft f\u00fcr die Erforschung des 18. Jahrhunderts (SGEAJ - SSEDS)"},"image":{"@id":"https:\/\/www.sgeaj.ch\/fr\/#\/schema\/logo\/image\/"}},{"@type":"Person","@id":"https:\/\/www.sgeaj.ch\/fr\/#\/schema\/person\/2cd839eed625879a17645fc9f307c8e7","name":"Nadja Ackermann","url":"https:\/\/www.sgeaj.ch\/fr\/author\/naackermann\/"}]}},"_links":{"self":[{"href":"https:\/\/www.sgeaj.ch\/fr\/wp-json\/wp\/v2\/posts\/7059","targetHints":{"allow":["GET"]}}],"collection":[{"href":"https:\/\/www.sgeaj.ch\/fr\/wp-json\/wp\/v2\/posts"}],"about":[{"href":"https:\/\/www.sgeaj.ch\/fr\/wp-json\/wp\/v2\/types\/post"}],"author":[{"embeddable":true,"href":"https:\/\/www.sgeaj.ch\/fr\/wp-json\/wp\/v2\/users\/7"}],"replies":[{"embeddable":true,"href":"https:\/\/www.sgeaj.ch\/fr\/wp-json\/wp\/v2\/comments?post=7059"}],"version-history":[{"count":3,"href":"https:\/\/www.sgeaj.ch\/fr\/wp-json\/wp\/v2\/posts\/7059\/revisions"}],"predecessor-version":[{"id":7480,"href":"https:\/\/www.sgeaj.ch\/fr\/wp-json\/wp\/v2\/posts\/7059\/revisions\/7480"}],"wp:featuredmedia":[{"embeddable":true,"href":"https:\/\/www.sgeaj.ch\/fr\/wp-json\/wp\/v2\/media\/5522"}],"wp:attachment":[{"href":"https:\/\/www.sgeaj.ch\/fr\/wp-json\/wp\/v2\/media?parent=7059"}],"wp:term":[{"taxonomy":"category","embeddable":true,"href":"https:\/\/www.sgeaj.ch\/fr\/wp-json\/wp\/v2\/categories?post=7059"},{"taxonomy":"post_tag","embeddable":true,"href":"https:\/\/www.sgeaj.ch\/fr\/wp-json\/wp\/v2\/tags?post=7059"}],"curies":[{"name":"wp","href":"https:\/\/api.w.org\/{rel}","templated":true}]}}