{"id":7070,"date":"2023-08-07T09:53:55","date_gmt":"2023-08-07T07:53:55","guid":{"rendered":"https:\/\/www.sgeaj.ch\/?p=7070"},"modified":"2023-08-07T09:53:56","modified_gmt":"2023-08-07T07:53:56","slug":"cfp-droit-naturel-et-republicanisme","status":"publish","type":"post","link":"https:\/\/www.sgeaj.ch\/fr\/actualite\/call-for-papers-fr\/cfp-droit-naturel-et-republicanisme\/","title":{"rendered":"CfP: Droit naturel et r\u00e9publicanisme"},"content":{"rendered":"\n<h3 class=\"wp-block-heading\"><em>Colloque: \u00ab Droit naturel et r\u00e9publicanisme : horizon politique et historique de l\u2019Ancien R\u00e9gime \u00e0 la Suisse des Lumi\u00e8res \u00bb, 26 janvier 2024, Universit\u00e9 de Gen\u00e8ve<\/em><\/h3>\n\n\n\n<p>Alors que le qualificatif de \u00ab R\u00e9publique \u00bb a suscit\u00e9 jusqu\u2019ici d\u2019importants \u00e9claircissements<br>\u00e9pist\u00e9mologiques et politiques, le projet r\u00e9publicain \u2013 avant m\u00eame qu\u2019il se d\u00e9chiffre \u00e0 hauteur des notions de libert\u00e9, de vertu et d\u2019\u00e9galit\u00e9 \u2013 m\u00e9rite encore d\u2019\u00eatre questionn\u00e9 dans la dialectique qu\u2019il initie avec l\u2019essor du droit naturel moderne. Or, l\u2019identit\u00e9 propre au R\u00e9publicanisme moderne n\u2019est pas sans appeler de s\u00e9rieuses nuances avec l\u2019Ancien R\u00e9gime, tant l\u2019\u00e9galit\u00e9 est encore, \u00e0 cet \u00e2ge politique, irr\u00e9ductible \u00e0 la libert\u00e9 politique.<\/p>\n\n\n\n<p>Ce colloque sera l\u2019occasion d\u2019exposer la tonalit\u00e9 du r\u00e9publicanisme comme du droit naturel dans un faisceau large, c\u2019est-\u00e0-dire en mesurant leurs variations au sein d\u2019interventions historiques d\u00e9termin\u00e9es. Plus exactement, nous souhaiterions mesurer comment appert et op\u00e8re l\u2019expression du r\u00e9publicanisme et la r\u00e9ception du droit naturel moderne au c\u0153ur de l\u2019Ancien R\u00e9gime suisse. <\/p>\n\n\n\n<p><br>S\u2019il s\u2019agit ici \u00e9galement de s\u2019attarder sur la port\u00e9e \u00e9pist\u00e9mologique du terme de \u00ab R\u00e9publicanisme \u00bb et de ses acceptions multiformes \u2013 par exemple dans son opposition au lib\u00e9ralisme \u2013 nous souhaiterions engager le propos dans la perspective d\u2019un enjeu concret en convoquant les figures majeures comme celles historiquement ou doctrinalement encore silencieuses. Ce colloque tend donc \u00e0 illustrer comment la sensibilit\u00e9 du r\u00e9publicanisme et du droit naturel se concr\u00e9tise dans un horizon tout \u00e0 la fois historique et politique.<\/p>\n\n\n\n<p><br>L\u2019ambition de ce colloque incite ainsi \u00e0 une approche transdisciplinaire, par la largesse m\u00eame de son enjeu, et convoque aussi bien les domaines de l\u2019histoire, de la sociologie, du droit ou de la philosophie. Il s\u2019adresse principalement aux doctorant.e.s et jeunes chercheuses et chercheurs et b\u00e9n\u00e9ficiera pour les participant.e.s d\u2019un financement de la Conf\u00e9rence universitaire de Suisse occidentale (CUSO).<\/p>\n\n\n\n<p><strong>Modalit\u00e9 de soumission :<\/strong><br>Les propositions de contribution, en fran\u00e7ais ou en anglais, ne doivent pas exc\u00e9der 3&rsquo;500 signes et doivent \u00eatre retourn\u00e9es \u00e0 Monsieur Romain Cuttat (romain.cuttat@unige.ch) avant la date du <strong>24 septembre 2023<\/strong><\/p>\n\n\n\n<div class=\"wp-block-file\"><a id=\"wp-block-file--media-6e7453e2-fba4-44c8-b00a-26dd937772ed\" href=\"https:\/\/www.sgeaj.ch\/wp-content\/uploads\/2023\/08\/cfp-geneve-2024.pdf\">CfP_Gen\u00e8ve 2024 complet en PDF<\/a><a href=\"https:\/\/www.sgeaj.ch\/wp-content\/uploads\/2023\/08\/cfp-geneve-2024.pdf\" class=\"wp-block-file__button wp-element-button\" download aria-describedby=\"wp-block-file--media-6e7453e2-fba4-44c8-b00a-26dd937772ed\">t\u00e9l\u00e9charger<\/a><\/div>\n","protected":false},"excerpt":{"rendered":"<p>Colloque: \u00ab Droit naturel et r\u00e9publicanisme : horizon politique et historique de l\u2019Ancien R\u00e9gime \u00e0 la Suisse des Lumi\u00e8res \u00bb, 26 janvier 2024, Universit\u00e9 de Gen\u00e8ve Alors que le qualificatif de \u00ab R\u00e9publique \u00bb a suscit\u00e9 jusqu\u2019ici d\u2019importants \u00e9claircissements\u00e9pist\u00e9mologiques et politiques, le projet r\u00e9publicain \u2013 avant m\u00eame qu\u2019il se d\u00e9chiffre \u00e0 hauteur des notions de [&hellip;]<\/p>\n","protected":false},"author":7,"featured_media":7068,"comment_status":"closed","ping_status":"open","sticky":false,"template":"","format":"standard","meta":{"footnotes":""},"categories":[42,26],"tags":[],"class_list":{"0":"post-7070","1":"post","2":"type-post","3":"status-publish","4":"format-standard","5":"has-post-thumbnail","7":"category-actualite","8":"category-call-for-papers-fr","9":"czr-hentry"},"yoast_head":"<!-- This site is optimized with the Yoast SEO plugin v26.9 - https:\/\/yoast.com\/product\/yoast-seo-wordpress\/ -->\n<title>CfP: Droit naturel et r\u00e9publicanisme - Schweizerische Gesellschaft f\u00fcr die Erforschung des 18. Jahrhunderts (SGEAJ - SSEDS)<\/title>\n<meta name=\"robots\" content=\"index, follow, max-snippet:-1, max-image-preview:large, max-video-preview:-1\" \/>\n<link rel=\"canonical\" href=\"https:\/\/www.sgeaj.ch\/fr\/actualite\/call-for-papers-fr\/cfp-droit-naturel-et-republicanisme\/\" \/>\n<meta name=\"twitter:label1\" content=\"\u00c9crit par\" \/>\n\t<meta name=\"twitter:data1\" content=\"Nadja Ackermann\" \/>\n\t<meta name=\"twitter:label2\" content=\"Dur\u00e9e de lecture estim\u00e9e\" \/>\n\t<meta name=\"twitter:data2\" content=\"2 minutes\" \/>\n<script type=\"application\/ld+json\" class=\"yoast-schema-graph\">{\"@context\":\"https:\/\/schema.org\",\"@graph\":[{\"@type\":\"Article\",\"@id\":\"https:\/\/www.sgeaj.ch\/fr\/actualite\/call-for-papers-fr\/cfp-droit-naturel-et-republicanisme\/#article\",\"isPartOf\":{\"@id\":\"https:\/\/www.sgeaj.ch\/fr\/actualite\/call-for-papers-fr\/cfp-droit-naturel-et-republicanisme\/\"},\"author\":{\"name\":\"Nadja Ackermann\",\"@id\":\"https:\/\/www.sgeaj.ch\/fr\/#\/schema\/person\/2cd839eed625879a17645fc9f307c8e7\"},\"headline\":\"CfP: Droit naturel et r\u00e9publicanisme\",\"datePublished\":\"2023-08-07T07:53:55+00:00\",\"dateModified\":\"2023-08-07T07:53:56+00:00\",\"mainEntityOfPage\":{\"@id\":\"https:\/\/www.sgeaj.ch\/fr\/actualite\/call-for-papers-fr\/cfp-droit-naturel-et-republicanisme\/\"},\"wordCount\":391,\"publisher\":{\"@id\":\"https:\/\/www.sgeaj.ch\/fr\/#organization\"},\"image\":{\"@id\":\"https:\/\/www.sgeaj.ch\/fr\/actualite\/call-for-papers-fr\/cfp-droit-naturel-et-republicanisme\/#primaryimage\"},\"thumbnailUrl\":\"https:\/\/www.sgeaj.ch\/wp-content\/uploads\/2023\/08\/portrait-of-jean-alphonse-turrettini-met-dp867441-scaled-e1691394811275.jpg\",\"articleSection\":[\"Actualit\u00e9\",\"Call for Papers\"],\"inLanguage\":\"fr-FR\"},{\"@type\":\"WebPage\",\"@id\":\"https:\/\/www.sgeaj.ch\/fr\/actualite\/call-for-papers-fr\/cfp-droit-naturel-et-republicanisme\/\",\"url\":\"https:\/\/www.sgeaj.ch\/fr\/actualite\/call-for-papers-fr\/cfp-droit-naturel-et-republicanisme\/\",\"name\":\"CfP: Droit naturel et r\u00e9publicanisme - Schweizerische Gesellschaft f\u00fcr die Erforschung des 18. Jahrhunderts (SGEAJ - SSEDS)\",\"isPartOf\":{\"@id\":\"https:\/\/www.sgeaj.ch\/fr\/#website\"},\"primaryImageOfPage\":{\"@id\":\"https:\/\/www.sgeaj.ch\/fr\/actualite\/call-for-papers-fr\/cfp-droit-naturel-et-republicanisme\/#primaryimage\"},\"image\":{\"@id\":\"https:\/\/www.sgeaj.ch\/fr\/actualite\/call-for-papers-fr\/cfp-droit-naturel-et-republicanisme\/#primaryimage\"},\"thumbnailUrl\":\"https:\/\/www.sgeaj.ch\/wp-content\/uploads\/2023\/08\/portrait-of-jean-alphonse-turrettini-met-dp867441-scaled-e1691394811275.jpg\",\"datePublished\":\"2023-08-07T07:53:55+00:00\",\"dateModified\":\"2023-08-07T07:53:56+00:00\",\"inLanguage\":\"fr-FR\",\"potentialAction\":[{\"@type\":\"ReadAction\",\"target\":[\"https:\/\/www.sgeaj.ch\/fr\/actualite\/call-for-papers-fr\/cfp-droit-naturel-et-republicanisme\/\"]}]},{\"@type\":\"ImageObject\",\"inLanguage\":\"fr-FR\",\"@id\":\"https:\/\/www.sgeaj.ch\/fr\/actualite\/call-for-papers-fr\/cfp-droit-naturel-et-republicanisme\/#primaryimage\",\"url\":\"https:\/\/www.sgeaj.ch\/wp-content\/uploads\/2023\/08\/portrait-of-jean-alphonse-turrettini-met-dp867441-scaled-e1691394811275.jpg\",\"contentUrl\":\"https:\/\/www.sgeaj.ch\/wp-content\/uploads\/2023\/08\/portrait-of-jean-alphonse-turrettini-met-dp867441-scaled-e1691394811275.jpg\",\"width\":1718,\"height\":2560},{\"@type\":\"WebSite\",\"@id\":\"https:\/\/www.sgeaj.ch\/fr\/#website\",\"url\":\"https:\/\/www.sgeaj.ch\/fr\/\",\"name\":\"Schweizerische Gesellschaft f\u00fcr die Erforschung des 18. Jahrhunderts (SGEAJ - SSEDS)\",\"description\":\"Schweizerische Gesellschaft f\u00fcr die Erforschung des 18. Jahrhunderts\",\"publisher\":{\"@id\":\"https:\/\/www.sgeaj.ch\/fr\/#organization\"},\"potentialAction\":[{\"@type\":\"SearchAction\",\"target\":{\"@type\":\"EntryPoint\",\"urlTemplate\":\"https:\/\/www.sgeaj.ch\/fr\/?s={search_term_string}\"},\"query-input\":{\"@type\":\"PropertyValueSpecification\",\"valueRequired\":true,\"valueName\":\"search_term_string\"}}],\"inLanguage\":\"fr-FR\"},{\"@type\":\"Organization\",\"@id\":\"https:\/\/www.sgeaj.ch\/fr\/#organization\",\"name\":\"Schweizerische Gesellschaft f\u00fcr die Erforschung des 18. Jahrhunderts (SGEAJ - SSEDS)\",\"url\":\"https:\/\/www.sgeaj.ch\/fr\/\",\"logo\":{\"@type\":\"ImageObject\",\"inLanguage\":\"fr-FR\",\"@id\":\"https:\/\/www.sgeaj.ch\/fr\/#\/schema\/logo\/image\/\",\"url\":\"https:\/\/www.sgeaj.ch\/wp-content\/uploads\/2021\/06\/cropped-logo-xviiies-horiz-abreuviations-bleues.png\",\"contentUrl\":\"https:\/\/www.sgeaj.ch\/wp-content\/uploads\/2021\/06\/cropped-logo-xviiies-horiz-abreuviations-bleues.png\",\"width\":659,\"height\":335,\"caption\":\"Schweizerische Gesellschaft f\u00fcr die Erforschung des 18. Jahrhunderts (SGEAJ - SSEDS)\"},\"image\":{\"@id\":\"https:\/\/www.sgeaj.ch\/fr\/#\/schema\/logo\/image\/\"}},{\"@type\":\"Person\",\"@id\":\"https:\/\/www.sgeaj.ch\/fr\/#\/schema\/person\/2cd839eed625879a17645fc9f307c8e7\",\"name\":\"Nadja Ackermann\",\"url\":\"https:\/\/www.sgeaj.ch\/fr\/author\/naackermann\/\"}]}<\/script>\n<!-- \/ Yoast SEO plugin. -->","yoast_head_json":{"title":"CfP: Droit naturel et r\u00e9publicanisme - Schweizerische Gesellschaft f\u00fcr die Erforschung des 18. Jahrhunderts (SGEAJ - SSEDS)","robots":{"index":"index","follow":"follow","max-snippet":"max-snippet:-1","max-image-preview":"max-image-preview:large","max-video-preview":"max-video-preview:-1"},"canonical":"https:\/\/www.sgeaj.ch\/fr\/actualite\/call-for-papers-fr\/cfp-droit-naturel-et-republicanisme\/","twitter_misc":{"\u00c9crit par":"Nadja Ackermann","Dur\u00e9e de lecture estim\u00e9e":"2 minutes"},"schema":{"@context":"https:\/\/schema.org","@graph":[{"@type":"Article","@id":"https:\/\/www.sgeaj.ch\/fr\/actualite\/call-for-papers-fr\/cfp-droit-naturel-et-republicanisme\/#article","isPartOf":{"@id":"https:\/\/www.sgeaj.ch\/fr\/actualite\/call-for-papers-fr\/cfp-droit-naturel-et-republicanisme\/"},"author":{"name":"Nadja Ackermann","@id":"https:\/\/www.sgeaj.ch\/fr\/#\/schema\/person\/2cd839eed625879a17645fc9f307c8e7"},"headline":"CfP: Droit naturel et r\u00e9publicanisme","datePublished":"2023-08-07T07:53:55+00:00","dateModified":"2023-08-07T07:53:56+00:00","mainEntityOfPage":{"@id":"https:\/\/www.sgeaj.ch\/fr\/actualite\/call-for-papers-fr\/cfp-droit-naturel-et-republicanisme\/"},"wordCount":391,"publisher":{"@id":"https:\/\/www.sgeaj.ch\/fr\/#organization"},"image":{"@id":"https:\/\/www.sgeaj.ch\/fr\/actualite\/call-for-papers-fr\/cfp-droit-naturel-et-republicanisme\/#primaryimage"},"thumbnailUrl":"https:\/\/www.sgeaj.ch\/wp-content\/uploads\/2023\/08\/portrait-of-jean-alphonse-turrettini-met-dp867441-scaled-e1691394811275.jpg","articleSection":["Actualit\u00e9","Call for Papers"],"inLanguage":"fr-FR"},{"@type":"WebPage","@id":"https:\/\/www.sgeaj.ch\/fr\/actualite\/call-for-papers-fr\/cfp-droit-naturel-et-republicanisme\/","url":"https:\/\/www.sgeaj.ch\/fr\/actualite\/call-for-papers-fr\/cfp-droit-naturel-et-republicanisme\/","name":"CfP: Droit naturel et r\u00e9publicanisme - Schweizerische Gesellschaft f\u00fcr die Erforschung des 18. Jahrhunderts (SGEAJ - SSEDS)","isPartOf":{"@id":"https:\/\/www.sgeaj.ch\/fr\/#website"},"primaryImageOfPage":{"@id":"https:\/\/www.sgeaj.ch\/fr\/actualite\/call-for-papers-fr\/cfp-droit-naturel-et-republicanisme\/#primaryimage"},"image":{"@id":"https:\/\/www.sgeaj.ch\/fr\/actualite\/call-for-papers-fr\/cfp-droit-naturel-et-republicanisme\/#primaryimage"},"thumbnailUrl":"https:\/\/www.sgeaj.ch\/wp-content\/uploads\/2023\/08\/portrait-of-jean-alphonse-turrettini-met-dp867441-scaled-e1691394811275.jpg","datePublished":"2023-08-07T07:53:55+00:00","dateModified":"2023-08-07T07:53:56+00:00","inLanguage":"fr-FR","potentialAction":[{"@type":"ReadAction","target":["https:\/\/www.sgeaj.ch\/fr\/actualite\/call-for-papers-fr\/cfp-droit-naturel-et-republicanisme\/"]}]},{"@type":"ImageObject","inLanguage":"fr-FR","@id":"https:\/\/www.sgeaj.ch\/fr\/actualite\/call-for-papers-fr\/cfp-droit-naturel-et-republicanisme\/#primaryimage","url":"https:\/\/www.sgeaj.ch\/wp-content\/uploads\/2023\/08\/portrait-of-jean-alphonse-turrettini-met-dp867441-scaled-e1691394811275.jpg","contentUrl":"https:\/\/www.sgeaj.ch\/wp-content\/uploads\/2023\/08\/portrait-of-jean-alphonse-turrettini-met-dp867441-scaled-e1691394811275.jpg","width":1718,"height":2560},{"@type":"WebSite","@id":"https:\/\/www.sgeaj.ch\/fr\/#website","url":"https:\/\/www.sgeaj.ch\/fr\/","name":"Schweizerische Gesellschaft f\u00fcr die Erforschung des 18. Jahrhunderts (SGEAJ - SSEDS)","description":"Schweizerische Gesellschaft f\u00fcr die Erforschung des 18. Jahrhunderts","publisher":{"@id":"https:\/\/www.sgeaj.ch\/fr\/#organization"},"potentialAction":[{"@type":"SearchAction","target":{"@type":"EntryPoint","urlTemplate":"https:\/\/www.sgeaj.ch\/fr\/?s={search_term_string}"},"query-input":{"@type":"PropertyValueSpecification","valueRequired":true,"valueName":"search_term_string"}}],"inLanguage":"fr-FR"},{"@type":"Organization","@id":"https:\/\/www.sgeaj.ch\/fr\/#organization","name":"Schweizerische Gesellschaft f\u00fcr die Erforschung des 18. Jahrhunderts (SGEAJ - SSEDS)","url":"https:\/\/www.sgeaj.ch\/fr\/","logo":{"@type":"ImageObject","inLanguage":"fr-FR","@id":"https:\/\/www.sgeaj.ch\/fr\/#\/schema\/logo\/image\/","url":"https:\/\/www.sgeaj.ch\/wp-content\/uploads\/2021\/06\/cropped-logo-xviiies-horiz-abreuviations-bleues.png","contentUrl":"https:\/\/www.sgeaj.ch\/wp-content\/uploads\/2021\/06\/cropped-logo-xviiies-horiz-abreuviations-bleues.png","width":659,"height":335,"caption":"Schweizerische Gesellschaft f\u00fcr die Erforschung des 18. Jahrhunderts (SGEAJ - SSEDS)"},"image":{"@id":"https:\/\/www.sgeaj.ch\/fr\/#\/schema\/logo\/image\/"}},{"@type":"Person","@id":"https:\/\/www.sgeaj.ch\/fr\/#\/schema\/person\/2cd839eed625879a17645fc9f307c8e7","name":"Nadja Ackermann","url":"https:\/\/www.sgeaj.ch\/fr\/author\/naackermann\/"}]}},"_links":{"self":[{"href":"https:\/\/www.sgeaj.ch\/fr\/wp-json\/wp\/v2\/posts\/7070","targetHints":{"allow":["GET"]}}],"collection":[{"href":"https:\/\/www.sgeaj.ch\/fr\/wp-json\/wp\/v2\/posts"}],"about":[{"href":"https:\/\/www.sgeaj.ch\/fr\/wp-json\/wp\/v2\/types\/post"}],"author":[{"embeddable":true,"href":"https:\/\/www.sgeaj.ch\/fr\/wp-json\/wp\/v2\/users\/7"}],"replies":[{"embeddable":true,"href":"https:\/\/www.sgeaj.ch\/fr\/wp-json\/wp\/v2\/comments?post=7070"}],"version-history":[{"count":1,"href":"https:\/\/www.sgeaj.ch\/fr\/wp-json\/wp\/v2\/posts\/7070\/revisions"}],"predecessor-version":[{"id":7071,"href":"https:\/\/www.sgeaj.ch\/fr\/wp-json\/wp\/v2\/posts\/7070\/revisions\/7071"}],"wp:featuredmedia":[{"embeddable":true,"href":"https:\/\/www.sgeaj.ch\/fr\/wp-json\/wp\/v2\/media\/7068"}],"wp:attachment":[{"href":"https:\/\/www.sgeaj.ch\/fr\/wp-json\/wp\/v2\/media?parent=7070"}],"wp:term":[{"taxonomy":"category","embeddable":true,"href":"https:\/\/www.sgeaj.ch\/fr\/wp-json\/wp\/v2\/categories?post=7070"},{"taxonomy":"post_tag","embeddable":true,"href":"https:\/\/www.sgeaj.ch\/fr\/wp-json\/wp\/v2\/tags?post=7070"}],"curies":[{"name":"wp","href":"https:\/\/api.w.org\/{rel}","templated":true}]}}