{"id":7082,"date":"2023-09-18T17:03:48","date_gmt":"2023-09-18T15:03:48","guid":{"rendered":"https:\/\/www.sgeaj.ch\/?p=7082"},"modified":"2023-09-18T17:04:59","modified_gmt":"2023-09-18T15:04:59","slug":"furrer-buecher-in-frauenhand-zuerich-2023","status":"publish","type":"post","link":"https:\/\/www.sgeaj.ch\/fr\/actualite\/nouvelles-publications\/furrer-buecher-in-frauenhand-zuerich-2023\/","title":{"rendered":"Furrer, B\u00fccher in Frauenhand, Z\u00fcrich 2023"},"content":{"rendered":"\n<h3 class=\"wp-block-heading\">Furrer, Norbert, B\u00fccher in Frauenhand Bibliotheksbesitzerinnen in der Schweiz des 18. Jahrhunderts, Z\u00fcrich 2023<\/h3>\n\n\n\n<div class=\"wp-block-columns is-layout-flex wp-container-core-columns-is-layout-9d6595d7 wp-block-columns-is-layout-flex\">\n<div class=\"wp-block-column is-layout-flow wp-block-column-is-layout-flow\" style=\"flex-basis:100%\">\n<p><strong>Was lasen Frauen in der Schweiz zur Zeit der Aufkl\u00e4rung \u2013 und was h\u00e4tten sie aus M\u00e4nnersicht lesen sollen? Erweiterte das gedruckte Wort ihren Geist oder engte es ihn ein? Der rekonstruierte Buchbesitz von 167 Schweizerinnen ohne besonderen Rang und Namen entspricht wenig dem ersonnenen Inhalt idealer \u00abFrauen zimmer-Bibliotheken\u00bb.<\/strong><\/p>\n<\/div>\n<\/div>\n\n\n\n<div class=\"wp-block-group\"><div class=\"wp-block-group__inner-container is-layout-constrained wp-block-group-is-layout-constrained\">\n<div class=\"wp-block-columns is-layout-flex wp-container-core-columns-is-layout-9d6595d7 wp-block-columns-is-layout-flex\">\n<div class=\"wp-block-column is-layout-flow wp-block-column-is-layout-flow\" style=\"flex-basis:100%\">\n<figure class=\"wp-block-image size-full\"><img decoding=\"async\" src=\"https:\/\/www.sgeaj.ch\/wp-content\/uploads\/2023\/09\/furrer-in-frauenhand-2023.jpg\" alt=\"\" class=\"wp-image-7079\"\/><\/figure>\n<\/div>\n<\/div>\n<\/div><\/div>\n\n\n\n<p>Erhaltene Nachlass- und Versteigerungsinventare des 18. Jahrhunderts erlauben es, den Buchbesitz zahlreicher Frauen zu rekonstruieren \u2013 von Waadtl\u00e4nderinnen, Bernerinnen,<br>Jurassierinnen und Neuenburgerinnen: Frauen aus Stadt und Land, Standespersonen und Gemeine, \u00abWelsche\u00bb und \u00abDeutsche\u00bb, Reformierte und Katholikinnen, Wohlhabende und<br>Unbemittelte. <\/p>\n\n\n\n<p><br>Mit der \u00abidealen\u00bb Frauenbibliothek, wie sie (m\u00e4nnlichen) Zeitgenossen vorschwebte, haben diese \u00abrealen\u00bb Bibliotheken wenig gemein. In den kleinsten unter ihnen herrschen geistliche Texte vor, Heilige Schrift und Erbauungsliteratur, in den gr\u00f6sseren gesellen sich weltliche dazu \u2013 eine Vielfalt von Werken zum Zweck der Bildung und Unterhaltung.<\/p>\n\n\n\n<p>Die Studie richtet den Fokus auf Bibliotheksbesitzerinnen und Leserinnen; daneben wirft sie einen Blick sowohl auf Subskribentinnen und K\u00e4uferinnen von B\u00fcchern als auch auf Verlegerinnen, H\u00e4ndlerinnen und Verleiherinnen von Druckwerken. Sie entwirft eine Typologie der fr\u00fchmodernen Leserin und erkundet nicht zuletzt die Modalit\u00e4ten ihres Lesens, die Frage also, ob Frauen lasen, weil sie lesen konnten, wollten, durften oder mussten oder obwohl sie an sich nicht lesen<\/p>\n\n\n\n<p>Buch bestellen bei <a href=\"https:\/\/www.chronos-verlag.ch\/node\/28553?highlight=furrer#kurztext\" target=\"_blank\" rel=\"noreferrer noopener\">Chronos Verlag<\/a><\/p>\n","protected":false},"excerpt":{"rendered":"<p>Furrer, Norbert, B\u00fccher in Frauenhand Bibliotheksbesitzerinnen in der Schweiz des 18. Jahrhunderts, Z\u00fcrich 2023 Was lasen Frauen in der Schweiz zur Zeit der Aufkl\u00e4rung \u2013 und was h\u00e4tten sie aus M\u00e4nnersicht lesen sollen? Erweiterte das gedruckte Wort ihren Geist oder engte es ihn ein? Der rekonstruierte Buchbesitz von 167 Schweizerinnen ohne besonderen Rang und Namen [&hellip;]<\/p>\n","protected":false},"author":7,"featured_media":7080,"comment_status":"closed","ping_status":"open","sticky":false,"template":"","format":"standard","meta":{"footnotes":""},"categories":[42,25],"tags":[],"class_list":{"0":"post-7082","1":"post","2":"type-post","3":"status-publish","4":"format-standard","5":"has-post-thumbnail","7":"category-actualite","8":"category-nouvelles-publications","9":"czr-hentry"},"yoast_head":"<!-- This site is optimized with the Yoast SEO plugin v26.9 - https:\/\/yoast.com\/product\/yoast-seo-wordpress\/ -->\n<title>Furrer, B\u00fccher in Frauenhand, Z\u00fcrich 2023 - Schweizerische Gesellschaft f\u00fcr die Erforschung des 18. Jahrhunderts (SGEAJ - SSEDS)<\/title>\n<meta name=\"robots\" content=\"index, follow, max-snippet:-1, max-image-preview:large, max-video-preview:-1\" \/>\n<link rel=\"canonical\" href=\"https:\/\/www.sgeaj.ch\/fr\/actualite\/nouvelles-publications\/furrer-buecher-in-frauenhand-zuerich-2023\/\" \/>\n<meta name=\"twitter:label1\" content=\"\u00c9crit par\" \/>\n\t<meta name=\"twitter:data1\" content=\"Nadja Ackermann\" \/>\n\t<meta name=\"twitter:label2\" content=\"Dur\u00e9e de lecture estim\u00e9e\" \/>\n\t<meta name=\"twitter:data2\" content=\"2 minutes\" \/>\n<script type=\"application\/ld+json\" class=\"yoast-schema-graph\">{\"@context\":\"https:\/\/schema.org\",\"@graph\":[{\"@type\":\"Article\",\"@id\":\"https:\/\/www.sgeaj.ch\/fr\/actualite\/nouvelles-publications\/furrer-buecher-in-frauenhand-zuerich-2023\/#article\",\"isPartOf\":{\"@id\":\"https:\/\/www.sgeaj.ch\/fr\/actualite\/nouvelles-publications\/furrer-buecher-in-frauenhand-zuerich-2023\/\"},\"author\":{\"name\":\"Nadja Ackermann\",\"@id\":\"https:\/\/www.sgeaj.ch\/fr\/#\/schema\/person\/2cd839eed625879a17645fc9f307c8e7\"},\"headline\":\"Furrer, B\u00fccher in Frauenhand, Z\u00fcrich 2023\",\"datePublished\":\"2023-09-18T15:03:48+00:00\",\"dateModified\":\"2023-09-18T15:04:59+00:00\",\"mainEntityOfPage\":{\"@id\":\"https:\/\/www.sgeaj.ch\/fr\/actualite\/nouvelles-publications\/furrer-buecher-in-frauenhand-zuerich-2023\/\"},\"wordCount\":231,\"publisher\":{\"@id\":\"https:\/\/www.sgeaj.ch\/fr\/#organization\"},\"image\":{\"@id\":\"https:\/\/www.sgeaj.ch\/fr\/actualite\/nouvelles-publications\/furrer-buecher-in-frauenhand-zuerich-2023\/#primaryimage\"},\"thumbnailUrl\":\"https:\/\/www.sgeaj.ch\/wp-content\/uploads\/2023\/09\/furrer-in-frauenhand-2023-e1695049490388.jpg\",\"articleSection\":[\"Actualit\u00e9\",\"Nouvelles publications\"],\"inLanguage\":\"fr-FR\"},{\"@type\":\"WebPage\",\"@id\":\"https:\/\/www.sgeaj.ch\/fr\/actualite\/nouvelles-publications\/furrer-buecher-in-frauenhand-zuerich-2023\/\",\"url\":\"https:\/\/www.sgeaj.ch\/fr\/actualite\/nouvelles-publications\/furrer-buecher-in-frauenhand-zuerich-2023\/\",\"name\":\"Furrer, B\u00fccher in Frauenhand, Z\u00fcrich 2023 - Schweizerische Gesellschaft f\u00fcr die Erforschung des 18. Jahrhunderts (SGEAJ - SSEDS)\",\"isPartOf\":{\"@id\":\"https:\/\/www.sgeaj.ch\/fr\/#website\"},\"primaryImageOfPage\":{\"@id\":\"https:\/\/www.sgeaj.ch\/fr\/actualite\/nouvelles-publications\/furrer-buecher-in-frauenhand-zuerich-2023\/#primaryimage\"},\"image\":{\"@id\":\"https:\/\/www.sgeaj.ch\/fr\/actualite\/nouvelles-publications\/furrer-buecher-in-frauenhand-zuerich-2023\/#primaryimage\"},\"thumbnailUrl\":\"https:\/\/www.sgeaj.ch\/wp-content\/uploads\/2023\/09\/furrer-in-frauenhand-2023-e1695049490388.jpg\",\"datePublished\":\"2023-09-18T15:03:48+00:00\",\"dateModified\":\"2023-09-18T15:04:59+00:00\",\"inLanguage\":\"fr-FR\",\"potentialAction\":[{\"@type\":\"ReadAction\",\"target\":[\"https:\/\/www.sgeaj.ch\/fr\/actualite\/nouvelles-publications\/furrer-buecher-in-frauenhand-zuerich-2023\/\"]}]},{\"@type\":\"ImageObject\",\"inLanguage\":\"fr-FR\",\"@id\":\"https:\/\/www.sgeaj.ch\/fr\/actualite\/nouvelles-publications\/furrer-buecher-in-frauenhand-zuerich-2023\/#primaryimage\",\"url\":\"https:\/\/www.sgeaj.ch\/wp-content\/uploads\/2023\/09\/furrer-in-frauenhand-2023-e1695049490388.jpg\",\"contentUrl\":\"https:\/\/www.sgeaj.ch\/wp-content\/uploads\/2023\/09\/furrer-in-frauenhand-2023-e1695049490388.jpg\",\"width\":704,\"height\":1024},{\"@type\":\"WebSite\",\"@id\":\"https:\/\/www.sgeaj.ch\/fr\/#website\",\"url\":\"https:\/\/www.sgeaj.ch\/fr\/\",\"name\":\"Schweizerische Gesellschaft f\u00fcr die Erforschung des 18. Jahrhunderts (SGEAJ - SSEDS)\",\"description\":\"Schweizerische Gesellschaft f\u00fcr die Erforschung des 18. Jahrhunderts\",\"publisher\":{\"@id\":\"https:\/\/www.sgeaj.ch\/fr\/#organization\"},\"potentialAction\":[{\"@type\":\"SearchAction\",\"target\":{\"@type\":\"EntryPoint\",\"urlTemplate\":\"https:\/\/www.sgeaj.ch\/fr\/?s={search_term_string}\"},\"query-input\":{\"@type\":\"PropertyValueSpecification\",\"valueRequired\":true,\"valueName\":\"search_term_string\"}}],\"inLanguage\":\"fr-FR\"},{\"@type\":\"Organization\",\"@id\":\"https:\/\/www.sgeaj.ch\/fr\/#organization\",\"name\":\"Schweizerische Gesellschaft f\u00fcr die Erforschung des 18. Jahrhunderts (SGEAJ - SSEDS)\",\"url\":\"https:\/\/www.sgeaj.ch\/fr\/\",\"logo\":{\"@type\":\"ImageObject\",\"inLanguage\":\"fr-FR\",\"@id\":\"https:\/\/www.sgeaj.ch\/fr\/#\/schema\/logo\/image\/\",\"url\":\"https:\/\/www.sgeaj.ch\/wp-content\/uploads\/2021\/06\/cropped-logo-xviiies-horiz-abreuviations-bleues.png\",\"contentUrl\":\"https:\/\/www.sgeaj.ch\/wp-content\/uploads\/2021\/06\/cropped-logo-xviiies-horiz-abreuviations-bleues.png\",\"width\":659,\"height\":335,\"caption\":\"Schweizerische Gesellschaft f\u00fcr die Erforschung des 18. Jahrhunderts (SGEAJ - SSEDS)\"},\"image\":{\"@id\":\"https:\/\/www.sgeaj.ch\/fr\/#\/schema\/logo\/image\/\"}},{\"@type\":\"Person\",\"@id\":\"https:\/\/www.sgeaj.ch\/fr\/#\/schema\/person\/2cd839eed625879a17645fc9f307c8e7\",\"name\":\"Nadja Ackermann\",\"url\":\"https:\/\/www.sgeaj.ch\/fr\/author\/naackermann\/\"}]}<\/script>\n<!-- \/ Yoast SEO plugin. -->","yoast_head_json":{"title":"Furrer, B\u00fccher in Frauenhand, Z\u00fcrich 2023 - Schweizerische Gesellschaft f\u00fcr die Erforschung des 18. Jahrhunderts (SGEAJ - SSEDS)","robots":{"index":"index","follow":"follow","max-snippet":"max-snippet:-1","max-image-preview":"max-image-preview:large","max-video-preview":"max-video-preview:-1"},"canonical":"https:\/\/www.sgeaj.ch\/fr\/actualite\/nouvelles-publications\/furrer-buecher-in-frauenhand-zuerich-2023\/","twitter_misc":{"\u00c9crit par":"Nadja Ackermann","Dur\u00e9e de lecture estim\u00e9e":"2 minutes"},"schema":{"@context":"https:\/\/schema.org","@graph":[{"@type":"Article","@id":"https:\/\/www.sgeaj.ch\/fr\/actualite\/nouvelles-publications\/furrer-buecher-in-frauenhand-zuerich-2023\/#article","isPartOf":{"@id":"https:\/\/www.sgeaj.ch\/fr\/actualite\/nouvelles-publications\/furrer-buecher-in-frauenhand-zuerich-2023\/"},"author":{"name":"Nadja Ackermann","@id":"https:\/\/www.sgeaj.ch\/fr\/#\/schema\/person\/2cd839eed625879a17645fc9f307c8e7"},"headline":"Furrer, B\u00fccher in Frauenhand, Z\u00fcrich 2023","datePublished":"2023-09-18T15:03:48+00:00","dateModified":"2023-09-18T15:04:59+00:00","mainEntityOfPage":{"@id":"https:\/\/www.sgeaj.ch\/fr\/actualite\/nouvelles-publications\/furrer-buecher-in-frauenhand-zuerich-2023\/"},"wordCount":231,"publisher":{"@id":"https:\/\/www.sgeaj.ch\/fr\/#organization"},"image":{"@id":"https:\/\/www.sgeaj.ch\/fr\/actualite\/nouvelles-publications\/furrer-buecher-in-frauenhand-zuerich-2023\/#primaryimage"},"thumbnailUrl":"https:\/\/www.sgeaj.ch\/wp-content\/uploads\/2023\/09\/furrer-in-frauenhand-2023-e1695049490388.jpg","articleSection":["Actualit\u00e9","Nouvelles publications"],"inLanguage":"fr-FR"},{"@type":"WebPage","@id":"https:\/\/www.sgeaj.ch\/fr\/actualite\/nouvelles-publications\/furrer-buecher-in-frauenhand-zuerich-2023\/","url":"https:\/\/www.sgeaj.ch\/fr\/actualite\/nouvelles-publications\/furrer-buecher-in-frauenhand-zuerich-2023\/","name":"Furrer, B\u00fccher in Frauenhand, Z\u00fcrich 2023 - Schweizerische Gesellschaft f\u00fcr die Erforschung des 18. Jahrhunderts (SGEAJ - SSEDS)","isPartOf":{"@id":"https:\/\/www.sgeaj.ch\/fr\/#website"},"primaryImageOfPage":{"@id":"https:\/\/www.sgeaj.ch\/fr\/actualite\/nouvelles-publications\/furrer-buecher-in-frauenhand-zuerich-2023\/#primaryimage"},"image":{"@id":"https:\/\/www.sgeaj.ch\/fr\/actualite\/nouvelles-publications\/furrer-buecher-in-frauenhand-zuerich-2023\/#primaryimage"},"thumbnailUrl":"https:\/\/www.sgeaj.ch\/wp-content\/uploads\/2023\/09\/furrer-in-frauenhand-2023-e1695049490388.jpg","datePublished":"2023-09-18T15:03:48+00:00","dateModified":"2023-09-18T15:04:59+00:00","inLanguage":"fr-FR","potentialAction":[{"@type":"ReadAction","target":["https:\/\/www.sgeaj.ch\/fr\/actualite\/nouvelles-publications\/furrer-buecher-in-frauenhand-zuerich-2023\/"]}]},{"@type":"ImageObject","inLanguage":"fr-FR","@id":"https:\/\/www.sgeaj.ch\/fr\/actualite\/nouvelles-publications\/furrer-buecher-in-frauenhand-zuerich-2023\/#primaryimage","url":"https:\/\/www.sgeaj.ch\/wp-content\/uploads\/2023\/09\/furrer-in-frauenhand-2023-e1695049490388.jpg","contentUrl":"https:\/\/www.sgeaj.ch\/wp-content\/uploads\/2023\/09\/furrer-in-frauenhand-2023-e1695049490388.jpg","width":704,"height":1024},{"@type":"WebSite","@id":"https:\/\/www.sgeaj.ch\/fr\/#website","url":"https:\/\/www.sgeaj.ch\/fr\/","name":"Schweizerische Gesellschaft f\u00fcr die Erforschung des 18. Jahrhunderts (SGEAJ - SSEDS)","description":"Schweizerische Gesellschaft f\u00fcr die Erforschung des 18. Jahrhunderts","publisher":{"@id":"https:\/\/www.sgeaj.ch\/fr\/#organization"},"potentialAction":[{"@type":"SearchAction","target":{"@type":"EntryPoint","urlTemplate":"https:\/\/www.sgeaj.ch\/fr\/?s={search_term_string}"},"query-input":{"@type":"PropertyValueSpecification","valueRequired":true,"valueName":"search_term_string"}}],"inLanguage":"fr-FR"},{"@type":"Organization","@id":"https:\/\/www.sgeaj.ch\/fr\/#organization","name":"Schweizerische Gesellschaft f\u00fcr die Erforschung des 18. Jahrhunderts (SGEAJ - SSEDS)","url":"https:\/\/www.sgeaj.ch\/fr\/","logo":{"@type":"ImageObject","inLanguage":"fr-FR","@id":"https:\/\/www.sgeaj.ch\/fr\/#\/schema\/logo\/image\/","url":"https:\/\/www.sgeaj.ch\/wp-content\/uploads\/2021\/06\/cropped-logo-xviiies-horiz-abreuviations-bleues.png","contentUrl":"https:\/\/www.sgeaj.ch\/wp-content\/uploads\/2021\/06\/cropped-logo-xviiies-horiz-abreuviations-bleues.png","width":659,"height":335,"caption":"Schweizerische Gesellschaft f\u00fcr die Erforschung des 18. Jahrhunderts (SGEAJ - SSEDS)"},"image":{"@id":"https:\/\/www.sgeaj.ch\/fr\/#\/schema\/logo\/image\/"}},{"@type":"Person","@id":"https:\/\/www.sgeaj.ch\/fr\/#\/schema\/person\/2cd839eed625879a17645fc9f307c8e7","name":"Nadja Ackermann","url":"https:\/\/www.sgeaj.ch\/fr\/author\/naackermann\/"}]}},"_links":{"self":[{"href":"https:\/\/www.sgeaj.ch\/fr\/wp-json\/wp\/v2\/posts\/7082","targetHints":{"allow":["GET"]}}],"collection":[{"href":"https:\/\/www.sgeaj.ch\/fr\/wp-json\/wp\/v2\/posts"}],"about":[{"href":"https:\/\/www.sgeaj.ch\/fr\/wp-json\/wp\/v2\/types\/post"}],"author":[{"embeddable":true,"href":"https:\/\/www.sgeaj.ch\/fr\/wp-json\/wp\/v2\/users\/7"}],"replies":[{"embeddable":true,"href":"https:\/\/www.sgeaj.ch\/fr\/wp-json\/wp\/v2\/comments?post=7082"}],"version-history":[{"count":2,"href":"https:\/\/www.sgeaj.ch\/fr\/wp-json\/wp\/v2\/posts\/7082\/revisions"}],"predecessor-version":[{"id":7085,"href":"https:\/\/www.sgeaj.ch\/fr\/wp-json\/wp\/v2\/posts\/7082\/revisions\/7085"}],"wp:featuredmedia":[{"embeddable":true,"href":"https:\/\/www.sgeaj.ch\/fr\/wp-json\/wp\/v2\/media\/7080"}],"wp:attachment":[{"href":"https:\/\/www.sgeaj.ch\/fr\/wp-json\/wp\/v2\/media?parent=7082"}],"wp:term":[{"taxonomy":"category","embeddable":true,"href":"https:\/\/www.sgeaj.ch\/fr\/wp-json\/wp\/v2\/categories?post=7082"},{"taxonomy":"post_tag","embeddable":true,"href":"https:\/\/www.sgeaj.ch\/fr\/wp-json\/wp\/v2\/tags?post=7082"}],"curies":[{"name":"wp","href":"https:\/\/api.w.org\/{rel}","templated":true}]}}