{"id":7099,"date":"2023-10-25T20:55:34","date_gmt":"2023-10-25T18:55:34","guid":{"rendered":"https:\/\/www.sgeaj.ch\/?p=7099"},"modified":"2023-12-04T18:19:39","modified_gmt":"2023-12-04T17:19:39","slug":"cfp-bibliotheques-et-musees-en-suisse-entre-18e-et-19e-siecle-une-histoire-parallele","status":"publish","type":"post","link":"https:\/\/www.sgeaj.ch\/fr\/actualite\/call-for-papers-fr\/cfp-bibliotheques-et-musees-en-suisse-entre-18e-et-19e-siecle-une-histoire-parallele\/","title":{"rendered":"CfP: Biblioth\u00e8ques et mus\u00e9es en Suisse entre 18e et 19e si\u00e8cle: <strong>une histoire parall\u00e8le<\/strong>"},"content":{"rendered":"\n<p>Le pr\u00e9sent ouvrage vise \u00e0 questionner le r\u00f4le jou\u00e9 par les biblioth\u00e8ques en tant que condition <em>sine qua non<\/em> de l\u2019\u00e9mergence du vaste panorama mus\u00e9al suisse, alors qu\u2019\u00e0 l\u2019\u00e9poque actuelle ce lien para\u00eet avoir perdu son sens, du moins aux yeux des usagers des biblioth\u00e8ques et des visiteurs des mus\u00e9es.<\/p>\n\n\n\n<p>Dans ce but, le livre souhaite r\u00e9unir des \u00e9tudes de cas consacr\u00e9es \u00e0 l\u2019espace helv\u00e9tique ou pouvant \u00e9clairer ce dernier. Il privil\u00e9giera une approche globale du ph\u00e9nom\u00e8ne par des axes questionnant les objets, les acteurs et leurs pratiques, ainsi que les institutions dans une perspective historique et contemporaine. L\u2019ouvrage se focalisera essentiellement sur la p\u00e9riode comprise entre le 17e et la fin du 19e si\u00e8cle, toutefois des communications portant sur le 20e si\u00e8cle seront les bienvenues si elles dialoguent avec les \u00e9poques pr\u00e9c\u00e9dentes. L\u2019\u00e9tude du lien entre biblioth\u00e8ques et mus\u00e9es sera notamment envisag\u00e9e de mani\u00e8re bidirectionnelle : de la biblioth\u00e8que au mus\u00e9e, mais aussi la relation que l\u2019institution mus\u00e9ale entretient avec ses collections livresques ou avec la notion de biblioth\u00e8que.<\/p>\n\n\n\n<p>Les propositions de 300 mots \u2013 en fran\u00e7ais, en allemand, en italien ou en anglais \u2013 sont \u00e0 adresser \u00e0 <a href=\"mailto:rossella.baldi@unine.ch\">Rossella Baldi<\/a>&nbsp;et \u00e0 <a href=\"mailto:valerie.kobi@unine.ch\">Val\u00e9rie Kobi<\/a>. Le d\u00e9lai pour leur envoi est fix\u00e9 au <strong>30 novembre 2023<\/strong>. Les r\u00e9ponses seront envoy\u00e9es dans le courant du mois de d\u00e9cembre 2023. La parution du volume est pr\u00e9vue en 2025.<a href=\"https:\/\/www.biblios-musees.ch\/_files\/ugd\/19ef1c_816d34632547403887a2209f5657fae5.pdf\" target=\"_blank\" rel=\"noreferrer noopener\">Call for articles<\/a><\/p>\n\n\n\n<p><strong>Libraries and museums in Switzerland, 17th-19th century:&nbsp;<\/strong><strong>A parallel history<\/strong><\/p>\n\n\n\n<p>This book aims at questioning the role played by libraries as a <em>sine qua non<\/em> prerequisite for the emergence of the broad Swiss museum panorama and at analyzing an interaction that today seems to have lost its meaning, at least in the eyes of library users and museum visitors.&nbsp;<\/p>\n\n\n\n<p>To this end, the work will gather case studies dedicated to Switzerland or studies that can shed light on the Swiss context. It will privilege a global approach of the phenomenon by examining the objects, the actors and their practices, as well as the institutions in a historical and contemporary perspective. The volume will focus essentially on the period between the 17th century and the end of the 19th century, although papers on the 20th century will be welcome if they are in dialogue with the past practices. The study of the relationship between libraries and museums will be considered in a bidirectional way: from the library to the museum, but also from the museum to the library.<\/p>\n\n\n\n<p>Proposals of 300 words max. \u2013 in French, German, Italian or English \u2013 should be sent to <a href=\"mailto:rossella.baldi@unine.ch\">Rossella Baldi<\/a>&nbsp;and&nbsp;<a href=\"mailto:valerie.kobi@unine.ch\">Val\u00e9rie Kobi<\/a>. The deadline for submissions is <strong>30th November 2023<\/strong>. Responses will be sent in December 2023. The publication of the volume is planned for 2025<\/p>\n\n\n\n<p><a href=\"https:\/\/www.biblios-musees.ch\/actualite\">https:\/\/www.biblios-musees.ch\/actualite<\/a><\/p>\n","protected":false},"excerpt":{"rendered":"<p>Le pr\u00e9sent ouvrage vise \u00e0 questionner le r\u00f4le jou\u00e9 par les biblioth\u00e8ques en tant que condition sine qua non de l\u2019\u00e9mergence du vaste panorama mus\u00e9al suisse, alors qu\u2019\u00e0 l\u2019\u00e9poque actuelle ce lien para\u00eet avoir perdu son sens, du moins aux yeux des usagers des biblioth\u00e8ques et des visiteurs des mus\u00e9es. Dans ce but, le livre [&hellip;]<\/p>\n","protected":false},"author":7,"featured_media":7097,"comment_status":"closed","ping_status":"open","sticky":false,"template":"","format":"standard","meta":{"footnotes":""},"categories":[42,26],"tags":[],"class_list":{"0":"post-7099","1":"post","2":"type-post","3":"status-publish","4":"format-standard","5":"has-post-thumbnail","7":"category-actualite","8":"category-call-for-papers-fr","9":"czr-hentry"},"yoast_head":"<!-- This site is optimized with the Yoast SEO plugin v26.9 - https:\/\/yoast.com\/product\/yoast-seo-wordpress\/ -->\n<title>CfP: Biblioth\u00e8ques et mus\u00e9es en Suisse entre 18e et 19e si\u00e8cle: une histoire parall\u00e8le - Schweizerische Gesellschaft f\u00fcr die Erforschung des 18. Jahrhunderts (SGEAJ - SSEDS)<\/title>\n<meta name=\"robots\" content=\"index, follow, max-snippet:-1, max-image-preview:large, max-video-preview:-1\" \/>\n<link rel=\"canonical\" href=\"https:\/\/www.sgeaj.ch\/fr\/actualite\/call-for-papers-fr\/cfp-bibliotheques-et-musees-en-suisse-entre-18e-et-19e-siecle-une-histoire-parallele\/\" \/>\n<meta name=\"twitter:label1\" content=\"\u00c9crit par\" \/>\n\t<meta name=\"twitter:data1\" content=\"Nadja Ackermann\" \/>\n\t<meta name=\"twitter:label2\" content=\"Dur\u00e9e de lecture estim\u00e9e\" \/>\n\t<meta name=\"twitter:data2\" content=\"3 minutes\" \/>\n<script type=\"application\/ld+json\" class=\"yoast-schema-graph\">{\"@context\":\"https:\/\/schema.org\",\"@graph\":[{\"@type\":\"Article\",\"@id\":\"https:\/\/www.sgeaj.ch\/fr\/actualite\/call-for-papers-fr\/cfp-bibliotheques-et-musees-en-suisse-entre-18e-et-19e-siecle-une-histoire-parallele\/#article\",\"isPartOf\":{\"@id\":\"https:\/\/www.sgeaj.ch\/fr\/actualite\/call-for-papers-fr\/cfp-bibliotheques-et-musees-en-suisse-entre-18e-et-19e-siecle-une-histoire-parallele\/\"},\"author\":{\"name\":\"Nadja Ackermann\",\"@id\":\"https:\/\/www.sgeaj.ch\/fr\/#\/schema\/person\/2cd839eed625879a17645fc9f307c8e7\"},\"headline\":\"CfP: Biblioth\u00e8ques et mus\u00e9es en Suisse entre 18e et 19e si\u00e8cle: une histoire parall\u00e8le\",\"datePublished\":\"2023-10-25T18:55:34+00:00\",\"dateModified\":\"2023-12-04T17:19:39+00:00\",\"mainEntityOfPage\":{\"@id\":\"https:\/\/www.sgeaj.ch\/fr\/actualite\/call-for-papers-fr\/cfp-bibliotheques-et-musees-en-suisse-entre-18e-et-19e-siecle-une-histoire-parallele\/\"},\"wordCount\":503,\"publisher\":{\"@id\":\"https:\/\/www.sgeaj.ch\/fr\/#organization\"},\"image\":{\"@id\":\"https:\/\/www.sgeaj.ch\/fr\/actualite\/call-for-papers-fr\/cfp-bibliotheques-et-musees-en-suisse-entre-18e-et-19e-siecle-une-histoire-parallele\/#primaryimage\"},\"thumbnailUrl\":\"https:\/\/www.sgeaj.ch\/wp-content\/uploads\/2023\/10\/19ef1c-08189de2dc6b4df59df15022b9a4d5b2mv2.webp\",\"articleSection\":[\"Actualit\u00e9\",\"Call for Papers\"],\"inLanguage\":\"fr-FR\"},{\"@type\":\"WebPage\",\"@id\":\"https:\/\/www.sgeaj.ch\/fr\/actualite\/call-for-papers-fr\/cfp-bibliotheques-et-musees-en-suisse-entre-18e-et-19e-siecle-une-histoire-parallele\/\",\"url\":\"https:\/\/www.sgeaj.ch\/fr\/actualite\/call-for-papers-fr\/cfp-bibliotheques-et-musees-en-suisse-entre-18e-et-19e-siecle-une-histoire-parallele\/\",\"name\":\"CfP: Biblioth\u00e8ques et mus\u00e9es en Suisse entre 18e et 19e si\u00e8cle: une histoire parall\u00e8le - Schweizerische Gesellschaft f\u00fcr die Erforschung des 18. Jahrhunderts (SGEAJ - SSEDS)\",\"isPartOf\":{\"@id\":\"https:\/\/www.sgeaj.ch\/fr\/#website\"},\"primaryImageOfPage\":{\"@id\":\"https:\/\/www.sgeaj.ch\/fr\/actualite\/call-for-papers-fr\/cfp-bibliotheques-et-musees-en-suisse-entre-18e-et-19e-siecle-une-histoire-parallele\/#primaryimage\"},\"image\":{\"@id\":\"https:\/\/www.sgeaj.ch\/fr\/actualite\/call-for-papers-fr\/cfp-bibliotheques-et-musees-en-suisse-entre-18e-et-19e-siecle-une-histoire-parallele\/#primaryimage\"},\"thumbnailUrl\":\"https:\/\/www.sgeaj.ch\/wp-content\/uploads\/2023\/10\/19ef1c-08189de2dc6b4df59df15022b9a4d5b2mv2.webp\",\"datePublished\":\"2023-10-25T18:55:34+00:00\",\"dateModified\":\"2023-12-04T17:19:39+00:00\",\"inLanguage\":\"fr-FR\",\"potentialAction\":[{\"@type\":\"ReadAction\",\"target\":[\"https:\/\/www.sgeaj.ch\/fr\/actualite\/call-for-papers-fr\/cfp-bibliotheques-et-musees-en-suisse-entre-18e-et-19e-siecle-une-histoire-parallele\/\"]}]},{\"@type\":\"ImageObject\",\"inLanguage\":\"fr-FR\",\"@id\":\"https:\/\/www.sgeaj.ch\/fr\/actualite\/call-for-papers-fr\/cfp-bibliotheques-et-musees-en-suisse-entre-18e-et-19e-siecle-une-histoire-parallele\/#primaryimage\",\"url\":\"https:\/\/www.sgeaj.ch\/wp-content\/uploads\/2023\/10\/19ef1c-08189de2dc6b4df59df15022b9a4d5b2mv2.webp\",\"contentUrl\":\"https:\/\/www.sgeaj.ch\/wp-content\/uploads\/2023\/10\/19ef1c-08189de2dc6b4df59df15022b9a4d5b2mv2.webp\",\"width\":1349,\"height\":692},{\"@type\":\"WebSite\",\"@id\":\"https:\/\/www.sgeaj.ch\/fr\/#website\",\"url\":\"https:\/\/www.sgeaj.ch\/fr\/\",\"name\":\"Schweizerische Gesellschaft f\u00fcr die Erforschung des 18. Jahrhunderts (SGEAJ - SSEDS)\",\"description\":\"Schweizerische Gesellschaft f\u00fcr die Erforschung des 18. Jahrhunderts\",\"publisher\":{\"@id\":\"https:\/\/www.sgeaj.ch\/fr\/#organization\"},\"potentialAction\":[{\"@type\":\"SearchAction\",\"target\":{\"@type\":\"EntryPoint\",\"urlTemplate\":\"https:\/\/www.sgeaj.ch\/fr\/?s={search_term_string}\"},\"query-input\":{\"@type\":\"PropertyValueSpecification\",\"valueRequired\":true,\"valueName\":\"search_term_string\"}}],\"inLanguage\":\"fr-FR\"},{\"@type\":\"Organization\",\"@id\":\"https:\/\/www.sgeaj.ch\/fr\/#organization\",\"name\":\"Schweizerische Gesellschaft f\u00fcr die Erforschung des 18. Jahrhunderts (SGEAJ - SSEDS)\",\"url\":\"https:\/\/www.sgeaj.ch\/fr\/\",\"logo\":{\"@type\":\"ImageObject\",\"inLanguage\":\"fr-FR\",\"@id\":\"https:\/\/www.sgeaj.ch\/fr\/#\/schema\/logo\/image\/\",\"url\":\"https:\/\/www.sgeaj.ch\/wp-content\/uploads\/2021\/06\/cropped-logo-xviiies-horiz-abreuviations-bleues.png\",\"contentUrl\":\"https:\/\/www.sgeaj.ch\/wp-content\/uploads\/2021\/06\/cropped-logo-xviiies-horiz-abreuviations-bleues.png\",\"width\":659,\"height\":335,\"caption\":\"Schweizerische Gesellschaft f\u00fcr die Erforschung des 18. Jahrhunderts (SGEAJ - SSEDS)\"},\"image\":{\"@id\":\"https:\/\/www.sgeaj.ch\/fr\/#\/schema\/logo\/image\/\"}},{\"@type\":\"Person\",\"@id\":\"https:\/\/www.sgeaj.ch\/fr\/#\/schema\/person\/2cd839eed625879a17645fc9f307c8e7\",\"name\":\"Nadja Ackermann\",\"url\":\"https:\/\/www.sgeaj.ch\/fr\/author\/naackermann\/\"}]}<\/script>\n<!-- \/ Yoast SEO plugin. -->","yoast_head_json":{"title":"CfP: Biblioth\u00e8ques et mus\u00e9es en Suisse entre 18e et 19e si\u00e8cle: une histoire parall\u00e8le - Schweizerische Gesellschaft f\u00fcr die Erforschung des 18. Jahrhunderts (SGEAJ - SSEDS)","robots":{"index":"index","follow":"follow","max-snippet":"max-snippet:-1","max-image-preview":"max-image-preview:large","max-video-preview":"max-video-preview:-1"},"canonical":"https:\/\/www.sgeaj.ch\/fr\/actualite\/call-for-papers-fr\/cfp-bibliotheques-et-musees-en-suisse-entre-18e-et-19e-siecle-une-histoire-parallele\/","twitter_misc":{"\u00c9crit par":"Nadja Ackermann","Dur\u00e9e de lecture estim\u00e9e":"3 minutes"},"schema":{"@context":"https:\/\/schema.org","@graph":[{"@type":"Article","@id":"https:\/\/www.sgeaj.ch\/fr\/actualite\/call-for-papers-fr\/cfp-bibliotheques-et-musees-en-suisse-entre-18e-et-19e-siecle-une-histoire-parallele\/#article","isPartOf":{"@id":"https:\/\/www.sgeaj.ch\/fr\/actualite\/call-for-papers-fr\/cfp-bibliotheques-et-musees-en-suisse-entre-18e-et-19e-siecle-une-histoire-parallele\/"},"author":{"name":"Nadja Ackermann","@id":"https:\/\/www.sgeaj.ch\/fr\/#\/schema\/person\/2cd839eed625879a17645fc9f307c8e7"},"headline":"CfP: Biblioth\u00e8ques et mus\u00e9es en Suisse entre 18e et 19e si\u00e8cle: une histoire parall\u00e8le","datePublished":"2023-10-25T18:55:34+00:00","dateModified":"2023-12-04T17:19:39+00:00","mainEntityOfPage":{"@id":"https:\/\/www.sgeaj.ch\/fr\/actualite\/call-for-papers-fr\/cfp-bibliotheques-et-musees-en-suisse-entre-18e-et-19e-siecle-une-histoire-parallele\/"},"wordCount":503,"publisher":{"@id":"https:\/\/www.sgeaj.ch\/fr\/#organization"},"image":{"@id":"https:\/\/www.sgeaj.ch\/fr\/actualite\/call-for-papers-fr\/cfp-bibliotheques-et-musees-en-suisse-entre-18e-et-19e-siecle-une-histoire-parallele\/#primaryimage"},"thumbnailUrl":"https:\/\/www.sgeaj.ch\/wp-content\/uploads\/2023\/10\/19ef1c-08189de2dc6b4df59df15022b9a4d5b2mv2.webp","articleSection":["Actualit\u00e9","Call for Papers"],"inLanguage":"fr-FR"},{"@type":"WebPage","@id":"https:\/\/www.sgeaj.ch\/fr\/actualite\/call-for-papers-fr\/cfp-bibliotheques-et-musees-en-suisse-entre-18e-et-19e-siecle-une-histoire-parallele\/","url":"https:\/\/www.sgeaj.ch\/fr\/actualite\/call-for-papers-fr\/cfp-bibliotheques-et-musees-en-suisse-entre-18e-et-19e-siecle-une-histoire-parallele\/","name":"CfP: Biblioth\u00e8ques et mus\u00e9es en Suisse entre 18e et 19e si\u00e8cle: une histoire parall\u00e8le - Schweizerische Gesellschaft f\u00fcr die Erforschung des 18. Jahrhunderts (SGEAJ - SSEDS)","isPartOf":{"@id":"https:\/\/www.sgeaj.ch\/fr\/#website"},"primaryImageOfPage":{"@id":"https:\/\/www.sgeaj.ch\/fr\/actualite\/call-for-papers-fr\/cfp-bibliotheques-et-musees-en-suisse-entre-18e-et-19e-siecle-une-histoire-parallele\/#primaryimage"},"image":{"@id":"https:\/\/www.sgeaj.ch\/fr\/actualite\/call-for-papers-fr\/cfp-bibliotheques-et-musees-en-suisse-entre-18e-et-19e-siecle-une-histoire-parallele\/#primaryimage"},"thumbnailUrl":"https:\/\/www.sgeaj.ch\/wp-content\/uploads\/2023\/10\/19ef1c-08189de2dc6b4df59df15022b9a4d5b2mv2.webp","datePublished":"2023-10-25T18:55:34+00:00","dateModified":"2023-12-04T17:19:39+00:00","inLanguage":"fr-FR","potentialAction":[{"@type":"ReadAction","target":["https:\/\/www.sgeaj.ch\/fr\/actualite\/call-for-papers-fr\/cfp-bibliotheques-et-musees-en-suisse-entre-18e-et-19e-siecle-une-histoire-parallele\/"]}]},{"@type":"ImageObject","inLanguage":"fr-FR","@id":"https:\/\/www.sgeaj.ch\/fr\/actualite\/call-for-papers-fr\/cfp-bibliotheques-et-musees-en-suisse-entre-18e-et-19e-siecle-une-histoire-parallele\/#primaryimage","url":"https:\/\/www.sgeaj.ch\/wp-content\/uploads\/2023\/10\/19ef1c-08189de2dc6b4df59df15022b9a4d5b2mv2.webp","contentUrl":"https:\/\/www.sgeaj.ch\/wp-content\/uploads\/2023\/10\/19ef1c-08189de2dc6b4df59df15022b9a4d5b2mv2.webp","width":1349,"height":692},{"@type":"WebSite","@id":"https:\/\/www.sgeaj.ch\/fr\/#website","url":"https:\/\/www.sgeaj.ch\/fr\/","name":"Schweizerische Gesellschaft f\u00fcr die Erforschung des 18. Jahrhunderts (SGEAJ - SSEDS)","description":"Schweizerische Gesellschaft f\u00fcr die Erforschung des 18. Jahrhunderts","publisher":{"@id":"https:\/\/www.sgeaj.ch\/fr\/#organization"},"potentialAction":[{"@type":"SearchAction","target":{"@type":"EntryPoint","urlTemplate":"https:\/\/www.sgeaj.ch\/fr\/?s={search_term_string}"},"query-input":{"@type":"PropertyValueSpecification","valueRequired":true,"valueName":"search_term_string"}}],"inLanguage":"fr-FR"},{"@type":"Organization","@id":"https:\/\/www.sgeaj.ch\/fr\/#organization","name":"Schweizerische Gesellschaft f\u00fcr die Erforschung des 18. Jahrhunderts (SGEAJ - SSEDS)","url":"https:\/\/www.sgeaj.ch\/fr\/","logo":{"@type":"ImageObject","inLanguage":"fr-FR","@id":"https:\/\/www.sgeaj.ch\/fr\/#\/schema\/logo\/image\/","url":"https:\/\/www.sgeaj.ch\/wp-content\/uploads\/2021\/06\/cropped-logo-xviiies-horiz-abreuviations-bleues.png","contentUrl":"https:\/\/www.sgeaj.ch\/wp-content\/uploads\/2021\/06\/cropped-logo-xviiies-horiz-abreuviations-bleues.png","width":659,"height":335,"caption":"Schweizerische Gesellschaft f\u00fcr die Erforschung des 18. Jahrhunderts (SGEAJ - SSEDS)"},"image":{"@id":"https:\/\/www.sgeaj.ch\/fr\/#\/schema\/logo\/image\/"}},{"@type":"Person","@id":"https:\/\/www.sgeaj.ch\/fr\/#\/schema\/person\/2cd839eed625879a17645fc9f307c8e7","name":"Nadja Ackermann","url":"https:\/\/www.sgeaj.ch\/fr\/author\/naackermann\/"}]}},"_links":{"self":[{"href":"https:\/\/www.sgeaj.ch\/fr\/wp-json\/wp\/v2\/posts\/7099","targetHints":{"allow":["GET"]}}],"collection":[{"href":"https:\/\/www.sgeaj.ch\/fr\/wp-json\/wp\/v2\/posts"}],"about":[{"href":"https:\/\/www.sgeaj.ch\/fr\/wp-json\/wp\/v2\/types\/post"}],"author":[{"embeddable":true,"href":"https:\/\/www.sgeaj.ch\/fr\/wp-json\/wp\/v2\/users\/7"}],"replies":[{"embeddable":true,"href":"https:\/\/www.sgeaj.ch\/fr\/wp-json\/wp\/v2\/comments?post=7099"}],"version-history":[{"count":2,"href":"https:\/\/www.sgeaj.ch\/fr\/wp-json\/wp\/v2\/posts\/7099\/revisions"}],"predecessor-version":[{"id":7179,"href":"https:\/\/www.sgeaj.ch\/fr\/wp-json\/wp\/v2\/posts\/7099\/revisions\/7179"}],"wp:featuredmedia":[{"embeddable":true,"href":"https:\/\/www.sgeaj.ch\/fr\/wp-json\/wp\/v2\/media\/7097"}],"wp:attachment":[{"href":"https:\/\/www.sgeaj.ch\/fr\/wp-json\/wp\/v2\/media?parent=7099"}],"wp:term":[{"taxonomy":"category","embeddable":true,"href":"https:\/\/www.sgeaj.ch\/fr\/wp-json\/wp\/v2\/categories?post=7099"},{"taxonomy":"post_tag","embeddable":true,"href":"https:\/\/www.sgeaj.ch\/fr\/wp-json\/wp\/v2\/tags?post=7099"}],"curies":[{"name":"wp","href":"https:\/\/api.w.org\/{rel}","templated":true}]}}