{"id":7104,"date":"2023-10-25T20:59:19","date_gmt":"2023-10-25T18:59:19","guid":{"rendered":"https:\/\/www.sgeaj.ch\/?p=7104"},"modified":"2023-10-25T20:59:55","modified_gmt":"2023-10-25T18:59:55","slug":"bibliotheques-et-musees-en-suisse-entre-18e-et-19e-siecle-une-histoire-parallele","status":"publish","type":"post","link":"https:\/\/www.sgeaj.ch\/fr\/projets-recherche\/recherches-actuelles\/bibliotheques-et-musees-en-suisse-entre-18e-et-19e-siecle-une-histoire-parallele\/","title":{"rendered":"Biblioth\u00e8ques et mus\u00e9es en Suisse"},"content":{"rendered":"\n<p>Le projet <em>Biblioth\u00e8ques et mus\u00e9es en Suisse entre 18e et 19e si\u00e8cle: une histoire parall\u00e8le<\/em> (projet FNS no PR00P1_201607\/1) porte sur la relation entre les biblioth\u00e8ques et la naissance des mus\u00e9es. Il explore le r\u00f4le essentiel que les biblioth\u00e8ques, et notamment celles publiques, ont jou\u00e9 dans le d\u00e9veloppement du riche panorama mus\u00e9al qui caract\u00e9rise aujourd\u2019hui le territoire helv\u00e9tique. Il interroge donc le lien multiple et f\u00e9cond entretenu par les biblioth\u00e8ques d\u2019Ancien r\u00e9gime entre livres, lecteurs et objets, ainsi que le dialogue entre la connaissance v\u00e9hicul\u00e9e par l\u2019\u00e9crit et le savoir ancr\u00e9 dans la mat\u00e9rialit\u00e9 de l\u2019objet. Reconsid\u00e9rant les paradigmes de l\u2019histoire des collections, il envisage en somme les biblioth\u00e8ques comme des antichambres des mus\u00e9es et la condition sine qua non de l\u2019\u00e9mergence d\u2019un dense paysage mus\u00e9al r\u00e9gional et national.<\/p>\n\n\n\n<p><a href=\"https:\/\/www.biblios-musees.ch\/\">https:\/\/www.biblios-musees.ch\/<\/a><\/p>\n","protected":false},"excerpt":{"rendered":"<p>Le projet Biblioth\u00e8ques et mus\u00e9es en Suisse entre 18e et 19e si\u00e8cle: une histoire parall\u00e8le (projet FNS no PR00P1_201607\/1) porte sur la relation entre les biblioth\u00e8ques et la naissance des mus\u00e9es. Il explore le r\u00f4le essentiel que les biblioth\u00e8ques, et notamment celles publiques, ont jou\u00e9 dans le d\u00e9veloppement du riche panorama mus\u00e9al qui caract\u00e9rise aujourd\u2019hui [&hellip;]<\/p>\n","protected":false},"author":7,"featured_media":7097,"comment_status":"closed","ping_status":"open","sticky":false,"template":"","format":"standard","meta":{"footnotes":""},"categories":[45,53],"tags":[],"class_list":{"0":"post-7104","1":"post","2":"type-post","3":"status-publish","4":"format-standard","5":"has-post-thumbnail","7":"category-projets-recherche","8":"category-recherches-actuelles","9":"czr-hentry"},"yoast_head":"<!-- This site is optimized with the Yoast SEO plugin v26.9 - https:\/\/yoast.com\/product\/yoast-seo-wordpress\/ -->\n<title>Biblioth\u00e8ques et mus\u00e9es en Suisse - Schweizerische Gesellschaft f\u00fcr die Erforschung des 18. Jahrhunderts (SGEAJ - SSEDS)<\/title>\n<meta name=\"robots\" content=\"index, follow, max-snippet:-1, max-image-preview:large, max-video-preview:-1\" \/>\n<link rel=\"canonical\" href=\"https:\/\/www.sgeaj.ch\/fr\/projets-recherche\/recherches-actuelles\/bibliotheques-et-musees-en-suisse-entre-18e-et-19e-siecle-une-histoire-parallele\/\" \/>\n<meta name=\"twitter:label1\" content=\"\u00c9crit par\" \/>\n\t<meta name=\"twitter:data1\" content=\"Nadja Ackermann\" \/>\n\t<meta name=\"twitter:label2\" content=\"Dur\u00e9e de lecture estim\u00e9e\" \/>\n\t<meta name=\"twitter:data2\" content=\"1 minute\" \/>\n<script type=\"application\/ld+json\" class=\"yoast-schema-graph\">{\"@context\":\"https:\/\/schema.org\",\"@graph\":[{\"@type\":\"Article\",\"@id\":\"https:\/\/www.sgeaj.ch\/fr\/projets-recherche\/recherches-actuelles\/bibliotheques-et-musees-en-suisse-entre-18e-et-19e-siecle-une-histoire-parallele\/#article\",\"isPartOf\":{\"@id\":\"https:\/\/www.sgeaj.ch\/fr\/projets-recherche\/recherches-actuelles\/bibliotheques-et-musees-en-suisse-entre-18e-et-19e-siecle-une-histoire-parallele\/\"},\"author\":{\"name\":\"Nadja Ackermann\",\"@id\":\"https:\/\/www.sgeaj.ch\/fr\/#\/schema\/person\/2cd839eed625879a17645fc9f307c8e7\"},\"headline\":\"Biblioth\u00e8ques et mus\u00e9es en Suisse\",\"datePublished\":\"2023-10-25T18:59:19+00:00\",\"dateModified\":\"2023-10-25T18:59:55+00:00\",\"mainEntityOfPage\":{\"@id\":\"https:\/\/www.sgeaj.ch\/fr\/projets-recherche\/recherches-actuelles\/bibliotheques-et-musees-en-suisse-entre-18e-et-19e-siecle-une-histoire-parallele\/\"},\"wordCount\":171,\"publisher\":{\"@id\":\"https:\/\/www.sgeaj.ch\/fr\/#organization\"},\"image\":{\"@id\":\"https:\/\/www.sgeaj.ch\/fr\/projets-recherche\/recherches-actuelles\/bibliotheques-et-musees-en-suisse-entre-18e-et-19e-siecle-une-histoire-parallele\/#primaryimage\"},\"thumbnailUrl\":\"https:\/\/www.sgeaj.ch\/wp-content\/uploads\/2023\/10\/19ef1c-08189de2dc6b4df59df15022b9a4d5b2mv2.webp\",\"articleSection\":[\"Projets de recherche\",\"Recherches actuelles\"],\"inLanguage\":\"fr-FR\"},{\"@type\":\"WebPage\",\"@id\":\"https:\/\/www.sgeaj.ch\/fr\/projets-recherche\/recherches-actuelles\/bibliotheques-et-musees-en-suisse-entre-18e-et-19e-siecle-une-histoire-parallele\/\",\"url\":\"https:\/\/www.sgeaj.ch\/fr\/projets-recherche\/recherches-actuelles\/bibliotheques-et-musees-en-suisse-entre-18e-et-19e-siecle-une-histoire-parallele\/\",\"name\":\"Biblioth\u00e8ques et mus\u00e9es en Suisse - Schweizerische Gesellschaft f\u00fcr die Erforschung des 18. Jahrhunderts (SGEAJ - SSEDS)\",\"isPartOf\":{\"@id\":\"https:\/\/www.sgeaj.ch\/fr\/#website\"},\"primaryImageOfPage\":{\"@id\":\"https:\/\/www.sgeaj.ch\/fr\/projets-recherche\/recherches-actuelles\/bibliotheques-et-musees-en-suisse-entre-18e-et-19e-siecle-une-histoire-parallele\/#primaryimage\"},\"image\":{\"@id\":\"https:\/\/www.sgeaj.ch\/fr\/projets-recherche\/recherches-actuelles\/bibliotheques-et-musees-en-suisse-entre-18e-et-19e-siecle-une-histoire-parallele\/#primaryimage\"},\"thumbnailUrl\":\"https:\/\/www.sgeaj.ch\/wp-content\/uploads\/2023\/10\/19ef1c-08189de2dc6b4df59df15022b9a4d5b2mv2.webp\",\"datePublished\":\"2023-10-25T18:59:19+00:00\",\"dateModified\":\"2023-10-25T18:59:55+00:00\",\"inLanguage\":\"fr-FR\",\"potentialAction\":[{\"@type\":\"ReadAction\",\"target\":[\"https:\/\/www.sgeaj.ch\/fr\/projets-recherche\/recherches-actuelles\/bibliotheques-et-musees-en-suisse-entre-18e-et-19e-siecle-une-histoire-parallele\/\"]}]},{\"@type\":\"ImageObject\",\"inLanguage\":\"fr-FR\",\"@id\":\"https:\/\/www.sgeaj.ch\/fr\/projets-recherche\/recherches-actuelles\/bibliotheques-et-musees-en-suisse-entre-18e-et-19e-siecle-une-histoire-parallele\/#primaryimage\",\"url\":\"https:\/\/www.sgeaj.ch\/wp-content\/uploads\/2023\/10\/19ef1c-08189de2dc6b4df59df15022b9a4d5b2mv2.webp\",\"contentUrl\":\"https:\/\/www.sgeaj.ch\/wp-content\/uploads\/2023\/10\/19ef1c-08189de2dc6b4df59df15022b9a4d5b2mv2.webp\",\"width\":1349,\"height\":692},{\"@type\":\"WebSite\",\"@id\":\"https:\/\/www.sgeaj.ch\/fr\/#website\",\"url\":\"https:\/\/www.sgeaj.ch\/fr\/\",\"name\":\"Schweizerische Gesellschaft f\u00fcr die Erforschung des 18. Jahrhunderts (SGEAJ - SSEDS)\",\"description\":\"Schweizerische Gesellschaft f\u00fcr die Erforschung des 18. Jahrhunderts\",\"publisher\":{\"@id\":\"https:\/\/www.sgeaj.ch\/fr\/#organization\"},\"potentialAction\":[{\"@type\":\"SearchAction\",\"target\":{\"@type\":\"EntryPoint\",\"urlTemplate\":\"https:\/\/www.sgeaj.ch\/fr\/?s={search_term_string}\"},\"query-input\":{\"@type\":\"PropertyValueSpecification\",\"valueRequired\":true,\"valueName\":\"search_term_string\"}}],\"inLanguage\":\"fr-FR\"},{\"@type\":\"Organization\",\"@id\":\"https:\/\/www.sgeaj.ch\/fr\/#organization\",\"name\":\"Schweizerische Gesellschaft f\u00fcr die Erforschung des 18. Jahrhunderts (SGEAJ - SSEDS)\",\"url\":\"https:\/\/www.sgeaj.ch\/fr\/\",\"logo\":{\"@type\":\"ImageObject\",\"inLanguage\":\"fr-FR\",\"@id\":\"https:\/\/www.sgeaj.ch\/fr\/#\/schema\/logo\/image\/\",\"url\":\"https:\/\/www.sgeaj.ch\/wp-content\/uploads\/2021\/06\/cropped-logo-xviiies-horiz-abreuviations-bleues.png\",\"contentUrl\":\"https:\/\/www.sgeaj.ch\/wp-content\/uploads\/2021\/06\/cropped-logo-xviiies-horiz-abreuviations-bleues.png\",\"width\":659,\"height\":335,\"caption\":\"Schweizerische Gesellschaft f\u00fcr die Erforschung des 18. Jahrhunderts (SGEAJ - SSEDS)\"},\"image\":{\"@id\":\"https:\/\/www.sgeaj.ch\/fr\/#\/schema\/logo\/image\/\"}},{\"@type\":\"Person\",\"@id\":\"https:\/\/www.sgeaj.ch\/fr\/#\/schema\/person\/2cd839eed625879a17645fc9f307c8e7\",\"name\":\"Nadja Ackermann\",\"url\":\"https:\/\/www.sgeaj.ch\/fr\/author\/naackermann\/\"}]}<\/script>\n<!-- \/ Yoast SEO plugin. -->","yoast_head_json":{"title":"Biblioth\u00e8ques et mus\u00e9es en Suisse - Schweizerische Gesellschaft f\u00fcr die Erforschung des 18. Jahrhunderts (SGEAJ - SSEDS)","robots":{"index":"index","follow":"follow","max-snippet":"max-snippet:-1","max-image-preview":"max-image-preview:large","max-video-preview":"max-video-preview:-1"},"canonical":"https:\/\/www.sgeaj.ch\/fr\/projets-recherche\/recherches-actuelles\/bibliotheques-et-musees-en-suisse-entre-18e-et-19e-siecle-une-histoire-parallele\/","twitter_misc":{"\u00c9crit par":"Nadja Ackermann","Dur\u00e9e de lecture estim\u00e9e":"1 minute"},"schema":{"@context":"https:\/\/schema.org","@graph":[{"@type":"Article","@id":"https:\/\/www.sgeaj.ch\/fr\/projets-recherche\/recherches-actuelles\/bibliotheques-et-musees-en-suisse-entre-18e-et-19e-siecle-une-histoire-parallele\/#article","isPartOf":{"@id":"https:\/\/www.sgeaj.ch\/fr\/projets-recherche\/recherches-actuelles\/bibliotheques-et-musees-en-suisse-entre-18e-et-19e-siecle-une-histoire-parallele\/"},"author":{"name":"Nadja Ackermann","@id":"https:\/\/www.sgeaj.ch\/fr\/#\/schema\/person\/2cd839eed625879a17645fc9f307c8e7"},"headline":"Biblioth\u00e8ques et mus\u00e9es en Suisse","datePublished":"2023-10-25T18:59:19+00:00","dateModified":"2023-10-25T18:59:55+00:00","mainEntityOfPage":{"@id":"https:\/\/www.sgeaj.ch\/fr\/projets-recherche\/recherches-actuelles\/bibliotheques-et-musees-en-suisse-entre-18e-et-19e-siecle-une-histoire-parallele\/"},"wordCount":171,"publisher":{"@id":"https:\/\/www.sgeaj.ch\/fr\/#organization"},"image":{"@id":"https:\/\/www.sgeaj.ch\/fr\/projets-recherche\/recherches-actuelles\/bibliotheques-et-musees-en-suisse-entre-18e-et-19e-siecle-une-histoire-parallele\/#primaryimage"},"thumbnailUrl":"https:\/\/www.sgeaj.ch\/wp-content\/uploads\/2023\/10\/19ef1c-08189de2dc6b4df59df15022b9a4d5b2mv2.webp","articleSection":["Projets de recherche","Recherches actuelles"],"inLanguage":"fr-FR"},{"@type":"WebPage","@id":"https:\/\/www.sgeaj.ch\/fr\/projets-recherche\/recherches-actuelles\/bibliotheques-et-musees-en-suisse-entre-18e-et-19e-siecle-une-histoire-parallele\/","url":"https:\/\/www.sgeaj.ch\/fr\/projets-recherche\/recherches-actuelles\/bibliotheques-et-musees-en-suisse-entre-18e-et-19e-siecle-une-histoire-parallele\/","name":"Biblioth\u00e8ques et mus\u00e9es en Suisse - Schweizerische Gesellschaft f\u00fcr die Erforschung des 18. Jahrhunderts (SGEAJ - SSEDS)","isPartOf":{"@id":"https:\/\/www.sgeaj.ch\/fr\/#website"},"primaryImageOfPage":{"@id":"https:\/\/www.sgeaj.ch\/fr\/projets-recherche\/recherches-actuelles\/bibliotheques-et-musees-en-suisse-entre-18e-et-19e-siecle-une-histoire-parallele\/#primaryimage"},"image":{"@id":"https:\/\/www.sgeaj.ch\/fr\/projets-recherche\/recherches-actuelles\/bibliotheques-et-musees-en-suisse-entre-18e-et-19e-siecle-une-histoire-parallele\/#primaryimage"},"thumbnailUrl":"https:\/\/www.sgeaj.ch\/wp-content\/uploads\/2023\/10\/19ef1c-08189de2dc6b4df59df15022b9a4d5b2mv2.webp","datePublished":"2023-10-25T18:59:19+00:00","dateModified":"2023-10-25T18:59:55+00:00","inLanguage":"fr-FR","potentialAction":[{"@type":"ReadAction","target":["https:\/\/www.sgeaj.ch\/fr\/projets-recherche\/recherches-actuelles\/bibliotheques-et-musees-en-suisse-entre-18e-et-19e-siecle-une-histoire-parallele\/"]}]},{"@type":"ImageObject","inLanguage":"fr-FR","@id":"https:\/\/www.sgeaj.ch\/fr\/projets-recherche\/recherches-actuelles\/bibliotheques-et-musees-en-suisse-entre-18e-et-19e-siecle-une-histoire-parallele\/#primaryimage","url":"https:\/\/www.sgeaj.ch\/wp-content\/uploads\/2023\/10\/19ef1c-08189de2dc6b4df59df15022b9a4d5b2mv2.webp","contentUrl":"https:\/\/www.sgeaj.ch\/wp-content\/uploads\/2023\/10\/19ef1c-08189de2dc6b4df59df15022b9a4d5b2mv2.webp","width":1349,"height":692},{"@type":"WebSite","@id":"https:\/\/www.sgeaj.ch\/fr\/#website","url":"https:\/\/www.sgeaj.ch\/fr\/","name":"Schweizerische Gesellschaft f\u00fcr die Erforschung des 18. Jahrhunderts (SGEAJ - SSEDS)","description":"Schweizerische Gesellschaft f\u00fcr die Erforschung des 18. Jahrhunderts","publisher":{"@id":"https:\/\/www.sgeaj.ch\/fr\/#organization"},"potentialAction":[{"@type":"SearchAction","target":{"@type":"EntryPoint","urlTemplate":"https:\/\/www.sgeaj.ch\/fr\/?s={search_term_string}"},"query-input":{"@type":"PropertyValueSpecification","valueRequired":true,"valueName":"search_term_string"}}],"inLanguage":"fr-FR"},{"@type":"Organization","@id":"https:\/\/www.sgeaj.ch\/fr\/#organization","name":"Schweizerische Gesellschaft f\u00fcr die Erforschung des 18. Jahrhunderts (SGEAJ - SSEDS)","url":"https:\/\/www.sgeaj.ch\/fr\/","logo":{"@type":"ImageObject","inLanguage":"fr-FR","@id":"https:\/\/www.sgeaj.ch\/fr\/#\/schema\/logo\/image\/","url":"https:\/\/www.sgeaj.ch\/wp-content\/uploads\/2021\/06\/cropped-logo-xviiies-horiz-abreuviations-bleues.png","contentUrl":"https:\/\/www.sgeaj.ch\/wp-content\/uploads\/2021\/06\/cropped-logo-xviiies-horiz-abreuviations-bleues.png","width":659,"height":335,"caption":"Schweizerische Gesellschaft f\u00fcr die Erforschung des 18. Jahrhunderts (SGEAJ - SSEDS)"},"image":{"@id":"https:\/\/www.sgeaj.ch\/fr\/#\/schema\/logo\/image\/"}},{"@type":"Person","@id":"https:\/\/www.sgeaj.ch\/fr\/#\/schema\/person\/2cd839eed625879a17645fc9f307c8e7","name":"Nadja Ackermann","url":"https:\/\/www.sgeaj.ch\/fr\/author\/naackermann\/"}]}},"_links":{"self":[{"href":"https:\/\/www.sgeaj.ch\/fr\/wp-json\/wp\/v2\/posts\/7104","targetHints":{"allow":["GET"]}}],"collection":[{"href":"https:\/\/www.sgeaj.ch\/fr\/wp-json\/wp\/v2\/posts"}],"about":[{"href":"https:\/\/www.sgeaj.ch\/fr\/wp-json\/wp\/v2\/types\/post"}],"author":[{"embeddable":true,"href":"https:\/\/www.sgeaj.ch\/fr\/wp-json\/wp\/v2\/users\/7"}],"replies":[{"embeddable":true,"href":"https:\/\/www.sgeaj.ch\/fr\/wp-json\/wp\/v2\/comments?post=7104"}],"version-history":[{"count":2,"href":"https:\/\/www.sgeaj.ch\/fr\/wp-json\/wp\/v2\/posts\/7104\/revisions"}],"predecessor-version":[{"id":7107,"href":"https:\/\/www.sgeaj.ch\/fr\/wp-json\/wp\/v2\/posts\/7104\/revisions\/7107"}],"wp:featuredmedia":[{"embeddable":true,"href":"https:\/\/www.sgeaj.ch\/fr\/wp-json\/wp\/v2\/media\/7097"}],"wp:attachment":[{"href":"https:\/\/www.sgeaj.ch\/fr\/wp-json\/wp\/v2\/media?parent=7104"}],"wp:term":[{"taxonomy":"category","embeddable":true,"href":"https:\/\/www.sgeaj.ch\/fr\/wp-json\/wp\/v2\/categories?post=7104"},{"taxonomy":"post_tag","embeddable":true,"href":"https:\/\/www.sgeaj.ch\/fr\/wp-json\/wp\/v2\/tags?post=7104"}],"curies":[{"name":"wp","href":"https:\/\/api.w.org\/{rel}","templated":true}]}}