{"id":7145,"date":"2023-11-17T08:17:00","date_gmt":"2023-11-17T07:17:00","guid":{"rendered":"https:\/\/www.sgeaj.ch\/?p=7145"},"modified":"2023-11-17T08:17:02","modified_gmt":"2023-11-17T07:17:02","slug":"cfp-diasporas-in-the-long-eighteenth-century","status":"publish","type":"post","link":"https:\/\/www.sgeaj.ch\/fr\/actualite\/call-for-papers-fr\/cfp-diasporas-in-the-long-eighteenth-century\/","title":{"rendered":"CfP: Diasporas in the Long Eighteenth Century"},"content":{"rendered":"\n<h3 class=\"wp-block-heading\"><em>ISECS Early Career Scholars\u2019 Seminar, Diasporas in the Long Eighteenth Century, Universitat de Barcelona, 8-12 July 2024<\/em><\/h3>\n\n\n\n<p>The International Society for Eighteenth-Century Studies invites early-career scholars active in eighteenth-century studies to apply to take part in the ISECS ECS seminar, to be held over one week in central Barcelona.<\/p>\n\n\n\n<p>In its 2024 edition, the seminar will focus on <strong>Diasporic Networks in the Long Eighteenth Century<\/strong>. Our focus on exiles and diasporas is informed by the work of such scholars as Peter Burke, <em>in Exiles and Expatriates in the History of Knowledge, 1500-2000<\/em> (2017)\u2014the active, creative reception of knowledge brought by diasporic individuals\u2014and Niall Fergusson, in <em>The Tower and the Square<\/em> (2018), on the factors contributing dynamism to networks. To work up a model of diasporic history is to study the circulation of ideas transnationally, to question the traditional consignment of diasporas to a periphery, to gauge the dynamism of particular networks, and to identify and assess the factors fostering or hindering the opportune reception modelled by Burke. Thus, the three suggested, but not exclusive, foci of the seminar will be the role of culture in the cohesion of diasporic communities; the uses to which diasporic communities were put by their host societies and their institutions; and the means by which diasporic culture was created, or by which diasporas circulated culture transnationally in patterns distinct from those of translation and review culture.<\/p>\n\n\n\n<p>The deadline for applications is 31 January 2024. Applications should be sent in English or French to <a href=\"mailto:ISECSBarcelona2024@gmail.com\">ISECSBarcelona2024@gmail.com<\/a>, preferably as PDFs or Microsoft Word documents. The organising and scientific advisory board will contact applicants about the outcome of the selection process by 28 February 2024.<\/p>\n\n\n\n<div data-wp-interactive=\"core\/file\" class=\"wp-block-file\"><object data-wp-bind--hidden=\"!state.hasPdfPreview\" hidden class=\"wp-block-file__embed\" data=\"https:\/\/www.sgeaj.ch\/wp-content\/uploads\/2023\/11\/cfp-isecs-ecr-seminar-2024-barcelona.pdf\" type=\"application\/pdf\" style=\"width:100%;height:600px\" aria-label=\"Contenu embarqu\u00e9 CFP ISECS ECR Seminar 2024_Barcelona.\"><\/object><a id=\"wp-block-file--media-3f802665-e83f-4f6e-a157-e42a81f662bc\" href=\"https:\/\/www.sgeaj.ch\/wp-content\/uploads\/2023\/11\/cfp-isecs-ecr-seminar-2024-barcelona.pdf\">CFP ISECS ECR Seminar 2024_Barcelona<\/a><a href=\"https:\/\/www.sgeaj.ch\/wp-content\/uploads\/2023\/11\/cfp-isecs-ecr-seminar-2024-barcelona.pdf\" class=\"wp-block-file__button wp-element-button\" download aria-describedby=\"wp-block-file--media-3f802665-e83f-4f6e-a157-e42a81f662bc\">Herunterladen<\/a><\/div>\n","protected":false},"excerpt":{"rendered":"<p>ISECS Early Career Scholars\u2019 Seminar, Diasporas in the Long Eighteenth Century, Universitat de Barcelona, 8-12 July 2024 The International Society for Eighteenth-Century Studies invites early-career scholars active in eighteenth-century studies to apply to take part in the ISECS ECS seminar, to be held over one week in central Barcelona. In its 2024 edition, the seminar [&hellip;]<\/p>\n","protected":false},"author":7,"featured_media":7143,"comment_status":"closed","ping_status":"open","sticky":false,"template":"","format":"standard","meta":{"footnotes":""},"categories":[42,26],"tags":[],"class_list":{"0":"post-7145","1":"post","2":"type-post","3":"status-publish","4":"format-standard","5":"has-post-thumbnail","7":"category-actualite","8":"category-call-for-papers-fr","9":"czr-hentry"},"yoast_head":"<!-- This site is optimized with the Yoast SEO plugin v26.9 - https:\/\/yoast.com\/product\/yoast-seo-wordpress\/ -->\n<title>CfP: Diasporas in the Long Eighteenth Century - Schweizerische Gesellschaft f\u00fcr die Erforschung des 18. Jahrhunderts (SGEAJ - SSEDS)<\/title>\n<meta name=\"robots\" content=\"index, follow, max-snippet:-1, max-image-preview:large, max-video-preview:-1\" \/>\n<link rel=\"canonical\" href=\"https:\/\/www.sgeaj.ch\/fr\/actualite\/call-for-papers-fr\/cfp-diasporas-in-the-long-eighteenth-century\/\" \/>\n<meta name=\"twitter:label1\" content=\"\u00c9crit par\" \/>\n\t<meta name=\"twitter:data1\" content=\"Nadja Ackermann\" \/>\n\t<meta name=\"twitter:label2\" content=\"Dur\u00e9e de lecture estim\u00e9e\" \/>\n\t<meta name=\"twitter:data2\" content=\"2 minutes\" \/>\n<script type=\"application\/ld+json\" class=\"yoast-schema-graph\">{\"@context\":\"https:\/\/schema.org\",\"@graph\":[{\"@type\":\"Article\",\"@id\":\"https:\/\/www.sgeaj.ch\/fr\/actualite\/call-for-papers-fr\/cfp-diasporas-in-the-long-eighteenth-century\/#article\",\"isPartOf\":{\"@id\":\"https:\/\/www.sgeaj.ch\/fr\/actualite\/call-for-papers-fr\/cfp-diasporas-in-the-long-eighteenth-century\/\"},\"author\":{\"name\":\"Nadja Ackermann\",\"@id\":\"https:\/\/www.sgeaj.ch\/fr\/#\/schema\/person\/2cd839eed625879a17645fc9f307c8e7\"},\"headline\":\"CfP: Diasporas in the Long Eighteenth Century\",\"datePublished\":\"2023-11-17T07:17:00+00:00\",\"dateModified\":\"2023-11-17T07:17:02+00:00\",\"mainEntityOfPage\":{\"@id\":\"https:\/\/www.sgeaj.ch\/fr\/actualite\/call-for-papers-fr\/cfp-diasporas-in-the-long-eighteenth-century\/\"},\"wordCount\":285,\"publisher\":{\"@id\":\"https:\/\/www.sgeaj.ch\/fr\/#organization\"},\"image\":{\"@id\":\"https:\/\/www.sgeaj.ch\/fr\/actualite\/call-for-papers-fr\/cfp-diasporas-in-the-long-eighteenth-century\/#primaryimage\"},\"thumbnailUrl\":\"https:\/\/www.sgeaj.ch\/wp-content\/uploads\/2023\/11\/bnebarcelonaplanos1698.jpg\",\"articleSection\":[\"Actualit\u00e9\",\"Call for Papers\"],\"inLanguage\":\"fr-FR\"},{\"@type\":\"WebPage\",\"@id\":\"https:\/\/www.sgeaj.ch\/fr\/actualite\/call-for-papers-fr\/cfp-diasporas-in-the-long-eighteenth-century\/\",\"url\":\"https:\/\/www.sgeaj.ch\/fr\/actualite\/call-for-papers-fr\/cfp-diasporas-in-the-long-eighteenth-century\/\",\"name\":\"CfP: Diasporas in the Long Eighteenth Century - Schweizerische Gesellschaft f\u00fcr die Erforschung des 18. Jahrhunderts (SGEAJ - SSEDS)\",\"isPartOf\":{\"@id\":\"https:\/\/www.sgeaj.ch\/fr\/#website\"},\"primaryImageOfPage\":{\"@id\":\"https:\/\/www.sgeaj.ch\/fr\/actualite\/call-for-papers-fr\/cfp-diasporas-in-the-long-eighteenth-century\/#primaryimage\"},\"image\":{\"@id\":\"https:\/\/www.sgeaj.ch\/fr\/actualite\/call-for-papers-fr\/cfp-diasporas-in-the-long-eighteenth-century\/#primaryimage\"},\"thumbnailUrl\":\"https:\/\/www.sgeaj.ch\/wp-content\/uploads\/2023\/11\/bnebarcelonaplanos1698.jpg\",\"datePublished\":\"2023-11-17T07:17:00+00:00\",\"dateModified\":\"2023-11-17T07:17:02+00:00\",\"inLanguage\":\"fr-FR\",\"potentialAction\":[{\"@type\":\"ReadAction\",\"target\":[\"https:\/\/www.sgeaj.ch\/fr\/actualite\/call-for-papers-fr\/cfp-diasporas-in-the-long-eighteenth-century\/\"]}]},{\"@type\":\"ImageObject\",\"inLanguage\":\"fr-FR\",\"@id\":\"https:\/\/www.sgeaj.ch\/fr\/actualite\/call-for-papers-fr\/cfp-diasporas-in-the-long-eighteenth-century\/#primaryimage\",\"url\":\"https:\/\/www.sgeaj.ch\/wp-content\/uploads\/2023\/11\/bnebarcelonaplanos1698.jpg\",\"contentUrl\":\"https:\/\/www.sgeaj.ch\/wp-content\/uploads\/2023\/11\/bnebarcelonaplanos1698.jpg\",\"width\":1920,\"height\":720},{\"@type\":\"WebSite\",\"@id\":\"https:\/\/www.sgeaj.ch\/fr\/#website\",\"url\":\"https:\/\/www.sgeaj.ch\/fr\/\",\"name\":\"Schweizerische Gesellschaft f\u00fcr die Erforschung des 18. Jahrhunderts (SGEAJ - SSEDS)\",\"description\":\"Schweizerische Gesellschaft f\u00fcr die Erforschung des 18. Jahrhunderts\",\"publisher\":{\"@id\":\"https:\/\/www.sgeaj.ch\/fr\/#organization\"},\"potentialAction\":[{\"@type\":\"SearchAction\",\"target\":{\"@type\":\"EntryPoint\",\"urlTemplate\":\"https:\/\/www.sgeaj.ch\/fr\/?s={search_term_string}\"},\"query-input\":{\"@type\":\"PropertyValueSpecification\",\"valueRequired\":true,\"valueName\":\"search_term_string\"}}],\"inLanguage\":\"fr-FR\"},{\"@type\":\"Organization\",\"@id\":\"https:\/\/www.sgeaj.ch\/fr\/#organization\",\"name\":\"Schweizerische Gesellschaft f\u00fcr die Erforschung des 18. Jahrhunderts (SGEAJ - SSEDS)\",\"url\":\"https:\/\/www.sgeaj.ch\/fr\/\",\"logo\":{\"@type\":\"ImageObject\",\"inLanguage\":\"fr-FR\",\"@id\":\"https:\/\/www.sgeaj.ch\/fr\/#\/schema\/logo\/image\/\",\"url\":\"https:\/\/www.sgeaj.ch\/wp-content\/uploads\/2021\/06\/cropped-logo-xviiies-horiz-abreuviations-bleues.png\",\"contentUrl\":\"https:\/\/www.sgeaj.ch\/wp-content\/uploads\/2021\/06\/cropped-logo-xviiies-horiz-abreuviations-bleues.png\",\"width\":659,\"height\":335,\"caption\":\"Schweizerische Gesellschaft f\u00fcr die Erforschung des 18. Jahrhunderts (SGEAJ - SSEDS)\"},\"image\":{\"@id\":\"https:\/\/www.sgeaj.ch\/fr\/#\/schema\/logo\/image\/\"}},{\"@type\":\"Person\",\"@id\":\"https:\/\/www.sgeaj.ch\/fr\/#\/schema\/person\/2cd839eed625879a17645fc9f307c8e7\",\"name\":\"Nadja Ackermann\",\"url\":\"https:\/\/www.sgeaj.ch\/fr\/author\/naackermann\/\"}]}<\/script>\n<!-- \/ Yoast SEO plugin. -->","yoast_head_json":{"title":"CfP: Diasporas in the Long Eighteenth Century - Schweizerische Gesellschaft f\u00fcr die Erforschung des 18. Jahrhunderts (SGEAJ - SSEDS)","robots":{"index":"index","follow":"follow","max-snippet":"max-snippet:-1","max-image-preview":"max-image-preview:large","max-video-preview":"max-video-preview:-1"},"canonical":"https:\/\/www.sgeaj.ch\/fr\/actualite\/call-for-papers-fr\/cfp-diasporas-in-the-long-eighteenth-century\/","twitter_misc":{"\u00c9crit par":"Nadja Ackermann","Dur\u00e9e de lecture estim\u00e9e":"2 minutes"},"schema":{"@context":"https:\/\/schema.org","@graph":[{"@type":"Article","@id":"https:\/\/www.sgeaj.ch\/fr\/actualite\/call-for-papers-fr\/cfp-diasporas-in-the-long-eighteenth-century\/#article","isPartOf":{"@id":"https:\/\/www.sgeaj.ch\/fr\/actualite\/call-for-papers-fr\/cfp-diasporas-in-the-long-eighteenth-century\/"},"author":{"name":"Nadja Ackermann","@id":"https:\/\/www.sgeaj.ch\/fr\/#\/schema\/person\/2cd839eed625879a17645fc9f307c8e7"},"headline":"CfP: Diasporas in the Long Eighteenth Century","datePublished":"2023-11-17T07:17:00+00:00","dateModified":"2023-11-17T07:17:02+00:00","mainEntityOfPage":{"@id":"https:\/\/www.sgeaj.ch\/fr\/actualite\/call-for-papers-fr\/cfp-diasporas-in-the-long-eighteenth-century\/"},"wordCount":285,"publisher":{"@id":"https:\/\/www.sgeaj.ch\/fr\/#organization"},"image":{"@id":"https:\/\/www.sgeaj.ch\/fr\/actualite\/call-for-papers-fr\/cfp-diasporas-in-the-long-eighteenth-century\/#primaryimage"},"thumbnailUrl":"https:\/\/www.sgeaj.ch\/wp-content\/uploads\/2023\/11\/bnebarcelonaplanos1698.jpg","articleSection":["Actualit\u00e9","Call for Papers"],"inLanguage":"fr-FR"},{"@type":"WebPage","@id":"https:\/\/www.sgeaj.ch\/fr\/actualite\/call-for-papers-fr\/cfp-diasporas-in-the-long-eighteenth-century\/","url":"https:\/\/www.sgeaj.ch\/fr\/actualite\/call-for-papers-fr\/cfp-diasporas-in-the-long-eighteenth-century\/","name":"CfP: Diasporas in the Long Eighteenth Century - Schweizerische Gesellschaft f\u00fcr die Erforschung des 18. Jahrhunderts (SGEAJ - SSEDS)","isPartOf":{"@id":"https:\/\/www.sgeaj.ch\/fr\/#website"},"primaryImageOfPage":{"@id":"https:\/\/www.sgeaj.ch\/fr\/actualite\/call-for-papers-fr\/cfp-diasporas-in-the-long-eighteenth-century\/#primaryimage"},"image":{"@id":"https:\/\/www.sgeaj.ch\/fr\/actualite\/call-for-papers-fr\/cfp-diasporas-in-the-long-eighteenth-century\/#primaryimage"},"thumbnailUrl":"https:\/\/www.sgeaj.ch\/wp-content\/uploads\/2023\/11\/bnebarcelonaplanos1698.jpg","datePublished":"2023-11-17T07:17:00+00:00","dateModified":"2023-11-17T07:17:02+00:00","inLanguage":"fr-FR","potentialAction":[{"@type":"ReadAction","target":["https:\/\/www.sgeaj.ch\/fr\/actualite\/call-for-papers-fr\/cfp-diasporas-in-the-long-eighteenth-century\/"]}]},{"@type":"ImageObject","inLanguage":"fr-FR","@id":"https:\/\/www.sgeaj.ch\/fr\/actualite\/call-for-papers-fr\/cfp-diasporas-in-the-long-eighteenth-century\/#primaryimage","url":"https:\/\/www.sgeaj.ch\/wp-content\/uploads\/2023\/11\/bnebarcelonaplanos1698.jpg","contentUrl":"https:\/\/www.sgeaj.ch\/wp-content\/uploads\/2023\/11\/bnebarcelonaplanos1698.jpg","width":1920,"height":720},{"@type":"WebSite","@id":"https:\/\/www.sgeaj.ch\/fr\/#website","url":"https:\/\/www.sgeaj.ch\/fr\/","name":"Schweizerische Gesellschaft f\u00fcr die Erforschung des 18. Jahrhunderts (SGEAJ - SSEDS)","description":"Schweizerische Gesellschaft f\u00fcr die Erforschung des 18. Jahrhunderts","publisher":{"@id":"https:\/\/www.sgeaj.ch\/fr\/#organization"},"potentialAction":[{"@type":"SearchAction","target":{"@type":"EntryPoint","urlTemplate":"https:\/\/www.sgeaj.ch\/fr\/?s={search_term_string}"},"query-input":{"@type":"PropertyValueSpecification","valueRequired":true,"valueName":"search_term_string"}}],"inLanguage":"fr-FR"},{"@type":"Organization","@id":"https:\/\/www.sgeaj.ch\/fr\/#organization","name":"Schweizerische Gesellschaft f\u00fcr die Erforschung des 18. Jahrhunderts (SGEAJ - SSEDS)","url":"https:\/\/www.sgeaj.ch\/fr\/","logo":{"@type":"ImageObject","inLanguage":"fr-FR","@id":"https:\/\/www.sgeaj.ch\/fr\/#\/schema\/logo\/image\/","url":"https:\/\/www.sgeaj.ch\/wp-content\/uploads\/2021\/06\/cropped-logo-xviiies-horiz-abreuviations-bleues.png","contentUrl":"https:\/\/www.sgeaj.ch\/wp-content\/uploads\/2021\/06\/cropped-logo-xviiies-horiz-abreuviations-bleues.png","width":659,"height":335,"caption":"Schweizerische Gesellschaft f\u00fcr die Erforschung des 18. Jahrhunderts (SGEAJ - SSEDS)"},"image":{"@id":"https:\/\/www.sgeaj.ch\/fr\/#\/schema\/logo\/image\/"}},{"@type":"Person","@id":"https:\/\/www.sgeaj.ch\/fr\/#\/schema\/person\/2cd839eed625879a17645fc9f307c8e7","name":"Nadja Ackermann","url":"https:\/\/www.sgeaj.ch\/fr\/author\/naackermann\/"}]}},"_links":{"self":[{"href":"https:\/\/www.sgeaj.ch\/fr\/wp-json\/wp\/v2\/posts\/7145","targetHints":{"allow":["GET"]}}],"collection":[{"href":"https:\/\/www.sgeaj.ch\/fr\/wp-json\/wp\/v2\/posts"}],"about":[{"href":"https:\/\/www.sgeaj.ch\/fr\/wp-json\/wp\/v2\/types\/post"}],"author":[{"embeddable":true,"href":"https:\/\/www.sgeaj.ch\/fr\/wp-json\/wp\/v2\/users\/7"}],"replies":[{"embeddable":true,"href":"https:\/\/www.sgeaj.ch\/fr\/wp-json\/wp\/v2\/comments?post=7145"}],"version-history":[{"count":1,"href":"https:\/\/www.sgeaj.ch\/fr\/wp-json\/wp\/v2\/posts\/7145\/revisions"}],"predecessor-version":[{"id":7146,"href":"https:\/\/www.sgeaj.ch\/fr\/wp-json\/wp\/v2\/posts\/7145\/revisions\/7146"}],"wp:featuredmedia":[{"embeddable":true,"href":"https:\/\/www.sgeaj.ch\/fr\/wp-json\/wp\/v2\/media\/7143"}],"wp:attachment":[{"href":"https:\/\/www.sgeaj.ch\/fr\/wp-json\/wp\/v2\/media?parent=7145"}],"wp:term":[{"taxonomy":"category","embeddable":true,"href":"https:\/\/www.sgeaj.ch\/fr\/wp-json\/wp\/v2\/categories?post=7145"},{"taxonomy":"post_tag","embeddable":true,"href":"https:\/\/www.sgeaj.ch\/fr\/wp-json\/wp\/v2\/tags?post=7145"}],"curies":[{"name":"wp","href":"https:\/\/api.w.org\/{rel}","templated":true}]}}