{"id":7165,"date":"2023-12-01T16:26:31","date_gmt":"2023-12-01T15:26:31","guid":{"rendered":"https:\/\/www.sgeaj.ch\/?p=7165"},"modified":"2023-12-01T16:28:29","modified_gmt":"2023-12-01T15:28:29","slug":"cfa-slavery-and-serfdom-in-europe-and-the-new-world","status":"publish","type":"post","link":"https:\/\/www.sgeaj.ch\/fr\/actualite\/call-for-papers-fr\/cfa-slavery-and-serfdom-in-europe-and-the-new-world\/","title":{"rendered":"CfA: Slavery and Serfdom in Europe and the New World"},"content":{"rendered":"\n<h3 class=\"wp-block-heading\">\u201cSlavery and Serfdom in Europe and the New World: Debates in the Early Modern Period\u201d, Turin Humanities Programm, 4th Call for Applicatios for the 2024-2026 Research Cycle<\/h3>\n\n\n\n<p><\/p>\n\n\n\n<p>Fondazione 1563 is now pleased to launch the fourth call for applications to award up to 4 two-year fellowships for advanced studies on&nbsp;<strong><em>Slavery and Serfdom in Europe and the New World: Debates in the Early Modern Period<\/em><\/strong>.<\/p>\n\n\n\n<p>The Director of Studies for this programme (2024-2026) will be&nbsp;<strong>Nicholas Cronk<\/strong>, Director of the Voltaire Foundation, Professor of European Enlightenment Studies, and Fellow of St Edmund Hall at the University of Oxford.<\/p>\n\n\n\n<p>For information and questions please email:&nbsp;<a href=\"mailto:info@fondazione1563.it\">info@fondazione1563.it<\/a><\/p>\n\n\n\n<p>Applicants are invited to submit research projects of a maximum of 3000 words, plus bibliography. Projects are expected to engage with one or more aspects of the general research framework&nbsp;<em><strong>Slavery and Serfdom in Europe and the New World: Debates in the Early Modern Period<\/strong><\/em>.<\/p>\n\n\n\n<p>Candidates are invited to propose projects dealing with the questions surrounding slavery and serfdom in Europe and the New World within the timeframe of the Early Modern period, defined here broadly as stretching from the sixteenth century to the beginning of the nineteenth.<br>The project will aim to encourage a comparative perspective, focussing on three key aspects:<\/p>\n\n\n\n<ol class=\"wp-block-list\">\n<li>Enlightenment debates from race and ethnicity to the rights of man. Debates about enslavement begin with ethical, economic and theological questions, and evolve towards a greater focus on race, ethnicity and discussion of the rights of man.<\/li>\n\n\n\n<li>Serfdom and slavery. Serfdom existed widely across Europe in the Early Modern period. The challenges to serfdom in part overlap with the challenges to enslavement, and it is instructive to compare these parallel debates.<\/li>\n\n\n\n<li>The role of imaginative literature. Literature in the Enlightenment period is used increasingly as a tool to explore the paradoxical fictions of enslavement and to communicate these unresolved questions and concerns to a broader public.<\/li>\n<\/ol>\n\n\n\n<p>Details of the research framework can be found&nbsp;<a href=\"https:\/\/turinhumanitiesprogramme.fondazione1563.it\/research-projects\/research-project-2023\/\" target=\"_blank\" rel=\"noreferrer noopener\">here<\/a>.<\/p>\n\n\n\n<p>In addition to the research proposal, applicants must submit their&nbsp;<strong>Curriculum vitae et studiorum<\/strong>&nbsp;and:<\/p>\n\n\n\n<ul class=\"wp-block-list\">\n<li>an article-length piece of writing, published or unpublished, which demonstrates innovative thinking (written in English, French, German, Italian, or Spanish) and<\/li>\n\n\n\n<li>the contact information of two scholars familiar with the applicant\u2019s work and willing to act as their referees (one of whom can be their PhD supervisor); only the referees of shortlisted candidates will be contacted by the Fondazione 1563.<\/li>\n<\/ul>\n\n\n\n<p>Successful candidates will carry out their individual research projects under the supervision of the Director of Studies. They will also collaborate to the organization of activities such as seminars, conferences, exhibitions and summer schools, during which they will be invited to share their research projects with a wider community of academics as well as students and the general public.<\/p>\n\n\n\n<div data-wp-interactive=\"core\/file\" class=\"wp-block-file\"><object data-wp-bind--hidden=\"!state.hasPdfPreview\" hidden class=\"wp-block-file__embed\" data=\"https:\/\/www.sgeaj.ch\/wp-content\/uploads\/2023\/12\/9652ddf5-ea1b-40b9-954c-6de956f7becb.pdf\" type=\"application\/pdf\" style=\"width:100%;height:600px\" aria-label=\"Contenu embarqu\u00e9 Call for Application PDF.\"><\/object><a id=\"wp-block-file--media-5e12c8a3-3987-4cfc-a169-e0830bde04d0\" href=\"https:\/\/www.sgeaj.ch\/wp-content\/uploads\/2023\/12\/9652ddf5-ea1b-40b9-954c-6de956f7becb.pdf\">Call for Application PDF<\/a><a href=\"https:\/\/www.sgeaj.ch\/wp-content\/uploads\/2023\/12\/9652ddf5-ea1b-40b9-954c-6de956f7becb.pdf\" class=\"wp-block-file__button wp-element-button\" download aria-describedby=\"wp-block-file--media-5e12c8a3-3987-4cfc-a169-e0830bde04d0\">Herunterladen<\/a><\/div>\n","protected":false},"excerpt":{"rendered":"<p>\u201cSlavery and Serfdom in Europe and the New World: Debates in the Early Modern Period\u201d, Turin Humanities Programm, 4th Call for Applicatios for the 2024-2026 Research Cycle Fondazione 1563 is now pleased to launch the fourth call for applications to award up to 4 two-year fellowships for advanced studies on&nbsp;Slavery and Serfdom in Europe and [&hellip;]<\/p>\n","protected":false},"author":7,"featured_media":7163,"comment_status":"closed","ping_status":"open","sticky":false,"template":"","format":"standard","meta":{"footnotes":""},"categories":[42,26],"tags":[],"class_list":{"0":"post-7165","1":"post","2":"type-post","3":"status-publish","4":"format-standard","5":"has-post-thumbnail","7":"category-actualite","8":"category-call-for-papers-fr","9":"czr-hentry"},"yoast_head":"<!-- This site is optimized with the Yoast SEO plugin v26.9 - https:\/\/yoast.com\/product\/yoast-seo-wordpress\/ -->\n<title>CfA: Slavery and Serfdom in Europe and the New World - Schweizerische Gesellschaft f\u00fcr die Erforschung des 18. Jahrhunderts (SGEAJ - SSEDS)<\/title>\n<meta name=\"robots\" content=\"index, follow, max-snippet:-1, max-image-preview:large, max-video-preview:-1\" \/>\n<link rel=\"canonical\" href=\"https:\/\/www.sgeaj.ch\/fr\/actualite\/call-for-papers-fr\/cfa-slavery-and-serfdom-in-europe-and-the-new-world\/\" \/>\n<meta name=\"twitter:label1\" content=\"\u00c9crit par\" \/>\n\t<meta name=\"twitter:data1\" content=\"Nadja Ackermann\" \/>\n\t<meta name=\"twitter:label2\" content=\"Dur\u00e9e de lecture estim\u00e9e\" \/>\n\t<meta name=\"twitter:data2\" content=\"3 minutes\" \/>\n<script type=\"application\/ld+json\" class=\"yoast-schema-graph\">{\"@context\":\"https:\/\/schema.org\",\"@graph\":[{\"@type\":\"Article\",\"@id\":\"https:\/\/www.sgeaj.ch\/fr\/actualite\/call-for-papers-fr\/cfa-slavery-and-serfdom-in-europe-and-the-new-world\/#article\",\"isPartOf\":{\"@id\":\"https:\/\/www.sgeaj.ch\/fr\/actualite\/call-for-papers-fr\/cfa-slavery-and-serfdom-in-europe-and-the-new-world\/\"},\"author\":{\"name\":\"Nadja Ackermann\",\"@id\":\"https:\/\/www.sgeaj.ch\/fr\/#\/schema\/person\/2cd839eed625879a17645fc9f307c8e7\"},\"headline\":\"CfA: Slavery and Serfdom in Europe and the New World\",\"datePublished\":\"2023-12-01T15:26:31+00:00\",\"dateModified\":\"2023-12-01T15:28:29+00:00\",\"mainEntityOfPage\":{\"@id\":\"https:\/\/www.sgeaj.ch\/fr\/actualite\/call-for-papers-fr\/cfa-slavery-and-serfdom-in-europe-and-the-new-world\/\"},\"wordCount\":477,\"publisher\":{\"@id\":\"https:\/\/www.sgeaj.ch\/fr\/#organization\"},\"image\":{\"@id\":\"https:\/\/www.sgeaj.ch\/fr\/actualite\/call-for-papers-fr\/cfa-slavery-and-serfdom-in-europe-and-the-new-world\/#primaryimage\"},\"thumbnailUrl\":\"https:\/\/www.sgeaj.ch\/wp-content\/uploads\/2023\/12\/thp-call-e1701444495714.jpg\",\"articleSection\":[\"Actualit\u00e9\",\"Call for Papers\"],\"inLanguage\":\"fr-FR\"},{\"@type\":\"WebPage\",\"@id\":\"https:\/\/www.sgeaj.ch\/fr\/actualite\/call-for-papers-fr\/cfa-slavery-and-serfdom-in-europe-and-the-new-world\/\",\"url\":\"https:\/\/www.sgeaj.ch\/fr\/actualite\/call-for-papers-fr\/cfa-slavery-and-serfdom-in-europe-and-the-new-world\/\",\"name\":\"CfA: Slavery and Serfdom in Europe and the New World - Schweizerische Gesellschaft f\u00fcr die Erforschung des 18. Jahrhunderts (SGEAJ - SSEDS)\",\"isPartOf\":{\"@id\":\"https:\/\/www.sgeaj.ch\/fr\/#website\"},\"primaryImageOfPage\":{\"@id\":\"https:\/\/www.sgeaj.ch\/fr\/actualite\/call-for-papers-fr\/cfa-slavery-and-serfdom-in-europe-and-the-new-world\/#primaryimage\"},\"image\":{\"@id\":\"https:\/\/www.sgeaj.ch\/fr\/actualite\/call-for-papers-fr\/cfa-slavery-and-serfdom-in-europe-and-the-new-world\/#primaryimage\"},\"thumbnailUrl\":\"https:\/\/www.sgeaj.ch\/wp-content\/uploads\/2023\/12\/thp-call-e1701444495714.jpg\",\"datePublished\":\"2023-12-01T15:26:31+00:00\",\"dateModified\":\"2023-12-01T15:28:29+00:00\",\"inLanguage\":\"fr-FR\",\"potentialAction\":[{\"@type\":\"ReadAction\",\"target\":[\"https:\/\/www.sgeaj.ch\/fr\/actualite\/call-for-papers-fr\/cfa-slavery-and-serfdom-in-europe-and-the-new-world\/\"]}]},{\"@type\":\"ImageObject\",\"inLanguage\":\"fr-FR\",\"@id\":\"https:\/\/www.sgeaj.ch\/fr\/actualite\/call-for-papers-fr\/cfa-slavery-and-serfdom-in-europe-and-the-new-world\/#primaryimage\",\"url\":\"https:\/\/www.sgeaj.ch\/wp-content\/uploads\/2023\/12\/thp-call-e1701444495714.jpg\",\"contentUrl\":\"https:\/\/www.sgeaj.ch\/wp-content\/uploads\/2023\/12\/thp-call-e1701444495714.jpg\",\"width\":1240,\"height\":1240},{\"@type\":\"WebSite\",\"@id\":\"https:\/\/www.sgeaj.ch\/fr\/#website\",\"url\":\"https:\/\/www.sgeaj.ch\/fr\/\",\"name\":\"Schweizerische Gesellschaft f\u00fcr die Erforschung des 18. Jahrhunderts (SGEAJ - SSEDS)\",\"description\":\"Schweizerische Gesellschaft f\u00fcr die Erforschung des 18. Jahrhunderts\",\"publisher\":{\"@id\":\"https:\/\/www.sgeaj.ch\/fr\/#organization\"},\"potentialAction\":[{\"@type\":\"SearchAction\",\"target\":{\"@type\":\"EntryPoint\",\"urlTemplate\":\"https:\/\/www.sgeaj.ch\/fr\/?s={search_term_string}\"},\"query-input\":{\"@type\":\"PropertyValueSpecification\",\"valueRequired\":true,\"valueName\":\"search_term_string\"}}],\"inLanguage\":\"fr-FR\"},{\"@type\":\"Organization\",\"@id\":\"https:\/\/www.sgeaj.ch\/fr\/#organization\",\"name\":\"Schweizerische Gesellschaft f\u00fcr die Erforschung des 18. Jahrhunderts (SGEAJ - SSEDS)\",\"url\":\"https:\/\/www.sgeaj.ch\/fr\/\",\"logo\":{\"@type\":\"ImageObject\",\"inLanguage\":\"fr-FR\",\"@id\":\"https:\/\/www.sgeaj.ch\/fr\/#\/schema\/logo\/image\/\",\"url\":\"https:\/\/www.sgeaj.ch\/wp-content\/uploads\/2021\/06\/cropped-logo-xviiies-horiz-abreuviations-bleues.png\",\"contentUrl\":\"https:\/\/www.sgeaj.ch\/wp-content\/uploads\/2021\/06\/cropped-logo-xviiies-horiz-abreuviations-bleues.png\",\"width\":659,\"height\":335,\"caption\":\"Schweizerische Gesellschaft f\u00fcr die Erforschung des 18. Jahrhunderts (SGEAJ - SSEDS)\"},\"image\":{\"@id\":\"https:\/\/www.sgeaj.ch\/fr\/#\/schema\/logo\/image\/\"}},{\"@type\":\"Person\",\"@id\":\"https:\/\/www.sgeaj.ch\/fr\/#\/schema\/person\/2cd839eed625879a17645fc9f307c8e7\",\"name\":\"Nadja Ackermann\",\"url\":\"https:\/\/www.sgeaj.ch\/fr\/author\/naackermann\/\"}]}<\/script>\n<!-- \/ Yoast SEO plugin. -->","yoast_head_json":{"title":"CfA: Slavery and Serfdom in Europe and the New World - Schweizerische Gesellschaft f\u00fcr die Erforschung des 18. Jahrhunderts (SGEAJ - SSEDS)","robots":{"index":"index","follow":"follow","max-snippet":"max-snippet:-1","max-image-preview":"max-image-preview:large","max-video-preview":"max-video-preview:-1"},"canonical":"https:\/\/www.sgeaj.ch\/fr\/actualite\/call-for-papers-fr\/cfa-slavery-and-serfdom-in-europe-and-the-new-world\/","twitter_misc":{"\u00c9crit par":"Nadja Ackermann","Dur\u00e9e de lecture estim\u00e9e":"3 minutes"},"schema":{"@context":"https:\/\/schema.org","@graph":[{"@type":"Article","@id":"https:\/\/www.sgeaj.ch\/fr\/actualite\/call-for-papers-fr\/cfa-slavery-and-serfdom-in-europe-and-the-new-world\/#article","isPartOf":{"@id":"https:\/\/www.sgeaj.ch\/fr\/actualite\/call-for-papers-fr\/cfa-slavery-and-serfdom-in-europe-and-the-new-world\/"},"author":{"name":"Nadja Ackermann","@id":"https:\/\/www.sgeaj.ch\/fr\/#\/schema\/person\/2cd839eed625879a17645fc9f307c8e7"},"headline":"CfA: Slavery and Serfdom in Europe and the New World","datePublished":"2023-12-01T15:26:31+00:00","dateModified":"2023-12-01T15:28:29+00:00","mainEntityOfPage":{"@id":"https:\/\/www.sgeaj.ch\/fr\/actualite\/call-for-papers-fr\/cfa-slavery-and-serfdom-in-europe-and-the-new-world\/"},"wordCount":477,"publisher":{"@id":"https:\/\/www.sgeaj.ch\/fr\/#organization"},"image":{"@id":"https:\/\/www.sgeaj.ch\/fr\/actualite\/call-for-papers-fr\/cfa-slavery-and-serfdom-in-europe-and-the-new-world\/#primaryimage"},"thumbnailUrl":"https:\/\/www.sgeaj.ch\/wp-content\/uploads\/2023\/12\/thp-call-e1701444495714.jpg","articleSection":["Actualit\u00e9","Call for Papers"],"inLanguage":"fr-FR"},{"@type":"WebPage","@id":"https:\/\/www.sgeaj.ch\/fr\/actualite\/call-for-papers-fr\/cfa-slavery-and-serfdom-in-europe-and-the-new-world\/","url":"https:\/\/www.sgeaj.ch\/fr\/actualite\/call-for-papers-fr\/cfa-slavery-and-serfdom-in-europe-and-the-new-world\/","name":"CfA: Slavery and Serfdom in Europe and the New World - Schweizerische Gesellschaft f\u00fcr die Erforschung des 18. Jahrhunderts (SGEAJ - SSEDS)","isPartOf":{"@id":"https:\/\/www.sgeaj.ch\/fr\/#website"},"primaryImageOfPage":{"@id":"https:\/\/www.sgeaj.ch\/fr\/actualite\/call-for-papers-fr\/cfa-slavery-and-serfdom-in-europe-and-the-new-world\/#primaryimage"},"image":{"@id":"https:\/\/www.sgeaj.ch\/fr\/actualite\/call-for-papers-fr\/cfa-slavery-and-serfdom-in-europe-and-the-new-world\/#primaryimage"},"thumbnailUrl":"https:\/\/www.sgeaj.ch\/wp-content\/uploads\/2023\/12\/thp-call-e1701444495714.jpg","datePublished":"2023-12-01T15:26:31+00:00","dateModified":"2023-12-01T15:28:29+00:00","inLanguage":"fr-FR","potentialAction":[{"@type":"ReadAction","target":["https:\/\/www.sgeaj.ch\/fr\/actualite\/call-for-papers-fr\/cfa-slavery-and-serfdom-in-europe-and-the-new-world\/"]}]},{"@type":"ImageObject","inLanguage":"fr-FR","@id":"https:\/\/www.sgeaj.ch\/fr\/actualite\/call-for-papers-fr\/cfa-slavery-and-serfdom-in-europe-and-the-new-world\/#primaryimage","url":"https:\/\/www.sgeaj.ch\/wp-content\/uploads\/2023\/12\/thp-call-e1701444495714.jpg","contentUrl":"https:\/\/www.sgeaj.ch\/wp-content\/uploads\/2023\/12\/thp-call-e1701444495714.jpg","width":1240,"height":1240},{"@type":"WebSite","@id":"https:\/\/www.sgeaj.ch\/fr\/#website","url":"https:\/\/www.sgeaj.ch\/fr\/","name":"Schweizerische Gesellschaft f\u00fcr die Erforschung des 18. Jahrhunderts (SGEAJ - SSEDS)","description":"Schweizerische Gesellschaft f\u00fcr die Erforschung des 18. Jahrhunderts","publisher":{"@id":"https:\/\/www.sgeaj.ch\/fr\/#organization"},"potentialAction":[{"@type":"SearchAction","target":{"@type":"EntryPoint","urlTemplate":"https:\/\/www.sgeaj.ch\/fr\/?s={search_term_string}"},"query-input":{"@type":"PropertyValueSpecification","valueRequired":true,"valueName":"search_term_string"}}],"inLanguage":"fr-FR"},{"@type":"Organization","@id":"https:\/\/www.sgeaj.ch\/fr\/#organization","name":"Schweizerische Gesellschaft f\u00fcr die Erforschung des 18. Jahrhunderts (SGEAJ - SSEDS)","url":"https:\/\/www.sgeaj.ch\/fr\/","logo":{"@type":"ImageObject","inLanguage":"fr-FR","@id":"https:\/\/www.sgeaj.ch\/fr\/#\/schema\/logo\/image\/","url":"https:\/\/www.sgeaj.ch\/wp-content\/uploads\/2021\/06\/cropped-logo-xviiies-horiz-abreuviations-bleues.png","contentUrl":"https:\/\/www.sgeaj.ch\/wp-content\/uploads\/2021\/06\/cropped-logo-xviiies-horiz-abreuviations-bleues.png","width":659,"height":335,"caption":"Schweizerische Gesellschaft f\u00fcr die Erforschung des 18. Jahrhunderts (SGEAJ - SSEDS)"},"image":{"@id":"https:\/\/www.sgeaj.ch\/fr\/#\/schema\/logo\/image\/"}},{"@type":"Person","@id":"https:\/\/www.sgeaj.ch\/fr\/#\/schema\/person\/2cd839eed625879a17645fc9f307c8e7","name":"Nadja Ackermann","url":"https:\/\/www.sgeaj.ch\/fr\/author\/naackermann\/"}]}},"_links":{"self":[{"href":"https:\/\/www.sgeaj.ch\/fr\/wp-json\/wp\/v2\/posts\/7165","targetHints":{"allow":["GET"]}}],"collection":[{"href":"https:\/\/www.sgeaj.ch\/fr\/wp-json\/wp\/v2\/posts"}],"about":[{"href":"https:\/\/www.sgeaj.ch\/fr\/wp-json\/wp\/v2\/types\/post"}],"author":[{"embeddable":true,"href":"https:\/\/www.sgeaj.ch\/fr\/wp-json\/wp\/v2\/users\/7"}],"replies":[{"embeddable":true,"href":"https:\/\/www.sgeaj.ch\/fr\/wp-json\/wp\/v2\/comments?post=7165"}],"version-history":[{"count":2,"href":"https:\/\/www.sgeaj.ch\/fr\/wp-json\/wp\/v2\/posts\/7165\/revisions"}],"predecessor-version":[{"id":7169,"href":"https:\/\/www.sgeaj.ch\/fr\/wp-json\/wp\/v2\/posts\/7165\/revisions\/7169"}],"wp:featuredmedia":[{"embeddable":true,"href":"https:\/\/www.sgeaj.ch\/fr\/wp-json\/wp\/v2\/media\/7163"}],"wp:attachment":[{"href":"https:\/\/www.sgeaj.ch\/fr\/wp-json\/wp\/v2\/media?parent=7165"}],"wp:term":[{"taxonomy":"category","embeddable":true,"href":"https:\/\/www.sgeaj.ch\/fr\/wp-json\/wp\/v2\/categories?post=7165"},{"taxonomy":"post_tag","embeddable":true,"href":"https:\/\/www.sgeaj.ch\/fr\/wp-json\/wp\/v2\/tags?post=7165"}],"curies":[{"name":"wp","href":"https:\/\/api.w.org\/{rel}","templated":true}]}}