{"id":7174,"date":"2023-12-01T16:38:40","date_gmt":"2023-12-01T15:38:40","guid":{"rendered":"https:\/\/www.sgeaj.ch\/?p=7174"},"modified":"2023-12-01T16:39:55","modified_gmt":"2023-12-01T15:39:55","slug":"guichard-voltaire-et-les-jesuites-2023","status":"publish","type":"post","link":"https:\/\/www.sgeaj.ch\/fr\/actualite\/nouvelles-publications\/guichard-voltaire-et-les-jesuites-2023\/","title":{"rendered":"Guichard, Voltaire et les j\u00e9suites, 2023"},"content":{"rendered":"\n<h3 class=\"wp-block-heading\">Guichard, Olivier, Voltaire et les j\u00e9suites, \u00e9ditions Georg, 2023<\/h3>\n\n\n\n<p>La relation de Voltaire et de ses ma\u00eetres a tr\u00e8s t\u00f4t \u00e9t\u00e9 r\u00e9duite \u00e0 un cri de guerre, tout droit sorti de Candide : \u00ab Mangeons du j\u00e9suite, mangeons du j\u00e9suite \u00bb ! Foin des caricatures, le pr\u00e9sent travail rend justice \u00e0 l\u2019une des aventures intellectuelles les plus embl\u00e9matiques du si\u00e8cle des Lumi\u00e8res et en rappelle, \u00e0 l\u2019appui d\u2019une documentation en partie in\u00e9dite, et une logique d\u2019entr\u00e9es fid\u00e8le aux trait\u00e9s voltairiens (\u00ab Cat\u00e9chismes \u00bb, \u00ab Apostasies \u00bb, \u00ab \u00c9critures \u00bb) les principaux enjeux. Il s\u2019attarde, par-del\u00e0 les provocations de l\u2019un, et les archa\u00efsmes des autres, sur leur r\u00f4le respectif dans la d\u00e9fense d\u2019un humanisme et d\u2019un classicisme h\u00e9rit\u00e9s de la Renaissance et leur pr\u00e9vention commune contre le mat\u00e9rialisme et la soci\u00e9t\u00e9 du spectacle naissante. Issue d\u2019une th\u00e8se en litt\u00e9rature soutenue \u00e0 l\u2019Universit\u00e9 de Gen\u00e8ve, cette \u00e9tude restitue pour la premi\u00e8re fois les d\u00e9tails de l\u2019\u00e9ducation re\u00e7ue par Voltaire chez les j\u00e9suites. Elle \u00e9tablit le r\u00f4le majeur de Voltaire dans le renouveau de la pens\u00e9e aristot\u00e9licienne au XVIIIe si\u00e8cle et revient sur le refus de ses ma\u00eetres d\u2019en partager les th\u00e8ses.<\/p>\n\n\n\n<p>Ce livre est disponible en t\u00e9l\u00e9chargement <a href=\"https:\/\/www.georg.ch\/voltaire-et-les-jesuites\" target=\"_blank\" rel=\"noreferrer noopener\">ici<\/a>.<\/p>\n\n\n\n<p>Autres publications chez \u00e9ditions Georg<\/p>\n\n\n\n<ul class=\"wp-block-list\">\n<li>Beccaria VII, revue d&rsquo;histoire du droit de punir (<a href=\"https:\/\/www.georg.ch\/beccaria-vii\" target=\"_blank\" rel=\"noreferrer noopener\">https:\/\/www.georg.ch\/beccaria-vii<\/a>) <\/li>\n\n\n\n<li>Georges Benrekassa, L&rsquo;ach\u00e8vement des Lumi\u00e8res (<a href=\"https:\/\/www.georg.ch\/l-achevement-des-lumieres\" target=\"_blank\" rel=\"noreferrer noopener\">https:\/\/www.georg.ch\/l-achevement-des-lumieres<\/a>) <\/li>\n\n\n\n<li>Michel Porret (dir.), Les Lumi\u00e8res minuscules d&rsquo;un vitrier parisien (<a href=\"https:\/\/www.georg.ch\/les-lumieres-minuscules-d-un-vitrier-parisien\" target=\"_blank\" rel=\"noreferrer noopener\">https:\/\/www.georg.ch\/les-lumieres-minuscules-d-un-vitrier-parisien<\/a>) <\/li>\n\n\n\n<li>Annales Rousseau, tome 55 (<a href=\"https:\/\/www.georg.ch\/annales-de-la-societe-jean-jacques-rousseau-t-55\" target=\"_blank\" rel=\"noreferrer noopener\">https:\/\/www.georg.ch\/annales-de-la-societe-jean-jacques-rousseau-t-55<\/a>)<\/li>\n<\/ul>\n","protected":false},"excerpt":{"rendered":"<p>Guichard, Olivier, Voltaire et les j\u00e9suites, \u00e9ditions Georg, 2023 La relation de Voltaire et de ses ma\u00eetres a tr\u00e8s t\u00f4t \u00e9t\u00e9 r\u00e9duite \u00e0 un cri de guerre, tout droit sorti de Candide : \u00ab Mangeons du j\u00e9suite, mangeons du j\u00e9suite \u00bb ! Foin des caricatures, le pr\u00e9sent travail rend justice \u00e0 l\u2019une des aventures intellectuelles [&hellip;]<\/p>\n","protected":false},"author":7,"featured_media":7172,"comment_status":"closed","ping_status":"open","sticky":false,"template":"","format":"standard","meta":{"footnotes":""},"categories":[42,25],"tags":[],"class_list":{"0":"post-7174","1":"post","2":"type-post","3":"status-publish","4":"format-standard","5":"has-post-thumbnail","7":"category-actualite","8":"category-nouvelles-publications","9":"czr-hentry"},"yoast_head":"<!-- This site is optimized with the Yoast SEO plugin v26.9 - https:\/\/yoast.com\/product\/yoast-seo-wordpress\/ -->\n<title>Guichard, Voltaire et les j\u00e9suites, 2023 - Schweizerische Gesellschaft f\u00fcr die Erforschung des 18. Jahrhunderts (SGEAJ - SSEDS)<\/title>\n<meta name=\"robots\" content=\"index, follow, max-snippet:-1, max-image-preview:large, max-video-preview:-1\" \/>\n<link rel=\"canonical\" href=\"https:\/\/www.sgeaj.ch\/fr\/actualite\/nouvelles-publications\/guichard-voltaire-et-les-jesuites-2023\/\" \/>\n<meta name=\"twitter:label1\" content=\"\u00c9crit par\" \/>\n\t<meta name=\"twitter:data1\" content=\"Nadja Ackermann\" \/>\n\t<meta name=\"twitter:label2\" content=\"Dur\u00e9e de lecture estim\u00e9e\" \/>\n\t<meta name=\"twitter:data2\" content=\"2 minutes\" \/>\n<script type=\"application\/ld+json\" class=\"yoast-schema-graph\">{\"@context\":\"https:\/\/schema.org\",\"@graph\":[{\"@type\":\"Article\",\"@id\":\"https:\/\/www.sgeaj.ch\/fr\/actualite\/nouvelles-publications\/guichard-voltaire-et-les-jesuites-2023\/#article\",\"isPartOf\":{\"@id\":\"https:\/\/www.sgeaj.ch\/fr\/actualite\/nouvelles-publications\/guichard-voltaire-et-les-jesuites-2023\/\"},\"author\":{\"name\":\"Nadja Ackermann\",\"@id\":\"https:\/\/www.sgeaj.ch\/fr\/#\/schema\/person\/2cd839eed625879a17645fc9f307c8e7\"},\"headline\":\"Guichard, Voltaire et les j\u00e9suites, 2023\",\"datePublished\":\"2023-12-01T15:38:40+00:00\",\"dateModified\":\"2023-12-01T15:39:55+00:00\",\"mainEntityOfPage\":{\"@id\":\"https:\/\/www.sgeaj.ch\/fr\/actualite\/nouvelles-publications\/guichard-voltaire-et-les-jesuites-2023\/\"},\"wordCount\":294,\"publisher\":{\"@id\":\"https:\/\/www.sgeaj.ch\/fr\/#organization\"},\"image\":{\"@id\":\"https:\/\/www.sgeaj.ch\/fr\/actualite\/nouvelles-publications\/guichard-voltaire-et-les-jesuites-2023\/#primaryimage\"},\"thumbnailUrl\":\"https:\/\/www.sgeaj.ch\/wp-content\/uploads\/2023\/12\/georg-voltaire-et-les-jesuites.jpg\",\"articleSection\":[\"Actualit\u00e9\",\"Nouvelles publications\"],\"inLanguage\":\"fr-FR\"},{\"@type\":\"WebPage\",\"@id\":\"https:\/\/www.sgeaj.ch\/fr\/actualite\/nouvelles-publications\/guichard-voltaire-et-les-jesuites-2023\/\",\"url\":\"https:\/\/www.sgeaj.ch\/fr\/actualite\/nouvelles-publications\/guichard-voltaire-et-les-jesuites-2023\/\",\"name\":\"Guichard, Voltaire et les j\u00e9suites, 2023 - Schweizerische Gesellschaft f\u00fcr die Erforschung des 18. Jahrhunderts (SGEAJ - SSEDS)\",\"isPartOf\":{\"@id\":\"https:\/\/www.sgeaj.ch\/fr\/#website\"},\"primaryImageOfPage\":{\"@id\":\"https:\/\/www.sgeaj.ch\/fr\/actualite\/nouvelles-publications\/guichard-voltaire-et-les-jesuites-2023\/#primaryimage\"},\"image\":{\"@id\":\"https:\/\/www.sgeaj.ch\/fr\/actualite\/nouvelles-publications\/guichard-voltaire-et-les-jesuites-2023\/#primaryimage\"},\"thumbnailUrl\":\"https:\/\/www.sgeaj.ch\/wp-content\/uploads\/2023\/12\/georg-voltaire-et-les-jesuites.jpg\",\"datePublished\":\"2023-12-01T15:38:40+00:00\",\"dateModified\":\"2023-12-01T15:39:55+00:00\",\"inLanguage\":\"fr-FR\",\"potentialAction\":[{\"@type\":\"ReadAction\",\"target\":[\"https:\/\/www.sgeaj.ch\/fr\/actualite\/nouvelles-publications\/guichard-voltaire-et-les-jesuites-2023\/\"]}]},{\"@type\":\"ImageObject\",\"inLanguage\":\"fr-FR\",\"@id\":\"https:\/\/www.sgeaj.ch\/fr\/actualite\/nouvelles-publications\/guichard-voltaire-et-les-jesuites-2023\/#primaryimage\",\"url\":\"https:\/\/www.sgeaj.ch\/wp-content\/uploads\/2023\/12\/georg-voltaire-et-les-jesuites.jpg\",\"contentUrl\":\"https:\/\/www.sgeaj.ch\/wp-content\/uploads\/2023\/12\/georg-voltaire-et-les-jesuites.jpg\",\"width\":811,\"height\":1200},{\"@type\":\"WebSite\",\"@id\":\"https:\/\/www.sgeaj.ch\/fr\/#website\",\"url\":\"https:\/\/www.sgeaj.ch\/fr\/\",\"name\":\"Schweizerische Gesellschaft f\u00fcr die Erforschung des 18. Jahrhunderts (SGEAJ - SSEDS)\",\"description\":\"Schweizerische Gesellschaft f\u00fcr die Erforschung des 18. Jahrhunderts\",\"publisher\":{\"@id\":\"https:\/\/www.sgeaj.ch\/fr\/#organization\"},\"potentialAction\":[{\"@type\":\"SearchAction\",\"target\":{\"@type\":\"EntryPoint\",\"urlTemplate\":\"https:\/\/www.sgeaj.ch\/fr\/?s={search_term_string}\"},\"query-input\":{\"@type\":\"PropertyValueSpecification\",\"valueRequired\":true,\"valueName\":\"search_term_string\"}}],\"inLanguage\":\"fr-FR\"},{\"@type\":\"Organization\",\"@id\":\"https:\/\/www.sgeaj.ch\/fr\/#organization\",\"name\":\"Schweizerische Gesellschaft f\u00fcr die Erforschung des 18. Jahrhunderts (SGEAJ - SSEDS)\",\"url\":\"https:\/\/www.sgeaj.ch\/fr\/\",\"logo\":{\"@type\":\"ImageObject\",\"inLanguage\":\"fr-FR\",\"@id\":\"https:\/\/www.sgeaj.ch\/fr\/#\/schema\/logo\/image\/\",\"url\":\"https:\/\/www.sgeaj.ch\/wp-content\/uploads\/2021\/06\/cropped-logo-xviiies-horiz-abreuviations-bleues.png\",\"contentUrl\":\"https:\/\/www.sgeaj.ch\/wp-content\/uploads\/2021\/06\/cropped-logo-xviiies-horiz-abreuviations-bleues.png\",\"width\":659,\"height\":335,\"caption\":\"Schweizerische Gesellschaft f\u00fcr die Erforschung des 18. Jahrhunderts (SGEAJ - SSEDS)\"},\"image\":{\"@id\":\"https:\/\/www.sgeaj.ch\/fr\/#\/schema\/logo\/image\/\"}},{\"@type\":\"Person\",\"@id\":\"https:\/\/www.sgeaj.ch\/fr\/#\/schema\/person\/2cd839eed625879a17645fc9f307c8e7\",\"name\":\"Nadja Ackermann\",\"url\":\"https:\/\/www.sgeaj.ch\/fr\/author\/naackermann\/\"}]}<\/script>\n<!-- \/ Yoast SEO plugin. -->","yoast_head_json":{"title":"Guichard, Voltaire et les j\u00e9suites, 2023 - Schweizerische Gesellschaft f\u00fcr die Erforschung des 18. Jahrhunderts (SGEAJ - SSEDS)","robots":{"index":"index","follow":"follow","max-snippet":"max-snippet:-1","max-image-preview":"max-image-preview:large","max-video-preview":"max-video-preview:-1"},"canonical":"https:\/\/www.sgeaj.ch\/fr\/actualite\/nouvelles-publications\/guichard-voltaire-et-les-jesuites-2023\/","twitter_misc":{"\u00c9crit par":"Nadja Ackermann","Dur\u00e9e de lecture estim\u00e9e":"2 minutes"},"schema":{"@context":"https:\/\/schema.org","@graph":[{"@type":"Article","@id":"https:\/\/www.sgeaj.ch\/fr\/actualite\/nouvelles-publications\/guichard-voltaire-et-les-jesuites-2023\/#article","isPartOf":{"@id":"https:\/\/www.sgeaj.ch\/fr\/actualite\/nouvelles-publications\/guichard-voltaire-et-les-jesuites-2023\/"},"author":{"name":"Nadja Ackermann","@id":"https:\/\/www.sgeaj.ch\/fr\/#\/schema\/person\/2cd839eed625879a17645fc9f307c8e7"},"headline":"Guichard, Voltaire et les j\u00e9suites, 2023","datePublished":"2023-12-01T15:38:40+00:00","dateModified":"2023-12-01T15:39:55+00:00","mainEntityOfPage":{"@id":"https:\/\/www.sgeaj.ch\/fr\/actualite\/nouvelles-publications\/guichard-voltaire-et-les-jesuites-2023\/"},"wordCount":294,"publisher":{"@id":"https:\/\/www.sgeaj.ch\/fr\/#organization"},"image":{"@id":"https:\/\/www.sgeaj.ch\/fr\/actualite\/nouvelles-publications\/guichard-voltaire-et-les-jesuites-2023\/#primaryimage"},"thumbnailUrl":"https:\/\/www.sgeaj.ch\/wp-content\/uploads\/2023\/12\/georg-voltaire-et-les-jesuites.jpg","articleSection":["Actualit\u00e9","Nouvelles publications"],"inLanguage":"fr-FR"},{"@type":"WebPage","@id":"https:\/\/www.sgeaj.ch\/fr\/actualite\/nouvelles-publications\/guichard-voltaire-et-les-jesuites-2023\/","url":"https:\/\/www.sgeaj.ch\/fr\/actualite\/nouvelles-publications\/guichard-voltaire-et-les-jesuites-2023\/","name":"Guichard, Voltaire et les j\u00e9suites, 2023 - Schweizerische Gesellschaft f\u00fcr die Erforschung des 18. Jahrhunderts (SGEAJ - SSEDS)","isPartOf":{"@id":"https:\/\/www.sgeaj.ch\/fr\/#website"},"primaryImageOfPage":{"@id":"https:\/\/www.sgeaj.ch\/fr\/actualite\/nouvelles-publications\/guichard-voltaire-et-les-jesuites-2023\/#primaryimage"},"image":{"@id":"https:\/\/www.sgeaj.ch\/fr\/actualite\/nouvelles-publications\/guichard-voltaire-et-les-jesuites-2023\/#primaryimage"},"thumbnailUrl":"https:\/\/www.sgeaj.ch\/wp-content\/uploads\/2023\/12\/georg-voltaire-et-les-jesuites.jpg","datePublished":"2023-12-01T15:38:40+00:00","dateModified":"2023-12-01T15:39:55+00:00","inLanguage":"fr-FR","potentialAction":[{"@type":"ReadAction","target":["https:\/\/www.sgeaj.ch\/fr\/actualite\/nouvelles-publications\/guichard-voltaire-et-les-jesuites-2023\/"]}]},{"@type":"ImageObject","inLanguage":"fr-FR","@id":"https:\/\/www.sgeaj.ch\/fr\/actualite\/nouvelles-publications\/guichard-voltaire-et-les-jesuites-2023\/#primaryimage","url":"https:\/\/www.sgeaj.ch\/wp-content\/uploads\/2023\/12\/georg-voltaire-et-les-jesuites.jpg","contentUrl":"https:\/\/www.sgeaj.ch\/wp-content\/uploads\/2023\/12\/georg-voltaire-et-les-jesuites.jpg","width":811,"height":1200},{"@type":"WebSite","@id":"https:\/\/www.sgeaj.ch\/fr\/#website","url":"https:\/\/www.sgeaj.ch\/fr\/","name":"Schweizerische Gesellschaft f\u00fcr die Erforschung des 18. Jahrhunderts (SGEAJ - SSEDS)","description":"Schweizerische Gesellschaft f\u00fcr die Erforschung des 18. Jahrhunderts","publisher":{"@id":"https:\/\/www.sgeaj.ch\/fr\/#organization"},"potentialAction":[{"@type":"SearchAction","target":{"@type":"EntryPoint","urlTemplate":"https:\/\/www.sgeaj.ch\/fr\/?s={search_term_string}"},"query-input":{"@type":"PropertyValueSpecification","valueRequired":true,"valueName":"search_term_string"}}],"inLanguage":"fr-FR"},{"@type":"Organization","@id":"https:\/\/www.sgeaj.ch\/fr\/#organization","name":"Schweizerische Gesellschaft f\u00fcr die Erforschung des 18. Jahrhunderts (SGEAJ - SSEDS)","url":"https:\/\/www.sgeaj.ch\/fr\/","logo":{"@type":"ImageObject","inLanguage":"fr-FR","@id":"https:\/\/www.sgeaj.ch\/fr\/#\/schema\/logo\/image\/","url":"https:\/\/www.sgeaj.ch\/wp-content\/uploads\/2021\/06\/cropped-logo-xviiies-horiz-abreuviations-bleues.png","contentUrl":"https:\/\/www.sgeaj.ch\/wp-content\/uploads\/2021\/06\/cropped-logo-xviiies-horiz-abreuviations-bleues.png","width":659,"height":335,"caption":"Schweizerische Gesellschaft f\u00fcr die Erforschung des 18. Jahrhunderts (SGEAJ - SSEDS)"},"image":{"@id":"https:\/\/www.sgeaj.ch\/fr\/#\/schema\/logo\/image\/"}},{"@type":"Person","@id":"https:\/\/www.sgeaj.ch\/fr\/#\/schema\/person\/2cd839eed625879a17645fc9f307c8e7","name":"Nadja Ackermann","url":"https:\/\/www.sgeaj.ch\/fr\/author\/naackermann\/"}]}},"_links":{"self":[{"href":"https:\/\/www.sgeaj.ch\/fr\/wp-json\/wp\/v2\/posts\/7174","targetHints":{"allow":["GET"]}}],"collection":[{"href":"https:\/\/www.sgeaj.ch\/fr\/wp-json\/wp\/v2\/posts"}],"about":[{"href":"https:\/\/www.sgeaj.ch\/fr\/wp-json\/wp\/v2\/types\/post"}],"author":[{"embeddable":true,"href":"https:\/\/www.sgeaj.ch\/fr\/wp-json\/wp\/v2\/users\/7"}],"replies":[{"embeddable":true,"href":"https:\/\/www.sgeaj.ch\/fr\/wp-json\/wp\/v2\/comments?post=7174"}],"version-history":[{"count":2,"href":"https:\/\/www.sgeaj.ch\/fr\/wp-json\/wp\/v2\/posts\/7174\/revisions"}],"predecessor-version":[{"id":7177,"href":"https:\/\/www.sgeaj.ch\/fr\/wp-json\/wp\/v2\/posts\/7174\/revisions\/7177"}],"wp:featuredmedia":[{"embeddable":true,"href":"https:\/\/www.sgeaj.ch\/fr\/wp-json\/wp\/v2\/media\/7172"}],"wp:attachment":[{"href":"https:\/\/www.sgeaj.ch\/fr\/wp-json\/wp\/v2\/media?parent=7174"}],"wp:term":[{"taxonomy":"category","embeddable":true,"href":"https:\/\/www.sgeaj.ch\/fr\/wp-json\/wp\/v2\/categories?post=7174"},{"taxonomy":"post_tag","embeddable":true,"href":"https:\/\/www.sgeaj.ch\/fr\/wp-json\/wp\/v2\/tags?post=7174"}],"curies":[{"name":"wp","href":"https:\/\/api.w.org\/{rel}","templated":true}]}}