{"id":7254,"date":"2024-03-26T20:17:46","date_gmt":"2024-03-26T19:17:46","guid":{"rendered":"https:\/\/www.sgeaj.ch\/?p=7254"},"modified":"2024-03-26T20:17:49","modified_gmt":"2024-03-26T19:17:49","slug":"casati-brochier-la-suisse-au-coeur-de-leurope","status":"publish","type":"post","link":"https:\/\/www.sgeaj.ch\/fr\/actualite\/casati-brochier-la-suisse-au-coeur-de-leurope\/","title":{"rendered":"Casati-Brochier, La Suisse au coeur de l&rsquo;europe"},"content":{"rendered":"\n<h3 class=\"wp-block-heading\"><em>Fran\u00e7ois Casati-Brochier, La Suisse au c\u0153ur de l\u2019Europe: De la r\u00e9vocation de l\u2019Edit de Nantes \u00e0 la succession de Charles II d\u2019Espagne, la Suisse sollicit\u00e9e (Tome 6, volume 2), Sierre 2019<\/em><\/h3>\n\n\n\n<p>Dans le second volume de ce 6\u00e8me tome, nous assistons \u00e0 trois \u00e9v\u00e9nements majeurs de l\u2019histoire europ\u00e9enne : la r\u00e9vocation de l\u2019Edit de Nantes par Louis XIV, le conflit entre Jacques II d\u2019Angleterre et son gendre William III d\u2019Orange et la guerre de succession d\u2019Espagne. Si la Suisse est au c\u0153ur de l\u2019Europe g\u00e9ographiquement, elle reste \u00e0 l\u2019\u00e9cart politiquement. Cette d\u00e9fiance instinctive provient de son histoire militaire. Les troupes helv\u00e9tiques ont plus souvent combattu en dehors des fronti\u00e8res de la Conf\u00e9d\u00e9ration qu\u2019en dedans et plus volontiers pour les int\u00e9r\u00eats des puissances \u00e9trang\u00e8res que pour sa propre s\u00e9curit\u00e9. De l\u00e0 est venue sa culture de la neutralit\u00e9, qui favorisa son unit\u00e9, en d\u00e9pit de ses divisions confessionnelles. Son organisation cantonale a \u00e9t\u00e9 le meilleur garant de sa diversit\u00e9 naturelle.<br>La chronique se termine avec le retour \u00e0 Milan de Carlo Casati, dernier ambassadeur d\u2019Espagne en Suisse et aux Grisons. Depuis Alfonso I, son arri\u00e8re-grand-p\u00e8re, six membres de la famille Casati ont occup\u00e9 le si\u00e8ge diplomatique de Lucerne.<\/p>\n\n\n\n<p>Pour voir les 13 autres volumes de \u00ab\u00a0La Suisse au coeur de l&rsquo;Europe\u00a0\u00bb, consultez dette <a href=\"https:\/\/www.editions-carte.ch\/editions\/francois-casati-brochier-1183.html\" target=\"_blank\" rel=\"noreferrer noopener\">page<\/a>.<\/p>\n","protected":false},"excerpt":{"rendered":"<p>Fran\u00e7ois Casati-Brochier, La Suisse au c\u0153ur de l\u2019Europe: De la r\u00e9vocation de l\u2019Edit de Nantes \u00e0 la succession de Charles II d\u2019Espagne, la Suisse sollicit\u00e9e (Tome 6, volume 2), Sierre 2019 Dans le second volume de ce 6\u00e8me tome, nous assistons \u00e0 trois \u00e9v\u00e9nements majeurs de l\u2019histoire europ\u00e9enne : la r\u00e9vocation de l\u2019Edit de Nantes [&hellip;]<\/p>\n","protected":false},"author":7,"featured_media":7252,"comment_status":"closed","ping_status":"open","sticky":false,"template":"","format":"standard","meta":{"footnotes":""},"categories":[42,25],"tags":[],"class_list":{"0":"post-7254","1":"post","2":"type-post","3":"status-publish","4":"format-standard","5":"has-post-thumbnail","7":"category-actualite","8":"category-nouvelles-publications","9":"czr-hentry"},"yoast_head":"<!-- This site is optimized with the Yoast SEO plugin v26.9 - https:\/\/yoast.com\/product\/yoast-seo-wordpress\/ -->\n<title>Casati-Brochier, La Suisse au coeur de l&#039;europe - Schweizerische Gesellschaft f\u00fcr die Erforschung des 18. Jahrhunderts (SGEAJ - SSEDS)<\/title>\n<meta name=\"robots\" content=\"index, follow, max-snippet:-1, max-image-preview:large, max-video-preview:-1\" \/>\n<link rel=\"canonical\" href=\"https:\/\/www.sgeaj.ch\/fr\/actualite\/casati-brochier-la-suisse-au-coeur-de-leurope\/\" \/>\n<meta name=\"twitter:label1\" content=\"\u00c9crit par\" \/>\n\t<meta name=\"twitter:data1\" content=\"Nadja Ackermann\" \/>\n\t<meta name=\"twitter:label2\" content=\"Dur\u00e9e de lecture estim\u00e9e\" \/>\n\t<meta name=\"twitter:data2\" content=\"2 minutes\" \/>\n<script type=\"application\/ld+json\" class=\"yoast-schema-graph\">{\"@context\":\"https:\/\/schema.org\",\"@graph\":[{\"@type\":\"Article\",\"@id\":\"https:\/\/www.sgeaj.ch\/fr\/actualite\/casati-brochier-la-suisse-au-coeur-de-leurope\/#article\",\"isPartOf\":{\"@id\":\"https:\/\/www.sgeaj.ch\/fr\/actualite\/casati-brochier-la-suisse-au-coeur-de-leurope\/\"},\"author\":{\"name\":\"Nadja Ackermann\",\"@id\":\"https:\/\/www.sgeaj.ch\/fr\/#\/schema\/person\/2cd839eed625879a17645fc9f307c8e7\"},\"headline\":\"Casati-Brochier, La Suisse au coeur de l&rsquo;europe\",\"datePublished\":\"2024-03-26T19:17:46+00:00\",\"dateModified\":\"2024-03-26T19:17:49+00:00\",\"mainEntityOfPage\":{\"@id\":\"https:\/\/www.sgeaj.ch\/fr\/actualite\/casati-brochier-la-suisse-au-coeur-de-leurope\/\"},\"wordCount\":247,\"publisher\":{\"@id\":\"https:\/\/www.sgeaj.ch\/fr\/#organization\"},\"image\":{\"@id\":\"https:\/\/www.sgeaj.ch\/fr\/actualite\/casati-brochier-la-suisse-au-coeur-de-leurope\/#primaryimage\"},\"thumbnailUrl\":\"https:\/\/www.sgeaj.ch\/wp-content\/uploads\/2024\/03\/suisse.jpg\",\"articleSection\":[\"Actualit\u00e9\",\"Nouvelles publications\"],\"inLanguage\":\"fr-FR\"},{\"@type\":\"WebPage\",\"@id\":\"https:\/\/www.sgeaj.ch\/fr\/actualite\/casati-brochier-la-suisse-au-coeur-de-leurope\/\",\"url\":\"https:\/\/www.sgeaj.ch\/fr\/actualite\/casati-brochier-la-suisse-au-coeur-de-leurope\/\",\"name\":\"Casati-Brochier, La Suisse au coeur de l'europe - Schweizerische Gesellschaft f\u00fcr die Erforschung des 18. Jahrhunderts (SGEAJ - SSEDS)\",\"isPartOf\":{\"@id\":\"https:\/\/www.sgeaj.ch\/fr\/#website\"},\"primaryImageOfPage\":{\"@id\":\"https:\/\/www.sgeaj.ch\/fr\/actualite\/casati-brochier-la-suisse-au-coeur-de-leurope\/#primaryimage\"},\"image\":{\"@id\":\"https:\/\/www.sgeaj.ch\/fr\/actualite\/casati-brochier-la-suisse-au-coeur-de-leurope\/#primaryimage\"},\"thumbnailUrl\":\"https:\/\/www.sgeaj.ch\/wp-content\/uploads\/2024\/03\/suisse.jpg\",\"datePublished\":\"2024-03-26T19:17:46+00:00\",\"dateModified\":\"2024-03-26T19:17:49+00:00\",\"inLanguage\":\"fr-FR\",\"potentialAction\":[{\"@type\":\"ReadAction\",\"target\":[\"https:\/\/www.sgeaj.ch\/fr\/actualite\/casati-brochier-la-suisse-au-coeur-de-leurope\/\"]}]},{\"@type\":\"ImageObject\",\"inLanguage\":\"fr-FR\",\"@id\":\"https:\/\/www.sgeaj.ch\/fr\/actualite\/casati-brochier-la-suisse-au-coeur-de-leurope\/#primaryimage\",\"url\":\"https:\/\/www.sgeaj.ch\/wp-content\/uploads\/2024\/03\/suisse.jpg\",\"contentUrl\":\"https:\/\/www.sgeaj.ch\/wp-content\/uploads\/2024\/03\/suisse.jpg\",\"width\":328,\"height\":219},{\"@type\":\"WebSite\",\"@id\":\"https:\/\/www.sgeaj.ch\/fr\/#website\",\"url\":\"https:\/\/www.sgeaj.ch\/fr\/\",\"name\":\"Schweizerische Gesellschaft f\u00fcr die Erforschung des 18. Jahrhunderts (SGEAJ - SSEDS)\",\"description\":\"Schweizerische Gesellschaft f\u00fcr die Erforschung des 18. Jahrhunderts\",\"publisher\":{\"@id\":\"https:\/\/www.sgeaj.ch\/fr\/#organization\"},\"potentialAction\":[{\"@type\":\"SearchAction\",\"target\":{\"@type\":\"EntryPoint\",\"urlTemplate\":\"https:\/\/www.sgeaj.ch\/fr\/?s={search_term_string}\"},\"query-input\":{\"@type\":\"PropertyValueSpecification\",\"valueRequired\":true,\"valueName\":\"search_term_string\"}}],\"inLanguage\":\"fr-FR\"},{\"@type\":\"Organization\",\"@id\":\"https:\/\/www.sgeaj.ch\/fr\/#organization\",\"name\":\"Schweizerische Gesellschaft f\u00fcr die Erforschung des 18. Jahrhunderts (SGEAJ - SSEDS)\",\"url\":\"https:\/\/www.sgeaj.ch\/fr\/\",\"logo\":{\"@type\":\"ImageObject\",\"inLanguage\":\"fr-FR\",\"@id\":\"https:\/\/www.sgeaj.ch\/fr\/#\/schema\/logo\/image\/\",\"url\":\"https:\/\/www.sgeaj.ch\/wp-content\/uploads\/2021\/06\/cropped-logo-xviiies-horiz-abreuviations-bleues.png\",\"contentUrl\":\"https:\/\/www.sgeaj.ch\/wp-content\/uploads\/2021\/06\/cropped-logo-xviiies-horiz-abreuviations-bleues.png\",\"width\":659,\"height\":335,\"caption\":\"Schweizerische Gesellschaft f\u00fcr die Erforschung des 18. Jahrhunderts (SGEAJ - SSEDS)\"},\"image\":{\"@id\":\"https:\/\/www.sgeaj.ch\/fr\/#\/schema\/logo\/image\/\"}},{\"@type\":\"Person\",\"@id\":\"https:\/\/www.sgeaj.ch\/fr\/#\/schema\/person\/2cd839eed625879a17645fc9f307c8e7\",\"name\":\"Nadja Ackermann\",\"url\":\"https:\/\/www.sgeaj.ch\/fr\/author\/naackermann\/\"}]}<\/script>\n<!-- \/ Yoast SEO plugin. -->","yoast_head_json":{"title":"Casati-Brochier, La Suisse au coeur de l'europe - Schweizerische Gesellschaft f\u00fcr die Erforschung des 18. Jahrhunderts (SGEAJ - SSEDS)","robots":{"index":"index","follow":"follow","max-snippet":"max-snippet:-1","max-image-preview":"max-image-preview:large","max-video-preview":"max-video-preview:-1"},"canonical":"https:\/\/www.sgeaj.ch\/fr\/actualite\/casati-brochier-la-suisse-au-coeur-de-leurope\/","twitter_misc":{"\u00c9crit par":"Nadja Ackermann","Dur\u00e9e de lecture estim\u00e9e":"2 minutes"},"schema":{"@context":"https:\/\/schema.org","@graph":[{"@type":"Article","@id":"https:\/\/www.sgeaj.ch\/fr\/actualite\/casati-brochier-la-suisse-au-coeur-de-leurope\/#article","isPartOf":{"@id":"https:\/\/www.sgeaj.ch\/fr\/actualite\/casati-brochier-la-suisse-au-coeur-de-leurope\/"},"author":{"name":"Nadja Ackermann","@id":"https:\/\/www.sgeaj.ch\/fr\/#\/schema\/person\/2cd839eed625879a17645fc9f307c8e7"},"headline":"Casati-Brochier, La Suisse au coeur de l&rsquo;europe","datePublished":"2024-03-26T19:17:46+00:00","dateModified":"2024-03-26T19:17:49+00:00","mainEntityOfPage":{"@id":"https:\/\/www.sgeaj.ch\/fr\/actualite\/casati-brochier-la-suisse-au-coeur-de-leurope\/"},"wordCount":247,"publisher":{"@id":"https:\/\/www.sgeaj.ch\/fr\/#organization"},"image":{"@id":"https:\/\/www.sgeaj.ch\/fr\/actualite\/casati-brochier-la-suisse-au-coeur-de-leurope\/#primaryimage"},"thumbnailUrl":"https:\/\/www.sgeaj.ch\/wp-content\/uploads\/2024\/03\/suisse.jpg","articleSection":["Actualit\u00e9","Nouvelles publications"],"inLanguage":"fr-FR"},{"@type":"WebPage","@id":"https:\/\/www.sgeaj.ch\/fr\/actualite\/casati-brochier-la-suisse-au-coeur-de-leurope\/","url":"https:\/\/www.sgeaj.ch\/fr\/actualite\/casati-brochier-la-suisse-au-coeur-de-leurope\/","name":"Casati-Brochier, La Suisse au coeur de l'europe - Schweizerische Gesellschaft f\u00fcr die Erforschung des 18. Jahrhunderts (SGEAJ - SSEDS)","isPartOf":{"@id":"https:\/\/www.sgeaj.ch\/fr\/#website"},"primaryImageOfPage":{"@id":"https:\/\/www.sgeaj.ch\/fr\/actualite\/casati-brochier-la-suisse-au-coeur-de-leurope\/#primaryimage"},"image":{"@id":"https:\/\/www.sgeaj.ch\/fr\/actualite\/casati-brochier-la-suisse-au-coeur-de-leurope\/#primaryimage"},"thumbnailUrl":"https:\/\/www.sgeaj.ch\/wp-content\/uploads\/2024\/03\/suisse.jpg","datePublished":"2024-03-26T19:17:46+00:00","dateModified":"2024-03-26T19:17:49+00:00","inLanguage":"fr-FR","potentialAction":[{"@type":"ReadAction","target":["https:\/\/www.sgeaj.ch\/fr\/actualite\/casati-brochier-la-suisse-au-coeur-de-leurope\/"]}]},{"@type":"ImageObject","inLanguage":"fr-FR","@id":"https:\/\/www.sgeaj.ch\/fr\/actualite\/casati-brochier-la-suisse-au-coeur-de-leurope\/#primaryimage","url":"https:\/\/www.sgeaj.ch\/wp-content\/uploads\/2024\/03\/suisse.jpg","contentUrl":"https:\/\/www.sgeaj.ch\/wp-content\/uploads\/2024\/03\/suisse.jpg","width":328,"height":219},{"@type":"WebSite","@id":"https:\/\/www.sgeaj.ch\/fr\/#website","url":"https:\/\/www.sgeaj.ch\/fr\/","name":"Schweizerische Gesellschaft f\u00fcr die Erforschung des 18. Jahrhunderts (SGEAJ - SSEDS)","description":"Schweizerische Gesellschaft f\u00fcr die Erforschung des 18. Jahrhunderts","publisher":{"@id":"https:\/\/www.sgeaj.ch\/fr\/#organization"},"potentialAction":[{"@type":"SearchAction","target":{"@type":"EntryPoint","urlTemplate":"https:\/\/www.sgeaj.ch\/fr\/?s={search_term_string}"},"query-input":{"@type":"PropertyValueSpecification","valueRequired":true,"valueName":"search_term_string"}}],"inLanguage":"fr-FR"},{"@type":"Organization","@id":"https:\/\/www.sgeaj.ch\/fr\/#organization","name":"Schweizerische Gesellschaft f\u00fcr die Erforschung des 18. Jahrhunderts (SGEAJ - SSEDS)","url":"https:\/\/www.sgeaj.ch\/fr\/","logo":{"@type":"ImageObject","inLanguage":"fr-FR","@id":"https:\/\/www.sgeaj.ch\/fr\/#\/schema\/logo\/image\/","url":"https:\/\/www.sgeaj.ch\/wp-content\/uploads\/2021\/06\/cropped-logo-xviiies-horiz-abreuviations-bleues.png","contentUrl":"https:\/\/www.sgeaj.ch\/wp-content\/uploads\/2021\/06\/cropped-logo-xviiies-horiz-abreuviations-bleues.png","width":659,"height":335,"caption":"Schweizerische Gesellschaft f\u00fcr die Erforschung des 18. Jahrhunderts (SGEAJ - SSEDS)"},"image":{"@id":"https:\/\/www.sgeaj.ch\/fr\/#\/schema\/logo\/image\/"}},{"@type":"Person","@id":"https:\/\/www.sgeaj.ch\/fr\/#\/schema\/person\/2cd839eed625879a17645fc9f307c8e7","name":"Nadja Ackermann","url":"https:\/\/www.sgeaj.ch\/fr\/author\/naackermann\/"}]}},"_links":{"self":[{"href":"https:\/\/www.sgeaj.ch\/fr\/wp-json\/wp\/v2\/posts\/7254","targetHints":{"allow":["GET"]}}],"collection":[{"href":"https:\/\/www.sgeaj.ch\/fr\/wp-json\/wp\/v2\/posts"}],"about":[{"href":"https:\/\/www.sgeaj.ch\/fr\/wp-json\/wp\/v2\/types\/post"}],"author":[{"embeddable":true,"href":"https:\/\/www.sgeaj.ch\/fr\/wp-json\/wp\/v2\/users\/7"}],"replies":[{"embeddable":true,"href":"https:\/\/www.sgeaj.ch\/fr\/wp-json\/wp\/v2\/comments?post=7254"}],"version-history":[{"count":1,"href":"https:\/\/www.sgeaj.ch\/fr\/wp-json\/wp\/v2\/posts\/7254\/revisions"}],"predecessor-version":[{"id":7255,"href":"https:\/\/www.sgeaj.ch\/fr\/wp-json\/wp\/v2\/posts\/7254\/revisions\/7255"}],"wp:featuredmedia":[{"embeddable":true,"href":"https:\/\/www.sgeaj.ch\/fr\/wp-json\/wp\/v2\/media\/7252"}],"wp:attachment":[{"href":"https:\/\/www.sgeaj.ch\/fr\/wp-json\/wp\/v2\/media?parent=7254"}],"wp:term":[{"taxonomy":"category","embeddable":true,"href":"https:\/\/www.sgeaj.ch\/fr\/wp-json\/wp\/v2\/categories?post=7254"},{"taxonomy":"post_tag","embeddable":true,"href":"https:\/\/www.sgeaj.ch\/fr\/wp-json\/wp\/v2\/tags?post=7254"}],"curies":[{"name":"wp","href":"https:\/\/api.w.org\/{rel}","templated":true}]}}