{"id":7266,"date":"2024-04-09T20:27:18","date_gmt":"2024-04-09T18:27:18","guid":{"rendered":"https:\/\/www.sgeaj.ch\/?p=7266"},"modified":"2024-04-09T20:27:20","modified_gmt":"2024-04-09T18:27:20","slug":"vernissage-une-gouvernante-entre-berlin-et-saint-petersbourg","status":"publish","type":"post","link":"https:\/\/www.sgeaj.ch\/fr\/aktualitaet\/vernissage-une-gouvernante-entre-berlin-et-saint-petersbourg\/","title":{"rendered":"Vernissage: Une gouvernante entre Berlin et Saint-P\u00e9tersbourg"},"content":{"rendered":"\n<h3 class=\"wp-block-heading\"><em>Marguerite Wildermeth: Une gouvernante biennoise entre les Cours de Berlin et de Saint-P\u00e9tersbourg, vernissage<\/em>, Nouveau Mus\u00e9e de Bienne, Faubourg du Lac 52, 15 mai 2024, 18 h 00<\/h3>\n\n\n\n<p>Partie en 1800 \u00e0 l\u2019\u00e9tranger comme gouvernante, la Biennoise Marguerite Wildermeth (1777-1839) se voit confier pendant pr\u00e8s d\u2019une dizaine d\u2019ann\u00e9es la jeune Charlotte de Prusse, future imp\u00e9ratrice de Russie. Confidente de \u00ab sa \u00bb princesse, elle la rejoint \u00e0 plusieurs reprises \u00e0 la Cour de Saint-P\u00e9tersbourg, et accompagne son ascension en l\u2019entourant de ses conseils. <br>Injustement tomb\u00e9e dans l\u2019oubli, comme tant d\u2019autres \u00e9ducatrices suisses dans des Cours europ\u00e9ennes, cette diplomate avant la lettre est mise en lumi\u00e8re au fil du volume gr\u00e2ce \u00e0 une enqu\u00eate minutieuse<br>dans les archives allemandes, polonaises et russes.<br>Le vernissage du livre offrira au public l\u2019occasion de d\u00e9couvrir quelques jalons marquants de l\u2019enqu\u00eate historique consacr\u00e9e \u00e0 Marguerite Wildermeth tout en \u00e9largissant la r\u00e9flexion sur le pass\u00e9 et le pr\u00e9sent des<br>femmes dans la diplomatie suisse.<\/p>\n\n\n\n<div data-wp-interactive=\"core\/file\" class=\"wp-block-file\"><object data-wp-bind--hidden=\"!state.hasPdfPreview\" hidden class=\"wp-block-file__embed\" data=\"https:\/\/www.sgeaj.ch\/wp-content\/uploads\/2024\/04\/wildermeth-invitation.pdf\" type=\"application\/pdf\" style=\"width:100%;height:600px\" aria-label=\"Contenu embarqu\u00e9 Wildermeth_Invitation.\"><\/object><a id=\"wp-block-file--media-10819dab-7d20-44b7-8631-3626bb249078\" href=\"https:\/\/www.sgeaj.ch\/wp-content\/uploads\/2024\/04\/wildermeth-invitation.pdf\">Wildermeth_Invitation<\/a><a href=\"https:\/\/www.sgeaj.ch\/wp-content\/uploads\/2024\/04\/wildermeth-invitation.pdf\" class=\"wp-block-file__button wp-element-button\" download aria-describedby=\"wp-block-file--media-10819dab-7d20-44b7-8631-3626bb249078\">Herunterladen<\/a><\/div>\n\n\n\n<h3 class=\"wp-block-heading\"><\/h3>\n","protected":false},"excerpt":{"rendered":"<p>Marguerite Wildermeth: Une gouvernante biennoise entre les Cours de Berlin et de Saint-P\u00e9tersbourg, vernissage, Nouveau Mus\u00e9e de Bienne, Faubourg du Lac 52, 15 mai 2024, 18 h 00 Partie en 1800 \u00e0 l\u2019\u00e9tranger comme gouvernante, la Biennoise Marguerite Wildermeth (1777-1839) se voit confier pendant pr\u00e8s d\u2019une dizaine d\u2019ann\u00e9es la jeune Charlotte de Prusse, future imp\u00e9ratrice [&hellip;]<\/p>\n","protected":false},"author":7,"featured_media":7269,"comment_status":"closed","ping_status":"open","sticky":false,"template":"","format":"standard","meta":{"footnotes":""},"categories":[34,54,22],"tags":[],"class_list":{"0":"post-7266","1":"post","2":"type-post","3":"status-publish","4":"format-standard","5":"has-post-thumbnail","7":"category-aktualitaet","8":"category-ausstellungen","9":"category-neuerscheinungen","10":"czr-hentry"},"yoast_head":"<!-- This site is optimized with the Yoast SEO plugin v26.9 - https:\/\/yoast.com\/product\/yoast-seo-wordpress\/ -->\n<title>Vernissage: Une gouvernante entre Berlin et Saint-P\u00e9tersbourg - Schweizerische Gesellschaft f\u00fcr die Erforschung des 18. Jahrhunderts (SGEAJ - SSEDS)<\/title>\n<meta name=\"robots\" content=\"index, follow, max-snippet:-1, max-image-preview:large, max-video-preview:-1\" \/>\n<link rel=\"canonical\" href=\"https:\/\/www.sgeaj.ch\/fr\/aktualitaet\/vernissage-une-gouvernante-entre-berlin-et-saint-petersbourg\/\" \/>\n<meta name=\"twitter:label1\" content=\"\u00c9crit par\" \/>\n\t<meta name=\"twitter:data1\" content=\"Nadja Ackermann\" \/>\n\t<meta name=\"twitter:label2\" content=\"Dur\u00e9e de lecture estim\u00e9e\" \/>\n\t<meta name=\"twitter:data2\" content=\"2 minutes\" \/>\n<script type=\"application\/ld+json\" class=\"yoast-schema-graph\">{\"@context\":\"https:\/\/schema.org\",\"@graph\":[{\"@type\":\"Article\",\"@id\":\"https:\/\/www.sgeaj.ch\/fr\/aktualitaet\/vernissage-une-gouvernante-entre-berlin-et-saint-petersbourg\/#article\",\"isPartOf\":{\"@id\":\"https:\/\/www.sgeaj.ch\/fr\/aktualitaet\/vernissage-une-gouvernante-entre-berlin-et-saint-petersbourg\/\"},\"author\":{\"name\":\"Nadja Ackermann\",\"@id\":\"https:\/\/www.sgeaj.ch\/fr\/#\/schema\/person\/2cd839eed625879a17645fc9f307c8e7\"},\"headline\":\"Vernissage: Une gouvernante entre Berlin et Saint-P\u00e9tersbourg\",\"datePublished\":\"2024-04-09T18:27:18+00:00\",\"dateModified\":\"2024-04-09T18:27:20+00:00\",\"mainEntityOfPage\":{\"@id\":\"https:\/\/www.sgeaj.ch\/fr\/aktualitaet\/vernissage-une-gouvernante-entre-berlin-et-saint-petersbourg\/\"},\"wordCount\":178,\"publisher\":{\"@id\":\"https:\/\/www.sgeaj.ch\/fr\/#organization\"},\"image\":{\"@id\":\"https:\/\/www.sgeaj.ch\/fr\/aktualitaet\/vernissage-une-gouvernante-entre-berlin-et-saint-petersbourg\/#primaryimage\"},\"thumbnailUrl\":\"https:\/\/www.sgeaj.ch\/wp-content\/uploads\/2024\/04\/maria-margaretha-von-wildermeth-1791.jpg\",\"articleSection\":[\"Aktualit\u00e4t\",\"Ausstellungen\",\"Neuerscheinungen\"],\"inLanguage\":\"fr-FR\"},{\"@type\":\"WebPage\",\"@id\":\"https:\/\/www.sgeaj.ch\/fr\/aktualitaet\/vernissage-une-gouvernante-entre-berlin-et-saint-petersbourg\/\",\"url\":\"https:\/\/www.sgeaj.ch\/fr\/aktualitaet\/vernissage-une-gouvernante-entre-berlin-et-saint-petersbourg\/\",\"name\":\"Vernissage: Une gouvernante entre Berlin et Saint-P\u00e9tersbourg - Schweizerische Gesellschaft f\u00fcr die Erforschung des 18. Jahrhunderts (SGEAJ - SSEDS)\",\"isPartOf\":{\"@id\":\"https:\/\/www.sgeaj.ch\/fr\/#website\"},\"primaryImageOfPage\":{\"@id\":\"https:\/\/www.sgeaj.ch\/fr\/aktualitaet\/vernissage-une-gouvernante-entre-berlin-et-saint-petersbourg\/#primaryimage\"},\"image\":{\"@id\":\"https:\/\/www.sgeaj.ch\/fr\/aktualitaet\/vernissage-une-gouvernante-entre-berlin-et-saint-petersbourg\/#primaryimage\"},\"thumbnailUrl\":\"https:\/\/www.sgeaj.ch\/wp-content\/uploads\/2024\/04\/maria-margaretha-von-wildermeth-1791.jpg\",\"datePublished\":\"2024-04-09T18:27:18+00:00\",\"dateModified\":\"2024-04-09T18:27:20+00:00\",\"inLanguage\":\"fr-FR\",\"potentialAction\":[{\"@type\":\"ReadAction\",\"target\":[\"https:\/\/www.sgeaj.ch\/fr\/aktualitaet\/vernissage-une-gouvernante-entre-berlin-et-saint-petersbourg\/\"]}]},{\"@type\":\"ImageObject\",\"inLanguage\":\"fr-FR\",\"@id\":\"https:\/\/www.sgeaj.ch\/fr\/aktualitaet\/vernissage-une-gouvernante-entre-berlin-et-saint-petersbourg\/#primaryimage\",\"url\":\"https:\/\/www.sgeaj.ch\/wp-content\/uploads\/2024\/04\/maria-margaretha-von-wildermeth-1791.jpg\",\"contentUrl\":\"https:\/\/www.sgeaj.ch\/wp-content\/uploads\/2024\/04\/maria-margaretha-von-wildermeth-1791.jpg\",\"width\":591,\"height\":665},{\"@type\":\"WebSite\",\"@id\":\"https:\/\/www.sgeaj.ch\/fr\/#website\",\"url\":\"https:\/\/www.sgeaj.ch\/fr\/\",\"name\":\"Schweizerische Gesellschaft f\u00fcr die Erforschung des 18. Jahrhunderts (SGEAJ - SSEDS)\",\"description\":\"Schweizerische Gesellschaft f\u00fcr die Erforschung des 18. Jahrhunderts\",\"publisher\":{\"@id\":\"https:\/\/www.sgeaj.ch\/fr\/#organization\"},\"potentialAction\":[{\"@type\":\"SearchAction\",\"target\":{\"@type\":\"EntryPoint\",\"urlTemplate\":\"https:\/\/www.sgeaj.ch\/fr\/?s={search_term_string}\"},\"query-input\":{\"@type\":\"PropertyValueSpecification\",\"valueRequired\":true,\"valueName\":\"search_term_string\"}}],\"inLanguage\":\"fr-FR\"},{\"@type\":\"Organization\",\"@id\":\"https:\/\/www.sgeaj.ch\/fr\/#organization\",\"name\":\"Schweizerische Gesellschaft f\u00fcr die Erforschung des 18. Jahrhunderts (SGEAJ - SSEDS)\",\"url\":\"https:\/\/www.sgeaj.ch\/fr\/\",\"logo\":{\"@type\":\"ImageObject\",\"inLanguage\":\"fr-FR\",\"@id\":\"https:\/\/www.sgeaj.ch\/fr\/#\/schema\/logo\/image\/\",\"url\":\"https:\/\/www.sgeaj.ch\/wp-content\/uploads\/2021\/06\/cropped-logo-xviiies-horiz-abreuviations-bleues.png\",\"contentUrl\":\"https:\/\/www.sgeaj.ch\/wp-content\/uploads\/2021\/06\/cropped-logo-xviiies-horiz-abreuviations-bleues.png\",\"width\":659,\"height\":335,\"caption\":\"Schweizerische Gesellschaft f\u00fcr die Erforschung des 18. Jahrhunderts (SGEAJ - SSEDS)\"},\"image\":{\"@id\":\"https:\/\/www.sgeaj.ch\/fr\/#\/schema\/logo\/image\/\"}},{\"@type\":\"Person\",\"@id\":\"https:\/\/www.sgeaj.ch\/fr\/#\/schema\/person\/2cd839eed625879a17645fc9f307c8e7\",\"name\":\"Nadja Ackermann\",\"url\":\"https:\/\/www.sgeaj.ch\/fr\/author\/naackermann\/\"}]}<\/script>\n<!-- \/ Yoast SEO plugin. -->","yoast_head_json":{"title":"Vernissage: Une gouvernante entre Berlin et Saint-P\u00e9tersbourg - Schweizerische Gesellschaft f\u00fcr die Erforschung des 18. Jahrhunderts (SGEAJ - SSEDS)","robots":{"index":"index","follow":"follow","max-snippet":"max-snippet:-1","max-image-preview":"max-image-preview:large","max-video-preview":"max-video-preview:-1"},"canonical":"https:\/\/www.sgeaj.ch\/fr\/aktualitaet\/vernissage-une-gouvernante-entre-berlin-et-saint-petersbourg\/","twitter_misc":{"\u00c9crit par":"Nadja Ackermann","Dur\u00e9e de lecture estim\u00e9e":"2 minutes"},"schema":{"@context":"https:\/\/schema.org","@graph":[{"@type":"Article","@id":"https:\/\/www.sgeaj.ch\/fr\/aktualitaet\/vernissage-une-gouvernante-entre-berlin-et-saint-petersbourg\/#article","isPartOf":{"@id":"https:\/\/www.sgeaj.ch\/fr\/aktualitaet\/vernissage-une-gouvernante-entre-berlin-et-saint-petersbourg\/"},"author":{"name":"Nadja Ackermann","@id":"https:\/\/www.sgeaj.ch\/fr\/#\/schema\/person\/2cd839eed625879a17645fc9f307c8e7"},"headline":"Vernissage: Une gouvernante entre Berlin et Saint-P\u00e9tersbourg","datePublished":"2024-04-09T18:27:18+00:00","dateModified":"2024-04-09T18:27:20+00:00","mainEntityOfPage":{"@id":"https:\/\/www.sgeaj.ch\/fr\/aktualitaet\/vernissage-une-gouvernante-entre-berlin-et-saint-petersbourg\/"},"wordCount":178,"publisher":{"@id":"https:\/\/www.sgeaj.ch\/fr\/#organization"},"image":{"@id":"https:\/\/www.sgeaj.ch\/fr\/aktualitaet\/vernissage-une-gouvernante-entre-berlin-et-saint-petersbourg\/#primaryimage"},"thumbnailUrl":"https:\/\/www.sgeaj.ch\/wp-content\/uploads\/2024\/04\/maria-margaretha-von-wildermeth-1791.jpg","articleSection":["Aktualit\u00e4t","Ausstellungen","Neuerscheinungen"],"inLanguage":"fr-FR"},{"@type":"WebPage","@id":"https:\/\/www.sgeaj.ch\/fr\/aktualitaet\/vernissage-une-gouvernante-entre-berlin-et-saint-petersbourg\/","url":"https:\/\/www.sgeaj.ch\/fr\/aktualitaet\/vernissage-une-gouvernante-entre-berlin-et-saint-petersbourg\/","name":"Vernissage: Une gouvernante entre Berlin et Saint-P\u00e9tersbourg - Schweizerische Gesellschaft f\u00fcr die Erforschung des 18. Jahrhunderts (SGEAJ - SSEDS)","isPartOf":{"@id":"https:\/\/www.sgeaj.ch\/fr\/#website"},"primaryImageOfPage":{"@id":"https:\/\/www.sgeaj.ch\/fr\/aktualitaet\/vernissage-une-gouvernante-entre-berlin-et-saint-petersbourg\/#primaryimage"},"image":{"@id":"https:\/\/www.sgeaj.ch\/fr\/aktualitaet\/vernissage-une-gouvernante-entre-berlin-et-saint-petersbourg\/#primaryimage"},"thumbnailUrl":"https:\/\/www.sgeaj.ch\/wp-content\/uploads\/2024\/04\/maria-margaretha-von-wildermeth-1791.jpg","datePublished":"2024-04-09T18:27:18+00:00","dateModified":"2024-04-09T18:27:20+00:00","inLanguage":"fr-FR","potentialAction":[{"@type":"ReadAction","target":["https:\/\/www.sgeaj.ch\/fr\/aktualitaet\/vernissage-une-gouvernante-entre-berlin-et-saint-petersbourg\/"]}]},{"@type":"ImageObject","inLanguage":"fr-FR","@id":"https:\/\/www.sgeaj.ch\/fr\/aktualitaet\/vernissage-une-gouvernante-entre-berlin-et-saint-petersbourg\/#primaryimage","url":"https:\/\/www.sgeaj.ch\/wp-content\/uploads\/2024\/04\/maria-margaretha-von-wildermeth-1791.jpg","contentUrl":"https:\/\/www.sgeaj.ch\/wp-content\/uploads\/2024\/04\/maria-margaretha-von-wildermeth-1791.jpg","width":591,"height":665},{"@type":"WebSite","@id":"https:\/\/www.sgeaj.ch\/fr\/#website","url":"https:\/\/www.sgeaj.ch\/fr\/","name":"Schweizerische Gesellschaft f\u00fcr die Erforschung des 18. Jahrhunderts (SGEAJ - SSEDS)","description":"Schweizerische Gesellschaft f\u00fcr die Erforschung des 18. Jahrhunderts","publisher":{"@id":"https:\/\/www.sgeaj.ch\/fr\/#organization"},"potentialAction":[{"@type":"SearchAction","target":{"@type":"EntryPoint","urlTemplate":"https:\/\/www.sgeaj.ch\/fr\/?s={search_term_string}"},"query-input":{"@type":"PropertyValueSpecification","valueRequired":true,"valueName":"search_term_string"}}],"inLanguage":"fr-FR"},{"@type":"Organization","@id":"https:\/\/www.sgeaj.ch\/fr\/#organization","name":"Schweizerische Gesellschaft f\u00fcr die Erforschung des 18. Jahrhunderts (SGEAJ - SSEDS)","url":"https:\/\/www.sgeaj.ch\/fr\/","logo":{"@type":"ImageObject","inLanguage":"fr-FR","@id":"https:\/\/www.sgeaj.ch\/fr\/#\/schema\/logo\/image\/","url":"https:\/\/www.sgeaj.ch\/wp-content\/uploads\/2021\/06\/cropped-logo-xviiies-horiz-abreuviations-bleues.png","contentUrl":"https:\/\/www.sgeaj.ch\/wp-content\/uploads\/2021\/06\/cropped-logo-xviiies-horiz-abreuviations-bleues.png","width":659,"height":335,"caption":"Schweizerische Gesellschaft f\u00fcr die Erforschung des 18. Jahrhunderts (SGEAJ - SSEDS)"},"image":{"@id":"https:\/\/www.sgeaj.ch\/fr\/#\/schema\/logo\/image\/"}},{"@type":"Person","@id":"https:\/\/www.sgeaj.ch\/fr\/#\/schema\/person\/2cd839eed625879a17645fc9f307c8e7","name":"Nadja Ackermann","url":"https:\/\/www.sgeaj.ch\/fr\/author\/naackermann\/"}]}},"_links":{"self":[{"href":"https:\/\/www.sgeaj.ch\/fr\/wp-json\/wp\/v2\/posts\/7266","targetHints":{"allow":["GET"]}}],"collection":[{"href":"https:\/\/www.sgeaj.ch\/fr\/wp-json\/wp\/v2\/posts"}],"about":[{"href":"https:\/\/www.sgeaj.ch\/fr\/wp-json\/wp\/v2\/types\/post"}],"author":[{"embeddable":true,"href":"https:\/\/www.sgeaj.ch\/fr\/wp-json\/wp\/v2\/users\/7"}],"replies":[{"embeddable":true,"href":"https:\/\/www.sgeaj.ch\/fr\/wp-json\/wp\/v2\/comments?post=7266"}],"version-history":[{"count":3,"href":"https:\/\/www.sgeaj.ch\/fr\/wp-json\/wp\/v2\/posts\/7266\/revisions"}],"predecessor-version":[{"id":7275,"href":"https:\/\/www.sgeaj.ch\/fr\/wp-json\/wp\/v2\/posts\/7266\/revisions\/7275"}],"wp:featuredmedia":[{"embeddable":true,"href":"https:\/\/www.sgeaj.ch\/fr\/wp-json\/wp\/v2\/media\/7269"}],"wp:attachment":[{"href":"https:\/\/www.sgeaj.ch\/fr\/wp-json\/wp\/v2\/media?parent=7266"}],"wp:term":[{"taxonomy":"category","embeddable":true,"href":"https:\/\/www.sgeaj.ch\/fr\/wp-json\/wp\/v2\/categories?post=7266"},{"taxonomy":"post_tag","embeddable":true,"href":"https:\/\/www.sgeaj.ch\/fr\/wp-json\/wp\/v2\/tags?post=7266"}],"curies":[{"name":"wp","href":"https:\/\/api.w.org\/{rel}","templated":true}]}}