{"id":7294,"date":"2024-04-28T10:15:55","date_gmt":"2024-04-28T08:15:55","guid":{"rendered":"https:\/\/www.sgeaj.ch\/?p=7294"},"modified":"2024-04-28T10:15:58","modified_gmt":"2024-04-28T08:15:58","slug":"cfp-watercolour-weather-1750-1850","status":"publish","type":"post","link":"https:\/\/www.sgeaj.ch\/fr\/actualite\/call-for-papers-fr\/cfp-watercolour-weather-1750-1850\/","title":{"rendered":"CfP: Watercolour &#038; Weather, 1750\u20131850"},"content":{"rendered":"\n<h3 class=\"wp-block-heading\">Colloque international, Mus\u00e9e cantonal des Beaux-Arts Lausanne, 5-6 juin 2025<\/h3>\n\n\n\n<p>Parall\u00e8lement \u00e0 une r\u00e9surgence de la peinture de paysage, la p\u00e9riode 1750-1850 a \u00e9t\u00e9 marqu\u00e9e par un int\u00e9r\u00eat accru pour les variations m\u00e9t\u00e9orologiques dans l\u2019art europ\u00e9en, non seulement pour les \u00e9tats momentan\u00e9s de l\u2019atmosph\u00e8re (ciels nuageux, \u00e9clairs), mais \u00e9galement pour l\u2019\u00e9tude et la compr\u00e9hension de ces ph\u00e9nom\u00e8nes. Outre les \u00e9v\u00e9nements spectaculaires fr\u00e9quemment repr\u00e9sent\u00e9s, telles les temp\u00eates, cette p\u00e9riode d\u00e9veloppa ainsi une observation fine des changements climatiques plus subtils, donnant l\u2019occasion aux artistes de combiner des effets de lumi\u00e8re vari\u00e9s. Ces pr\u00e9occupations concernent \u00e0 la fois les peintres britanniques les plus c\u00e9l\u00e8bres (Joseph Mallord William Turner, John Constable, Alexander et John Robert&nbsp;Cozens), mais aussi d\u2019autres figures aux origines plus diverses, tels Giovanni Battista Lusieri, Caspar David&nbsp;Friedrich, et Abraham Louis Rodolphe Ducros.<\/p>\n\n\n\n<p>Conjointement \u00e0 cette \u00e9volution artistique, la p\u00e9riode \u00e9tudi\u00e9e a \u00e9galement vu se d\u00e9velopper la m\u00e9t\u00e9orologie et la climatologie en tant que disciplines scientifiques. Ceci conduisit non seulement \u00e0 la c\u00e9l\u00e8bre classification des nuages de Luke Howard (1804), rest\u00e9e en vigueur jusqu\u2019\u00e0 aujourd\u2019hui, mais aussi \u00e0 la th\u00e9orisation de l&rsquo;effet de serre par Joseph Fourier en 1824. Dans cet environnement culturel, une nouvelle prise de conscience de l\u2019atmosph\u00e8re voit le jour, dont les pr\u00e9occupations environnementales actuelles au sujet du climat sont les h\u00e9riti\u00e8res.<\/p>\n\n\n\n<p>L&rsquo;\u00e9tude des nuages de Luke Howard s&rsquo;appuyant sur des dessins de formations n\u00e9buleuses \u00e0 l\u2019aquarelle montre que la multiplication des images \u00e0 caract\u00e8re m\u00e9t\u00e9orologique d\u00e9passait le domaine de la peinture de paysage pour s&rsquo;\u00e9tendre aux travaux scientifiques. Les architectes n\u2019\u00e9taient pas en reste : Pierre Fran\u00e7ois L\u00e9onard Fontaine, connu pour son r\u00f4le dans les projets napol\u00e9oniens, choisit de couvrir d\u2019un ciel orageux un dessin pour son projet de cimeti\u00e8re monumental \u00e0 Montmartre (Paris, ENSBA, PC 82161) ; et sur la vue en coupe de la Banque d&rsquo;Angleterre de Sir John Soane par Joseph Gandy (Londres, Sir John Soane&rsquo;s Museum, P267) des rayons de soleil percent les nuages pour venir \u00e9clairer le b\u00e2timent. Ces \u0153uvres tendent \u00e0 montrer que l&rsquo;aquarelle \u2013 avec les techniques proches telles que le dessin au lavis, la gouache et l&rsquo;eau-forte aquarell\u00e9e \u2013 constituait un m\u00e9dium privil\u00e9gi\u00e9, facile d\u2019utilisation, pour l&rsquo;exploration picturale des ph\u00e9nom\u00e8nes m\u00e9t\u00e9orologiques par des personnes issues d&rsquo;horizons disciplinaires vari\u00e9s. Utilis\u00e9e aussi par les peintres professionnels, l\u2019aquarelle pouvait \u00eatre une \u00e9tape dans le processus de cr\u00e9ation d\u2019une \u0153uvre \u00e0 l\u2019huile, dans le cadre de l\u2019observation en ext\u00e9rieur. La technique aqueuse est en effet id\u00e9ale pour capter un moment fugace sur le vif et rendre compte avec pr\u00e9cision des variations atmosph\u00e9riques. Que montre la comparaison entre les esquisses \u00e0 l\u2019aquarelle et celles \u00e0 l\u2019huile ou au pastel ? Quelles contraintes ou possibilit\u00e9s sont offertes par le passage d\u2019un m\u00e9dium \u00e0 un autre&nbsp;?<\/p>\n\n\n\n<p>Ainsi les rapports entre la technique de l\u2019aquarelle et les variations atmosph\u00e9riques, souvent envisag\u00e9s uniquement sous l\u2019angle des plus c\u00e9l\u00e8bres paysagistes britanniques, soul\u00e8vent encore plusieurs questions que nous souhaiterions poser dans une perspective transnationale, en les ouvrant aux artistes europ\u00e9ens, mais aussi non occidentaux. Comment expliquer, par exemple, l&rsquo;int\u00e9r\u00eat soudain d\u2019Abraham Louis Rodolphe Ducros pour des ciels de plus en plus dramatiques vers 1790, et quel impact son travail a-t-il exerc\u00e9 sur ses jeunes contemporains ? De m\u00eame, quels dialogues \u00e9mergent entre l&rsquo;artiste indien Sita Ram et les peintres britanniques qui ont travaill\u00e9 \u00e0 l\u2019aquarelle&nbsp;? Quel r\u00f4le attribuer aux \u00e9changes d&rsquo;id\u00e9es et d&rsquo;\u0153uvres d&rsquo;art dans le cadre du Grand Tour ou d&rsquo;autres voyages ?<\/p>\n\n\n\n<p>Ce colloque tentera d&rsquo;aborder certaines de ces questions, en suivant des axes de recherche qui pourront s\u2019inscrire, sans s\u2019y limiter, dans les th\u00e9matiques suivantes&nbsp;:<\/p>\n\n\n\n<ul class=\"wp-block-list\">\n<li>D\u00e9veloppement et \u00e9volution de l\u2019int\u00e9r\u00eat des artistes pour les ph\u00e9nom\u00e8nes m\u00e9t\u00e9orologiques entre 1750 et 1850 au regard des sp\u00e9cificit\u00e9s de la technique de l\u2019aquarelle (ou le dessin au lavis, la gouache, la gravure aquarell\u00e9e).<\/li>\n\n\n\n<li>Convergences ou divergences entre la pratique de l&rsquo;aquarelle et le d\u00e9veloppement de la m\u00e9t\u00e9orologie en tant que science.<\/li>\n\n\n\n<li>Repr\u00e9sentations de conditions m\u00e9t\u00e9orologiques hors du champ de la peinture paysag\u00e8re, par exemple dans des aquarelles produites par des scientifiques, architectes ou amateurs.<\/li>\n\n\n\n<li>L\u2019\u00e9volution de la sensibilit\u00e9 des peintres pour les ph\u00e9nom\u00e8nes m\u00e9t\u00e9orologiques, y compris leur int\u00e9r\u00eat ou leur familiarit\u00e9 avec des \u00e9v\u00e9nements particuliers.<\/li>\n\n\n\n<li>Comparaison entre les repr\u00e9sentations de ph\u00e9nom\u00e8nes m\u00e9t\u00e9orologiques dans diverses techniques picturales (l&rsquo;aquarelle, la peinture \u00e0 l&rsquo;huile, le pastel), et entre la pratique en plein air et celle en atelier.<\/li>\n\n\n\n<li>Conditions m\u00e9t\u00e9orologiques et (traces d\u2019une) pr\u00e9sence humaine au sein du paysage.<\/li>\n\n\n\n<li>Dans une perspective culturelle plus large (notamment la litt\u00e9rature), liens entre la repr\u00e9sentation des ph\u00e9nom\u00e8nes m\u00e9t\u00e9orologiques \u00e0 l\u2019aquarelle et les \u00e9motions.<\/li>\n\n\n\n<li>Les continuit\u00e9s et\/ou les distinctions entre les vues topographiques\/<em>vedute&nbsp;<\/em>et celles int\u00e9grant des ph\u00e9nom\u00e8nes m\u00e9t\u00e9orologiques, notamment en ce qui concerne les notions d\u2019\u00ab&nbsp;objectivit\u00e9&nbsp;\u00bb ou de \u00ab&nbsp;subjectivit\u00e9&nbsp;\u00bb dans la repr\u00e9sentation.<\/li>\n\n\n\n<li>Contributions des artistes femmes \u00e0 l&rsquo;exploration picturale des conditions m\u00e9t\u00e9orologiques.<\/li>\n\n\n\n<li>Impact \u00e9ventuel sur la peinture \u00e0 l&rsquo;aquarelle&nbsp;des connaissances maritimes et des pr\u00e9occupations des marins concernant les conditions m\u00e9t\u00e9orologiques.<\/li>\n<\/ul>\n\n\n\n<p>Ce colloque est organis\u00e9 dans le cadre d&rsquo;un projet de recherche et d&rsquo;enseignement plus large, men\u00e9 par les Universit\u00e9s de Lausanne et de Gen\u00e8ve et portant sur l&rsquo;aquarelliste suisse Abraham Louis Rodolphe Ducros, dont la collection personnelle constitue le noyau originel du Mus\u00e9e MCBA de Lausanne. Une pr\u00e9sentation et consultation d\u2019une s\u00e9lection de ces \u0153uvres seront organis\u00e9es pendant le colloque.<\/p>\n\n\n\n<p>Le colloque aura lieu les 5 et 6 juin 2025 au Mus\u00e9e MCBA de Lausanne. Nous nous r\u00e9jouissons de recevoir des propositions (max. 400 mots) pour des communications de 20 minutes jusqu&rsquo;au&nbsp;<strong>15 juin 2024<\/strong>&nbsp;aux adresses suivantes&nbsp;:&nbsp;<a href=\"mailto:berangere.poulain@unige.ch\" rel=\"noreferrer noopener\" target=\"_blank\">berangere.poulain@unige.ch<\/a>&nbsp;et&nbsp;<a href=\"mailto:desmond-bryan.kraege@unil.ch\" rel=\"noreferrer noopener\" target=\"_blank\">desmond-bryan.kraege@unil.ch<\/a>. L\u2019h\u00e9bergement \u00e0 Lausanne sera pris en charge, ainsi que le remboursement des frais de voyage en Europe. L&rsquo;anglais sera la langue principale du colloque, mais les interventions en fran\u00e7ais seront \u00e9galement bienvenues. Une publication des actes du colloque est pr\u00e9vue. Des informations actualis\u00e9es concernant le colloque seront disponibles sur&nbsp;<a href=\"https:\/\/www.unige.ch\/watercolourandweather\" rel=\"noreferrer noopener\" target=\"_blank\">https:\/\/www.unige.ch\/watercolourandweather<\/a>.<\/p>\n\n\n\n<ul class=\"wp-block-list\">\n<li><strong>Comit\u00e9 d\u2019organisation<\/strong>\n<ul class=\"wp-block-list\">\n<li>B\u00e9rang\u00e8re Poulain, Universit\u00e9 de Gen\u00e8ve<\/li>\n\n\n\n<li>Desmond Kraege, Universit\u00e9 de Lausanne<\/li>\n<\/ul>\n<\/li>\n\n\n\n<li><strong>Comit\u00e9 scientifique<\/strong>\n<ul class=\"wp-block-list\">\n<li>Basile Baudez (Princeton University)<\/li>\n\n\n\n<li>Jan Blanc (Universit\u00e9 de Gen\u00e8ve)<\/li>\n\n\n\n<li>Werner Busch (Freie Universit\u00e4t Berlin)<\/li>\n\n\n\n<li>Ketty Gottardo (The Courtauld Gallery, London)<\/li>\n\n\n\n<li>Catherine Lepdor (Mus\u00e9e cantonal des beaux-arts Lausanne)<\/li>\n\n\n\n<li>Camille L\u00e9v\u00eaque-Claudet (Mus\u00e9e cantonal des beaux-arts Lausanne)<\/li>\n\n\n\n<li>Constance McPhee (The Metropolitan Museum of Art, New York)<\/li>\n\n\n\n<li>Christian Michel (Universit\u00e9 de Lausanne)<\/li>\n\n\n\n<li>Perrin Stein (The Metropolitan Museum of Art, New York)<\/li>\n\n\n\n<li>Victor Plahte Tschudi (AHO Oslo School of Architecture and Design)<\/li>\n<\/ul>\n<\/li>\n<\/ul>\n\n\n\n<div class=\"wp-block-file\"><a id=\"wp-block-file--media-5f4b12cc-0fe4-4d86-b019-343a5b56296f\" href=\"https:\/\/www.sgeaj.ch\/wp-content\/uploads\/2024\/04\/watercolour-and-weather-cfp.pdf\">Watercolour and Weather_CFP in English<\/a><a href=\"https:\/\/www.sgeaj.ch\/wp-content\/uploads\/2024\/04\/watercolour-and-weather-cfp.pdf\" class=\"wp-block-file__button wp-element-button\" download aria-describedby=\"wp-block-file--media-5f4b12cc-0fe4-4d86-b019-343a5b56296f\">Herunterladen<\/a><\/div>\n","protected":false},"excerpt":{"rendered":"<p>Colloque international, Mus\u00e9e cantonal des Beaux-Arts Lausanne, 5-6 juin 2025 Parall\u00e8lement \u00e0 une r\u00e9surgence de la peinture de paysage, la p\u00e9riode 1750-1850 a \u00e9t\u00e9 marqu\u00e9e par un int\u00e9r\u00eat accru pour les variations m\u00e9t\u00e9orologiques dans l\u2019art europ\u00e9en, non seulement pour les \u00e9tats momentan\u00e9s de l\u2019atmosph\u00e8re (ciels nuageux, \u00e9clairs), mais \u00e9galement pour l\u2019\u00e9tude et la compr\u00e9hension de [&hellip;]<\/p>\n","protected":false},"author":7,"featured_media":7292,"comment_status":"closed","ping_status":"open","sticky":false,"template":"","format":"standard","meta":{"footnotes":""},"categories":[42,26],"tags":[],"class_list":{"0":"post-7294","1":"post","2":"type-post","3":"status-publish","4":"format-standard","5":"has-post-thumbnail","7":"category-actualite","8":"category-call-for-papers-fr","9":"czr-hentry"},"yoast_head":"<!-- This site is optimized with the Yoast SEO plugin v26.9 - https:\/\/yoast.com\/product\/yoast-seo-wordpress\/ -->\n<title>CfP: Watercolour &amp; Weather, 1750\u20131850 - Schweizerische Gesellschaft f\u00fcr die Erforschung des 18. Jahrhunderts (SGEAJ - SSEDS)<\/title>\n<meta name=\"robots\" content=\"index, follow, max-snippet:-1, max-image-preview:large, max-video-preview:-1\" \/>\n<link rel=\"canonical\" href=\"https:\/\/www.sgeaj.ch\/fr\/actualite\/call-for-papers-fr\/cfp-watercolour-weather-1750-1850\/\" \/>\n<meta name=\"twitter:label1\" content=\"\u00c9crit par\" \/>\n\t<meta name=\"twitter:data1\" content=\"Nadja Ackermann\" \/>\n\t<meta name=\"twitter:label2\" content=\"Dur\u00e9e de lecture estim\u00e9e\" \/>\n\t<meta name=\"twitter:data2\" content=\"6 minutes\" \/>\n<script type=\"application\/ld+json\" class=\"yoast-schema-graph\">{\"@context\":\"https:\/\/schema.org\",\"@graph\":[{\"@type\":\"Article\",\"@id\":\"https:\/\/www.sgeaj.ch\/fr\/actualite\/call-for-papers-fr\/cfp-watercolour-weather-1750-1850\/#article\",\"isPartOf\":{\"@id\":\"https:\/\/www.sgeaj.ch\/fr\/actualite\/call-for-papers-fr\/cfp-watercolour-weather-1750-1850\/\"},\"author\":{\"name\":\"Nadja Ackermann\",\"@id\":\"https:\/\/www.sgeaj.ch\/fr\/#\/schema\/person\/2cd839eed625879a17645fc9f307c8e7\"},\"headline\":\"CfP: Watercolour &#038; Weather, 1750\u20131850\",\"datePublished\":\"2024-04-28T08:15:55+00:00\",\"dateModified\":\"2024-04-28T08:15:58+00:00\",\"mainEntityOfPage\":{\"@id\":\"https:\/\/www.sgeaj.ch\/fr\/actualite\/call-for-papers-fr\/cfp-watercolour-weather-1750-1850\/\"},\"wordCount\":1245,\"publisher\":{\"@id\":\"https:\/\/www.sgeaj.ch\/fr\/#organization\"},\"image\":{\"@id\":\"https:\/\/www.sgeaj.ch\/fr\/actualite\/call-for-papers-fr\/cfp-watercolour-weather-1750-1850\/#primaryimage\"},\"thumbnailUrl\":\"https:\/\/www.sgeaj.ch\/wp-content\/uploads\/2024\/04\/weather-and-water-colors.jpg\",\"articleSection\":[\"Actualit\u00e9\",\"Call for Papers\"],\"inLanguage\":\"fr-FR\"},{\"@type\":\"WebPage\",\"@id\":\"https:\/\/www.sgeaj.ch\/fr\/actualite\/call-for-papers-fr\/cfp-watercolour-weather-1750-1850\/\",\"url\":\"https:\/\/www.sgeaj.ch\/fr\/actualite\/call-for-papers-fr\/cfp-watercolour-weather-1750-1850\/\",\"name\":\"CfP: Watercolour & Weather, 1750\u20131850 - Schweizerische Gesellschaft f\u00fcr die Erforschung des 18. Jahrhunderts (SGEAJ - SSEDS)\",\"isPartOf\":{\"@id\":\"https:\/\/www.sgeaj.ch\/fr\/#website\"},\"primaryImageOfPage\":{\"@id\":\"https:\/\/www.sgeaj.ch\/fr\/actualite\/call-for-papers-fr\/cfp-watercolour-weather-1750-1850\/#primaryimage\"},\"image\":{\"@id\":\"https:\/\/www.sgeaj.ch\/fr\/actualite\/call-for-papers-fr\/cfp-watercolour-weather-1750-1850\/#primaryimage\"},\"thumbnailUrl\":\"https:\/\/www.sgeaj.ch\/wp-content\/uploads\/2024\/04\/weather-and-water-colors.jpg\",\"datePublished\":\"2024-04-28T08:15:55+00:00\",\"dateModified\":\"2024-04-28T08:15:58+00:00\",\"inLanguage\":\"fr-FR\",\"potentialAction\":[{\"@type\":\"ReadAction\",\"target\":[\"https:\/\/www.sgeaj.ch\/fr\/actualite\/call-for-papers-fr\/cfp-watercolour-weather-1750-1850\/\"]}]},{\"@type\":\"ImageObject\",\"inLanguage\":\"fr-FR\",\"@id\":\"https:\/\/www.sgeaj.ch\/fr\/actualite\/call-for-papers-fr\/cfp-watercolour-weather-1750-1850\/#primaryimage\",\"url\":\"https:\/\/www.sgeaj.ch\/wp-content\/uploads\/2024\/04\/weather-and-water-colors.jpg\",\"contentUrl\":\"https:\/\/www.sgeaj.ch\/wp-content\/uploads\/2024\/04\/weather-and-water-colors.jpg\",\"width\":460,\"height\":409,\"caption\":\"Louis Ducros, \u00abVue du Grand Port de la Valette\u00bb, 1800 - 1801, Foto: SIK, Z\u00fcrich\"},{\"@type\":\"WebSite\",\"@id\":\"https:\/\/www.sgeaj.ch\/fr\/#website\",\"url\":\"https:\/\/www.sgeaj.ch\/fr\/\",\"name\":\"Schweizerische Gesellschaft f\u00fcr die Erforschung des 18. Jahrhunderts (SGEAJ - SSEDS)\",\"description\":\"Schweizerische Gesellschaft f\u00fcr die Erforschung des 18. Jahrhunderts\",\"publisher\":{\"@id\":\"https:\/\/www.sgeaj.ch\/fr\/#organization\"},\"potentialAction\":[{\"@type\":\"SearchAction\",\"target\":{\"@type\":\"EntryPoint\",\"urlTemplate\":\"https:\/\/www.sgeaj.ch\/fr\/?s={search_term_string}\"},\"query-input\":{\"@type\":\"PropertyValueSpecification\",\"valueRequired\":true,\"valueName\":\"search_term_string\"}}],\"inLanguage\":\"fr-FR\"},{\"@type\":\"Organization\",\"@id\":\"https:\/\/www.sgeaj.ch\/fr\/#organization\",\"name\":\"Schweizerische Gesellschaft f\u00fcr die Erforschung des 18. Jahrhunderts (SGEAJ - SSEDS)\",\"url\":\"https:\/\/www.sgeaj.ch\/fr\/\",\"logo\":{\"@type\":\"ImageObject\",\"inLanguage\":\"fr-FR\",\"@id\":\"https:\/\/www.sgeaj.ch\/fr\/#\/schema\/logo\/image\/\",\"url\":\"https:\/\/www.sgeaj.ch\/wp-content\/uploads\/2021\/06\/cropped-logo-xviiies-horiz-abreuviations-bleues.png\",\"contentUrl\":\"https:\/\/www.sgeaj.ch\/wp-content\/uploads\/2021\/06\/cropped-logo-xviiies-horiz-abreuviations-bleues.png\",\"width\":659,\"height\":335,\"caption\":\"Schweizerische Gesellschaft f\u00fcr die Erforschung des 18. Jahrhunderts (SGEAJ - SSEDS)\"},\"image\":{\"@id\":\"https:\/\/www.sgeaj.ch\/fr\/#\/schema\/logo\/image\/\"}},{\"@type\":\"Person\",\"@id\":\"https:\/\/www.sgeaj.ch\/fr\/#\/schema\/person\/2cd839eed625879a17645fc9f307c8e7\",\"name\":\"Nadja Ackermann\",\"url\":\"https:\/\/www.sgeaj.ch\/fr\/author\/naackermann\/\"}]}<\/script>\n<!-- \/ Yoast SEO plugin. -->","yoast_head_json":{"title":"CfP: Watercolour & Weather, 1750\u20131850 - Schweizerische Gesellschaft f\u00fcr die Erforschung des 18. Jahrhunderts (SGEAJ - SSEDS)","robots":{"index":"index","follow":"follow","max-snippet":"max-snippet:-1","max-image-preview":"max-image-preview:large","max-video-preview":"max-video-preview:-1"},"canonical":"https:\/\/www.sgeaj.ch\/fr\/actualite\/call-for-papers-fr\/cfp-watercolour-weather-1750-1850\/","twitter_misc":{"\u00c9crit par":"Nadja Ackermann","Dur\u00e9e de lecture estim\u00e9e":"6 minutes"},"schema":{"@context":"https:\/\/schema.org","@graph":[{"@type":"Article","@id":"https:\/\/www.sgeaj.ch\/fr\/actualite\/call-for-papers-fr\/cfp-watercolour-weather-1750-1850\/#article","isPartOf":{"@id":"https:\/\/www.sgeaj.ch\/fr\/actualite\/call-for-papers-fr\/cfp-watercolour-weather-1750-1850\/"},"author":{"name":"Nadja Ackermann","@id":"https:\/\/www.sgeaj.ch\/fr\/#\/schema\/person\/2cd839eed625879a17645fc9f307c8e7"},"headline":"CfP: Watercolour &#038; Weather, 1750\u20131850","datePublished":"2024-04-28T08:15:55+00:00","dateModified":"2024-04-28T08:15:58+00:00","mainEntityOfPage":{"@id":"https:\/\/www.sgeaj.ch\/fr\/actualite\/call-for-papers-fr\/cfp-watercolour-weather-1750-1850\/"},"wordCount":1245,"publisher":{"@id":"https:\/\/www.sgeaj.ch\/fr\/#organization"},"image":{"@id":"https:\/\/www.sgeaj.ch\/fr\/actualite\/call-for-papers-fr\/cfp-watercolour-weather-1750-1850\/#primaryimage"},"thumbnailUrl":"https:\/\/www.sgeaj.ch\/wp-content\/uploads\/2024\/04\/weather-and-water-colors.jpg","articleSection":["Actualit\u00e9","Call for Papers"],"inLanguage":"fr-FR"},{"@type":"WebPage","@id":"https:\/\/www.sgeaj.ch\/fr\/actualite\/call-for-papers-fr\/cfp-watercolour-weather-1750-1850\/","url":"https:\/\/www.sgeaj.ch\/fr\/actualite\/call-for-papers-fr\/cfp-watercolour-weather-1750-1850\/","name":"CfP: Watercolour & Weather, 1750\u20131850 - Schweizerische Gesellschaft f\u00fcr die Erforschung des 18. Jahrhunderts (SGEAJ - SSEDS)","isPartOf":{"@id":"https:\/\/www.sgeaj.ch\/fr\/#website"},"primaryImageOfPage":{"@id":"https:\/\/www.sgeaj.ch\/fr\/actualite\/call-for-papers-fr\/cfp-watercolour-weather-1750-1850\/#primaryimage"},"image":{"@id":"https:\/\/www.sgeaj.ch\/fr\/actualite\/call-for-papers-fr\/cfp-watercolour-weather-1750-1850\/#primaryimage"},"thumbnailUrl":"https:\/\/www.sgeaj.ch\/wp-content\/uploads\/2024\/04\/weather-and-water-colors.jpg","datePublished":"2024-04-28T08:15:55+00:00","dateModified":"2024-04-28T08:15:58+00:00","inLanguage":"fr-FR","potentialAction":[{"@type":"ReadAction","target":["https:\/\/www.sgeaj.ch\/fr\/actualite\/call-for-papers-fr\/cfp-watercolour-weather-1750-1850\/"]}]},{"@type":"ImageObject","inLanguage":"fr-FR","@id":"https:\/\/www.sgeaj.ch\/fr\/actualite\/call-for-papers-fr\/cfp-watercolour-weather-1750-1850\/#primaryimage","url":"https:\/\/www.sgeaj.ch\/wp-content\/uploads\/2024\/04\/weather-and-water-colors.jpg","contentUrl":"https:\/\/www.sgeaj.ch\/wp-content\/uploads\/2024\/04\/weather-and-water-colors.jpg","width":460,"height":409,"caption":"Louis Ducros, \u00abVue du Grand Port de la Valette\u00bb, 1800 - 1801, Foto: SIK, Z\u00fcrich"},{"@type":"WebSite","@id":"https:\/\/www.sgeaj.ch\/fr\/#website","url":"https:\/\/www.sgeaj.ch\/fr\/","name":"Schweizerische Gesellschaft f\u00fcr die Erforschung des 18. Jahrhunderts (SGEAJ - SSEDS)","description":"Schweizerische Gesellschaft f\u00fcr die Erforschung des 18. Jahrhunderts","publisher":{"@id":"https:\/\/www.sgeaj.ch\/fr\/#organization"},"potentialAction":[{"@type":"SearchAction","target":{"@type":"EntryPoint","urlTemplate":"https:\/\/www.sgeaj.ch\/fr\/?s={search_term_string}"},"query-input":{"@type":"PropertyValueSpecification","valueRequired":true,"valueName":"search_term_string"}}],"inLanguage":"fr-FR"},{"@type":"Organization","@id":"https:\/\/www.sgeaj.ch\/fr\/#organization","name":"Schweizerische Gesellschaft f\u00fcr die Erforschung des 18. Jahrhunderts (SGEAJ - SSEDS)","url":"https:\/\/www.sgeaj.ch\/fr\/","logo":{"@type":"ImageObject","inLanguage":"fr-FR","@id":"https:\/\/www.sgeaj.ch\/fr\/#\/schema\/logo\/image\/","url":"https:\/\/www.sgeaj.ch\/wp-content\/uploads\/2021\/06\/cropped-logo-xviiies-horiz-abreuviations-bleues.png","contentUrl":"https:\/\/www.sgeaj.ch\/wp-content\/uploads\/2021\/06\/cropped-logo-xviiies-horiz-abreuviations-bleues.png","width":659,"height":335,"caption":"Schweizerische Gesellschaft f\u00fcr die Erforschung des 18. Jahrhunderts (SGEAJ - SSEDS)"},"image":{"@id":"https:\/\/www.sgeaj.ch\/fr\/#\/schema\/logo\/image\/"}},{"@type":"Person","@id":"https:\/\/www.sgeaj.ch\/fr\/#\/schema\/person\/2cd839eed625879a17645fc9f307c8e7","name":"Nadja Ackermann","url":"https:\/\/www.sgeaj.ch\/fr\/author\/naackermann\/"}]}},"_links":{"self":[{"href":"https:\/\/www.sgeaj.ch\/fr\/wp-json\/wp\/v2\/posts\/7294","targetHints":{"allow":["GET"]}}],"collection":[{"href":"https:\/\/www.sgeaj.ch\/fr\/wp-json\/wp\/v2\/posts"}],"about":[{"href":"https:\/\/www.sgeaj.ch\/fr\/wp-json\/wp\/v2\/types\/post"}],"author":[{"embeddable":true,"href":"https:\/\/www.sgeaj.ch\/fr\/wp-json\/wp\/v2\/users\/7"}],"replies":[{"embeddable":true,"href":"https:\/\/www.sgeaj.ch\/fr\/wp-json\/wp\/v2\/comments?post=7294"}],"version-history":[{"count":1,"href":"https:\/\/www.sgeaj.ch\/fr\/wp-json\/wp\/v2\/posts\/7294\/revisions"}],"predecessor-version":[{"id":7296,"href":"https:\/\/www.sgeaj.ch\/fr\/wp-json\/wp\/v2\/posts\/7294\/revisions\/7296"}],"wp:featuredmedia":[{"embeddable":true,"href":"https:\/\/www.sgeaj.ch\/fr\/wp-json\/wp\/v2\/media\/7292"}],"wp:attachment":[{"href":"https:\/\/www.sgeaj.ch\/fr\/wp-json\/wp\/v2\/media?parent=7294"}],"wp:term":[{"taxonomy":"category","embeddable":true,"href":"https:\/\/www.sgeaj.ch\/fr\/wp-json\/wp\/v2\/categories?post=7294"},{"taxonomy":"post_tag","embeddable":true,"href":"https:\/\/www.sgeaj.ch\/fr\/wp-json\/wp\/v2\/tags?post=7294"}],"curies":[{"name":"wp","href":"https:\/\/api.w.org\/{rel}","templated":true}]}}