{"id":7352,"date":"2024-07-01T08:23:08","date_gmt":"2024-07-01T06:23:08","guid":{"rendered":"https:\/\/www.sgeaj.ch\/?p=7352"},"modified":"2024-07-31T17:49:23","modified_gmt":"2024-07-31T15:49:23","slug":"lukas-sarasin-und-das-phaenomen-des-collegium-musicum-um-1800","status":"publish","type":"post","link":"https:\/\/www.sgeaj.ch\/fr\/projets-recherche\/lukas-sarasin-und-das-phaenomen-des-collegium-musicum-um-1800\/","title":{"rendered":"Lukas Sarasin und das Ph\u00e4nomen des \u00abcollegium musicum\u00bb um 1800"},"content":{"rendered":"\n<p>Im Mittelpunkt des <a href=\"https:\/\/www.hkb-interpretation.ch\/projekte\/sarasin\" target=\"_blank\" rel=\"noreferrer noopener\">SNF-Vermittlungsprojekts<\/a> steht das private Musizieren in b\u00fcrgerlichen Kreisen um 1800, welches das Fundament f\u00fcr das heutige Schweizer Musikleben bildet. Die Musikpflege im Hause Lukas Sarasin (1730\u20131802) in Basel dient dabei als Vorzeigebeispiel f\u00fcr dieses Ph\u00e4nomen. Lukas Sarasin sammelte zahlreiche Instrumental- und Vokalkompositionen (Opern, geistliche Musik), besch\u00e4ftigte einen Berufsmusiker und veranstaltete als Privatperson \u00f6ffentliche Konzerte. In zahlreichen St\u00e4dten der Deutschschweiz gab es b\u00fcrgerliche Musikvereine (Collegia Musica), die immer mehr Berufsmusiker engagierten und ebenfalls \u00f6ffentliche Konzerte anboten. Dieses Verh\u00e4ltnis zwischen privatem und \u00f6ffentlichem Musizieren sowie zwischen Dilettanten und Berufsmusikern dient als Spiegel f\u00fcr die heute in der Schweiz herrschende Situation, denn die Collegia d\u00fcrfen als Vorl\u00e4ufer der heutigen Amateurmusikvereine gesehen werden.<\/p>\n\n\n\n<p>Die Erkenntnisse aus der bisherigen Forschung werden in verschiedenen Formaten vermittelt. Eine virtuelle Sammlung rekonstruiert die Sarasin\u2019sche Musiksammlung in ihrem Zustand von 1802. Daraus werden ausgew\u00e4hlte (Orchester-)Werke in Partitur gesetzt und so Musiker*innen an Workshops zug\u00e4nglich gemacht. Eine Wanderausstellung pr\u00e4sentiert in Basel, Z\u00fcrich, Luzern und Bern ausgew\u00e4hlte Partituren und Archivalien aus der Sammlung. Diese werden mit Dokumenten der \u00f6rtlichen Collegia erg\u00e4nzt. Im Rahmen der Ausstellungen werden Konzerte mit dem passenden Repertoire veranstaltet. Diese werden mit Einf\u00fchrungsvortr\u00e4gen und F\u00fchrungen durch die Ausstellungen umrahmt. \u00dcber das Projektende hinaus bleiben die online ver\u00f6ffentlichte Sammlung Sarasin und Transkriptionen ausgesuchter Werke aus seiner Musikbibliothek zug\u00e4nglich. Diese Quellen repr\u00e4sentieren einen wichtigen Teil des musikalischen Kulturerbes der Deutschschweiz.<\/p>\n\n\n\n<div data-wp-interactive=\"core\/file\" class=\"wp-block-file\"><object data-wp-bind--hidden=\"!state.hasPdfPreview\" hidden class=\"wp-block-file__embed\" data=\"https:\/\/www.sgeaj.ch\/wp-content\/uploads\/2024\/06\/2024-forschungsprojekthkb-sarasin-forschungsposter.pdf\" type=\"application\/pdf\" style=\"width:100%;height:600px\" aria-label=\"Contenu embarqu\u00e9 2024_ForschungsprojektHKB_Sarasin_Forschungsposter.\"><\/object><a id=\"wp-block-file--media-9f10755b-2d1b-4c9c-b9dd-206c12f97123\" href=\"https:\/\/www.sgeaj.ch\/wp-content\/uploads\/2024\/06\/2024-forschungsprojekthkb-sarasin-forschungsposter.pdf\">2024_ForschungsprojektHKB_Sarasin_Forschungsposter<\/a><a href=\"https:\/\/www.sgeaj.ch\/wp-content\/uploads\/2024\/06\/2024-forschungsprojekthkb-sarasin-forschungsposter.pdf\" class=\"wp-block-file__button wp-element-button\" download aria-describedby=\"wp-block-file--media-9f10755b-2d1b-4c9c-b9dd-206c12f97123\">Herunterladen<\/a><\/div>\n","protected":false},"excerpt":{"rendered":"<p>Im Mittelpunkt des SNF-Vermittlungsprojekts steht das private Musizieren in b\u00fcrgerlichen Kreisen um 1800, welches das Fundament f\u00fcr das heutige Schweizer Musikleben bildet. Die Musikpflege im Hause Lukas Sarasin (1730\u20131802) in Basel dient dabei als Vorzeigebeispiel f\u00fcr dieses Ph\u00e4nomen. Lukas Sarasin sammelte zahlreiche Instrumental- und Vokalkompositionen (Opern, geistliche Musik), besch\u00e4ftigte einen Berufsmusiker und veranstaltete als Privatperson [&hellip;]<\/p>\n","protected":false},"author":9,"featured_media":7350,"comment_status":"closed","ping_status":"open","sticky":false,"template":"","format":"standard","meta":{"footnotes":""},"categories":[45,53],"tags":[61,73,74],"class_list":{"0":"post-7352","1":"post","2":"type-post","3":"status-publish","4":"format-standard","5":"has-post-thumbnail","7":"category-projets-recherche","8":"category-recherches-actuelles","9":"tag-early-modern-period-fr","10":"tag-exhibition-fr","11":"tag-music-fr","12":"czr-hentry"},"yoast_head":"<!-- This site is optimized with the Yoast SEO plugin v26.9 - https:\/\/yoast.com\/product\/yoast-seo-wordpress\/ -->\n<title>Lukas Sarasin und das Ph\u00e4nomen des \u00abcollegium musicum\u00bb um 1800 - Schweizerische Gesellschaft f\u00fcr die Erforschung des 18. Jahrhunderts (SGEAJ - SSEDS)<\/title>\n<meta name=\"robots\" content=\"index, follow, max-snippet:-1, max-image-preview:large, max-video-preview:-1\" \/>\n<link rel=\"canonical\" href=\"https:\/\/www.sgeaj.ch\/fr\/projets-recherche\/lukas-sarasin-und-das-phaenomen-des-collegium-musicum-um-1800\/\" \/>\n<meta name=\"twitter:label1\" content=\"\u00c9crit par\" \/>\n\t<meta name=\"twitter:data1\" content=\"Mich\u00e8le Steiner\" \/>\n\t<meta name=\"twitter:label2\" content=\"Dur\u00e9e de lecture estim\u00e9e\" \/>\n\t<meta name=\"twitter:data2\" content=\"2 minutes\" \/>\n<script type=\"application\/ld+json\" class=\"yoast-schema-graph\">{\"@context\":\"https:\/\/schema.org\",\"@graph\":[{\"@type\":\"Article\",\"@id\":\"https:\/\/www.sgeaj.ch\/fr\/projets-recherche\/lukas-sarasin-und-das-phaenomen-des-collegium-musicum-um-1800\/#article\",\"isPartOf\":{\"@id\":\"https:\/\/www.sgeaj.ch\/fr\/projets-recherche\/lukas-sarasin-und-das-phaenomen-des-collegium-musicum-um-1800\/\"},\"author\":{\"name\":\"Mich\u00e8le Steiner\",\"@id\":\"https:\/\/www.sgeaj.ch\/fr\/#\/schema\/person\/f9930dca12b3bd252d469f244e700c60\"},\"headline\":\"Lukas Sarasin und das Ph\u00e4nomen des \u00abcollegium musicum\u00bb um 1800\",\"datePublished\":\"2024-07-01T06:23:08+00:00\",\"dateModified\":\"2024-07-31T15:49:23+00:00\",\"mainEntityOfPage\":{\"@id\":\"https:\/\/www.sgeaj.ch\/fr\/projets-recherche\/lukas-sarasin-und-das-phaenomen-des-collegium-musicum-um-1800\/\"},\"wordCount\":260,\"publisher\":{\"@id\":\"https:\/\/www.sgeaj.ch\/fr\/#organization\"},\"image\":{\"@id\":\"https:\/\/www.sgeaj.ch\/fr\/projets-recherche\/lukas-sarasin-und-das-phaenomen-des-collegium-musicum-um-1800\/#primaryimage\"},\"thumbnailUrl\":\"https:\/\/www.sgeaj.ch\/wp-content\/uploads\/2024\/06\/2024-forschungprojekt-sarasin-ibb-1-004864654-scaled-e1722440876959.jpg\",\"keywords\":[\"Early Modern Period\",\"Exhibition\",\"Music\"],\"articleSection\":[\"Projets de recherche\",\"Recherches actuelles\"],\"inLanguage\":\"fr-FR\"},{\"@type\":\"WebPage\",\"@id\":\"https:\/\/www.sgeaj.ch\/fr\/projets-recherche\/lukas-sarasin-und-das-phaenomen-des-collegium-musicum-um-1800\/\",\"url\":\"https:\/\/www.sgeaj.ch\/fr\/projets-recherche\/lukas-sarasin-und-das-phaenomen-des-collegium-musicum-um-1800\/\",\"name\":\"Lukas Sarasin und das Ph\u00e4nomen des \u00abcollegium musicum\u00bb um 1800 - Schweizerische Gesellschaft f\u00fcr die Erforschung des 18. Jahrhunderts (SGEAJ - SSEDS)\",\"isPartOf\":{\"@id\":\"https:\/\/www.sgeaj.ch\/fr\/#website\"},\"primaryImageOfPage\":{\"@id\":\"https:\/\/www.sgeaj.ch\/fr\/projets-recherche\/lukas-sarasin-und-das-phaenomen-des-collegium-musicum-um-1800\/#primaryimage\"},\"image\":{\"@id\":\"https:\/\/www.sgeaj.ch\/fr\/projets-recherche\/lukas-sarasin-und-das-phaenomen-des-collegium-musicum-um-1800\/#primaryimage\"},\"thumbnailUrl\":\"https:\/\/www.sgeaj.ch\/wp-content\/uploads\/2024\/06\/2024-forschungprojekt-sarasin-ibb-1-004864654-scaled-e1722440876959.jpg\",\"datePublished\":\"2024-07-01T06:23:08+00:00\",\"dateModified\":\"2024-07-31T15:49:23+00:00\",\"inLanguage\":\"fr-FR\",\"potentialAction\":[{\"@type\":\"ReadAction\",\"target\":[\"https:\/\/www.sgeaj.ch\/fr\/projets-recherche\/lukas-sarasin-und-das-phaenomen-des-collegium-musicum-um-1800\/\"]}]},{\"@type\":\"ImageObject\",\"inLanguage\":\"fr-FR\",\"@id\":\"https:\/\/www.sgeaj.ch\/fr\/projets-recherche\/lukas-sarasin-und-das-phaenomen-des-collegium-musicum-um-1800\/#primaryimage\",\"url\":\"https:\/\/www.sgeaj.ch\/wp-content\/uploads\/2024\/06\/2024-forschungprojekt-sarasin-ibb-1-004864654-scaled-e1722440876959.jpg\",\"contentUrl\":\"https:\/\/www.sgeaj.ch\/wp-content\/uploads\/2024\/06\/2024-forschungprojekt-sarasin-ibb-1-004864654-scaled-e1722440876959.jpg\",\"width\":1574,\"height\":1012,\"caption\":\"UB Basel, Portr BS Sarasin L 1730, 2: Portr\u00e4t von Lukas Sarasin, [zwischen 1750 und 1770]\"},{\"@type\":\"WebSite\",\"@id\":\"https:\/\/www.sgeaj.ch\/fr\/#website\",\"url\":\"https:\/\/www.sgeaj.ch\/fr\/\",\"name\":\"Schweizerische Gesellschaft f\u00fcr die Erforschung des 18. Jahrhunderts (SGEAJ - SSEDS)\",\"description\":\"Schweizerische Gesellschaft f\u00fcr die Erforschung des 18. Jahrhunderts\",\"publisher\":{\"@id\":\"https:\/\/www.sgeaj.ch\/fr\/#organization\"},\"potentialAction\":[{\"@type\":\"SearchAction\",\"target\":{\"@type\":\"EntryPoint\",\"urlTemplate\":\"https:\/\/www.sgeaj.ch\/fr\/?s={search_term_string}\"},\"query-input\":{\"@type\":\"PropertyValueSpecification\",\"valueRequired\":true,\"valueName\":\"search_term_string\"}}],\"inLanguage\":\"fr-FR\"},{\"@type\":\"Organization\",\"@id\":\"https:\/\/www.sgeaj.ch\/fr\/#organization\",\"name\":\"Schweizerische Gesellschaft f\u00fcr die Erforschung des 18. Jahrhunderts (SGEAJ - SSEDS)\",\"url\":\"https:\/\/www.sgeaj.ch\/fr\/\",\"logo\":{\"@type\":\"ImageObject\",\"inLanguage\":\"fr-FR\",\"@id\":\"https:\/\/www.sgeaj.ch\/fr\/#\/schema\/logo\/image\/\",\"url\":\"https:\/\/www.sgeaj.ch\/wp-content\/uploads\/2021\/06\/cropped-logo-xviiies-horiz-abreuviations-bleues.png\",\"contentUrl\":\"https:\/\/www.sgeaj.ch\/wp-content\/uploads\/2021\/06\/cropped-logo-xviiies-horiz-abreuviations-bleues.png\",\"width\":659,\"height\":335,\"caption\":\"Schweizerische Gesellschaft f\u00fcr die Erforschung des 18. Jahrhunderts (SGEAJ - SSEDS)\"},\"image\":{\"@id\":\"https:\/\/www.sgeaj.ch\/fr\/#\/schema\/logo\/image\/\"}},{\"@type\":\"Person\",\"@id\":\"https:\/\/www.sgeaj.ch\/fr\/#\/schema\/person\/f9930dca12b3bd252d469f244e700c60\",\"name\":\"Mich\u00e8le Steiner\",\"url\":\"https:\/\/www.sgeaj.ch\/fr\/author\/msteiner\/\"}]}<\/script>\n<!-- \/ Yoast SEO plugin. -->","yoast_head_json":{"title":"Lukas Sarasin und das Ph\u00e4nomen des \u00abcollegium musicum\u00bb um 1800 - Schweizerische Gesellschaft f\u00fcr die Erforschung des 18. Jahrhunderts (SGEAJ - SSEDS)","robots":{"index":"index","follow":"follow","max-snippet":"max-snippet:-1","max-image-preview":"max-image-preview:large","max-video-preview":"max-video-preview:-1"},"canonical":"https:\/\/www.sgeaj.ch\/fr\/projets-recherche\/lukas-sarasin-und-das-phaenomen-des-collegium-musicum-um-1800\/","twitter_misc":{"\u00c9crit par":"Mich\u00e8le Steiner","Dur\u00e9e de lecture estim\u00e9e":"2 minutes"},"schema":{"@context":"https:\/\/schema.org","@graph":[{"@type":"Article","@id":"https:\/\/www.sgeaj.ch\/fr\/projets-recherche\/lukas-sarasin-und-das-phaenomen-des-collegium-musicum-um-1800\/#article","isPartOf":{"@id":"https:\/\/www.sgeaj.ch\/fr\/projets-recherche\/lukas-sarasin-und-das-phaenomen-des-collegium-musicum-um-1800\/"},"author":{"name":"Mich\u00e8le Steiner","@id":"https:\/\/www.sgeaj.ch\/fr\/#\/schema\/person\/f9930dca12b3bd252d469f244e700c60"},"headline":"Lukas Sarasin und das Ph\u00e4nomen des \u00abcollegium musicum\u00bb um 1800","datePublished":"2024-07-01T06:23:08+00:00","dateModified":"2024-07-31T15:49:23+00:00","mainEntityOfPage":{"@id":"https:\/\/www.sgeaj.ch\/fr\/projets-recherche\/lukas-sarasin-und-das-phaenomen-des-collegium-musicum-um-1800\/"},"wordCount":260,"publisher":{"@id":"https:\/\/www.sgeaj.ch\/fr\/#organization"},"image":{"@id":"https:\/\/www.sgeaj.ch\/fr\/projets-recherche\/lukas-sarasin-und-das-phaenomen-des-collegium-musicum-um-1800\/#primaryimage"},"thumbnailUrl":"https:\/\/www.sgeaj.ch\/wp-content\/uploads\/2024\/06\/2024-forschungprojekt-sarasin-ibb-1-004864654-scaled-e1722440876959.jpg","keywords":["Early Modern Period","Exhibition","Music"],"articleSection":["Projets de recherche","Recherches actuelles"],"inLanguage":"fr-FR"},{"@type":"WebPage","@id":"https:\/\/www.sgeaj.ch\/fr\/projets-recherche\/lukas-sarasin-und-das-phaenomen-des-collegium-musicum-um-1800\/","url":"https:\/\/www.sgeaj.ch\/fr\/projets-recherche\/lukas-sarasin-und-das-phaenomen-des-collegium-musicum-um-1800\/","name":"Lukas Sarasin und das Ph\u00e4nomen des \u00abcollegium musicum\u00bb um 1800 - Schweizerische Gesellschaft f\u00fcr die Erforschung des 18. Jahrhunderts (SGEAJ - SSEDS)","isPartOf":{"@id":"https:\/\/www.sgeaj.ch\/fr\/#website"},"primaryImageOfPage":{"@id":"https:\/\/www.sgeaj.ch\/fr\/projets-recherche\/lukas-sarasin-und-das-phaenomen-des-collegium-musicum-um-1800\/#primaryimage"},"image":{"@id":"https:\/\/www.sgeaj.ch\/fr\/projets-recherche\/lukas-sarasin-und-das-phaenomen-des-collegium-musicum-um-1800\/#primaryimage"},"thumbnailUrl":"https:\/\/www.sgeaj.ch\/wp-content\/uploads\/2024\/06\/2024-forschungprojekt-sarasin-ibb-1-004864654-scaled-e1722440876959.jpg","datePublished":"2024-07-01T06:23:08+00:00","dateModified":"2024-07-31T15:49:23+00:00","inLanguage":"fr-FR","potentialAction":[{"@type":"ReadAction","target":["https:\/\/www.sgeaj.ch\/fr\/projets-recherche\/lukas-sarasin-und-das-phaenomen-des-collegium-musicum-um-1800\/"]}]},{"@type":"ImageObject","inLanguage":"fr-FR","@id":"https:\/\/www.sgeaj.ch\/fr\/projets-recherche\/lukas-sarasin-und-das-phaenomen-des-collegium-musicum-um-1800\/#primaryimage","url":"https:\/\/www.sgeaj.ch\/wp-content\/uploads\/2024\/06\/2024-forschungprojekt-sarasin-ibb-1-004864654-scaled-e1722440876959.jpg","contentUrl":"https:\/\/www.sgeaj.ch\/wp-content\/uploads\/2024\/06\/2024-forschungprojekt-sarasin-ibb-1-004864654-scaled-e1722440876959.jpg","width":1574,"height":1012,"caption":"UB Basel, Portr BS Sarasin L 1730, 2: Portr\u00e4t von Lukas Sarasin, [zwischen 1750 und 1770]"},{"@type":"WebSite","@id":"https:\/\/www.sgeaj.ch\/fr\/#website","url":"https:\/\/www.sgeaj.ch\/fr\/","name":"Schweizerische Gesellschaft f\u00fcr die Erforschung des 18. Jahrhunderts (SGEAJ - SSEDS)","description":"Schweizerische Gesellschaft f\u00fcr die Erforschung des 18. Jahrhunderts","publisher":{"@id":"https:\/\/www.sgeaj.ch\/fr\/#organization"},"potentialAction":[{"@type":"SearchAction","target":{"@type":"EntryPoint","urlTemplate":"https:\/\/www.sgeaj.ch\/fr\/?s={search_term_string}"},"query-input":{"@type":"PropertyValueSpecification","valueRequired":true,"valueName":"search_term_string"}}],"inLanguage":"fr-FR"},{"@type":"Organization","@id":"https:\/\/www.sgeaj.ch\/fr\/#organization","name":"Schweizerische Gesellschaft f\u00fcr die Erforschung des 18. Jahrhunderts (SGEAJ - SSEDS)","url":"https:\/\/www.sgeaj.ch\/fr\/","logo":{"@type":"ImageObject","inLanguage":"fr-FR","@id":"https:\/\/www.sgeaj.ch\/fr\/#\/schema\/logo\/image\/","url":"https:\/\/www.sgeaj.ch\/wp-content\/uploads\/2021\/06\/cropped-logo-xviiies-horiz-abreuviations-bleues.png","contentUrl":"https:\/\/www.sgeaj.ch\/wp-content\/uploads\/2021\/06\/cropped-logo-xviiies-horiz-abreuviations-bleues.png","width":659,"height":335,"caption":"Schweizerische Gesellschaft f\u00fcr die Erforschung des 18. Jahrhunderts (SGEAJ - SSEDS)"},"image":{"@id":"https:\/\/www.sgeaj.ch\/fr\/#\/schema\/logo\/image\/"}},{"@type":"Person","@id":"https:\/\/www.sgeaj.ch\/fr\/#\/schema\/person\/f9930dca12b3bd252d469f244e700c60","name":"Mich\u00e8le Steiner","url":"https:\/\/www.sgeaj.ch\/fr\/author\/msteiner\/"}]}},"_links":{"self":[{"href":"https:\/\/www.sgeaj.ch\/fr\/wp-json\/wp\/v2\/posts\/7352","targetHints":{"allow":["GET"]}}],"collection":[{"href":"https:\/\/www.sgeaj.ch\/fr\/wp-json\/wp\/v2\/posts"}],"about":[{"href":"https:\/\/www.sgeaj.ch\/fr\/wp-json\/wp\/v2\/types\/post"}],"author":[{"embeddable":true,"href":"https:\/\/www.sgeaj.ch\/fr\/wp-json\/wp\/v2\/users\/9"}],"replies":[{"embeddable":true,"href":"https:\/\/www.sgeaj.ch\/fr\/wp-json\/wp\/v2\/comments?post=7352"}],"version-history":[{"count":3,"href":"https:\/\/www.sgeaj.ch\/fr\/wp-json\/wp\/v2\/posts\/7352\/revisions"}],"predecessor-version":[{"id":7372,"href":"https:\/\/www.sgeaj.ch\/fr\/wp-json\/wp\/v2\/posts\/7352\/revisions\/7372"}],"wp:featuredmedia":[{"embeddable":true,"href":"https:\/\/www.sgeaj.ch\/fr\/wp-json\/wp\/v2\/media\/7350"}],"wp:attachment":[{"href":"https:\/\/www.sgeaj.ch\/fr\/wp-json\/wp\/v2\/media?parent=7352"}],"wp:term":[{"taxonomy":"category","embeddable":true,"href":"https:\/\/www.sgeaj.ch\/fr\/wp-json\/wp\/v2\/categories?post=7352"},{"taxonomy":"post_tag","embeddable":true,"href":"https:\/\/www.sgeaj.ch\/fr\/wp-json\/wp\/v2\/tags?post=7352"}],"curies":[{"name":"wp","href":"https:\/\/api.w.org\/{rel}","templated":true}]}}