{"id":7365,"date":"2024-07-01T08:25:25","date_gmt":"2024-07-01T06:25:25","guid":{"rendered":"https:\/\/www.sgeaj.ch\/?p=7365"},"modified":"2024-07-01T08:25:27","modified_gmt":"2024-07-01T06:25:27","slug":"vom-musikzimmer-in-den-konzertsaal","status":"publish","type":"post","link":"https:\/\/www.sgeaj.ch\/fr\/actualite\/vom-musikzimmer-in-den-konzertsaal\/","title":{"rendered":"Vom Musikzimmer in den Konzertsaal"},"content":{"rendered":"\n<h3 class=\"wp-block-heading\">Eine Wanderausstellung in Basel, Z\u00fcrich, Luzern und Bern<\/h3>\n\n\n\n<p>Die Musik florierte in der Alten Eidgenossenschaft im 18. Jahrhundert, dem Zeitalter der Aufkl\u00e4rung. Die St\u00e4dte besch\u00e4ftigten selbst Musiker, sogenannte Stadtpfeifer und Turmbl\u00e4ser, die f\u00fcr die Bev\u00f6lkerung auf den Marktpl\u00e4tzen oder von T\u00fcrmen herab musizierten. Wandernde Theatertruppen unterhielten das Volk mit musikalischen Schauspielen. In den katholischen Gebieten waren die Kirchen und Kl\u00f6ster florierende Musikzentren, und umherziehende Musiker spielten sowohl auf dem Land als auch in den St\u00e4dten zum Tanz auf. Eine zentrale Rolle kam dem st\u00e4dtischen B\u00fcrgertum zu: Dieses musizierte ausgiebig und sammelte zum Teil sogar Musikalien; es war im 18. Jahrhundert die treibende Kraft bei der Entstehung erster \u00f6ffentlicher Konzerte.<\/p>\n\n\n\n<h3 class=\"wp-block-heading\">Das Musikzimmer<\/h3>\n\n\n\n<p>Wer im 18. Jahrhundert etwas auf sich hielt, und es sich leisten konnte, vertrieb sich die Zeit mit Musizieren. Besonders Angeh\u00f6rige des gehobenen B\u00fcrgertums (Kaufleute, Geistliche, Lehrer, Juristen, \u00c4rzte) hatten oft bereits in der Kindheit eine Musikerziehung genossen. Viele besassen sogar eine kleine Musikbibliothek mit Musikalien aus den umliegenden L\u00e4ndern. Eine dieser bedeutenden musizierenden Privatpersonen war der Basler Seidenbandfabrikant Lukas Sarasin.<\/p>\n\n\n\n<h3 class=\"wp-block-heading\">Der Konzertsaal<\/h3>\n\n\n\n<p>Um gemeinsam erbauliche, geistliche Musik zu singen, gr\u00fcndeten musizierende Stadtb\u00fcrger in vielen St\u00e4dten der Deutschschweiz sogenannte Collegia Musica (Musikgesellschaften). Im Rahmen dieser \u00abMusikgesellschaften\u00bb wurden das weltliche Musikrepertoire und die Instrumentalmusik immer bedeutsamer, und professionelle Musiker verst\u00e4rkten die Musikdilettanten zusehends. Ab den 1720er-Jahren begann man \u00f6ffentliche Konzerte zu geben. Mit diesen war eine st\u00e4dtische Attraktion geboren, f\u00fcr die bald Eintritt bezahlt werden musste.<\/p>\n\n\n\n<p>Zur virtuellen Sarasin-Ausstellung geht es <a href=\"https:\/\/www.hkb-interpretation.ch\/projekte\/sarasin\/sarasin-ausstellung\" target=\"_blank\" rel=\"noreferrer noopener\">hier<\/a>. <\/p>\n\n\n\n<div data-wp-interactive=\"core\/file\" class=\"wp-block-file\"><object data-wp-bind--hidden=\"!state.hasPdfPreview\" hidden class=\"wp-block-file__embed\" data=\"https:\/\/www.sgeaj.ch\/wp-content\/uploads\/2024\/06\/2024-ausstellungen-sarasin-ausstellungsflyer.pdf\" type=\"application\/pdf\" style=\"width:100%;height:600px\" aria-label=\"Contenu embarqu\u00e9 2024_Ausstellungen_Sarasin_Ausstellungsflyer.\"><\/object><a id=\"wp-block-file--media-22606f48-a3f3-4888-9f8e-95fe963bf9a3\" href=\"https:\/\/www.sgeaj.ch\/wp-content\/uploads\/2024\/06\/2024-ausstellungen-sarasin-ausstellungsflyer.pdf\">2024_Ausstellungen_Sarasin_Ausstellungsflyer<\/a><a href=\"https:\/\/www.sgeaj.ch\/wp-content\/uploads\/2024\/06\/2024-ausstellungen-sarasin-ausstellungsflyer.pdf\" class=\"wp-block-file__button wp-element-button\" download aria-describedby=\"wp-block-file--media-22606f48-a3f3-4888-9f8e-95fe963bf9a3\">Herunterladen<\/a><\/div>\n","protected":false},"excerpt":{"rendered":"<p>Eine Wanderausstellung in Basel, Z\u00fcrich, Luzern und Bern Die Musik florierte in der Alten Eidgenossenschaft im 18. Jahrhundert, dem Zeitalter der Aufkl\u00e4rung. Die St\u00e4dte besch\u00e4ftigten selbst Musiker, sogenannte Stadtpfeifer und Turmbl\u00e4ser, die f\u00fcr die Bev\u00f6lkerung auf den Marktpl\u00e4tzen oder von T\u00fcrmen herab musizierten. Wandernde Theatertruppen unterhielten das Volk mit musikalischen Schauspielen. In den katholischen Gebieten [&hellip;]<\/p>\n","protected":false},"author":9,"featured_media":7368,"comment_status":"closed","ping_status":"open","sticky":false,"template":"","format":"standard","meta":{"footnotes":""},"categories":[42,55,3],"tags":[61,73,74],"class_list":{"0":"post-7365","1":"post","2":"type-post","3":"status-publish","4":"format-standard","5":"has-post-thumbnail","7":"category-actualite","8":"category-expositions","9":"category-non-classifiee","10":"tag-early-modern-period-fr","11":"tag-exhibition-fr","12":"tag-music-fr","13":"czr-hentry"},"yoast_head":"<!-- This site is optimized with the Yoast SEO plugin v26.9 - https:\/\/yoast.com\/product\/yoast-seo-wordpress\/ -->\n<title>Vom Musikzimmer in den Konzertsaal - Schweizerische Gesellschaft f\u00fcr die Erforschung des 18. Jahrhunderts (SGEAJ - SSEDS)<\/title>\n<meta name=\"robots\" content=\"index, follow, max-snippet:-1, max-image-preview:large, max-video-preview:-1\" \/>\n<link rel=\"canonical\" href=\"https:\/\/www.sgeaj.ch\/fr\/actualite\/vom-musikzimmer-in-den-konzertsaal\/\" \/>\n<meta name=\"twitter:label1\" content=\"\u00c9crit par\" \/>\n\t<meta name=\"twitter:data1\" content=\"Mich\u00e8le Steiner\" \/>\n\t<meta name=\"twitter:label2\" content=\"Dur\u00e9e de lecture estim\u00e9e\" \/>\n\t<meta name=\"twitter:data2\" content=\"2 minutes\" \/>\n<script type=\"application\/ld+json\" class=\"yoast-schema-graph\">{\"@context\":\"https:\/\/schema.org\",\"@graph\":[{\"@type\":\"Article\",\"@id\":\"https:\/\/www.sgeaj.ch\/fr\/actualite\/vom-musikzimmer-in-den-konzertsaal\/#article\",\"isPartOf\":{\"@id\":\"https:\/\/www.sgeaj.ch\/fr\/actualite\/vom-musikzimmer-in-den-konzertsaal\/\"},\"author\":{\"name\":\"Mich\u00e8le Steiner\",\"@id\":\"https:\/\/www.sgeaj.ch\/fr\/#\/schema\/person\/f9930dca12b3bd252d469f244e700c60\"},\"headline\":\"Vom Musikzimmer in den Konzertsaal\",\"datePublished\":\"2024-07-01T06:25:25+00:00\",\"dateModified\":\"2024-07-01T06:25:27+00:00\",\"mainEntityOfPage\":{\"@id\":\"https:\/\/www.sgeaj.ch\/fr\/actualite\/vom-musikzimmer-in-den-konzertsaal\/\"},\"wordCount\":270,\"publisher\":{\"@id\":\"https:\/\/www.sgeaj.ch\/fr\/#organization\"},\"image\":{\"@id\":\"https:\/\/www.sgeaj.ch\/fr\/actualite\/vom-musikzimmer-in-den-konzertsaal\/#primaryimage\"},\"thumbnailUrl\":\"https:\/\/www.sgeaj.ch\/wp-content\/uploads\/2024\/06\/2024-ausstellungen-sarasin-scaled-e1719653975367.jpeg\",\"keywords\":[\"Early Modern Period\",\"Exhibition\",\"Music\"],\"articleSection\":[\"Actualit\u00e9\",\"Expositions\",\"Non classifi\u00e9(e)\"],\"inLanguage\":\"fr-FR\"},{\"@type\":\"WebPage\",\"@id\":\"https:\/\/www.sgeaj.ch\/fr\/actualite\/vom-musikzimmer-in-den-konzertsaal\/\",\"url\":\"https:\/\/www.sgeaj.ch\/fr\/actualite\/vom-musikzimmer-in-den-konzertsaal\/\",\"name\":\"Vom Musikzimmer in den Konzertsaal - Schweizerische Gesellschaft f\u00fcr die Erforschung des 18. Jahrhunderts (SGEAJ - SSEDS)\",\"isPartOf\":{\"@id\":\"https:\/\/www.sgeaj.ch\/fr\/#website\"},\"primaryImageOfPage\":{\"@id\":\"https:\/\/www.sgeaj.ch\/fr\/actualite\/vom-musikzimmer-in-den-konzertsaal\/#primaryimage\"},\"image\":{\"@id\":\"https:\/\/www.sgeaj.ch\/fr\/actualite\/vom-musikzimmer-in-den-konzertsaal\/#primaryimage\"},\"thumbnailUrl\":\"https:\/\/www.sgeaj.ch\/wp-content\/uploads\/2024\/06\/2024-ausstellungen-sarasin-scaled-e1719653975367.jpeg\",\"datePublished\":\"2024-07-01T06:25:25+00:00\",\"dateModified\":\"2024-07-01T06:25:27+00:00\",\"inLanguage\":\"fr-FR\",\"potentialAction\":[{\"@type\":\"ReadAction\",\"target\":[\"https:\/\/www.sgeaj.ch\/fr\/actualite\/vom-musikzimmer-in-den-konzertsaal\/\"]}]},{\"@type\":\"ImageObject\",\"inLanguage\":\"fr-FR\",\"@id\":\"https:\/\/www.sgeaj.ch\/fr\/actualite\/vom-musikzimmer-in-den-konzertsaal\/#primaryimage\",\"url\":\"https:\/\/www.sgeaj.ch\/wp-content\/uploads\/2024\/06\/2024-ausstellungen-sarasin-scaled-e1719653975367.jpeg\",\"contentUrl\":\"https:\/\/www.sgeaj.ch\/wp-content\/uploads\/2024\/06\/2024-ausstellungen-sarasin-scaled-e1719653975367.jpeg\",\"width\":2560,\"height\":1641},{\"@type\":\"WebSite\",\"@id\":\"https:\/\/www.sgeaj.ch\/fr\/#website\",\"url\":\"https:\/\/www.sgeaj.ch\/fr\/\",\"name\":\"Schweizerische Gesellschaft f\u00fcr die Erforschung des 18. Jahrhunderts (SGEAJ - SSEDS)\",\"description\":\"Schweizerische Gesellschaft f\u00fcr die Erforschung des 18. Jahrhunderts\",\"publisher\":{\"@id\":\"https:\/\/www.sgeaj.ch\/fr\/#organization\"},\"potentialAction\":[{\"@type\":\"SearchAction\",\"target\":{\"@type\":\"EntryPoint\",\"urlTemplate\":\"https:\/\/www.sgeaj.ch\/fr\/?s={search_term_string}\"},\"query-input\":{\"@type\":\"PropertyValueSpecification\",\"valueRequired\":true,\"valueName\":\"search_term_string\"}}],\"inLanguage\":\"fr-FR\"},{\"@type\":\"Organization\",\"@id\":\"https:\/\/www.sgeaj.ch\/fr\/#organization\",\"name\":\"Schweizerische Gesellschaft f\u00fcr die Erforschung des 18. Jahrhunderts (SGEAJ - SSEDS)\",\"url\":\"https:\/\/www.sgeaj.ch\/fr\/\",\"logo\":{\"@type\":\"ImageObject\",\"inLanguage\":\"fr-FR\",\"@id\":\"https:\/\/www.sgeaj.ch\/fr\/#\/schema\/logo\/image\/\",\"url\":\"https:\/\/www.sgeaj.ch\/wp-content\/uploads\/2021\/06\/cropped-logo-xviiies-horiz-abreuviations-bleues.png\",\"contentUrl\":\"https:\/\/www.sgeaj.ch\/wp-content\/uploads\/2021\/06\/cropped-logo-xviiies-horiz-abreuviations-bleues.png\",\"width\":659,\"height\":335,\"caption\":\"Schweizerische Gesellschaft f\u00fcr die Erforschung des 18. Jahrhunderts (SGEAJ - SSEDS)\"},\"image\":{\"@id\":\"https:\/\/www.sgeaj.ch\/fr\/#\/schema\/logo\/image\/\"}},{\"@type\":\"Person\",\"@id\":\"https:\/\/www.sgeaj.ch\/fr\/#\/schema\/person\/f9930dca12b3bd252d469f244e700c60\",\"name\":\"Mich\u00e8le Steiner\",\"url\":\"https:\/\/www.sgeaj.ch\/fr\/author\/msteiner\/\"}]}<\/script>\n<!-- \/ Yoast SEO plugin. -->","yoast_head_json":{"title":"Vom Musikzimmer in den Konzertsaal - Schweizerische Gesellschaft f\u00fcr die Erforschung des 18. Jahrhunderts (SGEAJ - SSEDS)","robots":{"index":"index","follow":"follow","max-snippet":"max-snippet:-1","max-image-preview":"max-image-preview:large","max-video-preview":"max-video-preview:-1"},"canonical":"https:\/\/www.sgeaj.ch\/fr\/actualite\/vom-musikzimmer-in-den-konzertsaal\/","twitter_misc":{"\u00c9crit par":"Mich\u00e8le Steiner","Dur\u00e9e de lecture estim\u00e9e":"2 minutes"},"schema":{"@context":"https:\/\/schema.org","@graph":[{"@type":"Article","@id":"https:\/\/www.sgeaj.ch\/fr\/actualite\/vom-musikzimmer-in-den-konzertsaal\/#article","isPartOf":{"@id":"https:\/\/www.sgeaj.ch\/fr\/actualite\/vom-musikzimmer-in-den-konzertsaal\/"},"author":{"name":"Mich\u00e8le Steiner","@id":"https:\/\/www.sgeaj.ch\/fr\/#\/schema\/person\/f9930dca12b3bd252d469f244e700c60"},"headline":"Vom Musikzimmer in den Konzertsaal","datePublished":"2024-07-01T06:25:25+00:00","dateModified":"2024-07-01T06:25:27+00:00","mainEntityOfPage":{"@id":"https:\/\/www.sgeaj.ch\/fr\/actualite\/vom-musikzimmer-in-den-konzertsaal\/"},"wordCount":270,"publisher":{"@id":"https:\/\/www.sgeaj.ch\/fr\/#organization"},"image":{"@id":"https:\/\/www.sgeaj.ch\/fr\/actualite\/vom-musikzimmer-in-den-konzertsaal\/#primaryimage"},"thumbnailUrl":"https:\/\/www.sgeaj.ch\/wp-content\/uploads\/2024\/06\/2024-ausstellungen-sarasin-scaled-e1719653975367.jpeg","keywords":["Early Modern Period","Exhibition","Music"],"articleSection":["Actualit\u00e9","Expositions","Non classifi\u00e9(e)"],"inLanguage":"fr-FR"},{"@type":"WebPage","@id":"https:\/\/www.sgeaj.ch\/fr\/actualite\/vom-musikzimmer-in-den-konzertsaal\/","url":"https:\/\/www.sgeaj.ch\/fr\/actualite\/vom-musikzimmer-in-den-konzertsaal\/","name":"Vom Musikzimmer in den Konzertsaal - Schweizerische Gesellschaft f\u00fcr die Erforschung des 18. Jahrhunderts (SGEAJ - SSEDS)","isPartOf":{"@id":"https:\/\/www.sgeaj.ch\/fr\/#website"},"primaryImageOfPage":{"@id":"https:\/\/www.sgeaj.ch\/fr\/actualite\/vom-musikzimmer-in-den-konzertsaal\/#primaryimage"},"image":{"@id":"https:\/\/www.sgeaj.ch\/fr\/actualite\/vom-musikzimmer-in-den-konzertsaal\/#primaryimage"},"thumbnailUrl":"https:\/\/www.sgeaj.ch\/wp-content\/uploads\/2024\/06\/2024-ausstellungen-sarasin-scaled-e1719653975367.jpeg","datePublished":"2024-07-01T06:25:25+00:00","dateModified":"2024-07-01T06:25:27+00:00","inLanguage":"fr-FR","potentialAction":[{"@type":"ReadAction","target":["https:\/\/www.sgeaj.ch\/fr\/actualite\/vom-musikzimmer-in-den-konzertsaal\/"]}]},{"@type":"ImageObject","inLanguage":"fr-FR","@id":"https:\/\/www.sgeaj.ch\/fr\/actualite\/vom-musikzimmer-in-den-konzertsaal\/#primaryimage","url":"https:\/\/www.sgeaj.ch\/wp-content\/uploads\/2024\/06\/2024-ausstellungen-sarasin-scaled-e1719653975367.jpeg","contentUrl":"https:\/\/www.sgeaj.ch\/wp-content\/uploads\/2024\/06\/2024-ausstellungen-sarasin-scaled-e1719653975367.jpeg","width":2560,"height":1641},{"@type":"WebSite","@id":"https:\/\/www.sgeaj.ch\/fr\/#website","url":"https:\/\/www.sgeaj.ch\/fr\/","name":"Schweizerische Gesellschaft f\u00fcr die Erforschung des 18. Jahrhunderts (SGEAJ - SSEDS)","description":"Schweizerische Gesellschaft f\u00fcr die Erforschung des 18. Jahrhunderts","publisher":{"@id":"https:\/\/www.sgeaj.ch\/fr\/#organization"},"potentialAction":[{"@type":"SearchAction","target":{"@type":"EntryPoint","urlTemplate":"https:\/\/www.sgeaj.ch\/fr\/?s={search_term_string}"},"query-input":{"@type":"PropertyValueSpecification","valueRequired":true,"valueName":"search_term_string"}}],"inLanguage":"fr-FR"},{"@type":"Organization","@id":"https:\/\/www.sgeaj.ch\/fr\/#organization","name":"Schweizerische Gesellschaft f\u00fcr die Erforschung des 18. Jahrhunderts (SGEAJ - SSEDS)","url":"https:\/\/www.sgeaj.ch\/fr\/","logo":{"@type":"ImageObject","inLanguage":"fr-FR","@id":"https:\/\/www.sgeaj.ch\/fr\/#\/schema\/logo\/image\/","url":"https:\/\/www.sgeaj.ch\/wp-content\/uploads\/2021\/06\/cropped-logo-xviiies-horiz-abreuviations-bleues.png","contentUrl":"https:\/\/www.sgeaj.ch\/wp-content\/uploads\/2021\/06\/cropped-logo-xviiies-horiz-abreuviations-bleues.png","width":659,"height":335,"caption":"Schweizerische Gesellschaft f\u00fcr die Erforschung des 18. Jahrhunderts (SGEAJ - SSEDS)"},"image":{"@id":"https:\/\/www.sgeaj.ch\/fr\/#\/schema\/logo\/image\/"}},{"@type":"Person","@id":"https:\/\/www.sgeaj.ch\/fr\/#\/schema\/person\/f9930dca12b3bd252d469f244e700c60","name":"Mich\u00e8le Steiner","url":"https:\/\/www.sgeaj.ch\/fr\/author\/msteiner\/"}]}},"_links":{"self":[{"href":"https:\/\/www.sgeaj.ch\/fr\/wp-json\/wp\/v2\/posts\/7365","targetHints":{"allow":["GET"]}}],"collection":[{"href":"https:\/\/www.sgeaj.ch\/fr\/wp-json\/wp\/v2\/posts"}],"about":[{"href":"https:\/\/www.sgeaj.ch\/fr\/wp-json\/wp\/v2\/types\/post"}],"author":[{"embeddable":true,"href":"https:\/\/www.sgeaj.ch\/fr\/wp-json\/wp\/v2\/users\/9"}],"replies":[{"embeddable":true,"href":"https:\/\/www.sgeaj.ch\/fr\/wp-json\/wp\/v2\/comments?post=7365"}],"version-history":[{"count":3,"href":"https:\/\/www.sgeaj.ch\/fr\/wp-json\/wp\/v2\/posts\/7365\/revisions"}],"predecessor-version":[{"id":7374,"href":"https:\/\/www.sgeaj.ch\/fr\/wp-json\/wp\/v2\/posts\/7365\/revisions\/7374"}],"wp:featuredmedia":[{"embeddable":true,"href":"https:\/\/www.sgeaj.ch\/fr\/wp-json\/wp\/v2\/media\/7368"}],"wp:attachment":[{"href":"https:\/\/www.sgeaj.ch\/fr\/wp-json\/wp\/v2\/media?parent=7365"}],"wp:term":[{"taxonomy":"category","embeddable":true,"href":"https:\/\/www.sgeaj.ch\/fr\/wp-json\/wp\/v2\/categories?post=7365"},{"taxonomy":"post_tag","embeddable":true,"href":"https:\/\/www.sgeaj.ch\/fr\/wp-json\/wp\/v2\/tags?post=7365"}],"curies":[{"name":"wp","href":"https:\/\/api.w.org\/{rel}","templated":true}]}}