{"id":7388,"date":"2024-08-07T16:53:07","date_gmt":"2024-08-07T14:53:07","guid":{"rendered":"https:\/\/www.sgeaj.ch\/?p=7388"},"modified":"2024-08-07T16:54:17","modified_gmt":"2024-08-07T14:54:17","slug":"stellenausschreibung-politik-der-aufklaerung-am-izea-an-der-mlu-halle","status":"publish","type":"post","link":"https:\/\/www.sgeaj.ch\/fr\/actualite\/stellenausschreibung-politik-der-aufklaerung-am-izea-an-der-mlu-halle\/","title":{"rendered":"Stellenausschreibung: \u00abPolitik der Aufkl\u00e4rung\u00bb am IZEA an der MLU Halle"},"content":{"rendered":"\n<h3 class=\"wp-block-heading\"><p class=\"MsoNormal\">An der Martin-Luther-Universit\u00e4t Halle-Wittenberg (MLU) besch\u00e4ftigt sich ein neues Graduiertenkolleg (GRK) mit der Geschichte der Aufkl\u00e4rung. Im Rahmen des von der Deutschen Forschungsgemeinschaft (DFG) gef\u00f6rderten GRK 2999 \u00abPolitik der Aufkl\u00e4rung\u00bb sind insgesamt 8 Promotionsstellen von jeweils 4 Jahren und 1 Postdoc-Stelle von 5 Jahren ausgeschrieben. Die Forschungsprojekte untersuchen die komplexen und mitunter widerspr\u00fcchlichen Debatten zur Aufkl\u00e4rung in Vergangenheit und Gegenwart.<\/p><\/h3>\n\n\n\n<p>Eine Leitidee der Aufkl\u00e4rung ist, vereinfacht gesagt, dass allein die Vernunft das Handeln des Menschen bestimmen soll. Was das genau bedeutet, wird seit dem 18. Jahrhundert intensiv diskutiert \u2013 und das nicht nur in der Wissenschaft. Heute geh\u00f6rt der Begriff Aufkl\u00e4rung zum festen Wortschatz von Politikerinnen und Politikern: \u00abIch glaube an die Kraft der Aufkl\u00e4rung\u00bb, sagte die damalige Bundeskanzlerin Angela Merkel in der Generaldebatte zum Bundeshaushalt 2021. \u00abIn den USA gelten Aufkl\u00e4rung und Wissenschaft allgemein als Gegenentwurf zum Populismus von Donald Trump\u00bb, sagt die k\u00fcnftige GRK-Sprecherin <a href=\"https:\/\/www.germanistik.uni-halle.de\/neuere_literaturwissenschaft\/decultot\/\" target=\"_blank\" rel=\"noreferrer noopener\">Prof. Dr. Elisabeth D\u00e9cultot<\/a> vom Germanistischen Institut der <a href=\"https:\/\/www.uni-halle.de\/\" target=\"_blank\" rel=\"noreferrer noopener\">MLU<\/a>. Au\u00dferdem h\u00e4tten Gelehrte bereits im 18. Jahrhundert den Anspruch erhoben, als Vertreterinnen und Vertreter der Aufkl\u00e4rung politische Gestaltungskraft zu entfalten und so ihre Ideen zu Gesellschaft und Regierungsformen wirksam zu machen.<\/p>\n\n\n\n<p>Mit diesem besonderen Verh\u00e4ltnis von Aufkl\u00e4rung und Politik befassen sich die k\u00fcnftigen Promotionsprojekte des <a href=\"https:\/\/pressemitteilungen.pr.uni-halle.de\/index.php?modus=pmanzeige&amp;pm_id=5751\" target=\"_blank\" rel=\"noreferrer noopener\">GRK 2999<\/a> aus verschiedenen Perspektiven: sowohl historisch als auch zeitgen\u00f6ssisch, lokal als auch global. Ein besonderer Fokus liegt auf der Aufkl\u00e4rung ausserhalb Europas und auf der postkolonialen Aufkl\u00e4rungskritik. Um der Thematik gerecht zu werden, vereint das GRK zahlreiche geisteswissenschaftliche Disziplinen der MLU. Zudem k\u00f6nnen die Promovierenden auf ein Netzwerk mit Partnerinnen und Partnern unter anderem aus den USA, Gro\u00dfbritannien, Frankreich, Katar und China zur\u00fcckgreifen.<\/p>\n\n\n\n<p>Die MLU bietet f\u00fcr das Programm ein exzellentes wissenschaftliches Umfeld: Die Forschung zur Aufkl\u00e4rung hat hier seit Jahrhunderten Tradition. Das <a href=\"https:\/\/www.izea.uni-halle.de\/\" target=\"_blank\" rel=\"noreferrer noopener\">Interdisziplin\u00e4re Zentrum f\u00fcr die Erforschung der Europ\u00e4ischen Aufkl\u00e4rung (IZEA)<\/a> der MLU, an dem das GRK angesiedelt wird, ist international hoch angesehen und hervorragend vernetzt. Neben ihrer wissenschaftlichen Qualifikation haben die Promovierenden zudem die M\u00f6glichkeit, ein bis zu dreimonatiges Praktikum bei au\u00dferuniversit\u00e4ren Partnerinstitutionen zu absolvieren. Dazu geh\u00f6ren etwa die Kulturstiftung Dessau-W\u00f6rlitz, der Mitteldeutsche Verlag und die US-Botschaft in Berlin<\/p>\n\n\n\n<p>In der ersten Kohorte (2025) werden per 1. April 2025 8 Promotionsstellen von jeweils 4 Jahren (48 Monate) und 1 Postdoc-Stelle von 5 Jahren (60 Monate) ausgeschrieben. Bewerbungsfrist ist der 4. November 2024. 2026 und 2027 werden zwei weitere Kohorten von jeweils 5 Promovierenden rekrutiert. F\u00fcr die Dissertationen ist ein Team von drei Betreuer:innen geplant, darunter eine Person, die der Gruppe der GK-Antragsteller:innen nicht angeh\u00f6rt. Die Stellen sollen international gestaltet und besetzt werden.&nbsp;<\/p>\n\n\n\n<p><a href=\"https:\/\/www.verwaltung.uni-halle.de\/dezern3\/Ausschr\/24_4_7745_24_D_engl.pdf?fbclid=IwZXh0bgNhZW0CMTAAAR0JLfD8HfLgyNx00VnzbDIHaeEAza7pbE-cMEmTnEsLC3S23SB-PZEFEz4_aem_q8Qn-924plrZjEP1NKybeg\" target=\"_blank\" rel=\"noreferrer noopener\">Hier<\/a> geht es zur Ausschreibung der Doktorierendenstellen (in Englisch).<\/p>\n\n\n\n<p><a href=\"https:\/\/www.verwaltung.uni-halle.de\/dezern3\/Ausschr\/24_4_7744_24_D_engl.pdf?fbclid=IwZXh0bgNhZW0CMTAAAR1Hgz01_oZRJ-8XfQNwZk7svPPq5Nk6PZ9tNXjs7VNxzEhJouaOBlTg4nw_aem_3IXYAtNV4-yj_xGSfQo0BQ\" target=\"_blank\" rel=\"noreferrer noopener\">Hier<\/a> geht es zur Ausschreibung der Postdoc-Stelle (in Englisch).<\/p>\n\n\n\n<div data-wp-interactive=\"core\/file\" class=\"wp-block-file\"><object data-wp-bind--hidden=\"!state.hasPdfPreview\" hidden class=\"wp-block-file__embed\" data=\"https:\/\/www.sgeaj.ch\/wp-content\/uploads\/2024\/08\/rtg-pdaconceptenglish-3.pdf\" type=\"application\/pdf\" style=\"width:100%;height:600px\" aria-label=\"Contenu embarqu\u00e9 RTG PdA.Concept.English-3.\"><\/object><a id=\"wp-block-file--media-8c379791-ac1a-4ad2-bc7e-1cc8a9233b74\" href=\"https:\/\/www.sgeaj.ch\/wp-content\/uploads\/2024\/08\/rtg-pdaconceptenglish-3.pdf\">RTG PdA.Concept.English-3<\/a><a href=\"https:\/\/www.sgeaj.ch\/wp-content\/uploads\/2024\/08\/rtg-pdaconceptenglish-3.pdf\" class=\"wp-block-file__button wp-element-button\" download aria-describedby=\"wp-block-file--media-8c379791-ac1a-4ad2-bc7e-1cc8a9233b74\">Herunterladen<\/a><\/div>\n","protected":false},"excerpt":{"rendered":"<p>An der Martin-Luther-Universit\u00e4t Halle-Wittenberg (MLU) besch\u00e4ftigt sich ein neues Graduiertenkolleg (GRK) mit der Geschichte der Aufkl\u00e4rung. Im Rahmen des von der Deutschen Forschungsgemeinschaft (DFG) gef\u00f6rderten GRK 2999 \u00abPolitik der Aufkl\u00e4rung\u00bb sind insgesamt 8 Promotionsstellen von jeweils 4 Jahren und 1 Postdoc-Stelle von 5 Jahren ausgeschrieben. Die Forschungsprojekte untersuchen die komplexen und mitunter widerspr\u00fcchlichen Debatten zur [&hellip;]<\/p>\n","protected":false},"author":9,"featured_media":7390,"comment_status":"closed","ping_status":"open","sticky":false,"template":"","format":"standard","meta":{"footnotes":""},"categories":[42,43],"tags":[67,77,78],"class_list":{"0":"post-7388","1":"post","2":"type-post","3":"status-publish","4":"format-standard","5":"has-post-thumbnail","7":"category-actualite","8":"category-communication","9":"tag-enlightenment-fr","10":"tag-phd-position-fr","11":"tag-postdoc-position-fr","12":"czr-hentry"},"yoast_head":"<!-- This site is optimized with the Yoast SEO plugin v26.9 - https:\/\/yoast.com\/product\/yoast-seo-wordpress\/ -->\n<title>Stellenausschreibung: \u00abPolitik der Aufkl\u00e4rung\u00bb am IZEA an der MLU Halle - Schweizerische Gesellschaft f\u00fcr die Erforschung des 18. Jahrhunderts (SGEAJ - SSEDS)<\/title>\n<meta name=\"robots\" content=\"index, follow, max-snippet:-1, max-image-preview:large, max-video-preview:-1\" \/>\n<link rel=\"canonical\" href=\"https:\/\/www.sgeaj.ch\/fr\/actualite\/stellenausschreibung-politik-der-aufklaerung-am-izea-an-der-mlu-halle\/\" \/>\n<meta name=\"twitter:label1\" content=\"\u00c9crit par\" \/>\n\t<meta name=\"twitter:data1\" content=\"Mich\u00e8le Steiner\" \/>\n\t<meta name=\"twitter:label2\" content=\"Dur\u00e9e de lecture estim\u00e9e\" \/>\n\t<meta name=\"twitter:data2\" content=\"3 minutes\" \/>\n<script type=\"application\/ld+json\" class=\"yoast-schema-graph\">{\"@context\":\"https:\/\/schema.org\",\"@graph\":[{\"@type\":\"Article\",\"@id\":\"https:\/\/www.sgeaj.ch\/fr\/actualite\/stellenausschreibung-politik-der-aufklaerung-am-izea-an-der-mlu-halle\/#article\",\"isPartOf\":{\"@id\":\"https:\/\/www.sgeaj.ch\/fr\/actualite\/stellenausschreibung-politik-der-aufklaerung-am-izea-an-der-mlu-halle\/\"},\"author\":{\"name\":\"Mich\u00e8le Steiner\",\"@id\":\"https:\/\/www.sgeaj.ch\/fr\/#\/schema\/person\/f9930dca12b3bd252d469f244e700c60\"},\"headline\":\"Stellenausschreibung: \u00abPolitik der Aufkl\u00e4rung\u00bb am IZEA an der MLU Halle\",\"datePublished\":\"2024-08-07T14:53:07+00:00\",\"dateModified\":\"2024-08-07T14:54:17+00:00\",\"mainEntityOfPage\":{\"@id\":\"https:\/\/www.sgeaj.ch\/fr\/actualite\/stellenausschreibung-politik-der-aufklaerung-am-izea-an-der-mlu-halle\/\"},\"wordCount\":467,\"publisher\":{\"@id\":\"https:\/\/www.sgeaj.ch\/fr\/#organization\"},\"image\":{\"@id\":\"https:\/\/www.sgeaj.ch\/fr\/actualite\/stellenausschreibung-politik-der-aufklaerung-am-izea-an-der-mlu-halle\/#primaryimage\"},\"thumbnailUrl\":\"https:\/\/www.sgeaj.ch\/wp-content\/uploads\/2024\/08\/logo-mlu-halle.jpg\",\"keywords\":[\"Enlightenment\",\"PhD position\",\"Postdoc Position\"],\"articleSection\":[\"Actualit\u00e9\",\"Communication\"],\"inLanguage\":\"fr-FR\"},{\"@type\":\"WebPage\",\"@id\":\"https:\/\/www.sgeaj.ch\/fr\/actualite\/stellenausschreibung-politik-der-aufklaerung-am-izea-an-der-mlu-halle\/\",\"url\":\"https:\/\/www.sgeaj.ch\/fr\/actualite\/stellenausschreibung-politik-der-aufklaerung-am-izea-an-der-mlu-halle\/\",\"name\":\"Stellenausschreibung: \u00abPolitik der Aufkl\u00e4rung\u00bb am IZEA an der MLU Halle - Schweizerische Gesellschaft f\u00fcr die Erforschung des 18. Jahrhunderts (SGEAJ - SSEDS)\",\"isPartOf\":{\"@id\":\"https:\/\/www.sgeaj.ch\/fr\/#website\"},\"primaryImageOfPage\":{\"@id\":\"https:\/\/www.sgeaj.ch\/fr\/actualite\/stellenausschreibung-politik-der-aufklaerung-am-izea-an-der-mlu-halle\/#primaryimage\"},\"image\":{\"@id\":\"https:\/\/www.sgeaj.ch\/fr\/actualite\/stellenausschreibung-politik-der-aufklaerung-am-izea-an-der-mlu-halle\/#primaryimage\"},\"thumbnailUrl\":\"https:\/\/www.sgeaj.ch\/wp-content\/uploads\/2024\/08\/logo-mlu-halle.jpg\",\"datePublished\":\"2024-08-07T14:53:07+00:00\",\"dateModified\":\"2024-08-07T14:54:17+00:00\",\"inLanguage\":\"fr-FR\",\"potentialAction\":[{\"@type\":\"ReadAction\",\"target\":[\"https:\/\/www.sgeaj.ch\/fr\/actualite\/stellenausschreibung-politik-der-aufklaerung-am-izea-an-der-mlu-halle\/\"]}]},{\"@type\":\"ImageObject\",\"inLanguage\":\"fr-FR\",\"@id\":\"https:\/\/www.sgeaj.ch\/fr\/actualite\/stellenausschreibung-politik-der-aufklaerung-am-izea-an-der-mlu-halle\/#primaryimage\",\"url\":\"https:\/\/www.sgeaj.ch\/wp-content\/uploads\/2024\/08\/logo-mlu-halle.jpg\",\"contentUrl\":\"https:\/\/www.sgeaj.ch\/wp-content\/uploads\/2024\/08\/logo-mlu-halle.jpg\",\"width\":1050,\"height\":700},{\"@type\":\"WebSite\",\"@id\":\"https:\/\/www.sgeaj.ch\/fr\/#website\",\"url\":\"https:\/\/www.sgeaj.ch\/fr\/\",\"name\":\"Schweizerische Gesellschaft f\u00fcr die Erforschung des 18. Jahrhunderts (SGEAJ - SSEDS)\",\"description\":\"Schweizerische Gesellschaft f\u00fcr die Erforschung des 18. Jahrhunderts\",\"publisher\":{\"@id\":\"https:\/\/www.sgeaj.ch\/fr\/#organization\"},\"potentialAction\":[{\"@type\":\"SearchAction\",\"target\":{\"@type\":\"EntryPoint\",\"urlTemplate\":\"https:\/\/www.sgeaj.ch\/fr\/?s={search_term_string}\"},\"query-input\":{\"@type\":\"PropertyValueSpecification\",\"valueRequired\":true,\"valueName\":\"search_term_string\"}}],\"inLanguage\":\"fr-FR\"},{\"@type\":\"Organization\",\"@id\":\"https:\/\/www.sgeaj.ch\/fr\/#organization\",\"name\":\"Schweizerische Gesellschaft f\u00fcr die Erforschung des 18. Jahrhunderts (SGEAJ - SSEDS)\",\"url\":\"https:\/\/www.sgeaj.ch\/fr\/\",\"logo\":{\"@type\":\"ImageObject\",\"inLanguage\":\"fr-FR\",\"@id\":\"https:\/\/www.sgeaj.ch\/fr\/#\/schema\/logo\/image\/\",\"url\":\"https:\/\/www.sgeaj.ch\/wp-content\/uploads\/2021\/06\/cropped-logo-xviiies-horiz-abreuviations-bleues.png\",\"contentUrl\":\"https:\/\/www.sgeaj.ch\/wp-content\/uploads\/2021\/06\/cropped-logo-xviiies-horiz-abreuviations-bleues.png\",\"width\":659,\"height\":335,\"caption\":\"Schweizerische Gesellschaft f\u00fcr die Erforschung des 18. Jahrhunderts (SGEAJ - SSEDS)\"},\"image\":{\"@id\":\"https:\/\/www.sgeaj.ch\/fr\/#\/schema\/logo\/image\/\"}},{\"@type\":\"Person\",\"@id\":\"https:\/\/www.sgeaj.ch\/fr\/#\/schema\/person\/f9930dca12b3bd252d469f244e700c60\",\"name\":\"Mich\u00e8le Steiner\",\"url\":\"https:\/\/www.sgeaj.ch\/fr\/author\/msteiner\/\"}]}<\/script>\n<!-- \/ Yoast SEO plugin. -->","yoast_head_json":{"title":"Stellenausschreibung: \u00abPolitik der Aufkl\u00e4rung\u00bb am IZEA an der MLU Halle - Schweizerische Gesellschaft f\u00fcr die Erforschung des 18. Jahrhunderts (SGEAJ - SSEDS)","robots":{"index":"index","follow":"follow","max-snippet":"max-snippet:-1","max-image-preview":"max-image-preview:large","max-video-preview":"max-video-preview:-1"},"canonical":"https:\/\/www.sgeaj.ch\/fr\/actualite\/stellenausschreibung-politik-der-aufklaerung-am-izea-an-der-mlu-halle\/","twitter_misc":{"\u00c9crit par":"Mich\u00e8le Steiner","Dur\u00e9e de lecture estim\u00e9e":"3 minutes"},"schema":{"@context":"https:\/\/schema.org","@graph":[{"@type":"Article","@id":"https:\/\/www.sgeaj.ch\/fr\/actualite\/stellenausschreibung-politik-der-aufklaerung-am-izea-an-der-mlu-halle\/#article","isPartOf":{"@id":"https:\/\/www.sgeaj.ch\/fr\/actualite\/stellenausschreibung-politik-der-aufklaerung-am-izea-an-der-mlu-halle\/"},"author":{"name":"Mich\u00e8le Steiner","@id":"https:\/\/www.sgeaj.ch\/fr\/#\/schema\/person\/f9930dca12b3bd252d469f244e700c60"},"headline":"Stellenausschreibung: \u00abPolitik der Aufkl\u00e4rung\u00bb am IZEA an der MLU Halle","datePublished":"2024-08-07T14:53:07+00:00","dateModified":"2024-08-07T14:54:17+00:00","mainEntityOfPage":{"@id":"https:\/\/www.sgeaj.ch\/fr\/actualite\/stellenausschreibung-politik-der-aufklaerung-am-izea-an-der-mlu-halle\/"},"wordCount":467,"publisher":{"@id":"https:\/\/www.sgeaj.ch\/fr\/#organization"},"image":{"@id":"https:\/\/www.sgeaj.ch\/fr\/actualite\/stellenausschreibung-politik-der-aufklaerung-am-izea-an-der-mlu-halle\/#primaryimage"},"thumbnailUrl":"https:\/\/www.sgeaj.ch\/wp-content\/uploads\/2024\/08\/logo-mlu-halle.jpg","keywords":["Enlightenment","PhD position","Postdoc Position"],"articleSection":["Actualit\u00e9","Communication"],"inLanguage":"fr-FR"},{"@type":"WebPage","@id":"https:\/\/www.sgeaj.ch\/fr\/actualite\/stellenausschreibung-politik-der-aufklaerung-am-izea-an-der-mlu-halle\/","url":"https:\/\/www.sgeaj.ch\/fr\/actualite\/stellenausschreibung-politik-der-aufklaerung-am-izea-an-der-mlu-halle\/","name":"Stellenausschreibung: \u00abPolitik der Aufkl\u00e4rung\u00bb am IZEA an der MLU Halle - Schweizerische Gesellschaft f\u00fcr die Erforschung des 18. Jahrhunderts (SGEAJ - SSEDS)","isPartOf":{"@id":"https:\/\/www.sgeaj.ch\/fr\/#website"},"primaryImageOfPage":{"@id":"https:\/\/www.sgeaj.ch\/fr\/actualite\/stellenausschreibung-politik-der-aufklaerung-am-izea-an-der-mlu-halle\/#primaryimage"},"image":{"@id":"https:\/\/www.sgeaj.ch\/fr\/actualite\/stellenausschreibung-politik-der-aufklaerung-am-izea-an-der-mlu-halle\/#primaryimage"},"thumbnailUrl":"https:\/\/www.sgeaj.ch\/wp-content\/uploads\/2024\/08\/logo-mlu-halle.jpg","datePublished":"2024-08-07T14:53:07+00:00","dateModified":"2024-08-07T14:54:17+00:00","inLanguage":"fr-FR","potentialAction":[{"@type":"ReadAction","target":["https:\/\/www.sgeaj.ch\/fr\/actualite\/stellenausschreibung-politik-der-aufklaerung-am-izea-an-der-mlu-halle\/"]}]},{"@type":"ImageObject","inLanguage":"fr-FR","@id":"https:\/\/www.sgeaj.ch\/fr\/actualite\/stellenausschreibung-politik-der-aufklaerung-am-izea-an-der-mlu-halle\/#primaryimage","url":"https:\/\/www.sgeaj.ch\/wp-content\/uploads\/2024\/08\/logo-mlu-halle.jpg","contentUrl":"https:\/\/www.sgeaj.ch\/wp-content\/uploads\/2024\/08\/logo-mlu-halle.jpg","width":1050,"height":700},{"@type":"WebSite","@id":"https:\/\/www.sgeaj.ch\/fr\/#website","url":"https:\/\/www.sgeaj.ch\/fr\/","name":"Schweizerische Gesellschaft f\u00fcr die Erforschung des 18. Jahrhunderts (SGEAJ - SSEDS)","description":"Schweizerische Gesellschaft f\u00fcr die Erforschung des 18. Jahrhunderts","publisher":{"@id":"https:\/\/www.sgeaj.ch\/fr\/#organization"},"potentialAction":[{"@type":"SearchAction","target":{"@type":"EntryPoint","urlTemplate":"https:\/\/www.sgeaj.ch\/fr\/?s={search_term_string}"},"query-input":{"@type":"PropertyValueSpecification","valueRequired":true,"valueName":"search_term_string"}}],"inLanguage":"fr-FR"},{"@type":"Organization","@id":"https:\/\/www.sgeaj.ch\/fr\/#organization","name":"Schweizerische Gesellschaft f\u00fcr die Erforschung des 18. Jahrhunderts (SGEAJ - SSEDS)","url":"https:\/\/www.sgeaj.ch\/fr\/","logo":{"@type":"ImageObject","inLanguage":"fr-FR","@id":"https:\/\/www.sgeaj.ch\/fr\/#\/schema\/logo\/image\/","url":"https:\/\/www.sgeaj.ch\/wp-content\/uploads\/2021\/06\/cropped-logo-xviiies-horiz-abreuviations-bleues.png","contentUrl":"https:\/\/www.sgeaj.ch\/wp-content\/uploads\/2021\/06\/cropped-logo-xviiies-horiz-abreuviations-bleues.png","width":659,"height":335,"caption":"Schweizerische Gesellschaft f\u00fcr die Erforschung des 18. Jahrhunderts (SGEAJ - SSEDS)"},"image":{"@id":"https:\/\/www.sgeaj.ch\/fr\/#\/schema\/logo\/image\/"}},{"@type":"Person","@id":"https:\/\/www.sgeaj.ch\/fr\/#\/schema\/person\/f9930dca12b3bd252d469f244e700c60","name":"Mich\u00e8le Steiner","url":"https:\/\/www.sgeaj.ch\/fr\/author\/msteiner\/"}]}},"_links":{"self":[{"href":"https:\/\/www.sgeaj.ch\/fr\/wp-json\/wp\/v2\/posts\/7388","targetHints":{"allow":["GET"]}}],"collection":[{"href":"https:\/\/www.sgeaj.ch\/fr\/wp-json\/wp\/v2\/posts"}],"about":[{"href":"https:\/\/www.sgeaj.ch\/fr\/wp-json\/wp\/v2\/types\/post"}],"author":[{"embeddable":true,"href":"https:\/\/www.sgeaj.ch\/fr\/wp-json\/wp\/v2\/users\/9"}],"replies":[{"embeddable":true,"href":"https:\/\/www.sgeaj.ch\/fr\/wp-json\/wp\/v2\/comments?post=7388"}],"version-history":[{"count":4,"href":"https:\/\/www.sgeaj.ch\/fr\/wp-json\/wp\/v2\/posts\/7388\/revisions"}],"predecessor-version":[{"id":7403,"href":"https:\/\/www.sgeaj.ch\/fr\/wp-json\/wp\/v2\/posts\/7388\/revisions\/7403"}],"wp:featuredmedia":[{"embeddable":true,"href":"https:\/\/www.sgeaj.ch\/fr\/wp-json\/wp\/v2\/media\/7390"}],"wp:attachment":[{"href":"https:\/\/www.sgeaj.ch\/fr\/wp-json\/wp\/v2\/media?parent=7388"}],"wp:term":[{"taxonomy":"category","embeddable":true,"href":"https:\/\/www.sgeaj.ch\/fr\/wp-json\/wp\/v2\/categories?post=7388"},{"taxonomy":"post_tag","embeddable":true,"href":"https:\/\/www.sgeaj.ch\/fr\/wp-json\/wp\/v2\/tags?post=7388"}],"curies":[{"name":"wp","href":"https:\/\/api.w.org\/{rel}","templated":true}]}}