{"id":7412,"date":"2024-08-13T08:52:25","date_gmt":"2024-08-13T06:52:25","guid":{"rendered":"https:\/\/www.sgeaj.ch\/?p=7412"},"modified":"2024-08-13T08:52:27","modified_gmt":"2024-08-13T06:52:27","slug":"das-erbe-der-adels-und-klosterkultur","status":"publish","type":"post","link":"https:\/\/www.sgeaj.ch\/fr\/actualite\/das-erbe-der-adels-und-klosterkultur\/","title":{"rendered":"Das Erbe der Adels- und Klosterkultur"},"content":{"rendered":"\n<h3 class=\"wp-block-heading\"><strong>Heritage Science aus sammlungswissenschaftlicher Perspektive<\/strong><\/h3>\n\n\n\n<p>Burgen und Schl\u00f6sser sowie Kl\u00f6ster und Stifte verk\u00f6rpern einen Raum, in dem sich Wissen in genuinen Sammlungen als Ausdruck von Adels- und Klosterkultur manifestiert. Die sammelnden bzw. sammlungsverantwortlichen Personen zeigen Pr\u00e4senz durch ihre Auswahl der Objekte, deren Ordnung in speziellen M\u00f6beln und besonderen R\u00e4umen oftmals wissenschaftlichen Kriterien folgt. Ihre \u00fcberlieferungsrelevante Dokumentation ist ebenso Teil des sammlungswissenschaftlichen Auftrags wie die Erforschung der jeweiligen Herkunft der Objekte. Den Fokus der Tagung bilden Sammlungen aus der Zeit des 18. und 19. Jahrhunderts in \u00d6sterreich und S\u00fcdtirol sowie Sammlungspraktiken und deren gesellschaftliche Einbettung unter Ber\u00fccksichtigung von Ver\u00e4nderungen der Besitzverh\u00e4ltnisse aber auch von Verfallserscheinungen der Objekte. Der Schutz und der qualit\u00e4tvolle Erhalt dieses Erbes werden von unterschiedlichen Fachrichtungen in vernetztem Arbeiten getragen, deren gemeinsame Expertise im Zentrum dieser Tagung stehen soll.<\/p>\n\n\n\n<ul class=\"wp-block-list\">\n<li>Hybrid-Tagung in Pr\u00e4senz und mit Online-Streaming<\/li>\n\n\n\n<li>Tagungszeitraum: 24. bis 25. Oktober 2024<\/li>\n\n\n\n<li>Tagungsort: <a href=\"https:\/\/www.donau-uni.ac.at\/de.html\" target=\"_blank\" rel=\"noreferrer noopener\">Universit\u00e4t f\u00fcr Weiterbildung Krems<\/a>, Dr.-Karl-Dorrek-Strasse 30, 3500 Krems, \u00d6sterreich<\/li>\n\n\n\n<li>Eine Veranstaltung von den Landessammlungen Nieder\u00f6sterreich und Zentrum f\u00fcr Museale Sammlungswissenschaften, gemeinsam mit Heritage Science Austria<\/li>\n\n\n\n<li>Tagungsgeb\u00fchr: 50 Euro, inkl. Mensa-Gutschein und optionaler Exkursion am Freitag, 25. Oktober 2024 (Entfall der Tagungsgeb\u00fchr f\u00fcr Vortragende und Studierende)<\/li>\n\n\n\n<li>Anmeldeschluss: 20. September 2024<\/li>\n\n\n\n<li>Hinweis: Aufgrund der hohen Anzahl an Hotelbuchungen im Herbst in Krems ist es ratsam, sich zeitgerecht um eine Unterkunft zu bem\u00fchen.<\/li>\n<\/ul>\n\n\n\n<p>Ansprechpartnerinnen: Dr. Maria Bianca D&rsquo;Anna, MA Isabella Frick und Dr. Theresia Hauenfeld, HSA-2024@donau-uni.ac.at, <a href=\"https:\/\/heritagescience.at\" target=\"_blank\" rel=\"noreferrer noopener\">https:\/\/heritagescience.at<\/a><\/p>\n\n\n\n<p>Zur Anmeldung geht es <a href=\"https:\/\/www.donau-uni.ac.at\/de\/universitaet\/fakultaeten\/bildung-kunst-architektur\/departments\/kunst-kulturwissenschaften\/zentren\/museale-sammlungswissenschaften\/news-veranstaltungen\/veranstaltungen\/heritage-science-austria-meeting-2024.html\" target=\"_blank\" rel=\"noreferrer noopener\">hier<\/a>. <\/p>\n\n\n\n<div data-wp-interactive=\"core\/file\" class=\"wp-block-file\"><object data-wp-bind--hidden=\"!state.hasPdfPreview\" hidden class=\"wp-block-file__embed\" data=\"https:\/\/www.sgeaj.ch\/wp-content\/uploads\/2024\/08\/4hsa-tagung-programm.pdf\" type=\"application\/pdf\" style=\"width:100%;height:600px\" aria-label=\"Contenu embarqu\u00e9 4.HSA-Tagung_Programm.\"><\/object><a id=\"wp-block-file--media-97d969b7-3280-4a21-8e29-bd22d7a428a4\" href=\"https:\/\/www.sgeaj.ch\/wp-content\/uploads\/2024\/08\/4hsa-tagung-programm.pdf\">4.HSA-Tagung_Programm<\/a><a href=\"https:\/\/www.sgeaj.ch\/wp-content\/uploads\/2024\/08\/4hsa-tagung-programm.pdf\" class=\"wp-block-file__button wp-element-button\" download aria-describedby=\"wp-block-file--media-97d969b7-3280-4a21-8e29-bd22d7a428a4\">Herunterladen<\/a><\/div>\n","protected":false},"excerpt":{"rendered":"<p>Heritage Science aus sammlungswissenschaftlicher Perspektive Burgen und Schl\u00f6sser sowie Kl\u00f6ster und Stifte verk\u00f6rpern einen Raum, in dem sich Wissen in genuinen Sammlungen als Ausdruck von Adels- und Klosterkultur manifestiert. Die sammelnden bzw. sammlungsverantwortlichen Personen zeigen Pr\u00e4senz durch ihre Auswahl der Objekte, deren Ordnung in speziellen M\u00f6beln und besonderen R\u00e4umen oftmals wissenschaftlichen Kriterien folgt. Ihre \u00fcberlieferungsrelevante [&hellip;]<\/p>\n","protected":false},"author":9,"featured_media":7419,"comment_status":"closed","ping_status":"open","sticky":false,"template":"","format":"standard","meta":{"footnotes":""},"categories":[42,27],"tags":[67,80],"class_list":{"0":"post-7412","1":"post","2":"type-post","3":"status-publish","4":"format-standard","5":"has-post-thumbnail","7":"category-actualite","8":"category-colloques","9":"tag-enlightenment-fr","10":"tag-material-culture-fr","11":"czr-hentry"},"yoast_head":"<!-- This site is optimized with the Yoast SEO plugin v26.9 - https:\/\/yoast.com\/product\/yoast-seo-wordpress\/ -->\n<title>Das Erbe der Adels- und Klosterkultur - Schweizerische Gesellschaft f\u00fcr die Erforschung des 18. Jahrhunderts (SGEAJ - SSEDS)<\/title>\n<meta name=\"robots\" content=\"index, follow, max-snippet:-1, max-image-preview:large, max-video-preview:-1\" \/>\n<link rel=\"canonical\" href=\"https:\/\/www.sgeaj.ch\/fr\/actualite\/das-erbe-der-adels-und-klosterkultur\/\" \/>\n<meta name=\"twitter:label1\" content=\"\u00c9crit par\" \/>\n\t<meta name=\"twitter:data1\" content=\"Mich\u00e8le Steiner\" \/>\n\t<meta name=\"twitter:label2\" content=\"Dur\u00e9e de lecture estim\u00e9e\" \/>\n\t<meta name=\"twitter:data2\" content=\"2 minutes\" \/>\n<script type=\"application\/ld+json\" class=\"yoast-schema-graph\">{\"@context\":\"https:\/\/schema.org\",\"@graph\":[{\"@type\":\"Article\",\"@id\":\"https:\/\/www.sgeaj.ch\/fr\/actualite\/das-erbe-der-adels-und-klosterkultur\/#article\",\"isPartOf\":{\"@id\":\"https:\/\/www.sgeaj.ch\/fr\/actualite\/das-erbe-der-adels-und-klosterkultur\/\"},\"author\":{\"name\":\"Mich\u00e8le Steiner\",\"@id\":\"https:\/\/www.sgeaj.ch\/fr\/#\/schema\/person\/f9930dca12b3bd252d469f244e700c60\"},\"headline\":\"Das Erbe der Adels- und Klosterkultur\",\"datePublished\":\"2024-08-13T06:52:25+00:00\",\"dateModified\":\"2024-08-13T06:52:27+00:00\",\"mainEntityOfPage\":{\"@id\":\"https:\/\/www.sgeaj.ch\/fr\/actualite\/das-erbe-der-adels-und-klosterkultur\/\"},\"wordCount\":257,\"publisher\":{\"@id\":\"https:\/\/www.sgeaj.ch\/fr\/#organization\"},\"image\":{\"@id\":\"https:\/\/www.sgeaj.ch\/fr\/actualite\/das-erbe-der-adels-und-klosterkultur\/#primaryimage\"},\"thumbnailUrl\":\"https:\/\/www.sgeaj.ch\/wp-content\/uploads\/2024\/08\/teaser-hsa24.jpeg\",\"keywords\":[\"Enlightenment\",\"Material Culture\"],\"articleSection\":[\"Actualit\u00e9\",\"Colloques\"],\"inLanguage\":\"fr-FR\"},{\"@type\":\"WebPage\",\"@id\":\"https:\/\/www.sgeaj.ch\/fr\/actualite\/das-erbe-der-adels-und-klosterkultur\/\",\"url\":\"https:\/\/www.sgeaj.ch\/fr\/actualite\/das-erbe-der-adels-und-klosterkultur\/\",\"name\":\"Das Erbe der Adels- und Klosterkultur - Schweizerische Gesellschaft f\u00fcr die Erforschung des 18. Jahrhunderts (SGEAJ - SSEDS)\",\"isPartOf\":{\"@id\":\"https:\/\/www.sgeaj.ch\/fr\/#website\"},\"primaryImageOfPage\":{\"@id\":\"https:\/\/www.sgeaj.ch\/fr\/actualite\/das-erbe-der-adels-und-klosterkultur\/#primaryimage\"},\"image\":{\"@id\":\"https:\/\/www.sgeaj.ch\/fr\/actualite\/das-erbe-der-adels-und-klosterkultur\/#primaryimage\"},\"thumbnailUrl\":\"https:\/\/www.sgeaj.ch\/wp-content\/uploads\/2024\/08\/teaser-hsa24.jpeg\",\"datePublished\":\"2024-08-13T06:52:25+00:00\",\"dateModified\":\"2024-08-13T06:52:27+00:00\",\"inLanguage\":\"fr-FR\",\"potentialAction\":[{\"@type\":\"ReadAction\",\"target\":[\"https:\/\/www.sgeaj.ch\/fr\/actualite\/das-erbe-der-adels-und-klosterkultur\/\"]}]},{\"@type\":\"ImageObject\",\"inLanguage\":\"fr-FR\",\"@id\":\"https:\/\/www.sgeaj.ch\/fr\/actualite\/das-erbe-der-adels-und-klosterkultur\/#primaryimage\",\"url\":\"https:\/\/www.sgeaj.ch\/wp-content\/uploads\/2024\/08\/teaser-hsa24.jpeg\",\"contentUrl\":\"https:\/\/www.sgeaj.ch\/wp-content\/uploads\/2024\/08\/teaser-hsa24.jpeg\",\"width\":1600,\"height\":485},{\"@type\":\"WebSite\",\"@id\":\"https:\/\/www.sgeaj.ch\/fr\/#website\",\"url\":\"https:\/\/www.sgeaj.ch\/fr\/\",\"name\":\"Schweizerische Gesellschaft f\u00fcr die Erforschung des 18. Jahrhunderts (SGEAJ - SSEDS)\",\"description\":\"Schweizerische Gesellschaft f\u00fcr die Erforschung des 18. Jahrhunderts\",\"publisher\":{\"@id\":\"https:\/\/www.sgeaj.ch\/fr\/#organization\"},\"potentialAction\":[{\"@type\":\"SearchAction\",\"target\":{\"@type\":\"EntryPoint\",\"urlTemplate\":\"https:\/\/www.sgeaj.ch\/fr\/?s={search_term_string}\"},\"query-input\":{\"@type\":\"PropertyValueSpecification\",\"valueRequired\":true,\"valueName\":\"search_term_string\"}}],\"inLanguage\":\"fr-FR\"},{\"@type\":\"Organization\",\"@id\":\"https:\/\/www.sgeaj.ch\/fr\/#organization\",\"name\":\"Schweizerische Gesellschaft f\u00fcr die Erforschung des 18. Jahrhunderts (SGEAJ - SSEDS)\",\"url\":\"https:\/\/www.sgeaj.ch\/fr\/\",\"logo\":{\"@type\":\"ImageObject\",\"inLanguage\":\"fr-FR\",\"@id\":\"https:\/\/www.sgeaj.ch\/fr\/#\/schema\/logo\/image\/\",\"url\":\"https:\/\/www.sgeaj.ch\/wp-content\/uploads\/2021\/06\/cropped-logo-xviiies-horiz-abreuviations-bleues.png\",\"contentUrl\":\"https:\/\/www.sgeaj.ch\/wp-content\/uploads\/2021\/06\/cropped-logo-xviiies-horiz-abreuviations-bleues.png\",\"width\":659,\"height\":335,\"caption\":\"Schweizerische Gesellschaft f\u00fcr die Erforschung des 18. Jahrhunderts (SGEAJ - SSEDS)\"},\"image\":{\"@id\":\"https:\/\/www.sgeaj.ch\/fr\/#\/schema\/logo\/image\/\"}},{\"@type\":\"Person\",\"@id\":\"https:\/\/www.sgeaj.ch\/fr\/#\/schema\/person\/f9930dca12b3bd252d469f244e700c60\",\"name\":\"Mich\u00e8le Steiner\",\"url\":\"https:\/\/www.sgeaj.ch\/fr\/author\/msteiner\/\"}]}<\/script>\n<!-- \/ Yoast SEO plugin. -->","yoast_head_json":{"title":"Das Erbe der Adels- und Klosterkultur - Schweizerische Gesellschaft f\u00fcr die Erforschung des 18. Jahrhunderts (SGEAJ - SSEDS)","robots":{"index":"index","follow":"follow","max-snippet":"max-snippet:-1","max-image-preview":"max-image-preview:large","max-video-preview":"max-video-preview:-1"},"canonical":"https:\/\/www.sgeaj.ch\/fr\/actualite\/das-erbe-der-adels-und-klosterkultur\/","twitter_misc":{"\u00c9crit par":"Mich\u00e8le Steiner","Dur\u00e9e de lecture estim\u00e9e":"2 minutes"},"schema":{"@context":"https:\/\/schema.org","@graph":[{"@type":"Article","@id":"https:\/\/www.sgeaj.ch\/fr\/actualite\/das-erbe-der-adels-und-klosterkultur\/#article","isPartOf":{"@id":"https:\/\/www.sgeaj.ch\/fr\/actualite\/das-erbe-der-adels-und-klosterkultur\/"},"author":{"name":"Mich\u00e8le Steiner","@id":"https:\/\/www.sgeaj.ch\/fr\/#\/schema\/person\/f9930dca12b3bd252d469f244e700c60"},"headline":"Das Erbe der Adels- und Klosterkultur","datePublished":"2024-08-13T06:52:25+00:00","dateModified":"2024-08-13T06:52:27+00:00","mainEntityOfPage":{"@id":"https:\/\/www.sgeaj.ch\/fr\/actualite\/das-erbe-der-adels-und-klosterkultur\/"},"wordCount":257,"publisher":{"@id":"https:\/\/www.sgeaj.ch\/fr\/#organization"},"image":{"@id":"https:\/\/www.sgeaj.ch\/fr\/actualite\/das-erbe-der-adels-und-klosterkultur\/#primaryimage"},"thumbnailUrl":"https:\/\/www.sgeaj.ch\/wp-content\/uploads\/2024\/08\/teaser-hsa24.jpeg","keywords":["Enlightenment","Material Culture"],"articleSection":["Actualit\u00e9","Colloques"],"inLanguage":"fr-FR"},{"@type":"WebPage","@id":"https:\/\/www.sgeaj.ch\/fr\/actualite\/das-erbe-der-adels-und-klosterkultur\/","url":"https:\/\/www.sgeaj.ch\/fr\/actualite\/das-erbe-der-adels-und-klosterkultur\/","name":"Das Erbe der Adels- und Klosterkultur - Schweizerische Gesellschaft f\u00fcr die Erforschung des 18. Jahrhunderts (SGEAJ - SSEDS)","isPartOf":{"@id":"https:\/\/www.sgeaj.ch\/fr\/#website"},"primaryImageOfPage":{"@id":"https:\/\/www.sgeaj.ch\/fr\/actualite\/das-erbe-der-adels-und-klosterkultur\/#primaryimage"},"image":{"@id":"https:\/\/www.sgeaj.ch\/fr\/actualite\/das-erbe-der-adels-und-klosterkultur\/#primaryimage"},"thumbnailUrl":"https:\/\/www.sgeaj.ch\/wp-content\/uploads\/2024\/08\/teaser-hsa24.jpeg","datePublished":"2024-08-13T06:52:25+00:00","dateModified":"2024-08-13T06:52:27+00:00","inLanguage":"fr-FR","potentialAction":[{"@type":"ReadAction","target":["https:\/\/www.sgeaj.ch\/fr\/actualite\/das-erbe-der-adels-und-klosterkultur\/"]}]},{"@type":"ImageObject","inLanguage":"fr-FR","@id":"https:\/\/www.sgeaj.ch\/fr\/actualite\/das-erbe-der-adels-und-klosterkultur\/#primaryimage","url":"https:\/\/www.sgeaj.ch\/wp-content\/uploads\/2024\/08\/teaser-hsa24.jpeg","contentUrl":"https:\/\/www.sgeaj.ch\/wp-content\/uploads\/2024\/08\/teaser-hsa24.jpeg","width":1600,"height":485},{"@type":"WebSite","@id":"https:\/\/www.sgeaj.ch\/fr\/#website","url":"https:\/\/www.sgeaj.ch\/fr\/","name":"Schweizerische Gesellschaft f\u00fcr die Erforschung des 18. Jahrhunderts (SGEAJ - SSEDS)","description":"Schweizerische Gesellschaft f\u00fcr die Erforschung des 18. Jahrhunderts","publisher":{"@id":"https:\/\/www.sgeaj.ch\/fr\/#organization"},"potentialAction":[{"@type":"SearchAction","target":{"@type":"EntryPoint","urlTemplate":"https:\/\/www.sgeaj.ch\/fr\/?s={search_term_string}"},"query-input":{"@type":"PropertyValueSpecification","valueRequired":true,"valueName":"search_term_string"}}],"inLanguage":"fr-FR"},{"@type":"Organization","@id":"https:\/\/www.sgeaj.ch\/fr\/#organization","name":"Schweizerische Gesellschaft f\u00fcr die Erforschung des 18. Jahrhunderts (SGEAJ - SSEDS)","url":"https:\/\/www.sgeaj.ch\/fr\/","logo":{"@type":"ImageObject","inLanguage":"fr-FR","@id":"https:\/\/www.sgeaj.ch\/fr\/#\/schema\/logo\/image\/","url":"https:\/\/www.sgeaj.ch\/wp-content\/uploads\/2021\/06\/cropped-logo-xviiies-horiz-abreuviations-bleues.png","contentUrl":"https:\/\/www.sgeaj.ch\/wp-content\/uploads\/2021\/06\/cropped-logo-xviiies-horiz-abreuviations-bleues.png","width":659,"height":335,"caption":"Schweizerische Gesellschaft f\u00fcr die Erforschung des 18. Jahrhunderts (SGEAJ - SSEDS)"},"image":{"@id":"https:\/\/www.sgeaj.ch\/fr\/#\/schema\/logo\/image\/"}},{"@type":"Person","@id":"https:\/\/www.sgeaj.ch\/fr\/#\/schema\/person\/f9930dca12b3bd252d469f244e700c60","name":"Mich\u00e8le Steiner","url":"https:\/\/www.sgeaj.ch\/fr\/author\/msteiner\/"}]}},"_links":{"self":[{"href":"https:\/\/www.sgeaj.ch\/fr\/wp-json\/wp\/v2\/posts\/7412","targetHints":{"allow":["GET"]}}],"collection":[{"href":"https:\/\/www.sgeaj.ch\/fr\/wp-json\/wp\/v2\/posts"}],"about":[{"href":"https:\/\/www.sgeaj.ch\/fr\/wp-json\/wp\/v2\/types\/post"}],"author":[{"embeddable":true,"href":"https:\/\/www.sgeaj.ch\/fr\/wp-json\/wp\/v2\/users\/9"}],"replies":[{"embeddable":true,"href":"https:\/\/www.sgeaj.ch\/fr\/wp-json\/wp\/v2\/comments?post=7412"}],"version-history":[{"count":4,"href":"https:\/\/www.sgeaj.ch\/fr\/wp-json\/wp\/v2\/posts\/7412\/revisions"}],"predecessor-version":[{"id":7423,"href":"https:\/\/www.sgeaj.ch\/fr\/wp-json\/wp\/v2\/posts\/7412\/revisions\/7423"}],"wp:featuredmedia":[{"embeddable":true,"href":"https:\/\/www.sgeaj.ch\/fr\/wp-json\/wp\/v2\/media\/7419"}],"wp:attachment":[{"href":"https:\/\/www.sgeaj.ch\/fr\/wp-json\/wp\/v2\/media?parent=7412"}],"wp:term":[{"taxonomy":"category","embeddable":true,"href":"https:\/\/www.sgeaj.ch\/fr\/wp-json\/wp\/v2\/categories?post=7412"},{"taxonomy":"post_tag","embeddable":true,"href":"https:\/\/www.sgeaj.ch\/fr\/wp-json\/wp\/v2\/tags?post=7412"}],"curies":[{"name":"wp","href":"https:\/\/api.w.org\/{rel}","templated":true}]}}