{"id":7428,"date":"2024-08-19T09:14:02","date_gmt":"2024-08-19T07:14:02","guid":{"rendered":"https:\/\/www.sgeaj.ch\/?p=7428"},"modified":"2024-08-19T09:14:04","modified_gmt":"2024-08-19T07:14:04","slug":"migration-und-geschlecht","status":"publish","type":"post","link":"https:\/\/www.sgeaj.ch\/fr\/actualite\/migration-und-geschlecht\/","title":{"rendered":"Migration und Geschlecht"},"content":{"rendered":"\n<h3 class=\"wp-block-heading\">29. Jahrestagung des Arbeitskreises Geschlechtergeschichte der Fr\u00fchen Neuzeit, 24.-26. Oktober 2024, Tagungszentrum Hohenheim in Stuttgart<\/h3>\n\n\n\n<p>Die zahlreichen fr\u00fchneuzeitlichen Migrationsprozesse innerhalb Europas, etwa wegen religi\u00f6ser Verfolgung, aber auch die weitr\u00e4umigeren Wanderungsbewegungen, nicht zuletzt die sog. \u201eeurop\u00e4ische Expansion\u201c in die beiden Amerikas, sind z.T. gut untersucht. An vielen Aspekten solcher und \u00e4hnlicher Migrationsprozesse \u2013 wie der milit\u00e4rischen Eroberung und dem damit verkn\u00fcpften S\u00f6ldnertum oder der Ausbeutung anderer Weltregionen \u2013 waren nicht nur M\u00e4nner beteiligt, sondern vielfach auch Frauen (und Kinder), die jenen Truppen folgten oder die, etwa als Angeh\u00f6rige der \u201ePilgrim Fathers\u201c, dabei halfen, ein \u201eneues Jerusalem\u201c in der Neuen Welt zu schaffen. Allerdings blieben Migrationen von Frauen in der Forschung lange und z.T. bis heute unterbelichtet. <\/p>\n\n\n\n<p>Um die Prozesse der Aneignung des Neuen einerseits und des Ordnens und Einordnens von Menschen und Gruppen in eine neue Umgebung andererseits methodisch fassen zu k\u00f6nnen, fragen wir insbesondere nach den Praktiken des Vergleichens seitens der beteiligten Akteure, also sowohl der Migrant:innen wie der sie aufnehmenden Gesellschaften. Wie haben diese Menschen ihre Migration oder gar Flucht erlebt und erlitten \u2013 und welche spezifischen Erfahrungen machten sie, je nach Geschlecht, Alter, Hautfarbe und Status? Hatten Sie die M\u00f6glichkeit, sich und anderen dar\u00fcber Rechenschaft abzulegen? Und wie wurden vor Ort oder in der Heimat solche Migrationsbewegungen \u00fcberhaupt bewertet? (Wie) beeinflusste das Geschlecht der Migrant:innen die Wahrnehmung von Migration?<\/p>\n\n\n\n<p>Die j\u00e4hrlichen Tagungen des Arbeitskreises bieten eine Plattform zur Pr\u00e4sentation und Diskussion aktueller Forschungsarbeiten, sehr gerne auch von Nachwuchswissenschaftler:innen. Zugleich dienen die Treffen dem Informationsaustausch, der intergenerationellen Vernetzung sowie der methodischen, konzeptuellen und theoretischen Auseinandersetzung. Von Historiker:innen organisiert, sind die Treffen immer auch ein Ort der Inter- und Transdisziplinarit\u00e4t. Durch die Heterogenit\u00e4t der Teilnehmer:innen legen wir vor allem darauf Wert, dass die einzelnen Beitr\u00e4ge ma\u00dfgeblich den Fokus auf Fragen der Theoriebildung, Methode und der Methodologie richten.<\/p>\n\n\n\n<p>Genauere Informationen zum Arbeitskreis finden Sie auf unserer <a href=\"http:\/\/www.univie.ac.at\/ak-geschlechtergeschichte-fnz\/\" target=\"_blank\" rel=\"noreferrer noopener\">Homepage<\/a>. Wir weisen darauf hin, dass f\u00fcr Referent:innen in der Regel keine Reise- und Tagungsgeb\u00fchren \u00fcbernommen werden k\u00f6nnen. Die Tagungsteilnahme inklusive \u00dcbernachtung und Verpflegung betr\u00e4gt voraussichtlich 153 Euro\/erm\u00e4\u00dfigt 109 Euro. Stipendien zur Teilnahme an der Tagung k\u00f6nnen beantragt werden.<\/p>\n\n\n\n<p>Kontaktpersonen: Prof. Dr. em. Claudia Opitz Belakhal, Universit\u00e4t Basel, <a href=\"mailto:claudia.opitz@unibas.ch\">claudia.opitz@unibas.ch<\/a>; Dr. Monika Mommertz, Universit\u00e4t Basel, <a href=\"mailto:monika.mommertz@unibas.ch\">monika.mommertz@unibas.ch<\/a> <\/p>\n\n\n\n<div data-wp-interactive=\"core\/file\" class=\"wp-block-file\"><object data-wp-bind--hidden=\"!state.hasPdfPreview\" hidden class=\"wp-block-file__embed\" data=\"https:\/\/www.sgeaj.ch\/wp-content\/uploads\/2024\/08\/migration-und-geschlecht.pdf\" type=\"application\/pdf\" style=\"width:100%;height:600px\" aria-label=\"Contenu embarqu\u00e9 Migration-und-Geschlecht.\"><\/object><a id=\"wp-block-file--media-1dc14c71-a021-40e4-846d-ff41b47b10f2\" href=\"https:\/\/www.sgeaj.ch\/wp-content\/uploads\/2024\/08\/migration-und-geschlecht.pdf\">Migration-und-Geschlecht<\/a><a href=\"https:\/\/www.sgeaj.ch\/wp-content\/uploads\/2024\/08\/migration-und-geschlecht.pdf\" class=\"wp-block-file__button wp-element-button\" download aria-describedby=\"wp-block-file--media-1dc14c71-a021-40e4-846d-ff41b47b10f2\">Herunterladen<\/a><\/div>\n","protected":false},"excerpt":{"rendered":"<p>29. Jahrestagung des Arbeitskreises Geschlechtergeschichte der Fr\u00fchen Neuzeit, 24.-26. Oktober 2024, Tagungszentrum Hohenheim in Stuttgart Die zahlreichen fr\u00fchneuzeitlichen Migrationsprozesse innerhalb Europas, etwa wegen religi\u00f6ser Verfolgung, aber auch die weitr\u00e4umigeren Wanderungsbewegungen, nicht zuletzt die sog. \u201eeurop\u00e4ische Expansion\u201c in die beiden Amerikas, sind z.T. gut untersucht. An vielen Aspekten solcher und \u00e4hnlicher Migrationsprozesse \u2013 wie der milit\u00e4rischen [&hellip;]<\/p>\n","protected":false},"author":9,"featured_media":7433,"comment_status":"closed","ping_status":"open","sticky":false,"template":"","format":"standard","meta":{"footnotes":""},"categories":[42,27],"tags":[61,83,84],"class_list":{"0":"post-7428","1":"post","2":"type-post","3":"status-publish","4":"format-standard","5":"has-post-thumbnail","7":"category-actualite","8":"category-colloques","9":"tag-early-modern-period-fr","10":"tag-gender-fr","11":"tag-migration-fr","12":"czr-hentry"},"yoast_head":"<!-- This site is optimized with the Yoast SEO plugin v26.9 - https:\/\/yoast.com\/product\/yoast-seo-wordpress\/ -->\n<title>Migration und Geschlecht - Schweizerische Gesellschaft f\u00fcr die Erforschung des 18. Jahrhunderts (SGEAJ - SSEDS)<\/title>\n<meta name=\"robots\" content=\"index, follow, max-snippet:-1, max-image-preview:large, max-video-preview:-1\" \/>\n<link rel=\"canonical\" href=\"https:\/\/www.sgeaj.ch\/fr\/actualite\/migration-und-geschlecht\/\" \/>\n<meta name=\"twitter:label1\" content=\"\u00c9crit par\" \/>\n\t<meta name=\"twitter:data1\" content=\"Mich\u00e8le Steiner\" \/>\n\t<meta name=\"twitter:label2\" content=\"Dur\u00e9e de lecture estim\u00e9e\" \/>\n\t<meta name=\"twitter:data2\" content=\"3 minutes\" \/>\n<script type=\"application\/ld+json\" class=\"yoast-schema-graph\">{\"@context\":\"https:\/\/schema.org\",\"@graph\":[{\"@type\":\"Article\",\"@id\":\"https:\/\/www.sgeaj.ch\/fr\/actualite\/migration-und-geschlecht\/#article\",\"isPartOf\":{\"@id\":\"https:\/\/www.sgeaj.ch\/fr\/actualite\/migration-und-geschlecht\/\"},\"author\":{\"name\":\"Mich\u00e8le Steiner\",\"@id\":\"https:\/\/www.sgeaj.ch\/fr\/#\/schema\/person\/f9930dca12b3bd252d469f244e700c60\"},\"headline\":\"Migration und Geschlecht\",\"datePublished\":\"2024-08-19T07:14:02+00:00\",\"dateModified\":\"2024-08-19T07:14:04+00:00\",\"mainEntityOfPage\":{\"@id\":\"https:\/\/www.sgeaj.ch\/fr\/actualite\/migration-und-geschlecht\/\"},\"wordCount\":400,\"publisher\":{\"@id\":\"https:\/\/www.sgeaj.ch\/fr\/#organization\"},\"image\":{\"@id\":\"https:\/\/www.sgeaj.ch\/fr\/actualite\/migration-und-geschlecht\/#primaryimage\"},\"thumbnailUrl\":\"https:\/\/www.sgeaj.ch\/wp-content\/uploads\/2024\/08\/maratta-flight-into-egypt-wikimediacommons-e1724051620845.jpg\",\"keywords\":[\"Early Modern Period\",\"Gender\",\"Migration\"],\"articleSection\":[\"Actualit\u00e9\",\"Colloques\"],\"inLanguage\":\"fr-FR\"},{\"@type\":\"WebPage\",\"@id\":\"https:\/\/www.sgeaj.ch\/fr\/actualite\/migration-und-geschlecht\/\",\"url\":\"https:\/\/www.sgeaj.ch\/fr\/actualite\/migration-und-geschlecht\/\",\"name\":\"Migration und Geschlecht - Schweizerische Gesellschaft f\u00fcr die Erforschung des 18. Jahrhunderts (SGEAJ - SSEDS)\",\"isPartOf\":{\"@id\":\"https:\/\/www.sgeaj.ch\/fr\/#website\"},\"primaryImageOfPage\":{\"@id\":\"https:\/\/www.sgeaj.ch\/fr\/actualite\/migration-und-geschlecht\/#primaryimage\"},\"image\":{\"@id\":\"https:\/\/www.sgeaj.ch\/fr\/actualite\/migration-und-geschlecht\/#primaryimage\"},\"thumbnailUrl\":\"https:\/\/www.sgeaj.ch\/wp-content\/uploads\/2024\/08\/maratta-flight-into-egypt-wikimediacommons-e1724051620845.jpg\",\"datePublished\":\"2024-08-19T07:14:02+00:00\",\"dateModified\":\"2024-08-19T07:14:04+00:00\",\"inLanguage\":\"fr-FR\",\"potentialAction\":[{\"@type\":\"ReadAction\",\"target\":[\"https:\/\/www.sgeaj.ch\/fr\/actualite\/migration-und-geschlecht\/\"]}]},{\"@type\":\"ImageObject\",\"inLanguage\":\"fr-FR\",\"@id\":\"https:\/\/www.sgeaj.ch\/fr\/actualite\/migration-und-geschlecht\/#primaryimage\",\"url\":\"https:\/\/www.sgeaj.ch\/wp-content\/uploads\/2024\/08\/maratta-flight-into-egypt-wikimediacommons-e1724051620845.jpg\",\"contentUrl\":\"https:\/\/www.sgeaj.ch\/wp-content\/uploads\/2024\/08\/maratta-flight-into-egypt-wikimediacommons-e1724051620845.jpg\",\"width\":640,\"height\":734},{\"@type\":\"WebSite\",\"@id\":\"https:\/\/www.sgeaj.ch\/fr\/#website\",\"url\":\"https:\/\/www.sgeaj.ch\/fr\/\",\"name\":\"Schweizerische Gesellschaft f\u00fcr die Erforschung des 18. Jahrhunderts (SGEAJ - SSEDS)\",\"description\":\"Schweizerische Gesellschaft f\u00fcr die Erforschung des 18. Jahrhunderts\",\"publisher\":{\"@id\":\"https:\/\/www.sgeaj.ch\/fr\/#organization\"},\"potentialAction\":[{\"@type\":\"SearchAction\",\"target\":{\"@type\":\"EntryPoint\",\"urlTemplate\":\"https:\/\/www.sgeaj.ch\/fr\/?s={search_term_string}\"},\"query-input\":{\"@type\":\"PropertyValueSpecification\",\"valueRequired\":true,\"valueName\":\"search_term_string\"}}],\"inLanguage\":\"fr-FR\"},{\"@type\":\"Organization\",\"@id\":\"https:\/\/www.sgeaj.ch\/fr\/#organization\",\"name\":\"Schweizerische Gesellschaft f\u00fcr die Erforschung des 18. Jahrhunderts (SGEAJ - SSEDS)\",\"url\":\"https:\/\/www.sgeaj.ch\/fr\/\",\"logo\":{\"@type\":\"ImageObject\",\"inLanguage\":\"fr-FR\",\"@id\":\"https:\/\/www.sgeaj.ch\/fr\/#\/schema\/logo\/image\/\",\"url\":\"https:\/\/www.sgeaj.ch\/wp-content\/uploads\/2021\/06\/cropped-logo-xviiies-horiz-abreuviations-bleues.png\",\"contentUrl\":\"https:\/\/www.sgeaj.ch\/wp-content\/uploads\/2021\/06\/cropped-logo-xviiies-horiz-abreuviations-bleues.png\",\"width\":659,\"height\":335,\"caption\":\"Schweizerische Gesellschaft f\u00fcr die Erforschung des 18. Jahrhunderts (SGEAJ - SSEDS)\"},\"image\":{\"@id\":\"https:\/\/www.sgeaj.ch\/fr\/#\/schema\/logo\/image\/\"}},{\"@type\":\"Person\",\"@id\":\"https:\/\/www.sgeaj.ch\/fr\/#\/schema\/person\/f9930dca12b3bd252d469f244e700c60\",\"name\":\"Mich\u00e8le Steiner\",\"url\":\"https:\/\/www.sgeaj.ch\/fr\/author\/msteiner\/\"}]}<\/script>\n<!-- \/ Yoast SEO plugin. -->","yoast_head_json":{"title":"Migration und Geschlecht - Schweizerische Gesellschaft f\u00fcr die Erforschung des 18. Jahrhunderts (SGEAJ - SSEDS)","robots":{"index":"index","follow":"follow","max-snippet":"max-snippet:-1","max-image-preview":"max-image-preview:large","max-video-preview":"max-video-preview:-1"},"canonical":"https:\/\/www.sgeaj.ch\/fr\/actualite\/migration-und-geschlecht\/","twitter_misc":{"\u00c9crit par":"Mich\u00e8le Steiner","Dur\u00e9e de lecture estim\u00e9e":"3 minutes"},"schema":{"@context":"https:\/\/schema.org","@graph":[{"@type":"Article","@id":"https:\/\/www.sgeaj.ch\/fr\/actualite\/migration-und-geschlecht\/#article","isPartOf":{"@id":"https:\/\/www.sgeaj.ch\/fr\/actualite\/migration-und-geschlecht\/"},"author":{"name":"Mich\u00e8le Steiner","@id":"https:\/\/www.sgeaj.ch\/fr\/#\/schema\/person\/f9930dca12b3bd252d469f244e700c60"},"headline":"Migration und Geschlecht","datePublished":"2024-08-19T07:14:02+00:00","dateModified":"2024-08-19T07:14:04+00:00","mainEntityOfPage":{"@id":"https:\/\/www.sgeaj.ch\/fr\/actualite\/migration-und-geschlecht\/"},"wordCount":400,"publisher":{"@id":"https:\/\/www.sgeaj.ch\/fr\/#organization"},"image":{"@id":"https:\/\/www.sgeaj.ch\/fr\/actualite\/migration-und-geschlecht\/#primaryimage"},"thumbnailUrl":"https:\/\/www.sgeaj.ch\/wp-content\/uploads\/2024\/08\/maratta-flight-into-egypt-wikimediacommons-e1724051620845.jpg","keywords":["Early Modern Period","Gender","Migration"],"articleSection":["Actualit\u00e9","Colloques"],"inLanguage":"fr-FR"},{"@type":"WebPage","@id":"https:\/\/www.sgeaj.ch\/fr\/actualite\/migration-und-geschlecht\/","url":"https:\/\/www.sgeaj.ch\/fr\/actualite\/migration-und-geschlecht\/","name":"Migration und Geschlecht - Schweizerische Gesellschaft f\u00fcr die Erforschung des 18. Jahrhunderts (SGEAJ - SSEDS)","isPartOf":{"@id":"https:\/\/www.sgeaj.ch\/fr\/#website"},"primaryImageOfPage":{"@id":"https:\/\/www.sgeaj.ch\/fr\/actualite\/migration-und-geschlecht\/#primaryimage"},"image":{"@id":"https:\/\/www.sgeaj.ch\/fr\/actualite\/migration-und-geschlecht\/#primaryimage"},"thumbnailUrl":"https:\/\/www.sgeaj.ch\/wp-content\/uploads\/2024\/08\/maratta-flight-into-egypt-wikimediacommons-e1724051620845.jpg","datePublished":"2024-08-19T07:14:02+00:00","dateModified":"2024-08-19T07:14:04+00:00","inLanguage":"fr-FR","potentialAction":[{"@type":"ReadAction","target":["https:\/\/www.sgeaj.ch\/fr\/actualite\/migration-und-geschlecht\/"]}]},{"@type":"ImageObject","inLanguage":"fr-FR","@id":"https:\/\/www.sgeaj.ch\/fr\/actualite\/migration-und-geschlecht\/#primaryimage","url":"https:\/\/www.sgeaj.ch\/wp-content\/uploads\/2024\/08\/maratta-flight-into-egypt-wikimediacommons-e1724051620845.jpg","contentUrl":"https:\/\/www.sgeaj.ch\/wp-content\/uploads\/2024\/08\/maratta-flight-into-egypt-wikimediacommons-e1724051620845.jpg","width":640,"height":734},{"@type":"WebSite","@id":"https:\/\/www.sgeaj.ch\/fr\/#website","url":"https:\/\/www.sgeaj.ch\/fr\/","name":"Schweizerische Gesellschaft f\u00fcr die Erforschung des 18. Jahrhunderts (SGEAJ - SSEDS)","description":"Schweizerische Gesellschaft f\u00fcr die Erforschung des 18. Jahrhunderts","publisher":{"@id":"https:\/\/www.sgeaj.ch\/fr\/#organization"},"potentialAction":[{"@type":"SearchAction","target":{"@type":"EntryPoint","urlTemplate":"https:\/\/www.sgeaj.ch\/fr\/?s={search_term_string}"},"query-input":{"@type":"PropertyValueSpecification","valueRequired":true,"valueName":"search_term_string"}}],"inLanguage":"fr-FR"},{"@type":"Organization","@id":"https:\/\/www.sgeaj.ch\/fr\/#organization","name":"Schweizerische Gesellschaft f\u00fcr die Erforschung des 18. Jahrhunderts (SGEAJ - SSEDS)","url":"https:\/\/www.sgeaj.ch\/fr\/","logo":{"@type":"ImageObject","inLanguage":"fr-FR","@id":"https:\/\/www.sgeaj.ch\/fr\/#\/schema\/logo\/image\/","url":"https:\/\/www.sgeaj.ch\/wp-content\/uploads\/2021\/06\/cropped-logo-xviiies-horiz-abreuviations-bleues.png","contentUrl":"https:\/\/www.sgeaj.ch\/wp-content\/uploads\/2021\/06\/cropped-logo-xviiies-horiz-abreuviations-bleues.png","width":659,"height":335,"caption":"Schweizerische Gesellschaft f\u00fcr die Erforschung des 18. Jahrhunderts (SGEAJ - SSEDS)"},"image":{"@id":"https:\/\/www.sgeaj.ch\/fr\/#\/schema\/logo\/image\/"}},{"@type":"Person","@id":"https:\/\/www.sgeaj.ch\/fr\/#\/schema\/person\/f9930dca12b3bd252d469f244e700c60","name":"Mich\u00e8le Steiner","url":"https:\/\/www.sgeaj.ch\/fr\/author\/msteiner\/"}]}},"_links":{"self":[{"href":"https:\/\/www.sgeaj.ch\/fr\/wp-json\/wp\/v2\/posts\/7428","targetHints":{"allow":["GET"]}}],"collection":[{"href":"https:\/\/www.sgeaj.ch\/fr\/wp-json\/wp\/v2\/posts"}],"about":[{"href":"https:\/\/www.sgeaj.ch\/fr\/wp-json\/wp\/v2\/types\/post"}],"author":[{"embeddable":true,"href":"https:\/\/www.sgeaj.ch\/fr\/wp-json\/wp\/v2\/users\/9"}],"replies":[{"embeddable":true,"href":"https:\/\/www.sgeaj.ch\/fr\/wp-json\/wp\/v2\/comments?post=7428"}],"version-history":[{"count":1,"href":"https:\/\/www.sgeaj.ch\/fr\/wp-json\/wp\/v2\/posts\/7428\/revisions"}],"predecessor-version":[{"id":7431,"href":"https:\/\/www.sgeaj.ch\/fr\/wp-json\/wp\/v2\/posts\/7428\/revisions\/7431"}],"wp:featuredmedia":[{"embeddable":true,"href":"https:\/\/www.sgeaj.ch\/fr\/wp-json\/wp\/v2\/media\/7433"}],"wp:attachment":[{"href":"https:\/\/www.sgeaj.ch\/fr\/wp-json\/wp\/v2\/media?parent=7428"}],"wp:term":[{"taxonomy":"category","embeddable":true,"href":"https:\/\/www.sgeaj.ch\/fr\/wp-json\/wp\/v2\/categories?post=7428"},{"taxonomy":"post_tag","embeddable":true,"href":"https:\/\/www.sgeaj.ch\/fr\/wp-json\/wp\/v2\/tags?post=7428"}],"curies":[{"name":"wp","href":"https:\/\/api.w.org\/{rel}","templated":true}]}}