{"id":7487,"date":"2024-09-11T18:38:41","date_gmt":"2024-09-11T16:38:41","guid":{"rendered":"https:\/\/www.sgeaj.ch\/?p=7487"},"modified":"2026-02-09T08:57:20","modified_gmt":"2026-02-09T07:57:20","slug":"la-physiocratie-et-la-suisse","status":"publish","type":"post","link":"https:\/\/www.sgeaj.ch\/fr\/publications\/la-physiocratie-et-la-suisse\/","title":{"rendered":"La Physiocratie et la Suisse"},"content":{"rendered":"\n<h3 class=\"wp-block-heading\">La Physiocratie et la Suisse. \u00c9tudes sur la correspondance du marquis de Mirabeau et Marc Charles Fr\u00e9deric de Sacconay (1731\u20131787) (Travaux sur la Suisse des Lumi\u00e8res 22), \u00e9d. par Auguste Bertholet et B\u00e9la Kapossy, Gen\u00e8ve : Slatkine, 2023.<\/h3>\n\n\n\n<p>La correspondance de Victor Riqueti, marquis de Mirabeau (1715- 1789), \u00e9conomiste et physiocrate fran\u00e7ais, et Marc Charles Fr\u00e9d\u00e9ric de Sacconay (1714-1788), politicien vaudois et bernois, membre du conseil souverain de l\u2019\u00c9tat de Berne, invite \u00e0 d\u00e9velopper une nouvelle interpr\u00e9tation de l\u2019\u00e9mergence et de l\u2019essor de la physiocratie. Ce corpus de sources, r\u00e9cemment d\u00e9couvert dans des archives priv\u00e9es, repr\u00e9sente un tournant dans l\u2019\u00e9tude de la pens\u00e9e politique et \u00e9conomique du XVIIIe si\u00e8cle. R\u00e9dig\u00e9es entre 1731 et 1787, les 524 lettres qui composent la collection offrent un aper\u00e7u in\u00e9dit du travail de Mirabeau, qui se d\u00e9veloppe au contact de son confident suisse.<\/p>\n\n\n\n<p>Ces lettres ont permis de proposer un renouvellement de la r\u00e9flexion sur Mirabeau et la pens\u00e9e \u00e9conomique des Lumi\u00e8res, tout en offrant un champ d\u2019\u00e9tudes nouveau sur les liens du mouvement physiocratique avec la Suisse. Le caract\u00e8re \u00e9pistolaire de ces sources offre, de par l\u2019intimit\u00e9 de l\u2019\u00e9change et l\u2019imm\u00e9diatet\u00e9 de l\u2019information, un acc\u00e8s \u00e0 de nombreux \u00e9l\u00e9ments de la pens\u00e9e des correspondants, d\u2019habitude inaccessibles dans leurs \u0153uvres. Le pr\u00e9sent ouvrage fournit la premi\u00e8re et unique analyse transversale de ces textes, r\u00e9alis\u00e9e par des sp\u00e9cialistes du domaine.<\/p>\n\n\n\n<div class=\"wp-block-buttons is-content-justification-space-between is-layout-flex wp-container-core-buttons-is-layout-3d213aab wp-block-buttons-is-layout-flex\">\n<div class=\"wp-block-button has-custom-font-size\" style=\"font-size:14px\"><a class=\"wp-block-button__link wp-element-button\" href=\"https:\/\/www.sgeaj.ch\/wp-content\/uploads\/2024\/12\/bertholet-kapossy-la-physiocratie-et-la-suisse-2023.pdf\" target=\"_blank\" rel=\"noreferrer noopener\">Das Buch als PDF herunterladen \/ T\u00e9l\u00e9charger le livre en pdf<\/a><\/div>\n<\/div>\n\n\n\n<p>Cliquez <a href=\"https:\/\/www.slatkine.com\/fr\/slatkine-reprints-erudition\/75939-book-07102939-9782051029391.html\" target=\"_blank\" rel=\"noreferrer noopener\">ici<\/a> pour acc\u00e9der au site web de l&rsquo;\u00e9diteur. \/ <a href=\"https:\/\/www.slatkine.com\/fr\/slatkine-reprints-erudition\/75939-book-07102939-9782051029391.html\">Hier<\/a> geht es zur Webseite des Verlags.<\/p>\n\n\n\n<div data-wp-interactive=\"core\/file\" class=\"wp-block-file\"><object data-wp-bind--hidden=\"!state.hasPdfPreview\" hidden class=\"wp-block-file__embed\" data=\"https:\/\/www.sgeaj.ch\/wp-content\/uploads\/2024\/09\/bertholet-kapossy-la-physiocratie-et-la-suisse-2023-table-des-matieres.pdf\" type=\"application\/pdf\" style=\"width:100%;height:600px\" aria-label=\"Contenu embarqu\u00e9 Bertholet-Kapossy_La-Physiocratie-et-la-Suisse_2023_Table-des-matieres.\"><\/object><a id=\"wp-block-file--media-8379b06d-fcf5-4d8f-880f-b7d06002d9f0\" href=\"https:\/\/www.sgeaj.ch\/wp-content\/uploads\/2024\/09\/bertholet-kapossy-la-physiocratie-et-la-suisse-2023-table-des-matieres.pdf\">Bertholet-Kapossy_La-Physiocratie-et-la-Suisse_2023_Table-des-matieres<\/a><a href=\"https:\/\/www.sgeaj.ch\/wp-content\/uploads\/2024\/09\/bertholet-kapossy-la-physiocratie-et-la-suisse-2023-table-des-matieres.pdf\" class=\"wp-block-file__button wp-element-button\" download aria-describedby=\"wp-block-file--media-8379b06d-fcf5-4d8f-880f-b7d06002d9f0\">Herunterladen<\/a><\/div>\n","protected":false},"excerpt":{"rendered":"<p>La Physiocratie et la Suisse. \u00c9tudes sur la correspondance du marquis de Mirabeau et Marc Charles Fr\u00e9deric de Sacconay (1731\u20131787) (Travaux sur la Suisse des Lumi\u00e8res 22), \u00e9d. par Auguste Bertholet et B\u00e9la Kapossy, Gen\u00e8ve : Slatkine, 2023. La correspondance de Victor Riqueti, marquis de Mirabeau (1715- 1789), \u00e9conomiste et physiocrate fran\u00e7ais, et Marc Charles [&hellip;]<\/p>\n","protected":false},"author":9,"featured_media":5522,"comment_status":"closed","ping_status":"open","sticky":false,"template":"","format":"standard","meta":{"footnotes":""},"categories":[46,47],"tags":[67,90],"class_list":{"0":"post-7487","1":"post","2":"type-post","3":"status-publish","4":"format-standard","5":"has-post-thumbnail","7":"category-publications","8":"category-tsl-critiques-essais","9":"tag-enlightenment-fr","10":"tag-networks-fr","11":"czr-hentry"},"yoast_head":"<!-- This site is optimized with the Yoast SEO plugin v26.9 - https:\/\/yoast.com\/product\/yoast-seo-wordpress\/ -->\n<title>La Physiocratie et la Suisse - Schweizerische Gesellschaft f\u00fcr die Erforschung des 18. Jahrhunderts (SGEAJ - SSEDS)<\/title>\n<meta name=\"robots\" content=\"index, follow, max-snippet:-1, max-image-preview:large, max-video-preview:-1\" \/>\n<link rel=\"canonical\" href=\"https:\/\/www.sgeaj.ch\/fr\/publications\/la-physiocratie-et-la-suisse\/\" \/>\n<meta name=\"twitter:label1\" content=\"\u00c9crit par\" \/>\n\t<meta name=\"twitter:data1\" content=\"Mich\u00e8le Steiner\" \/>\n\t<meta name=\"twitter:label2\" content=\"Dur\u00e9e de lecture estim\u00e9e\" \/>\n\t<meta name=\"twitter:data2\" content=\"2 minutes\" \/>\n<script type=\"application\/ld+json\" class=\"yoast-schema-graph\">{\"@context\":\"https:\/\/schema.org\",\"@graph\":[{\"@type\":\"Article\",\"@id\":\"https:\/\/www.sgeaj.ch\/fr\/publications\/la-physiocratie-et-la-suisse\/#article\",\"isPartOf\":{\"@id\":\"https:\/\/www.sgeaj.ch\/fr\/publications\/la-physiocratie-et-la-suisse\/\"},\"author\":{\"name\":\"Mich\u00e8le Steiner\",\"@id\":\"https:\/\/www.sgeaj.ch\/fr\/#\/schema\/person\/f9930dca12b3bd252d469f244e700c60\"},\"headline\":\"La Physiocratie et la Suisse\",\"datePublished\":\"2024-09-11T16:38:41+00:00\",\"dateModified\":\"2026-02-09T07:57:20+00:00\",\"mainEntityOfPage\":{\"@id\":\"https:\/\/www.sgeaj.ch\/fr\/publications\/la-physiocratie-et-la-suisse\/\"},\"wordCount\":296,\"publisher\":{\"@id\":\"https:\/\/www.sgeaj.ch\/fr\/#organization\"},\"image\":{\"@id\":\"https:\/\/www.sgeaj.ch\/fr\/publications\/la-physiocratie-et-la-suisse\/#primaryimage\"},\"thumbnailUrl\":\"https:\/\/www.sgeaj.ch\/wp-content\/uploads\/2015\/03\/proxy-image-3.jpg\",\"keywords\":[\"Enlightenment\",\"Networks\"],\"articleSection\":[\"Publications\",\"Travaux sur la Suisse des Lumi\u00e8res (critiques et essais\"],\"inLanguage\":\"fr-FR\"},{\"@type\":\"WebPage\",\"@id\":\"https:\/\/www.sgeaj.ch\/fr\/publications\/la-physiocratie-et-la-suisse\/\",\"url\":\"https:\/\/www.sgeaj.ch\/fr\/publications\/la-physiocratie-et-la-suisse\/\",\"name\":\"La Physiocratie et la Suisse - Schweizerische Gesellschaft f\u00fcr die Erforschung des 18. Jahrhunderts (SGEAJ - SSEDS)\",\"isPartOf\":{\"@id\":\"https:\/\/www.sgeaj.ch\/fr\/#website\"},\"primaryImageOfPage\":{\"@id\":\"https:\/\/www.sgeaj.ch\/fr\/publications\/la-physiocratie-et-la-suisse\/#primaryimage\"},\"image\":{\"@id\":\"https:\/\/www.sgeaj.ch\/fr\/publications\/la-physiocratie-et-la-suisse\/#primaryimage\"},\"thumbnailUrl\":\"https:\/\/www.sgeaj.ch\/wp-content\/uploads\/2015\/03\/proxy-image-3.jpg\",\"datePublished\":\"2024-09-11T16:38:41+00:00\",\"dateModified\":\"2026-02-09T07:57:20+00:00\",\"inLanguage\":\"fr-FR\",\"potentialAction\":[{\"@type\":\"ReadAction\",\"target\":[\"https:\/\/www.sgeaj.ch\/fr\/publications\/la-physiocratie-et-la-suisse\/\"]}]},{\"@type\":\"ImageObject\",\"inLanguage\":\"fr-FR\",\"@id\":\"https:\/\/www.sgeaj.ch\/fr\/publications\/la-physiocratie-et-la-suisse\/#primaryimage\",\"url\":\"https:\/\/www.sgeaj.ch\/wp-content\/uploads\/2015\/03\/proxy-image-3.jpg\",\"contentUrl\":\"https:\/\/www.sgeaj.ch\/wp-content\/uploads\/2015\/03\/proxy-image-3.jpg\",\"width\":1246,\"height\":670},{\"@type\":\"WebSite\",\"@id\":\"https:\/\/www.sgeaj.ch\/fr\/#website\",\"url\":\"https:\/\/www.sgeaj.ch\/fr\/\",\"name\":\"Schweizerische Gesellschaft f\u00fcr die Erforschung des 18. Jahrhunderts (SGEAJ - SSEDS)\",\"description\":\"Schweizerische Gesellschaft f\u00fcr die Erforschung des 18. Jahrhunderts\",\"publisher\":{\"@id\":\"https:\/\/www.sgeaj.ch\/fr\/#organization\"},\"potentialAction\":[{\"@type\":\"SearchAction\",\"target\":{\"@type\":\"EntryPoint\",\"urlTemplate\":\"https:\/\/www.sgeaj.ch\/fr\/?s={search_term_string}\"},\"query-input\":{\"@type\":\"PropertyValueSpecification\",\"valueRequired\":true,\"valueName\":\"search_term_string\"}}],\"inLanguage\":\"fr-FR\"},{\"@type\":\"Organization\",\"@id\":\"https:\/\/www.sgeaj.ch\/fr\/#organization\",\"name\":\"Schweizerische Gesellschaft f\u00fcr die Erforschung des 18. Jahrhunderts (SGEAJ - SSEDS)\",\"url\":\"https:\/\/www.sgeaj.ch\/fr\/\",\"logo\":{\"@type\":\"ImageObject\",\"inLanguage\":\"fr-FR\",\"@id\":\"https:\/\/www.sgeaj.ch\/fr\/#\/schema\/logo\/image\/\",\"url\":\"https:\/\/www.sgeaj.ch\/wp-content\/uploads\/2021\/06\/cropped-logo-xviiies-horiz-abreuviations-bleues.png\",\"contentUrl\":\"https:\/\/www.sgeaj.ch\/wp-content\/uploads\/2021\/06\/cropped-logo-xviiies-horiz-abreuviations-bleues.png\",\"width\":659,\"height\":335,\"caption\":\"Schweizerische Gesellschaft f\u00fcr die Erforschung des 18. Jahrhunderts (SGEAJ - SSEDS)\"},\"image\":{\"@id\":\"https:\/\/www.sgeaj.ch\/fr\/#\/schema\/logo\/image\/\"}},{\"@type\":\"Person\",\"@id\":\"https:\/\/www.sgeaj.ch\/fr\/#\/schema\/person\/f9930dca12b3bd252d469f244e700c60\",\"name\":\"Mich\u00e8le Steiner\",\"url\":\"https:\/\/www.sgeaj.ch\/fr\/author\/msteiner\/\"}]}<\/script>\n<!-- \/ Yoast SEO plugin. -->","yoast_head_json":{"title":"La Physiocratie et la Suisse - Schweizerische Gesellschaft f\u00fcr die Erforschung des 18. Jahrhunderts (SGEAJ - SSEDS)","robots":{"index":"index","follow":"follow","max-snippet":"max-snippet:-1","max-image-preview":"max-image-preview:large","max-video-preview":"max-video-preview:-1"},"canonical":"https:\/\/www.sgeaj.ch\/fr\/publications\/la-physiocratie-et-la-suisse\/","twitter_misc":{"\u00c9crit par":"Mich\u00e8le Steiner","Dur\u00e9e de lecture estim\u00e9e":"2 minutes"},"schema":{"@context":"https:\/\/schema.org","@graph":[{"@type":"Article","@id":"https:\/\/www.sgeaj.ch\/fr\/publications\/la-physiocratie-et-la-suisse\/#article","isPartOf":{"@id":"https:\/\/www.sgeaj.ch\/fr\/publications\/la-physiocratie-et-la-suisse\/"},"author":{"name":"Mich\u00e8le Steiner","@id":"https:\/\/www.sgeaj.ch\/fr\/#\/schema\/person\/f9930dca12b3bd252d469f244e700c60"},"headline":"La Physiocratie et la Suisse","datePublished":"2024-09-11T16:38:41+00:00","dateModified":"2026-02-09T07:57:20+00:00","mainEntityOfPage":{"@id":"https:\/\/www.sgeaj.ch\/fr\/publications\/la-physiocratie-et-la-suisse\/"},"wordCount":296,"publisher":{"@id":"https:\/\/www.sgeaj.ch\/fr\/#organization"},"image":{"@id":"https:\/\/www.sgeaj.ch\/fr\/publications\/la-physiocratie-et-la-suisse\/#primaryimage"},"thumbnailUrl":"https:\/\/www.sgeaj.ch\/wp-content\/uploads\/2015\/03\/proxy-image-3.jpg","keywords":["Enlightenment","Networks"],"articleSection":["Publications","Travaux sur la Suisse des Lumi\u00e8res (critiques et essais"],"inLanguage":"fr-FR"},{"@type":"WebPage","@id":"https:\/\/www.sgeaj.ch\/fr\/publications\/la-physiocratie-et-la-suisse\/","url":"https:\/\/www.sgeaj.ch\/fr\/publications\/la-physiocratie-et-la-suisse\/","name":"La Physiocratie et la Suisse - Schweizerische Gesellschaft f\u00fcr die Erforschung des 18. Jahrhunderts (SGEAJ - SSEDS)","isPartOf":{"@id":"https:\/\/www.sgeaj.ch\/fr\/#website"},"primaryImageOfPage":{"@id":"https:\/\/www.sgeaj.ch\/fr\/publications\/la-physiocratie-et-la-suisse\/#primaryimage"},"image":{"@id":"https:\/\/www.sgeaj.ch\/fr\/publications\/la-physiocratie-et-la-suisse\/#primaryimage"},"thumbnailUrl":"https:\/\/www.sgeaj.ch\/wp-content\/uploads\/2015\/03\/proxy-image-3.jpg","datePublished":"2024-09-11T16:38:41+00:00","dateModified":"2026-02-09T07:57:20+00:00","inLanguage":"fr-FR","potentialAction":[{"@type":"ReadAction","target":["https:\/\/www.sgeaj.ch\/fr\/publications\/la-physiocratie-et-la-suisse\/"]}]},{"@type":"ImageObject","inLanguage":"fr-FR","@id":"https:\/\/www.sgeaj.ch\/fr\/publications\/la-physiocratie-et-la-suisse\/#primaryimage","url":"https:\/\/www.sgeaj.ch\/wp-content\/uploads\/2015\/03\/proxy-image-3.jpg","contentUrl":"https:\/\/www.sgeaj.ch\/wp-content\/uploads\/2015\/03\/proxy-image-3.jpg","width":1246,"height":670},{"@type":"WebSite","@id":"https:\/\/www.sgeaj.ch\/fr\/#website","url":"https:\/\/www.sgeaj.ch\/fr\/","name":"Schweizerische Gesellschaft f\u00fcr die Erforschung des 18. Jahrhunderts (SGEAJ - SSEDS)","description":"Schweizerische Gesellschaft f\u00fcr die Erforschung des 18. Jahrhunderts","publisher":{"@id":"https:\/\/www.sgeaj.ch\/fr\/#organization"},"potentialAction":[{"@type":"SearchAction","target":{"@type":"EntryPoint","urlTemplate":"https:\/\/www.sgeaj.ch\/fr\/?s={search_term_string}"},"query-input":{"@type":"PropertyValueSpecification","valueRequired":true,"valueName":"search_term_string"}}],"inLanguage":"fr-FR"},{"@type":"Organization","@id":"https:\/\/www.sgeaj.ch\/fr\/#organization","name":"Schweizerische Gesellschaft f\u00fcr die Erforschung des 18. Jahrhunderts (SGEAJ - SSEDS)","url":"https:\/\/www.sgeaj.ch\/fr\/","logo":{"@type":"ImageObject","inLanguage":"fr-FR","@id":"https:\/\/www.sgeaj.ch\/fr\/#\/schema\/logo\/image\/","url":"https:\/\/www.sgeaj.ch\/wp-content\/uploads\/2021\/06\/cropped-logo-xviiies-horiz-abreuviations-bleues.png","contentUrl":"https:\/\/www.sgeaj.ch\/wp-content\/uploads\/2021\/06\/cropped-logo-xviiies-horiz-abreuviations-bleues.png","width":659,"height":335,"caption":"Schweizerische Gesellschaft f\u00fcr die Erforschung des 18. Jahrhunderts (SGEAJ - SSEDS)"},"image":{"@id":"https:\/\/www.sgeaj.ch\/fr\/#\/schema\/logo\/image\/"}},{"@type":"Person","@id":"https:\/\/www.sgeaj.ch\/fr\/#\/schema\/person\/f9930dca12b3bd252d469f244e700c60","name":"Mich\u00e8le Steiner","url":"https:\/\/www.sgeaj.ch\/fr\/author\/msteiner\/"}]}},"_links":{"self":[{"href":"https:\/\/www.sgeaj.ch\/fr\/wp-json\/wp\/v2\/posts\/7487","targetHints":{"allow":["GET"]}}],"collection":[{"href":"https:\/\/www.sgeaj.ch\/fr\/wp-json\/wp\/v2\/posts"}],"about":[{"href":"https:\/\/www.sgeaj.ch\/fr\/wp-json\/wp\/v2\/types\/post"}],"author":[{"embeddable":true,"href":"https:\/\/www.sgeaj.ch\/fr\/wp-json\/wp\/v2\/users\/9"}],"replies":[{"embeddable":true,"href":"https:\/\/www.sgeaj.ch\/fr\/wp-json\/wp\/v2\/comments?post=7487"}],"version-history":[{"count":9,"href":"https:\/\/www.sgeaj.ch\/fr\/wp-json\/wp\/v2\/posts\/7487\/revisions"}],"predecessor-version":[{"id":8277,"href":"https:\/\/www.sgeaj.ch\/fr\/wp-json\/wp\/v2\/posts\/7487\/revisions\/8277"}],"wp:featuredmedia":[{"embeddable":true,"href":"https:\/\/www.sgeaj.ch\/fr\/wp-json\/wp\/v2\/media\/5522"}],"wp:attachment":[{"href":"https:\/\/www.sgeaj.ch\/fr\/wp-json\/wp\/v2\/media?parent=7487"}],"wp:term":[{"taxonomy":"category","embeddable":true,"href":"https:\/\/www.sgeaj.ch\/fr\/wp-json\/wp\/v2\/categories?post=7487"},{"taxonomy":"post_tag","embeddable":true,"href":"https:\/\/www.sgeaj.ch\/fr\/wp-json\/wp\/v2\/tags?post=7487"}],"curies":[{"name":"wp","href":"https:\/\/api.w.org\/{rel}","templated":true}]}}