{"id":7524,"date":"2024-10-20T15:18:33","date_gmt":"2024-10-20T13:18:33","guid":{"rendered":"https:\/\/www.sgeaj.ch\/?p=7524"},"modified":"2024-10-20T15:18:36","modified_gmt":"2024-10-20T13:18:36","slug":"cfp-jahrbuch-der-oesterreichischen-gesellschaft-zur-erforschung-des-18-jh","status":"publish","type":"post","link":"https:\/\/www.sgeaj.ch\/fr\/actualite\/call-for-papers-fr\/cfp-jahrbuch-der-oesterreichischen-gesellschaft-zur-erforschung-des-18-jh\/","title":{"rendered":"CfP: Jahrbuch der \u00d6sterreichischen Gesellschaft zur Erforschung des 18. Jh."},"content":{"rendered":"\n<h3 class=\"wp-block-heading\">Das Jahrbuch der \u00d6sterreichischen Gesellschaft zur Erforschung des 18. Jahrhunderts steht Forschenden aller Disziplinen (Geschichts- und Literaturwissenschaften, Kunstgeschichte, Musikwissenschaft) offen, die sich mit Fragen zum 18. Jahrhundert auseinandersetzen, und zielt auf Interdisziplinarit\u00e4t. Schwerpunktthemen werden aus der Sicht verschiedener Disziplinen und aus unterschiedlichen kulturellen Kontexten heraus behandelt.<\/h3>\n\n\n\n<p>Das  Jahrbuch ist das Publikationsorgan der <a href=\"https:\/\/oege18.org\/\" target=\"_blank\" rel=\"noreferrer noopener\">\u00d6sterreichischen Gesellschaft zur Erforschung des 18. Jahrhunderts<\/a>. Es steht Forschenden aller Disziplinen offen, die sich mit Fragen zum 18. Jahrhundert auseinandersetzen, und reflektiert die Interdisziplinarit\u00e4t und Multikulturalit\u00e4t der OGE18.<\/p>\n\n\n\n<p>Schwerpunktthemen werden aus der Sicht verschiedener Disziplinen (Geschichts- und Literaturwissenschaften, Kunstgeschichte, Musikwissenschaft) und aus  unterschiedlichen kulturellen Kontexten heraus behandelt. Der Schwerpunkt liegt vorrangig, allerdings nicht ausschlie\u00dflich, auf Forschungen zum zentraleurop\u00e4ischen Raum.<\/p>\n\n\n\n<p>Erg\u00e4nzend folgen freie Aufs\u00e4tze, Miszellen, Rezensionen sowie Forschungs- und Literaturberichte. Die Beitr\u00e4ge k\u00f6nnen auf Deutsch, Englisch, Franz\u00f6sisch und Italienisch publiziert werden.<\/p>\n\n\n\n<p>Vorschl\u00e4ge zu Schwerpunktthemen k\u00f6nnen jederzeit eingereicht werden. F\u00fcr das  Jahrbuch 2026 schicken Sie bitte ein etwa dreiseitiges Proposal mit der Beschreibung des Themas und der vorgesehenen Beitr\u00e4ge bis 30. November 2024 an Ellinor Forster (<a href=\"mailto:ellinor.forster@uibk.ac.at\">ellinor.forster@uibk.ac.at<\/a>).<\/p>\n\n\n\n<p>Ein solcher Themenschwerpunkt kann sich aus Konferenzen oder Symposien, aus  Forschungsprojekten oder anderweitig ergeben. Er kann bis zu neun Aufs\u00e4tze zu 10.000 W\u00f6rtern (60.000 Zeichen) und damit einen Gesamtumfang von 90.000 W\u00f6rtern (540.000 Zeichen) umfassen.<\/p>\n\n\n\n<p>Alle eingereichten Beitr\u00e4ge durchlaufen ein double-blind Peer-Review. <\/p>\n\n\n\n<p>Das Jahrbuch ist im  European Reference Index for the Humanities and Social Sciences (ERIHPLUS) gelistet. Ein Jahr nach Erscheinen des Jahrbuchs stehen die Beitr\u00e4ge open access zur Verf\u00fcgung.<\/p>\n\n\n\n<p>F\u00fcr weitere Informationen steht Ellinor Forster (<a href=\"mailto:ellinor.forster@uibk.ac.at\">ellinor.forster@uibk.ac.at<\/a>) gerne zur Verf\u00fcgung. <\/p>\n","protected":false},"excerpt":{"rendered":"<p>Das Jahrbuch der \u00d6sterreichischen Gesellschaft zur Erforschung des 18. Jahrhunderts steht Forschenden aller Disziplinen (Geschichts- und Literaturwissenschaften, Kunstgeschichte, Musikwissenschaft) offen, die sich mit Fragen zum 18. Jahrhundert auseinandersetzen, und zielt auf Interdisziplinarit\u00e4t. Schwerpunktthemen werden aus der Sicht verschiedener Disziplinen und aus unterschiedlichen kulturellen Kontexten heraus behandelt. Das Jahrbuch ist das Publikationsorgan der \u00d6sterreichischen Gesellschaft zur [&hellip;]<\/p>\n","protected":false},"author":9,"featured_media":7522,"comment_status":"closed","ping_status":"open","sticky":false,"template":"","format":"standard","meta":{"footnotes":""},"categories":[42,26],"tags":[107,60],"class_list":{"0":"post-7524","1":"post","2":"type-post","3":"status-publish","4":"format-standard","5":"has-post-thumbnail","7":"category-actualite","8":"category-call-for-papers-fr","9":"tag-austria-fr","10":"tag-call-for-papers-fr","11":"czr-hentry"},"yoast_head":"<!-- This site is optimized with the Yoast SEO plugin v26.9 - https:\/\/yoast.com\/product\/yoast-seo-wordpress\/ -->\n<title>CfP: Jahrbuch der \u00d6sterreichischen Gesellschaft zur Erforschung des 18. Jh. - Schweizerische Gesellschaft f\u00fcr die Erforschung des 18. Jahrhunderts (SGEAJ - SSEDS)<\/title>\n<meta name=\"robots\" content=\"index, follow, max-snippet:-1, max-image-preview:large, max-video-preview:-1\" \/>\n<link rel=\"canonical\" href=\"https:\/\/www.sgeaj.ch\/fr\/actualite\/call-for-papers-fr\/cfp-jahrbuch-der-oesterreichischen-gesellschaft-zur-erforschung-des-18-jh\/\" \/>\n<meta name=\"twitter:label1\" content=\"\u00c9crit par\" \/>\n\t<meta name=\"twitter:data1\" content=\"Mich\u00e8le Steiner\" \/>\n\t<meta name=\"twitter:label2\" content=\"Dur\u00e9e de lecture estim\u00e9e\" \/>\n\t<meta name=\"twitter:data2\" content=\"2 minutes\" \/>\n<script type=\"application\/ld+json\" class=\"yoast-schema-graph\">{\"@context\":\"https:\/\/schema.org\",\"@graph\":[{\"@type\":\"Article\",\"@id\":\"https:\/\/www.sgeaj.ch\/fr\/actualite\/call-for-papers-fr\/cfp-jahrbuch-der-oesterreichischen-gesellschaft-zur-erforschung-des-18-jh\/#article\",\"isPartOf\":{\"@id\":\"https:\/\/www.sgeaj.ch\/fr\/actualite\/call-for-papers-fr\/cfp-jahrbuch-der-oesterreichischen-gesellschaft-zur-erforschung-des-18-jh\/\"},\"author\":{\"name\":\"Mich\u00e8le Steiner\",\"@id\":\"https:\/\/www.sgeaj.ch\/fr\/#\/schema\/person\/f9930dca12b3bd252d469f244e700c60\"},\"headline\":\"CfP: Jahrbuch der \u00d6sterreichischen Gesellschaft zur Erforschung des 18. Jh.\",\"datePublished\":\"2024-10-20T13:18:33+00:00\",\"dateModified\":\"2024-10-20T13:18:36+00:00\",\"mainEntityOfPage\":{\"@id\":\"https:\/\/www.sgeaj.ch\/fr\/actualite\/call-for-papers-fr\/cfp-jahrbuch-der-oesterreichischen-gesellschaft-zur-erforschung-des-18-jh\/\"},\"wordCount\":276,\"publisher\":{\"@id\":\"https:\/\/www.sgeaj.ch\/fr\/#organization\"},\"image\":{\"@id\":\"https:\/\/www.sgeaj.ch\/fr\/actualite\/call-for-papers-fr\/cfp-jahrbuch-der-oesterreichischen-gesellschaft-zur-erforschung-des-18-jh\/#primaryimage\"},\"thumbnailUrl\":\"https:\/\/www.sgeaj.ch\/wp-content\/uploads\/2024\/10\/der-zug-von-hof-nach-st-stephans-thom-kirchen-wien-1740-scaled.jpeg\",\"keywords\":[\"Austria\",\"Call for Papers\"],\"articleSection\":[\"Actualit\u00e9\",\"Call for Papers\"],\"inLanguage\":\"fr-FR\"},{\"@type\":\"WebPage\",\"@id\":\"https:\/\/www.sgeaj.ch\/fr\/actualite\/call-for-papers-fr\/cfp-jahrbuch-der-oesterreichischen-gesellschaft-zur-erforschung-des-18-jh\/\",\"url\":\"https:\/\/www.sgeaj.ch\/fr\/actualite\/call-for-papers-fr\/cfp-jahrbuch-der-oesterreichischen-gesellschaft-zur-erforschung-des-18-jh\/\",\"name\":\"CfP: Jahrbuch der \u00d6sterreichischen Gesellschaft zur Erforschung des 18. Jh. - Schweizerische Gesellschaft f\u00fcr die Erforschung des 18. Jahrhunderts (SGEAJ - SSEDS)\",\"isPartOf\":{\"@id\":\"https:\/\/www.sgeaj.ch\/fr\/#website\"},\"primaryImageOfPage\":{\"@id\":\"https:\/\/www.sgeaj.ch\/fr\/actualite\/call-for-papers-fr\/cfp-jahrbuch-der-oesterreichischen-gesellschaft-zur-erforschung-des-18-jh\/#primaryimage\"},\"image\":{\"@id\":\"https:\/\/www.sgeaj.ch\/fr\/actualite\/call-for-papers-fr\/cfp-jahrbuch-der-oesterreichischen-gesellschaft-zur-erforschung-des-18-jh\/#primaryimage\"},\"thumbnailUrl\":\"https:\/\/www.sgeaj.ch\/wp-content\/uploads\/2024\/10\/der-zug-von-hof-nach-st-stephans-thom-kirchen-wien-1740-scaled.jpeg\",\"datePublished\":\"2024-10-20T13:18:33+00:00\",\"dateModified\":\"2024-10-20T13:18:36+00:00\",\"inLanguage\":\"fr-FR\",\"potentialAction\":[{\"@type\":\"ReadAction\",\"target\":[\"https:\/\/www.sgeaj.ch\/fr\/actualite\/call-for-papers-fr\/cfp-jahrbuch-der-oesterreichischen-gesellschaft-zur-erforschung-des-18-jh\/\"]}]},{\"@type\":\"ImageObject\",\"inLanguage\":\"fr-FR\",\"@id\":\"https:\/\/www.sgeaj.ch\/fr\/actualite\/call-for-papers-fr\/cfp-jahrbuch-der-oesterreichischen-gesellschaft-zur-erforschung-des-18-jh\/#primaryimage\",\"url\":\"https:\/\/www.sgeaj.ch\/wp-content\/uploads\/2024\/10\/der-zug-von-hof-nach-st-stephans-thom-kirchen-wien-1740-scaled.jpeg\",\"contentUrl\":\"https:\/\/www.sgeaj.ch\/wp-content\/uploads\/2024\/10\/der-zug-von-hof-nach-st-stephans-thom-kirchen-wien-1740-scaled.jpeg\",\"width\":2560,\"height\":932},{\"@type\":\"WebSite\",\"@id\":\"https:\/\/www.sgeaj.ch\/fr\/#website\",\"url\":\"https:\/\/www.sgeaj.ch\/fr\/\",\"name\":\"Schweizerische Gesellschaft f\u00fcr die Erforschung des 18. Jahrhunderts (SGEAJ - SSEDS)\",\"description\":\"Schweizerische Gesellschaft f\u00fcr die Erforschung des 18. Jahrhunderts\",\"publisher\":{\"@id\":\"https:\/\/www.sgeaj.ch\/fr\/#organization\"},\"potentialAction\":[{\"@type\":\"SearchAction\",\"target\":{\"@type\":\"EntryPoint\",\"urlTemplate\":\"https:\/\/www.sgeaj.ch\/fr\/?s={search_term_string}\"},\"query-input\":{\"@type\":\"PropertyValueSpecification\",\"valueRequired\":true,\"valueName\":\"search_term_string\"}}],\"inLanguage\":\"fr-FR\"},{\"@type\":\"Organization\",\"@id\":\"https:\/\/www.sgeaj.ch\/fr\/#organization\",\"name\":\"Schweizerische Gesellschaft f\u00fcr die Erforschung des 18. Jahrhunderts (SGEAJ - SSEDS)\",\"url\":\"https:\/\/www.sgeaj.ch\/fr\/\",\"logo\":{\"@type\":\"ImageObject\",\"inLanguage\":\"fr-FR\",\"@id\":\"https:\/\/www.sgeaj.ch\/fr\/#\/schema\/logo\/image\/\",\"url\":\"https:\/\/www.sgeaj.ch\/wp-content\/uploads\/2021\/06\/cropped-logo-xviiies-horiz-abreuviations-bleues.png\",\"contentUrl\":\"https:\/\/www.sgeaj.ch\/wp-content\/uploads\/2021\/06\/cropped-logo-xviiies-horiz-abreuviations-bleues.png\",\"width\":659,\"height\":335,\"caption\":\"Schweizerische Gesellschaft f\u00fcr die Erforschung des 18. Jahrhunderts (SGEAJ - SSEDS)\"},\"image\":{\"@id\":\"https:\/\/www.sgeaj.ch\/fr\/#\/schema\/logo\/image\/\"}},{\"@type\":\"Person\",\"@id\":\"https:\/\/www.sgeaj.ch\/fr\/#\/schema\/person\/f9930dca12b3bd252d469f244e700c60\",\"name\":\"Mich\u00e8le Steiner\",\"url\":\"https:\/\/www.sgeaj.ch\/fr\/author\/msteiner\/\"}]}<\/script>\n<!-- \/ Yoast SEO plugin. -->","yoast_head_json":{"title":"CfP: Jahrbuch der \u00d6sterreichischen Gesellschaft zur Erforschung des 18. Jh. - Schweizerische Gesellschaft f\u00fcr die Erforschung des 18. Jahrhunderts (SGEAJ - SSEDS)","robots":{"index":"index","follow":"follow","max-snippet":"max-snippet:-1","max-image-preview":"max-image-preview:large","max-video-preview":"max-video-preview:-1"},"canonical":"https:\/\/www.sgeaj.ch\/fr\/actualite\/call-for-papers-fr\/cfp-jahrbuch-der-oesterreichischen-gesellschaft-zur-erforschung-des-18-jh\/","twitter_misc":{"\u00c9crit par":"Mich\u00e8le Steiner","Dur\u00e9e de lecture estim\u00e9e":"2 minutes"},"schema":{"@context":"https:\/\/schema.org","@graph":[{"@type":"Article","@id":"https:\/\/www.sgeaj.ch\/fr\/actualite\/call-for-papers-fr\/cfp-jahrbuch-der-oesterreichischen-gesellschaft-zur-erforschung-des-18-jh\/#article","isPartOf":{"@id":"https:\/\/www.sgeaj.ch\/fr\/actualite\/call-for-papers-fr\/cfp-jahrbuch-der-oesterreichischen-gesellschaft-zur-erforschung-des-18-jh\/"},"author":{"name":"Mich\u00e8le Steiner","@id":"https:\/\/www.sgeaj.ch\/fr\/#\/schema\/person\/f9930dca12b3bd252d469f244e700c60"},"headline":"CfP: Jahrbuch der \u00d6sterreichischen Gesellschaft zur Erforschung des 18. Jh.","datePublished":"2024-10-20T13:18:33+00:00","dateModified":"2024-10-20T13:18:36+00:00","mainEntityOfPage":{"@id":"https:\/\/www.sgeaj.ch\/fr\/actualite\/call-for-papers-fr\/cfp-jahrbuch-der-oesterreichischen-gesellschaft-zur-erforschung-des-18-jh\/"},"wordCount":276,"publisher":{"@id":"https:\/\/www.sgeaj.ch\/fr\/#organization"},"image":{"@id":"https:\/\/www.sgeaj.ch\/fr\/actualite\/call-for-papers-fr\/cfp-jahrbuch-der-oesterreichischen-gesellschaft-zur-erforschung-des-18-jh\/#primaryimage"},"thumbnailUrl":"https:\/\/www.sgeaj.ch\/wp-content\/uploads\/2024\/10\/der-zug-von-hof-nach-st-stephans-thom-kirchen-wien-1740-scaled.jpeg","keywords":["Austria","Call for Papers"],"articleSection":["Actualit\u00e9","Call for Papers"],"inLanguage":"fr-FR"},{"@type":"WebPage","@id":"https:\/\/www.sgeaj.ch\/fr\/actualite\/call-for-papers-fr\/cfp-jahrbuch-der-oesterreichischen-gesellschaft-zur-erforschung-des-18-jh\/","url":"https:\/\/www.sgeaj.ch\/fr\/actualite\/call-for-papers-fr\/cfp-jahrbuch-der-oesterreichischen-gesellschaft-zur-erforschung-des-18-jh\/","name":"CfP: Jahrbuch der \u00d6sterreichischen Gesellschaft zur Erforschung des 18. Jh. - Schweizerische Gesellschaft f\u00fcr die Erforschung des 18. Jahrhunderts (SGEAJ - SSEDS)","isPartOf":{"@id":"https:\/\/www.sgeaj.ch\/fr\/#website"},"primaryImageOfPage":{"@id":"https:\/\/www.sgeaj.ch\/fr\/actualite\/call-for-papers-fr\/cfp-jahrbuch-der-oesterreichischen-gesellschaft-zur-erforschung-des-18-jh\/#primaryimage"},"image":{"@id":"https:\/\/www.sgeaj.ch\/fr\/actualite\/call-for-papers-fr\/cfp-jahrbuch-der-oesterreichischen-gesellschaft-zur-erforschung-des-18-jh\/#primaryimage"},"thumbnailUrl":"https:\/\/www.sgeaj.ch\/wp-content\/uploads\/2024\/10\/der-zug-von-hof-nach-st-stephans-thom-kirchen-wien-1740-scaled.jpeg","datePublished":"2024-10-20T13:18:33+00:00","dateModified":"2024-10-20T13:18:36+00:00","inLanguage":"fr-FR","potentialAction":[{"@type":"ReadAction","target":["https:\/\/www.sgeaj.ch\/fr\/actualite\/call-for-papers-fr\/cfp-jahrbuch-der-oesterreichischen-gesellschaft-zur-erforschung-des-18-jh\/"]}]},{"@type":"ImageObject","inLanguage":"fr-FR","@id":"https:\/\/www.sgeaj.ch\/fr\/actualite\/call-for-papers-fr\/cfp-jahrbuch-der-oesterreichischen-gesellschaft-zur-erforschung-des-18-jh\/#primaryimage","url":"https:\/\/www.sgeaj.ch\/wp-content\/uploads\/2024\/10\/der-zug-von-hof-nach-st-stephans-thom-kirchen-wien-1740-scaled.jpeg","contentUrl":"https:\/\/www.sgeaj.ch\/wp-content\/uploads\/2024\/10\/der-zug-von-hof-nach-st-stephans-thom-kirchen-wien-1740-scaled.jpeg","width":2560,"height":932},{"@type":"WebSite","@id":"https:\/\/www.sgeaj.ch\/fr\/#website","url":"https:\/\/www.sgeaj.ch\/fr\/","name":"Schweizerische Gesellschaft f\u00fcr die Erforschung des 18. Jahrhunderts (SGEAJ - SSEDS)","description":"Schweizerische Gesellschaft f\u00fcr die Erforschung des 18. Jahrhunderts","publisher":{"@id":"https:\/\/www.sgeaj.ch\/fr\/#organization"},"potentialAction":[{"@type":"SearchAction","target":{"@type":"EntryPoint","urlTemplate":"https:\/\/www.sgeaj.ch\/fr\/?s={search_term_string}"},"query-input":{"@type":"PropertyValueSpecification","valueRequired":true,"valueName":"search_term_string"}}],"inLanguage":"fr-FR"},{"@type":"Organization","@id":"https:\/\/www.sgeaj.ch\/fr\/#organization","name":"Schweizerische Gesellschaft f\u00fcr die Erforschung des 18. Jahrhunderts (SGEAJ - SSEDS)","url":"https:\/\/www.sgeaj.ch\/fr\/","logo":{"@type":"ImageObject","inLanguage":"fr-FR","@id":"https:\/\/www.sgeaj.ch\/fr\/#\/schema\/logo\/image\/","url":"https:\/\/www.sgeaj.ch\/wp-content\/uploads\/2021\/06\/cropped-logo-xviiies-horiz-abreuviations-bleues.png","contentUrl":"https:\/\/www.sgeaj.ch\/wp-content\/uploads\/2021\/06\/cropped-logo-xviiies-horiz-abreuviations-bleues.png","width":659,"height":335,"caption":"Schweizerische Gesellschaft f\u00fcr die Erforschung des 18. Jahrhunderts (SGEAJ - SSEDS)"},"image":{"@id":"https:\/\/www.sgeaj.ch\/fr\/#\/schema\/logo\/image\/"}},{"@type":"Person","@id":"https:\/\/www.sgeaj.ch\/fr\/#\/schema\/person\/f9930dca12b3bd252d469f244e700c60","name":"Mich\u00e8le Steiner","url":"https:\/\/www.sgeaj.ch\/fr\/author\/msteiner\/"}]}},"_links":{"self":[{"href":"https:\/\/www.sgeaj.ch\/fr\/wp-json\/wp\/v2\/posts\/7524","targetHints":{"allow":["GET"]}}],"collection":[{"href":"https:\/\/www.sgeaj.ch\/fr\/wp-json\/wp\/v2\/posts"}],"about":[{"href":"https:\/\/www.sgeaj.ch\/fr\/wp-json\/wp\/v2\/types\/post"}],"author":[{"embeddable":true,"href":"https:\/\/www.sgeaj.ch\/fr\/wp-json\/wp\/v2\/users\/9"}],"replies":[{"embeddable":true,"href":"https:\/\/www.sgeaj.ch\/fr\/wp-json\/wp\/v2\/comments?post=7524"}],"version-history":[{"count":1,"href":"https:\/\/www.sgeaj.ch\/fr\/wp-json\/wp\/v2\/posts\/7524\/revisions"}],"predecessor-version":[{"id":7525,"href":"https:\/\/www.sgeaj.ch\/fr\/wp-json\/wp\/v2\/posts\/7524\/revisions\/7525"}],"wp:featuredmedia":[{"embeddable":true,"href":"https:\/\/www.sgeaj.ch\/fr\/wp-json\/wp\/v2\/media\/7522"}],"wp:attachment":[{"href":"https:\/\/www.sgeaj.ch\/fr\/wp-json\/wp\/v2\/media?parent=7524"}],"wp:term":[{"taxonomy":"category","embeddable":true,"href":"https:\/\/www.sgeaj.ch\/fr\/wp-json\/wp\/v2\/categories?post=7524"},{"taxonomy":"post_tag","embeddable":true,"href":"https:\/\/www.sgeaj.ch\/fr\/wp-json\/wp\/v2\/tags?post=7524"}],"curies":[{"name":"wp","href":"https:\/\/api.w.org\/{rel}","templated":true}]}}