{"id":7532,"date":"2024-10-20T15:31:50","date_gmt":"2024-10-20T13:31:50","guid":{"rendered":"https:\/\/www.sgeaj.ch\/?p=7532"},"modified":"2024-12-19T14:31:23","modified_gmt":"2024-12-19T13:31:23","slug":"le-domaine-dhauteville-du-chateau-au-campus-universitaire","status":"publish","type":"post","link":"https:\/\/www.sgeaj.ch\/fr\/actualite\/le-domaine-dhauteville-du-chateau-au-campus-universitaire\/","title":{"rendered":"Le Domaine d&rsquo;Hauteville : du ch\u00e2teau au campus universitaire"},"content":{"rendered":"\n<h3 class=\"wp-block-heading\">Nouvelle publication : B\u00e9atrice Lovis et Isabelle Roland (dir.), \u00ab\u00a0Le Domaine d&rsquo;Hauteville: Du ch\u00e2teau au campus universitaire\u00a0\u00bb, Gen\u00e8ve: Slatkine, 2023, 344 pages. <\/h3>\n\n\n\n<p>En 2019, l\u2019Universit\u00e9 am\u00e9ricaine Pepperdine a rachet\u00e9 le ch\u00e2teau d\u2019Hauteville pour y am\u00e9nager son campus romand, offrant au domaine un nouveau souffle, en continuit\u00e9 avec l\u2019esprit des lieux. Inscrits comme bien culturel suisse d\u2019importance nationale, le ch\u00e2teau et son domaine ont \u00e9t\u00e9 class\u00e9s Monument historique en 2019 par le Canton de Vaud, une d\u00e9marche qui a permis au nouveau propri\u00e9taire de proc\u00e9der \u00e0 de vastes travaux de restauration. L\u2019inauguration du campus en 2023 s\u2019accompagne d\u2019un livre collectif \u00e9dit\u00e9 sous l\u2019\u00e9gide de Patrimoine suisse, section vaudoise.<\/p>\n\n\n\n<p>Situ\u00e9 non loin de Vevey, le domaine d\u2019Hauteville constitue un ensemble exceptionnel d\u2019architecture nobiliaire du XVIII<sup>e<\/sup> si\u00e8cle en Suisse romande. En 1760, le domaine est vendu par Jacques-Philippe d\u2019Herwarth \u00e0 Pierre-Philippe Cannac, bourgeois de Vevey et de Gen\u00e8ve. Ayant fait fortune comme directeur des coches de Lyon, Cannac va consid\u00e9rablement agrandir la demeure existante. Afin de poss\u00e9der un \u00e9difice dans le go\u00fbt le plus r\u00e9cent, il fait appel \u00e0 un architecte et \u00e0 un d\u00e9corateur fran\u00e7ais : Fran\u00e7ois Franque, qui fournit les plans, et Claude-Pierre Cochet, qui r\u00e9alise le d\u00e9cor d\u2019architecture feinte des fa\u00e7ades. \u00c0 la fin du XVIII<sup>e<\/sup> si\u00e8cle, le ch\u00e2teau passe aux mains des Grand, une famille de banquiers vaudois anoblis par le roi de France. De nombreux am\u00e9nagements paysagers sont r\u00e9alis\u00e9s au cours du XIX<sup>e<\/sup> si\u00e8cle avec notamment le temple de l\u2019Amour, visible loin \u00e0 la ronde. La propri\u00e9t\u00e9 est rest\u00e9e aux mains de la famille Grand d\u2019Hauteville jusqu\u2019en 2019.<\/p>\n\n\n\n<p>Architectes, artisans, historiens et sp\u00e9cialistes de toutes les disciplines patrimoniales et techniques se sont succ\u00e9d\u00e9 sur le chantier qui a \u00e9t\u00e9 men\u00e9 par l\u2019atelier glatz-delachaux entre 2020 et 2023. La fin des travaux co\u00efncide avec la parution d\u2019un imposant ouvrage collectif dirig\u00e9 par les historiennes B\u00e9atrice Lovis et Isabelle Roland. Les connaissances sur ce t\u00e9moin remarquable de l\u2019architecture du XVIII<sup>e<\/sup> si\u00e8cle en Suisse sont renouvel\u00e9es gr\u00e2ce aux contributions de 25 autrices et auteurs. Richement illustr\u00e9, l\u2019ouvrage vise aussi bien les professionnels qu\u2019un public non sp\u00e9cialis\u00e9, mais int\u00e9ress\u00e9 par l\u2019histoire et l\u2019architecture romande.<\/p>\n\n\n\n<p>Le livre est disponible aussi en anglais pour les institutions publiques <em>(The Hauteville Estate. From castle to university campus).<\/em><\/p>\n\n\n\n<p><a href=\"https:\/\/wp.unil.ch\/allezsavoir\/les-mille-vies-du-chateau-dhauteville\/\" target=\"_blank\" rel=\"noreferrer noopener\">Consulter l&rsquo;article paru dans Allez Savoir!<\/a><\/p>\n\n\n\n<div data-wp-interactive=\"core\/file\" class=\"wp-block-file\"><object data-wp-bind--hidden=\"!state.hasPdfPreview\" hidden class=\"wp-block-file__embed\" data=\"https:\/\/www.sgeaj.ch\/wp-content\/uploads\/2024\/10\/lovis-roland-domainedhauteville-2023-preface.pdf\" type=\"application\/pdf\" style=\"width:100%;height:600px\" aria-label=\"Contenu embarqu\u00e9 Lovis-Roland_DomainedHauteville_2023_Preface.\"><\/object><a id=\"wp-block-file--media-de156a4d-4c69-4dab-b73d-843b3d603480\" href=\"https:\/\/www.sgeaj.ch\/wp-content\/uploads\/2024\/10\/lovis-roland-domainedhauteville-2023-preface.pdf\">Lovis-Roland_DomainedHauteville_2023_Preface<\/a><a href=\"https:\/\/www.sgeaj.ch\/wp-content\/uploads\/2024\/10\/lovis-roland-domainedhauteville-2023-preface.pdf\" class=\"wp-block-file__button wp-element-button\" download aria-describedby=\"wp-block-file--media-de156a4d-4c69-4dab-b73d-843b3d603480\">Herunterladen<\/a><\/div>\n","protected":false},"excerpt":{"rendered":"<p>Nouvelle publication : B\u00e9atrice Lovis et Isabelle Roland (dir.), \u00ab\u00a0Le Domaine d&rsquo;Hauteville: Du ch\u00e2teau au campus universitaire\u00a0\u00bb, Gen\u00e8ve: Slatkine, 2023, 344 pages. En 2019, l\u2019Universit\u00e9 am\u00e9ricaine Pepperdine a rachet\u00e9 le ch\u00e2teau d\u2019Hauteville pour y am\u00e9nager son campus romand, offrant au domaine un nouveau souffle, en continuit\u00e9 avec l\u2019esprit des lieux. Inscrits comme bien culturel suisse [&hellip;]<\/p>\n","protected":false},"author":9,"featured_media":7530,"comment_status":"closed","ping_status":"open","sticky":false,"template":"","format":"standard","meta":{"footnotes":""},"categories":[42,25],"tags":[109,91,101],"class_list":{"0":"post-7532","1":"post","2":"type-post","3":"status-publish","4":"format-standard","5":"has-post-thumbnail","7":"category-actualite","8":"category-nouvelles-publications","9":"tag-architecture-fr","10":"tag-publication-fr","11":"tag-switzerland-fr","12":"czr-hentry"},"yoast_head":"<!-- This site is optimized with the Yoast SEO plugin v26.9 - https:\/\/yoast.com\/product\/yoast-seo-wordpress\/ -->\n<title>Le Domaine d&#039;Hauteville : du ch\u00e2teau au campus universitaire - Schweizerische Gesellschaft f\u00fcr die Erforschung des 18. Jahrhunderts (SGEAJ - SSEDS)<\/title>\n<meta name=\"robots\" content=\"index, follow, max-snippet:-1, max-image-preview:large, max-video-preview:-1\" \/>\n<link rel=\"canonical\" href=\"https:\/\/www.sgeaj.ch\/fr\/actualite\/le-domaine-dhauteville-du-chateau-au-campus-universitaire\/\" \/>\n<meta name=\"twitter:label1\" content=\"\u00c9crit par\" \/>\n\t<meta name=\"twitter:data1\" content=\"Mich\u00e8le Steiner\" \/>\n\t<meta name=\"twitter:label2\" content=\"Dur\u00e9e de lecture estim\u00e9e\" \/>\n\t<meta name=\"twitter:data2\" content=\"3 minutes\" \/>\n<script type=\"application\/ld+json\" class=\"yoast-schema-graph\">{\"@context\":\"https:\/\/schema.org\",\"@graph\":[{\"@type\":\"Article\",\"@id\":\"https:\/\/www.sgeaj.ch\/fr\/actualite\/le-domaine-dhauteville-du-chateau-au-campus-universitaire\/#article\",\"isPartOf\":{\"@id\":\"https:\/\/www.sgeaj.ch\/fr\/actualite\/le-domaine-dhauteville-du-chateau-au-campus-universitaire\/\"},\"author\":{\"name\":\"Mich\u00e8le Steiner\",\"@id\":\"https:\/\/www.sgeaj.ch\/fr\/#\/schema\/person\/f9930dca12b3bd252d469f244e700c60\"},\"headline\":\"Le Domaine d&rsquo;Hauteville : du ch\u00e2teau au campus universitaire\",\"datePublished\":\"2024-10-20T13:31:50+00:00\",\"dateModified\":\"2024-12-19T13:31:23+00:00\",\"mainEntityOfPage\":{\"@id\":\"https:\/\/www.sgeaj.ch\/fr\/actualite\/le-domaine-dhauteville-du-chateau-au-campus-universitaire\/\"},\"wordCount\":438,\"publisher\":{\"@id\":\"https:\/\/www.sgeaj.ch\/fr\/#organization\"},\"image\":{\"@id\":\"https:\/\/www.sgeaj.ch\/fr\/actualite\/le-domaine-dhauteville-du-chateau-au-campus-universitaire\/#primaryimage\"},\"thumbnailUrl\":\"https:\/\/www.sgeaj.ch\/wp-content\/uploads\/2024\/10\/lovis-roland-domainedhauteville-2023.png\",\"keywords\":[\"Architecture\",\"Publication\",\"Switzerland\"],\"articleSection\":[\"Actualit\u00e9\",\"Nouvelles publications\"],\"inLanguage\":\"fr-FR\"},{\"@type\":\"WebPage\",\"@id\":\"https:\/\/www.sgeaj.ch\/fr\/actualite\/le-domaine-dhauteville-du-chateau-au-campus-universitaire\/\",\"url\":\"https:\/\/www.sgeaj.ch\/fr\/actualite\/le-domaine-dhauteville-du-chateau-au-campus-universitaire\/\",\"name\":\"Le Domaine d'Hauteville : du ch\u00e2teau au campus universitaire - Schweizerische Gesellschaft f\u00fcr die Erforschung des 18. Jahrhunderts (SGEAJ - SSEDS)\",\"isPartOf\":{\"@id\":\"https:\/\/www.sgeaj.ch\/fr\/#website\"},\"primaryImageOfPage\":{\"@id\":\"https:\/\/www.sgeaj.ch\/fr\/actualite\/le-domaine-dhauteville-du-chateau-au-campus-universitaire\/#primaryimage\"},\"image\":{\"@id\":\"https:\/\/www.sgeaj.ch\/fr\/actualite\/le-domaine-dhauteville-du-chateau-au-campus-universitaire\/#primaryimage\"},\"thumbnailUrl\":\"https:\/\/www.sgeaj.ch\/wp-content\/uploads\/2024\/10\/lovis-roland-domainedhauteville-2023.png\",\"datePublished\":\"2024-10-20T13:31:50+00:00\",\"dateModified\":\"2024-12-19T13:31:23+00:00\",\"inLanguage\":\"fr-FR\",\"potentialAction\":[{\"@type\":\"ReadAction\",\"target\":[\"https:\/\/www.sgeaj.ch\/fr\/actualite\/le-domaine-dhauteville-du-chateau-au-campus-universitaire\/\"]}]},{\"@type\":\"ImageObject\",\"inLanguage\":\"fr-FR\",\"@id\":\"https:\/\/www.sgeaj.ch\/fr\/actualite\/le-domaine-dhauteville-du-chateau-au-campus-universitaire\/#primaryimage\",\"url\":\"https:\/\/www.sgeaj.ch\/wp-content\/uploads\/2024\/10\/lovis-roland-domainedhauteville-2023.png\",\"contentUrl\":\"https:\/\/www.sgeaj.ch\/wp-content\/uploads\/2024\/10\/lovis-roland-domainedhauteville-2023.png\",\"width\":1426,\"height\":864},{\"@type\":\"WebSite\",\"@id\":\"https:\/\/www.sgeaj.ch\/fr\/#website\",\"url\":\"https:\/\/www.sgeaj.ch\/fr\/\",\"name\":\"Schweizerische Gesellschaft f\u00fcr die Erforschung des 18. Jahrhunderts (SGEAJ - SSEDS)\",\"description\":\"Schweizerische Gesellschaft f\u00fcr die Erforschung des 18. Jahrhunderts\",\"publisher\":{\"@id\":\"https:\/\/www.sgeaj.ch\/fr\/#organization\"},\"potentialAction\":[{\"@type\":\"SearchAction\",\"target\":{\"@type\":\"EntryPoint\",\"urlTemplate\":\"https:\/\/www.sgeaj.ch\/fr\/?s={search_term_string}\"},\"query-input\":{\"@type\":\"PropertyValueSpecification\",\"valueRequired\":true,\"valueName\":\"search_term_string\"}}],\"inLanguage\":\"fr-FR\"},{\"@type\":\"Organization\",\"@id\":\"https:\/\/www.sgeaj.ch\/fr\/#organization\",\"name\":\"Schweizerische Gesellschaft f\u00fcr die Erforschung des 18. Jahrhunderts (SGEAJ - SSEDS)\",\"url\":\"https:\/\/www.sgeaj.ch\/fr\/\",\"logo\":{\"@type\":\"ImageObject\",\"inLanguage\":\"fr-FR\",\"@id\":\"https:\/\/www.sgeaj.ch\/fr\/#\/schema\/logo\/image\/\",\"url\":\"https:\/\/www.sgeaj.ch\/wp-content\/uploads\/2021\/06\/cropped-logo-xviiies-horiz-abreuviations-bleues.png\",\"contentUrl\":\"https:\/\/www.sgeaj.ch\/wp-content\/uploads\/2021\/06\/cropped-logo-xviiies-horiz-abreuviations-bleues.png\",\"width\":659,\"height\":335,\"caption\":\"Schweizerische Gesellschaft f\u00fcr die Erforschung des 18. Jahrhunderts (SGEAJ - SSEDS)\"},\"image\":{\"@id\":\"https:\/\/www.sgeaj.ch\/fr\/#\/schema\/logo\/image\/\"}},{\"@type\":\"Person\",\"@id\":\"https:\/\/www.sgeaj.ch\/fr\/#\/schema\/person\/f9930dca12b3bd252d469f244e700c60\",\"name\":\"Mich\u00e8le Steiner\",\"url\":\"https:\/\/www.sgeaj.ch\/fr\/author\/msteiner\/\"}]}<\/script>\n<!-- \/ Yoast SEO plugin. -->","yoast_head_json":{"title":"Le Domaine d'Hauteville : du ch\u00e2teau au campus universitaire - Schweizerische Gesellschaft f\u00fcr die Erforschung des 18. Jahrhunderts (SGEAJ - SSEDS)","robots":{"index":"index","follow":"follow","max-snippet":"max-snippet:-1","max-image-preview":"max-image-preview:large","max-video-preview":"max-video-preview:-1"},"canonical":"https:\/\/www.sgeaj.ch\/fr\/actualite\/le-domaine-dhauteville-du-chateau-au-campus-universitaire\/","twitter_misc":{"\u00c9crit par":"Mich\u00e8le Steiner","Dur\u00e9e de lecture estim\u00e9e":"3 minutes"},"schema":{"@context":"https:\/\/schema.org","@graph":[{"@type":"Article","@id":"https:\/\/www.sgeaj.ch\/fr\/actualite\/le-domaine-dhauteville-du-chateau-au-campus-universitaire\/#article","isPartOf":{"@id":"https:\/\/www.sgeaj.ch\/fr\/actualite\/le-domaine-dhauteville-du-chateau-au-campus-universitaire\/"},"author":{"name":"Mich\u00e8le Steiner","@id":"https:\/\/www.sgeaj.ch\/fr\/#\/schema\/person\/f9930dca12b3bd252d469f244e700c60"},"headline":"Le Domaine d&rsquo;Hauteville : du ch\u00e2teau au campus universitaire","datePublished":"2024-10-20T13:31:50+00:00","dateModified":"2024-12-19T13:31:23+00:00","mainEntityOfPage":{"@id":"https:\/\/www.sgeaj.ch\/fr\/actualite\/le-domaine-dhauteville-du-chateau-au-campus-universitaire\/"},"wordCount":438,"publisher":{"@id":"https:\/\/www.sgeaj.ch\/fr\/#organization"},"image":{"@id":"https:\/\/www.sgeaj.ch\/fr\/actualite\/le-domaine-dhauteville-du-chateau-au-campus-universitaire\/#primaryimage"},"thumbnailUrl":"https:\/\/www.sgeaj.ch\/wp-content\/uploads\/2024\/10\/lovis-roland-domainedhauteville-2023.png","keywords":["Architecture","Publication","Switzerland"],"articleSection":["Actualit\u00e9","Nouvelles publications"],"inLanguage":"fr-FR"},{"@type":"WebPage","@id":"https:\/\/www.sgeaj.ch\/fr\/actualite\/le-domaine-dhauteville-du-chateau-au-campus-universitaire\/","url":"https:\/\/www.sgeaj.ch\/fr\/actualite\/le-domaine-dhauteville-du-chateau-au-campus-universitaire\/","name":"Le Domaine d'Hauteville : du ch\u00e2teau au campus universitaire - Schweizerische Gesellschaft f\u00fcr die Erforschung des 18. Jahrhunderts (SGEAJ - SSEDS)","isPartOf":{"@id":"https:\/\/www.sgeaj.ch\/fr\/#website"},"primaryImageOfPage":{"@id":"https:\/\/www.sgeaj.ch\/fr\/actualite\/le-domaine-dhauteville-du-chateau-au-campus-universitaire\/#primaryimage"},"image":{"@id":"https:\/\/www.sgeaj.ch\/fr\/actualite\/le-domaine-dhauteville-du-chateau-au-campus-universitaire\/#primaryimage"},"thumbnailUrl":"https:\/\/www.sgeaj.ch\/wp-content\/uploads\/2024\/10\/lovis-roland-domainedhauteville-2023.png","datePublished":"2024-10-20T13:31:50+00:00","dateModified":"2024-12-19T13:31:23+00:00","inLanguage":"fr-FR","potentialAction":[{"@type":"ReadAction","target":["https:\/\/www.sgeaj.ch\/fr\/actualite\/le-domaine-dhauteville-du-chateau-au-campus-universitaire\/"]}]},{"@type":"ImageObject","inLanguage":"fr-FR","@id":"https:\/\/www.sgeaj.ch\/fr\/actualite\/le-domaine-dhauteville-du-chateau-au-campus-universitaire\/#primaryimage","url":"https:\/\/www.sgeaj.ch\/wp-content\/uploads\/2024\/10\/lovis-roland-domainedhauteville-2023.png","contentUrl":"https:\/\/www.sgeaj.ch\/wp-content\/uploads\/2024\/10\/lovis-roland-domainedhauteville-2023.png","width":1426,"height":864},{"@type":"WebSite","@id":"https:\/\/www.sgeaj.ch\/fr\/#website","url":"https:\/\/www.sgeaj.ch\/fr\/","name":"Schweizerische Gesellschaft f\u00fcr die Erforschung des 18. Jahrhunderts (SGEAJ - SSEDS)","description":"Schweizerische Gesellschaft f\u00fcr die Erforschung des 18. Jahrhunderts","publisher":{"@id":"https:\/\/www.sgeaj.ch\/fr\/#organization"},"potentialAction":[{"@type":"SearchAction","target":{"@type":"EntryPoint","urlTemplate":"https:\/\/www.sgeaj.ch\/fr\/?s={search_term_string}"},"query-input":{"@type":"PropertyValueSpecification","valueRequired":true,"valueName":"search_term_string"}}],"inLanguage":"fr-FR"},{"@type":"Organization","@id":"https:\/\/www.sgeaj.ch\/fr\/#organization","name":"Schweizerische Gesellschaft f\u00fcr die Erforschung des 18. Jahrhunderts (SGEAJ - SSEDS)","url":"https:\/\/www.sgeaj.ch\/fr\/","logo":{"@type":"ImageObject","inLanguage":"fr-FR","@id":"https:\/\/www.sgeaj.ch\/fr\/#\/schema\/logo\/image\/","url":"https:\/\/www.sgeaj.ch\/wp-content\/uploads\/2021\/06\/cropped-logo-xviiies-horiz-abreuviations-bleues.png","contentUrl":"https:\/\/www.sgeaj.ch\/wp-content\/uploads\/2021\/06\/cropped-logo-xviiies-horiz-abreuviations-bleues.png","width":659,"height":335,"caption":"Schweizerische Gesellschaft f\u00fcr die Erforschung des 18. Jahrhunderts (SGEAJ - SSEDS)"},"image":{"@id":"https:\/\/www.sgeaj.ch\/fr\/#\/schema\/logo\/image\/"}},{"@type":"Person","@id":"https:\/\/www.sgeaj.ch\/fr\/#\/schema\/person\/f9930dca12b3bd252d469f244e700c60","name":"Mich\u00e8le Steiner","url":"https:\/\/www.sgeaj.ch\/fr\/author\/msteiner\/"}]}},"_links":{"self":[{"href":"https:\/\/www.sgeaj.ch\/fr\/wp-json\/wp\/v2\/posts\/7532","targetHints":{"allow":["GET"]}}],"collection":[{"href":"https:\/\/www.sgeaj.ch\/fr\/wp-json\/wp\/v2\/posts"}],"about":[{"href":"https:\/\/www.sgeaj.ch\/fr\/wp-json\/wp\/v2\/types\/post"}],"author":[{"embeddable":true,"href":"https:\/\/www.sgeaj.ch\/fr\/wp-json\/wp\/v2\/users\/9"}],"replies":[{"embeddable":true,"href":"https:\/\/www.sgeaj.ch\/fr\/wp-json\/wp\/v2\/comments?post=7532"}],"version-history":[{"count":4,"href":"https:\/\/www.sgeaj.ch\/fr\/wp-json\/wp\/v2\/posts\/7532\/revisions"}],"predecessor-version":[{"id":7755,"href":"https:\/\/www.sgeaj.ch\/fr\/wp-json\/wp\/v2\/posts\/7532\/revisions\/7755"}],"wp:featuredmedia":[{"embeddable":true,"href":"https:\/\/www.sgeaj.ch\/fr\/wp-json\/wp\/v2\/media\/7530"}],"wp:attachment":[{"href":"https:\/\/www.sgeaj.ch\/fr\/wp-json\/wp\/v2\/media?parent=7532"}],"wp:term":[{"taxonomy":"category","embeddable":true,"href":"https:\/\/www.sgeaj.ch\/fr\/wp-json\/wp\/v2\/categories?post=7532"},{"taxonomy":"post_tag","embeddable":true,"href":"https:\/\/www.sgeaj.ch\/fr\/wp-json\/wp\/v2\/tags?post=7532"}],"curies":[{"name":"wp","href":"https:\/\/api.w.org\/{rel}","templated":true}]}}