{"id":7545,"date":"2024-10-20T16:02:22","date_gmt":"2024-10-20T14:02:22","guid":{"rendered":"https:\/\/www.sgeaj.ch\/?p=7545"},"modified":"2024-10-20T16:21:54","modified_gmt":"2024-10-20T14:21:54","slug":"nouveau-projet-societe-litteraire-de-lausanne-1772-1783","status":"publish","type":"post","link":"https:\/\/www.sgeaj.ch\/fr\/actualite\/nouveau-projet-societe-litteraire-de-lausanne-1772-1783\/","title":{"rendered":"Nouveau projet: Soci\u00e9t\u00e9 litt\u00e9raire de Lausanne (1772-1783)"},"content":{"rendered":"\n<h3 class=\"wp-block-heading\">Un nouveau projet \u00e0 l&rsquo;Universit\u00e9 de Lausanne, dirig\u00e9 par Damiano Bardelli et B\u00e9atrice Lovis, recherche la soci\u00e9t\u00e9 litt\u00e9raire de Lausanne (1772-1783).<\/h3>\n\n\n\n<p>L\u2019\u00e9quipe de Lumi\u00e8res.Lausanne a le plaisir d\u2019annoncer la mise en ligne des transcriptions des registres manuscrits de la <a href=\"https:\/\/lumieres.unil.ch\/projets\/societe-litteraire\" target=\"_blank\" rel=\"noreferrer noopener\">Soci\u00e9t\u00e9 litt\u00e9raire de Lausanne<\/a>, un projet faisant suite \u00e0 la <a href=\"https:\/\/lumieres.unil.ch\/fiches\/biblio\/10028\/\" target=\"_blank\" rel=\"noreferrer noopener\">th\u00e8se de doctorat de Damiano Bardelli<\/a> soutenue en 2021. \u00c0 la diff\u00e9rence de soci\u00e9t\u00e9s similaires cr\u00e9\u00e9es en Europe dans la seconde moiti\u00e9 du XVIIIe si\u00e8cle, la Soci\u00e9t\u00e9 litt\u00e9raire de Lausanne n\u2019a pas entrepris de projets \u00e9ditoriaux; elle a cependant laiss\u00e9 de riches archives relatives \u00e0 son activit\u00e9 intellectuelle, en particulier les proc\u00e8s-verbaux des d\u00e9bats qui ont anim\u00e9 ses assembl\u00e9es. D\u00e9sormais disponible en ligne, ce corpus constitue un t\u00e9moignage pr\u00e9cieux de ce collectif cosmopolite qui a r\u00e9uni des membres de l\u2019\u00e9lite locale et des \u00e9trangers de passage en 1772-1773 et en 1780-1783.<\/p>\n\n\n\n<p>Les trois registres officiels de la Soci\u00e9t\u00e9 litt\u00e9raire conserv\u00e9s sont d\u00e9pos\u00e9s \u00e0 la Biblioth\u00e8que cantonale et universitaire de Lausanne. Il s\u2019agit du <a href=\"https:\/\/lumieres.unil.ch\/fiches\/biblio\/10251\/\" target=\"_blank\" rel=\"noreferrer noopener\">Journal litt\u00e9raire<\/a>, comprenant les proc\u00e8s-verbaux des discussions tenues au cours de ses deux p\u00e9riodes d\u2019activit\u00e9 ; du <a href=\"https:\/\/lumieres.unil.ch\/fiches\/biblio\/10185\/\" target=\"_blank\" rel=\"noreferrer noopener\">Journal \u0153conomique<\/a>, incluant le r\u00e8glement de l\u2019institution, les signatures de ses membres et les proc\u00e8s-verbaux administratifs des assembl\u00e9es\u00a0; et du \u00ab\u00a0grand livre\u00a0\u00bb, dans lequel les secr\u00e9taires de la soci\u00e9t\u00e9 ont pris soin de transcrire 37 essais pr\u00e9sent\u00e9s par les membres en 1772-1773 et en 1780-1781, connu aujourd\u2019hui sous le titre de <a href=\"https:\/\/lumieres.unil.ch\/fiches\/biblio\/10250\/\" target=\"_blank\" rel=\"noreferrer noopener\">M\u00e9moires lus \u00e0 Lausanne dans une Soci\u00e9t\u00e9 de gens de Lettres<\/a>. Les copies manuscrites des 16 autres m\u00e9moires \u00e9parpill\u00e9s dans diff\u00e9rentes institutions des cantons de Vaud et de Gen\u00e8ve seront publi\u00e9s dans un second temps.<\/p>\n\n\n\n<p>Le projet est enrichi d\u2019une bibliographie renvoyant aux principales publications sur la sociabilit\u00e9 des \u00e9lites lausannoises et de fiches biographiques relatives aux diff\u00e9rents membres de la Soci\u00e9t\u00e9. Une \u00e9dition papier des sources de la Soci\u00e9t\u00e9 litt\u00e9raire, enrichie d\u2019un important appareil critique, est pr\u00e9vue dans la collection \u00ab\u00a0Travaux sur la Suisse des Lumi\u00e8res\u00a0\u00bb de la Soci\u00e9t\u00e9 suisse pour l\u2019\u00e9tude du XVIII<sup>e<\/sup> si\u00e8cle (SSEDS), aux \u00e9ditions Slatkine.<\/p>\n\n\n\n<p><a href=\"https:\/\/lumieres.unil.ch\/projets\/societe-litteraire\/\" target=\"_blank\" rel=\"noreferrer noopener\">Consultez le projet \u00ab\u00a0Soci\u00e9t\u00e9 litt\u00e9raire de Lausanne (1772-1783)\u00a0\u00bb en ligne<\/a> (mis en ligne le 4 avril 2024). <\/p>\n","protected":false},"excerpt":{"rendered":"<p>Un nouveau projet \u00e0 l&rsquo;Universit\u00e9 de Lausanne, dirig\u00e9 par Damiano Bardelli et B\u00e9atrice Lovis, recherche la soci\u00e9t\u00e9 litt\u00e9raire de Lausanne (1772-1783). L\u2019\u00e9quipe de Lumi\u00e8res.Lausanne a le plaisir d\u2019annoncer la mise en ligne des transcriptions des registres manuscrits de la Soci\u00e9t\u00e9 litt\u00e9raire de Lausanne, un projet faisant suite \u00e0 la th\u00e8se de doctorat de Damiano Bardelli [&hellip;]<\/p>\n","protected":false},"author":9,"featured_media":7543,"comment_status":"closed","ping_status":"open","sticky":false,"template":"","format":"standard","meta":{"footnotes":""},"categories":[42,43],"tags":[95,112,67,113],"class_list":{"0":"post-7545","1":"post","2":"type-post","3":"status-publish","4":"format-standard","5":"has-post-thumbnail","7":"category-actualite","8":"category-communication","9":"tag-digital-humanities-2-fr","10":"tag-edition-fr","11":"tag-enlightenment-fr","12":"tag-sociability-fr","13":"czr-hentry"},"yoast_head":"<!-- This site is optimized with the Yoast SEO plugin v26.9 - https:\/\/yoast.com\/product\/yoast-seo-wordpress\/ -->\n<title>Nouveau projet: Soci\u00e9t\u00e9 litt\u00e9raire de Lausanne (1772-1783) - Schweizerische Gesellschaft f\u00fcr die Erforschung des 18. Jahrhunderts (SGEAJ - SSEDS)<\/title>\n<meta name=\"robots\" content=\"index, follow, max-snippet:-1, max-image-preview:large, max-video-preview:-1\" \/>\n<link rel=\"canonical\" href=\"https:\/\/www.sgeaj.ch\/fr\/actualite\/nouveau-projet-societe-litteraire-de-lausanne-1772-1783\/\" \/>\n<meta name=\"twitter:label1\" content=\"\u00c9crit par\" \/>\n\t<meta name=\"twitter:data1\" content=\"Mich\u00e8le Steiner\" \/>\n\t<meta name=\"twitter:label2\" content=\"Dur\u00e9e de lecture estim\u00e9e\" \/>\n\t<meta name=\"twitter:data2\" content=\"3 minutes\" \/>\n<script type=\"application\/ld+json\" class=\"yoast-schema-graph\">{\"@context\":\"https:\/\/schema.org\",\"@graph\":[{\"@type\":\"Article\",\"@id\":\"https:\/\/www.sgeaj.ch\/fr\/actualite\/nouveau-projet-societe-litteraire-de-lausanne-1772-1783\/#article\",\"isPartOf\":{\"@id\":\"https:\/\/www.sgeaj.ch\/fr\/actualite\/nouveau-projet-societe-litteraire-de-lausanne-1772-1783\/\"},\"author\":{\"name\":\"Mich\u00e8le Steiner\",\"@id\":\"https:\/\/www.sgeaj.ch\/fr\/#\/schema\/person\/f9930dca12b3bd252d469f244e700c60\"},\"headline\":\"Nouveau projet: Soci\u00e9t\u00e9 litt\u00e9raire de Lausanne (1772-1783)\",\"datePublished\":\"2024-10-20T14:02:22+00:00\",\"dateModified\":\"2024-10-20T14:21:54+00:00\",\"mainEntityOfPage\":{\"@id\":\"https:\/\/www.sgeaj.ch\/fr\/actualite\/nouveau-projet-societe-litteraire-de-lausanne-1772-1783\/\"},\"wordCount\":411,\"publisher\":{\"@id\":\"https:\/\/www.sgeaj.ch\/fr\/#organization\"},\"image\":{\"@id\":\"https:\/\/www.sgeaj.ch\/fr\/actualite\/nouveau-projet-societe-litteraire-de-lausanne-1772-1783\/#primaryimage\"},\"thumbnailUrl\":\"https:\/\/www.sgeaj.ch\/wp-content\/uploads\/2024\/10\/salon-de-madame-geoffrin-1755-e1729432724920.jpeg\",\"keywords\":[\"Digital Humanities\",\"Edition\",\"Enlightenment\",\"Sociability\"],\"articleSection\":[\"Actualit\u00e9\",\"Communication\"],\"inLanguage\":\"fr-FR\"},{\"@type\":\"WebPage\",\"@id\":\"https:\/\/www.sgeaj.ch\/fr\/actualite\/nouveau-projet-societe-litteraire-de-lausanne-1772-1783\/\",\"url\":\"https:\/\/www.sgeaj.ch\/fr\/actualite\/nouveau-projet-societe-litteraire-de-lausanne-1772-1783\/\",\"name\":\"Nouveau projet: Soci\u00e9t\u00e9 litt\u00e9raire de Lausanne (1772-1783) - Schweizerische Gesellschaft f\u00fcr die Erforschung des 18. Jahrhunderts (SGEAJ - SSEDS)\",\"isPartOf\":{\"@id\":\"https:\/\/www.sgeaj.ch\/fr\/#website\"},\"primaryImageOfPage\":{\"@id\":\"https:\/\/www.sgeaj.ch\/fr\/actualite\/nouveau-projet-societe-litteraire-de-lausanne-1772-1783\/#primaryimage\"},\"image\":{\"@id\":\"https:\/\/www.sgeaj.ch\/fr\/actualite\/nouveau-projet-societe-litteraire-de-lausanne-1772-1783\/#primaryimage\"},\"thumbnailUrl\":\"https:\/\/www.sgeaj.ch\/wp-content\/uploads\/2024\/10\/salon-de-madame-geoffrin-1755-e1729432724920.jpeg\",\"datePublished\":\"2024-10-20T14:02:22+00:00\",\"dateModified\":\"2024-10-20T14:21:54+00:00\",\"inLanguage\":\"fr-FR\",\"potentialAction\":[{\"@type\":\"ReadAction\",\"target\":[\"https:\/\/www.sgeaj.ch\/fr\/actualite\/nouveau-projet-societe-litteraire-de-lausanne-1772-1783\/\"]}]},{\"@type\":\"ImageObject\",\"inLanguage\":\"fr-FR\",\"@id\":\"https:\/\/www.sgeaj.ch\/fr\/actualite\/nouveau-projet-societe-litteraire-de-lausanne-1772-1783\/#primaryimage\",\"url\":\"https:\/\/www.sgeaj.ch\/wp-content\/uploads\/2024\/10\/salon-de-madame-geoffrin-1755-e1729432724920.jpeg\",\"contentUrl\":\"https:\/\/www.sgeaj.ch\/wp-content\/uploads\/2024\/10\/salon-de-madame-geoffrin-1755-e1729432724920.jpeg\",\"width\":1179,\"height\":776},{\"@type\":\"WebSite\",\"@id\":\"https:\/\/www.sgeaj.ch\/fr\/#website\",\"url\":\"https:\/\/www.sgeaj.ch\/fr\/\",\"name\":\"Schweizerische Gesellschaft f\u00fcr die Erforschung des 18. Jahrhunderts (SGEAJ - SSEDS)\",\"description\":\"Schweizerische Gesellschaft f\u00fcr die Erforschung des 18. Jahrhunderts\",\"publisher\":{\"@id\":\"https:\/\/www.sgeaj.ch\/fr\/#organization\"},\"potentialAction\":[{\"@type\":\"SearchAction\",\"target\":{\"@type\":\"EntryPoint\",\"urlTemplate\":\"https:\/\/www.sgeaj.ch\/fr\/?s={search_term_string}\"},\"query-input\":{\"@type\":\"PropertyValueSpecification\",\"valueRequired\":true,\"valueName\":\"search_term_string\"}}],\"inLanguage\":\"fr-FR\"},{\"@type\":\"Organization\",\"@id\":\"https:\/\/www.sgeaj.ch\/fr\/#organization\",\"name\":\"Schweizerische Gesellschaft f\u00fcr die Erforschung des 18. Jahrhunderts (SGEAJ - SSEDS)\",\"url\":\"https:\/\/www.sgeaj.ch\/fr\/\",\"logo\":{\"@type\":\"ImageObject\",\"inLanguage\":\"fr-FR\",\"@id\":\"https:\/\/www.sgeaj.ch\/fr\/#\/schema\/logo\/image\/\",\"url\":\"https:\/\/www.sgeaj.ch\/wp-content\/uploads\/2021\/06\/cropped-logo-xviiies-horiz-abreuviations-bleues.png\",\"contentUrl\":\"https:\/\/www.sgeaj.ch\/wp-content\/uploads\/2021\/06\/cropped-logo-xviiies-horiz-abreuviations-bleues.png\",\"width\":659,\"height\":335,\"caption\":\"Schweizerische Gesellschaft f\u00fcr die Erforschung des 18. Jahrhunderts (SGEAJ - SSEDS)\"},\"image\":{\"@id\":\"https:\/\/www.sgeaj.ch\/fr\/#\/schema\/logo\/image\/\"}},{\"@type\":\"Person\",\"@id\":\"https:\/\/www.sgeaj.ch\/fr\/#\/schema\/person\/f9930dca12b3bd252d469f244e700c60\",\"name\":\"Mich\u00e8le Steiner\",\"url\":\"https:\/\/www.sgeaj.ch\/fr\/author\/msteiner\/\"}]}<\/script>\n<!-- \/ Yoast SEO plugin. -->","yoast_head_json":{"title":"Nouveau projet: Soci\u00e9t\u00e9 litt\u00e9raire de Lausanne (1772-1783) - Schweizerische Gesellschaft f\u00fcr die Erforschung des 18. Jahrhunderts (SGEAJ - SSEDS)","robots":{"index":"index","follow":"follow","max-snippet":"max-snippet:-1","max-image-preview":"max-image-preview:large","max-video-preview":"max-video-preview:-1"},"canonical":"https:\/\/www.sgeaj.ch\/fr\/actualite\/nouveau-projet-societe-litteraire-de-lausanne-1772-1783\/","twitter_misc":{"\u00c9crit par":"Mich\u00e8le Steiner","Dur\u00e9e de lecture estim\u00e9e":"3 minutes"},"schema":{"@context":"https:\/\/schema.org","@graph":[{"@type":"Article","@id":"https:\/\/www.sgeaj.ch\/fr\/actualite\/nouveau-projet-societe-litteraire-de-lausanne-1772-1783\/#article","isPartOf":{"@id":"https:\/\/www.sgeaj.ch\/fr\/actualite\/nouveau-projet-societe-litteraire-de-lausanne-1772-1783\/"},"author":{"name":"Mich\u00e8le Steiner","@id":"https:\/\/www.sgeaj.ch\/fr\/#\/schema\/person\/f9930dca12b3bd252d469f244e700c60"},"headline":"Nouveau projet: Soci\u00e9t\u00e9 litt\u00e9raire de Lausanne (1772-1783)","datePublished":"2024-10-20T14:02:22+00:00","dateModified":"2024-10-20T14:21:54+00:00","mainEntityOfPage":{"@id":"https:\/\/www.sgeaj.ch\/fr\/actualite\/nouveau-projet-societe-litteraire-de-lausanne-1772-1783\/"},"wordCount":411,"publisher":{"@id":"https:\/\/www.sgeaj.ch\/fr\/#organization"},"image":{"@id":"https:\/\/www.sgeaj.ch\/fr\/actualite\/nouveau-projet-societe-litteraire-de-lausanne-1772-1783\/#primaryimage"},"thumbnailUrl":"https:\/\/www.sgeaj.ch\/wp-content\/uploads\/2024\/10\/salon-de-madame-geoffrin-1755-e1729432724920.jpeg","keywords":["Digital Humanities","Edition","Enlightenment","Sociability"],"articleSection":["Actualit\u00e9","Communication"],"inLanguage":"fr-FR"},{"@type":"WebPage","@id":"https:\/\/www.sgeaj.ch\/fr\/actualite\/nouveau-projet-societe-litteraire-de-lausanne-1772-1783\/","url":"https:\/\/www.sgeaj.ch\/fr\/actualite\/nouveau-projet-societe-litteraire-de-lausanne-1772-1783\/","name":"Nouveau projet: Soci\u00e9t\u00e9 litt\u00e9raire de Lausanne (1772-1783) - Schweizerische Gesellschaft f\u00fcr die Erforschung des 18. Jahrhunderts (SGEAJ - SSEDS)","isPartOf":{"@id":"https:\/\/www.sgeaj.ch\/fr\/#website"},"primaryImageOfPage":{"@id":"https:\/\/www.sgeaj.ch\/fr\/actualite\/nouveau-projet-societe-litteraire-de-lausanne-1772-1783\/#primaryimage"},"image":{"@id":"https:\/\/www.sgeaj.ch\/fr\/actualite\/nouveau-projet-societe-litteraire-de-lausanne-1772-1783\/#primaryimage"},"thumbnailUrl":"https:\/\/www.sgeaj.ch\/wp-content\/uploads\/2024\/10\/salon-de-madame-geoffrin-1755-e1729432724920.jpeg","datePublished":"2024-10-20T14:02:22+00:00","dateModified":"2024-10-20T14:21:54+00:00","inLanguage":"fr-FR","potentialAction":[{"@type":"ReadAction","target":["https:\/\/www.sgeaj.ch\/fr\/actualite\/nouveau-projet-societe-litteraire-de-lausanne-1772-1783\/"]}]},{"@type":"ImageObject","inLanguage":"fr-FR","@id":"https:\/\/www.sgeaj.ch\/fr\/actualite\/nouveau-projet-societe-litteraire-de-lausanne-1772-1783\/#primaryimage","url":"https:\/\/www.sgeaj.ch\/wp-content\/uploads\/2024\/10\/salon-de-madame-geoffrin-1755-e1729432724920.jpeg","contentUrl":"https:\/\/www.sgeaj.ch\/wp-content\/uploads\/2024\/10\/salon-de-madame-geoffrin-1755-e1729432724920.jpeg","width":1179,"height":776},{"@type":"WebSite","@id":"https:\/\/www.sgeaj.ch\/fr\/#website","url":"https:\/\/www.sgeaj.ch\/fr\/","name":"Schweizerische Gesellschaft f\u00fcr die Erforschung des 18. Jahrhunderts (SGEAJ - SSEDS)","description":"Schweizerische Gesellschaft f\u00fcr die Erforschung des 18. Jahrhunderts","publisher":{"@id":"https:\/\/www.sgeaj.ch\/fr\/#organization"},"potentialAction":[{"@type":"SearchAction","target":{"@type":"EntryPoint","urlTemplate":"https:\/\/www.sgeaj.ch\/fr\/?s={search_term_string}"},"query-input":{"@type":"PropertyValueSpecification","valueRequired":true,"valueName":"search_term_string"}}],"inLanguage":"fr-FR"},{"@type":"Organization","@id":"https:\/\/www.sgeaj.ch\/fr\/#organization","name":"Schweizerische Gesellschaft f\u00fcr die Erforschung des 18. Jahrhunderts (SGEAJ - SSEDS)","url":"https:\/\/www.sgeaj.ch\/fr\/","logo":{"@type":"ImageObject","inLanguage":"fr-FR","@id":"https:\/\/www.sgeaj.ch\/fr\/#\/schema\/logo\/image\/","url":"https:\/\/www.sgeaj.ch\/wp-content\/uploads\/2021\/06\/cropped-logo-xviiies-horiz-abreuviations-bleues.png","contentUrl":"https:\/\/www.sgeaj.ch\/wp-content\/uploads\/2021\/06\/cropped-logo-xviiies-horiz-abreuviations-bleues.png","width":659,"height":335,"caption":"Schweizerische Gesellschaft f\u00fcr die Erforschung des 18. Jahrhunderts (SGEAJ - SSEDS)"},"image":{"@id":"https:\/\/www.sgeaj.ch\/fr\/#\/schema\/logo\/image\/"}},{"@type":"Person","@id":"https:\/\/www.sgeaj.ch\/fr\/#\/schema\/person\/f9930dca12b3bd252d469f244e700c60","name":"Mich\u00e8le Steiner","url":"https:\/\/www.sgeaj.ch\/fr\/author\/msteiner\/"}]}},"_links":{"self":[{"href":"https:\/\/www.sgeaj.ch\/fr\/wp-json\/wp\/v2\/posts\/7545","targetHints":{"allow":["GET"]}}],"collection":[{"href":"https:\/\/www.sgeaj.ch\/fr\/wp-json\/wp\/v2\/posts"}],"about":[{"href":"https:\/\/www.sgeaj.ch\/fr\/wp-json\/wp\/v2\/types\/post"}],"author":[{"embeddable":true,"href":"https:\/\/www.sgeaj.ch\/fr\/wp-json\/wp\/v2\/users\/9"}],"replies":[{"embeddable":true,"href":"https:\/\/www.sgeaj.ch\/fr\/wp-json\/wp\/v2\/comments?post=7545"}],"version-history":[{"count":3,"href":"https:\/\/www.sgeaj.ch\/fr\/wp-json\/wp\/v2\/posts\/7545\/revisions"}],"predecessor-version":[{"id":7550,"href":"https:\/\/www.sgeaj.ch\/fr\/wp-json\/wp\/v2\/posts\/7545\/revisions\/7550"}],"wp:featuredmedia":[{"embeddable":true,"href":"https:\/\/www.sgeaj.ch\/fr\/wp-json\/wp\/v2\/media\/7543"}],"wp:attachment":[{"href":"https:\/\/www.sgeaj.ch\/fr\/wp-json\/wp\/v2\/media?parent=7545"}],"wp:term":[{"taxonomy":"category","embeddable":true,"href":"https:\/\/www.sgeaj.ch\/fr\/wp-json\/wp\/v2\/categories?post=7545"},{"taxonomy":"post_tag","embeddable":true,"href":"https:\/\/www.sgeaj.ch\/fr\/wp-json\/wp\/v2\/tags?post=7545"}],"curies":[{"name":"wp","href":"https:\/\/api.w.org\/{rel}","templated":true}]}}