{"id":7568,"date":"2024-10-30T16:00:15","date_gmt":"2024-10-30T15:00:15","guid":{"rendered":"https:\/\/www.sgeaj.ch\/?p=7568"},"modified":"2024-10-30T16:00:17","modified_gmt":"2024-10-30T15:00:17","slug":"lever-lanonymat-des-28-volumes-de-lencyclopedie","status":"publish","type":"post","link":"https:\/\/www.sgeaj.ch\/fr\/actualite\/lever-lanonymat-des-28-volumes-de-lencyclopedie\/","title":{"rendered":"Lever l&rsquo;anonymat des 28 volumes de l&rsquo;Encyclop\u00e9die"},"content":{"rendered":"\n<h3 class=\"wp-block-heading\">Lever l&rsquo;anonymat des 28 volumes de l&rsquo;Encyclop\u00e9die: Recherches, m\u00e9thodes et d\u00e9couvertes. Colloque international organis\u00e9 par l&rsquo;ENCCRE, 14 et 15 novembre 2024 \u00e0 l&rsquo;Observatoire de Paris (participation sur place ou en ligne).<\/h3>\n\n\n\n<p>Qui a \u00e9crit quoi dans l&rsquo;Encyclop\u00e9die ? La r\u00e9ponse n&rsquo;a rien d&rsquo;\u00e9vident, si l&rsquo;on pr\u00e9cise que sur plus de 74 000 articles, pr\u00e8s de 33 000 ne sont pas sign\u00e9s. Malgr\u00e9 quelques recherches pionni\u00e8res, parmi lesquelles celles de Proust, de Schwab ou de Lough, l&rsquo;essentiel de l&rsquo;\u00e9nigme demeure.<\/p>\n\n\n\n<p>Lever l&rsquo;anonymat des 28 volumes de l&rsquo;Encyclop\u00e9die est l&rsquo;un des d\u00e9fis relev\u00e9s par l&rsquo;ENCCRE : un chantier immense et progressif certes, mais aux premiers r\u00e9sultats d\u00e9j\u00e0 convaincants. Plus de 3700 articles non sign\u00e9s ont d\u00e9j\u00e0 \u00e9t\u00e9 attribu\u00e9s \u00e0 la suite d&rsquo;un travail collaboratif d&rsquo;analyse et de validation. La mise \u00e0 jour de nouvelles contributions dues \u00e0 D&rsquo;Alembert, Diderot, Daubenton, M\u00e9nuret, Jaucourt, D&rsquo;Holbach, Boucher d&rsquo;Argis, Goussier et d&rsquo;autres, nous apprend beaucoup sur l&rsquo;ouvrage lui-m\u00eame et les points de vue qui s&rsquo;y rencontr\u00e8rent. Le chantier ainsi ouvert permet de mieux approcher l&rsquo;histoire du colossal travail intellectuel qui donna naissance \u00e0 l&rsquo;Encyclop\u00e9die mais soul\u00e8ve aussi une s\u00e9rie de questions m\u00e9thodologiques auxquelles ce colloque cherchera \u00e0 apporter des r\u00e9ponses.<\/p>\n\n\n\n<p>Entr\u00e9e libre, mais <a href=\"https:\/\/docs.google.com\/forms\/d\/e\/1FAIpQLSeY_NhbzVaCdTvUKEarNWtSHVOTILLEPGaeV-IdViMBvSIOiw\/viewform\">inscription obligatoire<\/a> (tant pour une participation sur place \u00e0 Paris qu&rsquo;en ligne). <\/p>\n\n\n\n<div data-wp-interactive=\"core\/file\" class=\"wp-block-file\"><object data-wp-bind--hidden=\"!state.hasPdfPreview\" hidden class=\"wp-block-file__embed\" data=\"https:\/\/www.sgeaj.ch\/wp-content\/uploads\/2024\/10\/programme-colloque-enccre-attributions-14-15-novembre-2024.pdf\" type=\"application\/pdf\" style=\"width:100%;height:600px\" aria-label=\"Contenu embarqu\u00e9 Programme_colloque_ENCCRE_attributions_14_15_novembre_2024.\"><\/object><a id=\"wp-block-file--media-2d19a874-6943-4dda-8005-eb6a46dc84a9\" href=\"https:\/\/www.sgeaj.ch\/wp-content\/uploads\/2024\/10\/programme-colloque-enccre-attributions-14-15-novembre-2024.pdf\">Programme_colloque_ENCCRE_attributions_14_15_novembre_2024<\/a><a href=\"https:\/\/www.sgeaj.ch\/wp-content\/uploads\/2024\/10\/programme-colloque-enccre-attributions-14-15-novembre-2024.pdf\" class=\"wp-block-file__button wp-element-button\" download aria-describedby=\"wp-block-file--media-2d19a874-6943-4dda-8005-eb6a46dc84a9\">Herunterladen<\/a><\/div>\n","protected":false},"excerpt":{"rendered":"<p>Lever l&rsquo;anonymat des 28 volumes de l&rsquo;Encyclop\u00e9die: Recherches, m\u00e9thodes et d\u00e9couvertes. Colloque international organis\u00e9 par l&rsquo;ENCCRE, 14 et 15 novembre 2024 \u00e0 l&rsquo;Observatoire de Paris (participation sur place ou en ligne). Qui a \u00e9crit quoi dans l&rsquo;Encyclop\u00e9die ? La r\u00e9ponse n&rsquo;a rien d&rsquo;\u00e9vident, si l&rsquo;on pr\u00e9cise que sur plus de 74 000 articles, pr\u00e8s de [&hellip;]<\/p>\n","protected":false},"author":9,"featured_media":7567,"comment_status":"closed","ping_status":"open","sticky":false,"template":"","format":"standard","meta":{"footnotes":""},"categories":[42,27],"tags":[119,67,68],"class_list":{"0":"post-7568","1":"post","2":"type-post","3":"status-publish","4":"format-standard","5":"has-post-thumbnail","7":"category-actualite","8":"category-colloques","9":"tag-colloquium-fr","10":"tag-enlightenment-fr","11":"tag-knowledge-fr","12":"czr-hentry"},"yoast_head":"<!-- This site is optimized with the Yoast SEO plugin v26.9 - https:\/\/yoast.com\/product\/yoast-seo-wordpress\/ -->\n<title>Lever l&#039;anonymat des 28 volumes de l&#039;Encyclop\u00e9die - Schweizerische Gesellschaft f\u00fcr die Erforschung des 18. Jahrhunderts (SGEAJ - SSEDS)<\/title>\n<meta name=\"robots\" content=\"index, follow, max-snippet:-1, max-image-preview:large, max-video-preview:-1\" \/>\n<link rel=\"canonical\" href=\"https:\/\/www.sgeaj.ch\/fr\/actualite\/lever-lanonymat-des-28-volumes-de-lencyclopedie\/\" \/>\n<meta name=\"twitter:label1\" content=\"\u00c9crit par\" \/>\n\t<meta name=\"twitter:data1\" content=\"Mich\u00e8le Steiner\" \/>\n\t<meta name=\"twitter:label2\" content=\"Dur\u00e9e de lecture estim\u00e9e\" \/>\n\t<meta name=\"twitter:data2\" content=\"2 minutes\" \/>\n<script type=\"application\/ld+json\" class=\"yoast-schema-graph\">{\"@context\":\"https:\/\/schema.org\",\"@graph\":[{\"@type\":\"Article\",\"@id\":\"https:\/\/www.sgeaj.ch\/fr\/actualite\/lever-lanonymat-des-28-volumes-de-lencyclopedie\/#article\",\"isPartOf\":{\"@id\":\"https:\/\/www.sgeaj.ch\/fr\/actualite\/lever-lanonymat-des-28-volumes-de-lencyclopedie\/\"},\"author\":{\"name\":\"Mich\u00e8le Steiner\",\"@id\":\"https:\/\/www.sgeaj.ch\/fr\/#\/schema\/person\/f9930dca12b3bd252d469f244e700c60\"},\"headline\":\"Lever l&rsquo;anonymat des 28 volumes de l&rsquo;Encyclop\u00e9die\",\"datePublished\":\"2024-10-30T15:00:15+00:00\",\"dateModified\":\"2024-10-30T15:00:17+00:00\",\"mainEntityOfPage\":{\"@id\":\"https:\/\/www.sgeaj.ch\/fr\/actualite\/lever-lanonymat-des-28-volumes-de-lencyclopedie\/\"},\"wordCount\":256,\"publisher\":{\"@id\":\"https:\/\/www.sgeaj.ch\/fr\/#organization\"},\"image\":{\"@id\":\"https:\/\/www.sgeaj.ch\/fr\/actualite\/lever-lanonymat-des-28-volumes-de-lencyclopedie\/#primaryimage\"},\"thumbnailUrl\":\"https:\/\/www.sgeaj.ch\/wp-content\/uploads\/2024\/10\/diderot-encyclopedie-frontispice-full-e1730300237122.jpg\",\"keywords\":[\"Colloquium\",\"Enlightenment\",\"Knowledge\"],\"articleSection\":[\"Actualit\u00e9\",\"Colloques\"],\"inLanguage\":\"fr-FR\"},{\"@type\":\"WebPage\",\"@id\":\"https:\/\/www.sgeaj.ch\/fr\/actualite\/lever-lanonymat-des-28-volumes-de-lencyclopedie\/\",\"url\":\"https:\/\/www.sgeaj.ch\/fr\/actualite\/lever-lanonymat-des-28-volumes-de-lencyclopedie\/\",\"name\":\"Lever l'anonymat des 28 volumes de l'Encyclop\u00e9die - Schweizerische Gesellschaft f\u00fcr die Erforschung des 18. Jahrhunderts (SGEAJ - SSEDS)\",\"isPartOf\":{\"@id\":\"https:\/\/www.sgeaj.ch\/fr\/#website\"},\"primaryImageOfPage\":{\"@id\":\"https:\/\/www.sgeaj.ch\/fr\/actualite\/lever-lanonymat-des-28-volumes-de-lencyclopedie\/#primaryimage\"},\"image\":{\"@id\":\"https:\/\/www.sgeaj.ch\/fr\/actualite\/lever-lanonymat-des-28-volumes-de-lencyclopedie\/#primaryimage\"},\"thumbnailUrl\":\"https:\/\/www.sgeaj.ch\/wp-content\/uploads\/2024\/10\/diderot-encyclopedie-frontispice-full-e1730300237122.jpg\",\"datePublished\":\"2024-10-30T15:00:15+00:00\",\"dateModified\":\"2024-10-30T15:00:17+00:00\",\"inLanguage\":\"fr-FR\",\"potentialAction\":[{\"@type\":\"ReadAction\",\"target\":[\"https:\/\/www.sgeaj.ch\/fr\/actualite\/lever-lanonymat-des-28-volumes-de-lencyclopedie\/\"]}]},{\"@type\":\"ImageObject\",\"inLanguage\":\"fr-FR\",\"@id\":\"https:\/\/www.sgeaj.ch\/fr\/actualite\/lever-lanonymat-des-28-volumes-de-lencyclopedie\/#primaryimage\",\"url\":\"https:\/\/www.sgeaj.ch\/wp-content\/uploads\/2024\/10\/diderot-encyclopedie-frontispice-full-e1730300237122.jpg\",\"contentUrl\":\"https:\/\/www.sgeaj.ch\/wp-content\/uploads\/2024\/10\/diderot-encyclopedie-frontispice-full-e1730300237122.jpg\",\"width\":1266,\"height\":1973},{\"@type\":\"WebSite\",\"@id\":\"https:\/\/www.sgeaj.ch\/fr\/#website\",\"url\":\"https:\/\/www.sgeaj.ch\/fr\/\",\"name\":\"Schweizerische Gesellschaft f\u00fcr die Erforschung des 18. Jahrhunderts (SGEAJ - SSEDS)\",\"description\":\"Schweizerische Gesellschaft f\u00fcr die Erforschung des 18. Jahrhunderts\",\"publisher\":{\"@id\":\"https:\/\/www.sgeaj.ch\/fr\/#organization\"},\"potentialAction\":[{\"@type\":\"SearchAction\",\"target\":{\"@type\":\"EntryPoint\",\"urlTemplate\":\"https:\/\/www.sgeaj.ch\/fr\/?s={search_term_string}\"},\"query-input\":{\"@type\":\"PropertyValueSpecification\",\"valueRequired\":true,\"valueName\":\"search_term_string\"}}],\"inLanguage\":\"fr-FR\"},{\"@type\":\"Organization\",\"@id\":\"https:\/\/www.sgeaj.ch\/fr\/#organization\",\"name\":\"Schweizerische Gesellschaft f\u00fcr die Erforschung des 18. Jahrhunderts (SGEAJ - SSEDS)\",\"url\":\"https:\/\/www.sgeaj.ch\/fr\/\",\"logo\":{\"@type\":\"ImageObject\",\"inLanguage\":\"fr-FR\",\"@id\":\"https:\/\/www.sgeaj.ch\/fr\/#\/schema\/logo\/image\/\",\"url\":\"https:\/\/www.sgeaj.ch\/wp-content\/uploads\/2021\/06\/cropped-logo-xviiies-horiz-abreuviations-bleues.png\",\"contentUrl\":\"https:\/\/www.sgeaj.ch\/wp-content\/uploads\/2021\/06\/cropped-logo-xviiies-horiz-abreuviations-bleues.png\",\"width\":659,\"height\":335,\"caption\":\"Schweizerische Gesellschaft f\u00fcr die Erforschung des 18. Jahrhunderts (SGEAJ - SSEDS)\"},\"image\":{\"@id\":\"https:\/\/www.sgeaj.ch\/fr\/#\/schema\/logo\/image\/\"}},{\"@type\":\"Person\",\"@id\":\"https:\/\/www.sgeaj.ch\/fr\/#\/schema\/person\/f9930dca12b3bd252d469f244e700c60\",\"name\":\"Mich\u00e8le Steiner\",\"url\":\"https:\/\/www.sgeaj.ch\/fr\/author\/msteiner\/\"}]}<\/script>\n<!-- \/ Yoast SEO plugin. -->","yoast_head_json":{"title":"Lever l'anonymat des 28 volumes de l'Encyclop\u00e9die - Schweizerische Gesellschaft f\u00fcr die Erforschung des 18. Jahrhunderts (SGEAJ - SSEDS)","robots":{"index":"index","follow":"follow","max-snippet":"max-snippet:-1","max-image-preview":"max-image-preview:large","max-video-preview":"max-video-preview:-1"},"canonical":"https:\/\/www.sgeaj.ch\/fr\/actualite\/lever-lanonymat-des-28-volumes-de-lencyclopedie\/","twitter_misc":{"\u00c9crit par":"Mich\u00e8le Steiner","Dur\u00e9e de lecture estim\u00e9e":"2 minutes"},"schema":{"@context":"https:\/\/schema.org","@graph":[{"@type":"Article","@id":"https:\/\/www.sgeaj.ch\/fr\/actualite\/lever-lanonymat-des-28-volumes-de-lencyclopedie\/#article","isPartOf":{"@id":"https:\/\/www.sgeaj.ch\/fr\/actualite\/lever-lanonymat-des-28-volumes-de-lencyclopedie\/"},"author":{"name":"Mich\u00e8le Steiner","@id":"https:\/\/www.sgeaj.ch\/fr\/#\/schema\/person\/f9930dca12b3bd252d469f244e700c60"},"headline":"Lever l&rsquo;anonymat des 28 volumes de l&rsquo;Encyclop\u00e9die","datePublished":"2024-10-30T15:00:15+00:00","dateModified":"2024-10-30T15:00:17+00:00","mainEntityOfPage":{"@id":"https:\/\/www.sgeaj.ch\/fr\/actualite\/lever-lanonymat-des-28-volumes-de-lencyclopedie\/"},"wordCount":256,"publisher":{"@id":"https:\/\/www.sgeaj.ch\/fr\/#organization"},"image":{"@id":"https:\/\/www.sgeaj.ch\/fr\/actualite\/lever-lanonymat-des-28-volumes-de-lencyclopedie\/#primaryimage"},"thumbnailUrl":"https:\/\/www.sgeaj.ch\/wp-content\/uploads\/2024\/10\/diderot-encyclopedie-frontispice-full-e1730300237122.jpg","keywords":["Colloquium","Enlightenment","Knowledge"],"articleSection":["Actualit\u00e9","Colloques"],"inLanguage":"fr-FR"},{"@type":"WebPage","@id":"https:\/\/www.sgeaj.ch\/fr\/actualite\/lever-lanonymat-des-28-volumes-de-lencyclopedie\/","url":"https:\/\/www.sgeaj.ch\/fr\/actualite\/lever-lanonymat-des-28-volumes-de-lencyclopedie\/","name":"Lever l'anonymat des 28 volumes de l'Encyclop\u00e9die - Schweizerische Gesellschaft f\u00fcr die Erforschung des 18. Jahrhunderts (SGEAJ - SSEDS)","isPartOf":{"@id":"https:\/\/www.sgeaj.ch\/fr\/#website"},"primaryImageOfPage":{"@id":"https:\/\/www.sgeaj.ch\/fr\/actualite\/lever-lanonymat-des-28-volumes-de-lencyclopedie\/#primaryimage"},"image":{"@id":"https:\/\/www.sgeaj.ch\/fr\/actualite\/lever-lanonymat-des-28-volumes-de-lencyclopedie\/#primaryimage"},"thumbnailUrl":"https:\/\/www.sgeaj.ch\/wp-content\/uploads\/2024\/10\/diderot-encyclopedie-frontispice-full-e1730300237122.jpg","datePublished":"2024-10-30T15:00:15+00:00","dateModified":"2024-10-30T15:00:17+00:00","inLanguage":"fr-FR","potentialAction":[{"@type":"ReadAction","target":["https:\/\/www.sgeaj.ch\/fr\/actualite\/lever-lanonymat-des-28-volumes-de-lencyclopedie\/"]}]},{"@type":"ImageObject","inLanguage":"fr-FR","@id":"https:\/\/www.sgeaj.ch\/fr\/actualite\/lever-lanonymat-des-28-volumes-de-lencyclopedie\/#primaryimage","url":"https:\/\/www.sgeaj.ch\/wp-content\/uploads\/2024\/10\/diderot-encyclopedie-frontispice-full-e1730300237122.jpg","contentUrl":"https:\/\/www.sgeaj.ch\/wp-content\/uploads\/2024\/10\/diderot-encyclopedie-frontispice-full-e1730300237122.jpg","width":1266,"height":1973},{"@type":"WebSite","@id":"https:\/\/www.sgeaj.ch\/fr\/#website","url":"https:\/\/www.sgeaj.ch\/fr\/","name":"Schweizerische Gesellschaft f\u00fcr die Erforschung des 18. Jahrhunderts (SGEAJ - SSEDS)","description":"Schweizerische Gesellschaft f\u00fcr die Erforschung des 18. Jahrhunderts","publisher":{"@id":"https:\/\/www.sgeaj.ch\/fr\/#organization"},"potentialAction":[{"@type":"SearchAction","target":{"@type":"EntryPoint","urlTemplate":"https:\/\/www.sgeaj.ch\/fr\/?s={search_term_string}"},"query-input":{"@type":"PropertyValueSpecification","valueRequired":true,"valueName":"search_term_string"}}],"inLanguage":"fr-FR"},{"@type":"Organization","@id":"https:\/\/www.sgeaj.ch\/fr\/#organization","name":"Schweizerische Gesellschaft f\u00fcr die Erforschung des 18. Jahrhunderts (SGEAJ - SSEDS)","url":"https:\/\/www.sgeaj.ch\/fr\/","logo":{"@type":"ImageObject","inLanguage":"fr-FR","@id":"https:\/\/www.sgeaj.ch\/fr\/#\/schema\/logo\/image\/","url":"https:\/\/www.sgeaj.ch\/wp-content\/uploads\/2021\/06\/cropped-logo-xviiies-horiz-abreuviations-bleues.png","contentUrl":"https:\/\/www.sgeaj.ch\/wp-content\/uploads\/2021\/06\/cropped-logo-xviiies-horiz-abreuviations-bleues.png","width":659,"height":335,"caption":"Schweizerische Gesellschaft f\u00fcr die Erforschung des 18. Jahrhunderts (SGEAJ - SSEDS)"},"image":{"@id":"https:\/\/www.sgeaj.ch\/fr\/#\/schema\/logo\/image\/"}},{"@type":"Person","@id":"https:\/\/www.sgeaj.ch\/fr\/#\/schema\/person\/f9930dca12b3bd252d469f244e700c60","name":"Mich\u00e8le Steiner","url":"https:\/\/www.sgeaj.ch\/fr\/author\/msteiner\/"}]}},"_links":{"self":[{"href":"https:\/\/www.sgeaj.ch\/fr\/wp-json\/wp\/v2\/posts\/7568","targetHints":{"allow":["GET"]}}],"collection":[{"href":"https:\/\/www.sgeaj.ch\/fr\/wp-json\/wp\/v2\/posts"}],"about":[{"href":"https:\/\/www.sgeaj.ch\/fr\/wp-json\/wp\/v2\/types\/post"}],"author":[{"embeddable":true,"href":"https:\/\/www.sgeaj.ch\/fr\/wp-json\/wp\/v2\/users\/9"}],"replies":[{"embeddable":true,"href":"https:\/\/www.sgeaj.ch\/fr\/wp-json\/wp\/v2\/comments?post=7568"}],"version-history":[{"count":1,"href":"https:\/\/www.sgeaj.ch\/fr\/wp-json\/wp\/v2\/posts\/7568\/revisions"}],"predecessor-version":[{"id":7569,"href":"https:\/\/www.sgeaj.ch\/fr\/wp-json\/wp\/v2\/posts\/7568\/revisions\/7569"}],"wp:featuredmedia":[{"embeddable":true,"href":"https:\/\/www.sgeaj.ch\/fr\/wp-json\/wp\/v2\/media\/7567"}],"wp:attachment":[{"href":"https:\/\/www.sgeaj.ch\/fr\/wp-json\/wp\/v2\/media?parent=7568"}],"wp:term":[{"taxonomy":"category","embeddable":true,"href":"https:\/\/www.sgeaj.ch\/fr\/wp-json\/wp\/v2\/categories?post=7568"},{"taxonomy":"post_tag","embeddable":true,"href":"https:\/\/www.sgeaj.ch\/fr\/wp-json\/wp\/v2\/tags?post=7568"}],"curies":[{"name":"wp","href":"https:\/\/api.w.org\/{rel}","templated":true}]}}