{"id":7576,"date":"2024-11-06T16:53:14","date_gmt":"2024-11-06T15:53:14","guid":{"rendered":"https:\/\/www.sgeaj.ch\/?p=7576"},"modified":"2024-11-06T16:53:16","modified_gmt":"2024-11-06T15:53:16","slug":"von-der-physikotheologie-zum-vitalismus","status":"publish","type":"post","link":"https:\/\/www.sgeaj.ch\/fr\/actualite\/von-der-physikotheologie-zum-vitalismus\/","title":{"rendered":"Von der Physikotheologie zum Vitalismus?"},"content":{"rendered":"\n<h3 class=\"wp-block-heading\">Thomas Ruhland\/Friedemann Stengel (Hg.), Von der Physikotheologie zum Vitalismus? Transformation des Verh\u00e4ltnisses von Naturforschung und Religion im sp\u00e4ten 18. und fr\u00fchen 19. Jahrhundert (Beitr\u00e4ge zur Europ\u00e4ischen Religionsgeschichte 10), G\u00f6ttingen: Vandenhoeck &amp; Ruprecht, 2024. Mit einem Beitrag von Kaspar von Greyerz. <\/h3>\n\n\n\n<p>Gegen die fr\u00fchere Auffassung, mit der sogenannten Aufkl\u00e4rung des 18. Jahrhunderts sei die S\u00e4kularisierung von Kultur, Wissenschaft und Gesellschaft verbunden gewesen, belegen die Beitr\u00e4ge des vorliegenden Bandes nicht die Trennung, sondern Neubestimmungen des weiterhin engen Verh\u00e4ltnisses von Religion und den entstehenden Naturwissenschaften im langen 18. Jahrhundert. Dabei geraten die Transformationen der bisher die Geschichtsschreibung dominierenden \u00e4lteren \u00ab\u00a0Physikotheologie\u00a0\u00bb in den Blick. Deren mechanistische und rationalistische Akzentuierungen waren insbesondere mit der theologischen Philosophie der Leibniz-Wolffschen Schule verbunden gewesen und haben bestimmte Weisheits- und Vernunftsvorstellungen auf einen g\u00f6ttlichen Heilsplan f\u00fcr die gesamte Natur \u00fcbertragen. Im sp\u00e4teren 18. Jahrhundert wurden diese Vorstellungen zunehmend durch hermetische, theosophische und schlie\u00dflich um \u00ab\u00a0okkulte\u00a0\u00bb Kr\u00e4fte angereicherte vitalistische Modelle erg\u00e4nzt, die die Geschichtsschreibung der modernen Naturwissenschaften nicht selten als esoterisch oder pseudowissenschaftlich charakterisiert und teilweise komplett ausgeblendet hat. In den Fokus geraten nun die theologischen und in einem weiteren, f\u00e4cher\u00fcbergreifenden Sinne religi\u00f6sen Implikationen unter anderem einer Physikotheologie als Fr\u00f6mmigkeitsform und Sammlungskonzept, des Mesmerismus, eines \u00ab\u00a0aufgekl\u00e4rten Vitalismus\u00a0\u00bb (P.H. Reill) und der sogenannten romantischen Naturphilosophie. Dadurch werden interdisziplin\u00e4r die Praktiken der Physikotheologie sowie die theosophischen, sp\u00e4terhin manchmal als esoterisch bezeichneten Seiten der sogenannten Aufkl\u00e4rung sichtbar gemacht. Die \u00e4ltere These, mit der Aufkl\u00e4rung und insbesondere durch Kants Kritik des physikotheologischen Gottesbeweises sei die Physikotheologie als solche obsolet geworden und die Naturwissenschaften h\u00e4tten sich von der Theologie\/Religion emanzipiert, erweist sich als eine unzutreffende Behauptung, die im Zusammenhang mit der inzwischen ebenfalls als unzutreffend erkannten S\u00e4kularisierungstheorie aufgestellt worden ist.<\/p>\n\n\n\n<p>SGEAJ-Mitglied Kaspar von Greyerz hat f\u00fcr den Band einen Beitrag zu den Erscheinungsformen der Physikotheologie im deutschsprachigen Raum des 18. Jahrhunderts verfasst. <\/p>\n\n\n\n<div data-wp-interactive=\"core\/file\" class=\"wp-block-file\"><object data-wp-bind--hidden=\"!state.hasPdfPreview\" hidden class=\"wp-block-file__embed\" data=\"https:\/\/www.sgeaj.ch\/wp-content\/uploads\/2024\/11\/ruhland-stengel-physikotheologie-2024-inhaltsverzeichnisleseprobe.pdf\" type=\"application\/pdf\" style=\"width:100%;height:600px\" aria-label=\"Contenu embarqu\u00e9 Ruhland-Stengel_Physikotheologie_2024_Inhaltsverzeichnis+Leseprobe.\"><\/object><a id=\"wp-block-file--media-f96b3191-a4df-4970-bcc3-7186e4d80f3d\" href=\"https:\/\/www.sgeaj.ch\/wp-content\/uploads\/2024\/11\/ruhland-stengel-physikotheologie-2024-inhaltsverzeichnisleseprobe.pdf\">Ruhland-Stengel_Physikotheologie_2024_Inhaltsverzeichnis+Leseprobe<\/a><a href=\"https:\/\/www.sgeaj.ch\/wp-content\/uploads\/2024\/11\/ruhland-stengel-physikotheologie-2024-inhaltsverzeichnisleseprobe.pdf\" class=\"wp-block-file__button wp-element-button\" download aria-describedby=\"wp-block-file--media-f96b3191-a4df-4970-bcc3-7186e4d80f3d\">Herunterladen<\/a><\/div>\n","protected":false},"excerpt":{"rendered":"<p>Thomas Ruhland\/Friedemann Stengel (Hg.), Von der Physikotheologie zum Vitalismus? Transformation des Verh\u00e4ltnisses von Naturforschung und Religion im sp\u00e4ten 18. und fr\u00fchen 19. Jahrhundert (Beitr\u00e4ge zur Europ\u00e4ischen Religionsgeschichte 10), G\u00f6ttingen: Vandenhoeck &amp; Ruprecht, 2024. Mit einem Beitrag von Kaspar von Greyerz. Gegen die fr\u00fchere Auffassung, mit der sogenannten Aufkl\u00e4rung des 18. Jahrhunderts sei die S\u00e4kularisierung von [&hellip;]<\/p>\n","protected":false},"author":9,"featured_media":7574,"comment_status":"closed","ping_status":"open","sticky":false,"template":"","format":"standard","meta":{"footnotes":""},"categories":[42,25],"tags":[67,68,121,92],"class_list":{"0":"post-7576","1":"post","2":"type-post","3":"status-publish","4":"format-standard","5":"has-post-thumbnail","7":"category-actualite","8":"category-nouvelles-publications","9":"tag-enlightenment-fr","10":"tag-knowledge-fr","11":"tag-mesmerism-fr","12":"tag-theology-fr","13":"czr-hentry"},"yoast_head":"<!-- This site is optimized with the Yoast SEO plugin v26.9 - https:\/\/yoast.com\/product\/yoast-seo-wordpress\/ -->\n<title>Von der Physikotheologie zum Vitalismus? - Schweizerische Gesellschaft f\u00fcr die Erforschung des 18. Jahrhunderts (SGEAJ - SSEDS)<\/title>\n<meta name=\"robots\" content=\"index, follow, max-snippet:-1, max-image-preview:large, max-video-preview:-1\" \/>\n<link rel=\"canonical\" href=\"https:\/\/www.sgeaj.ch\/fr\/actualite\/von-der-physikotheologie-zum-vitalismus\/\" \/>\n<meta name=\"twitter:label1\" content=\"\u00c9crit par\" \/>\n\t<meta name=\"twitter:data1\" content=\"Mich\u00e8le Steiner\" \/>\n\t<meta name=\"twitter:label2\" content=\"Dur\u00e9e de lecture estim\u00e9e\" \/>\n\t<meta name=\"twitter:data2\" content=\"2 minutes\" \/>\n<script type=\"application\/ld+json\" class=\"yoast-schema-graph\">{\"@context\":\"https:\/\/schema.org\",\"@graph\":[{\"@type\":\"Article\",\"@id\":\"https:\/\/www.sgeaj.ch\/fr\/actualite\/von-der-physikotheologie-zum-vitalismus\/#article\",\"isPartOf\":{\"@id\":\"https:\/\/www.sgeaj.ch\/fr\/actualite\/von-der-physikotheologie-zum-vitalismus\/\"},\"author\":{\"name\":\"Mich\u00e8le Steiner\",\"@id\":\"https:\/\/www.sgeaj.ch\/fr\/#\/schema\/person\/f9930dca12b3bd252d469f244e700c60\"},\"headline\":\"Von der Physikotheologie zum Vitalismus?\",\"datePublished\":\"2024-11-06T15:53:14+00:00\",\"dateModified\":\"2024-11-06T15:53:16+00:00\",\"mainEntityOfPage\":{\"@id\":\"https:\/\/www.sgeaj.ch\/fr\/actualite\/von-der-physikotheologie-zum-vitalismus\/\"},\"wordCount\":331,\"publisher\":{\"@id\":\"https:\/\/www.sgeaj.ch\/fr\/#organization\"},\"image\":{\"@id\":\"https:\/\/www.sgeaj.ch\/fr\/actualite\/von-der-physikotheologie-zum-vitalismus\/#primaryimage\"},\"thumbnailUrl\":\"https:\/\/www.sgeaj.ch\/wp-content\/uploads\/2024\/11\/ruhland-stengel-physikotheologie-2024.jpg\",\"keywords\":[\"Enlightenment\",\"Knowledge\",\"Mesmerism\",\"Theology\"],\"articleSection\":[\"Actualit\u00e9\",\"Nouvelles publications\"],\"inLanguage\":\"fr-FR\"},{\"@type\":\"WebPage\",\"@id\":\"https:\/\/www.sgeaj.ch\/fr\/actualite\/von-der-physikotheologie-zum-vitalismus\/\",\"url\":\"https:\/\/www.sgeaj.ch\/fr\/actualite\/von-der-physikotheologie-zum-vitalismus\/\",\"name\":\"Von der Physikotheologie zum Vitalismus? - Schweizerische Gesellschaft f\u00fcr die Erforschung des 18. Jahrhunderts (SGEAJ - SSEDS)\",\"isPartOf\":{\"@id\":\"https:\/\/www.sgeaj.ch\/fr\/#website\"},\"primaryImageOfPage\":{\"@id\":\"https:\/\/www.sgeaj.ch\/fr\/actualite\/von-der-physikotheologie-zum-vitalismus\/#primaryimage\"},\"image\":{\"@id\":\"https:\/\/www.sgeaj.ch\/fr\/actualite\/von-der-physikotheologie-zum-vitalismus\/#primaryimage\"},\"thumbnailUrl\":\"https:\/\/www.sgeaj.ch\/wp-content\/uploads\/2024\/11\/ruhland-stengel-physikotheologie-2024.jpg\",\"datePublished\":\"2024-11-06T15:53:14+00:00\",\"dateModified\":\"2024-11-06T15:53:16+00:00\",\"inLanguage\":\"fr-FR\",\"potentialAction\":[{\"@type\":\"ReadAction\",\"target\":[\"https:\/\/www.sgeaj.ch\/fr\/actualite\/von-der-physikotheologie-zum-vitalismus\/\"]}]},{\"@type\":\"ImageObject\",\"inLanguage\":\"fr-FR\",\"@id\":\"https:\/\/www.sgeaj.ch\/fr\/actualite\/von-der-physikotheologie-zum-vitalismus\/#primaryimage\",\"url\":\"https:\/\/www.sgeaj.ch\/wp-content\/uploads\/2024\/11\/ruhland-stengel-physikotheologie-2024.jpg\",\"contentUrl\":\"https:\/\/www.sgeaj.ch\/wp-content\/uploads\/2024\/11\/ruhland-stengel-physikotheologie-2024.jpg\",\"width\":800,\"height\":1200},{\"@type\":\"WebSite\",\"@id\":\"https:\/\/www.sgeaj.ch\/fr\/#website\",\"url\":\"https:\/\/www.sgeaj.ch\/fr\/\",\"name\":\"Schweizerische Gesellschaft f\u00fcr die Erforschung des 18. Jahrhunderts (SGEAJ - SSEDS)\",\"description\":\"Schweizerische Gesellschaft f\u00fcr die Erforschung des 18. Jahrhunderts\",\"publisher\":{\"@id\":\"https:\/\/www.sgeaj.ch\/fr\/#organization\"},\"potentialAction\":[{\"@type\":\"SearchAction\",\"target\":{\"@type\":\"EntryPoint\",\"urlTemplate\":\"https:\/\/www.sgeaj.ch\/fr\/?s={search_term_string}\"},\"query-input\":{\"@type\":\"PropertyValueSpecification\",\"valueRequired\":true,\"valueName\":\"search_term_string\"}}],\"inLanguage\":\"fr-FR\"},{\"@type\":\"Organization\",\"@id\":\"https:\/\/www.sgeaj.ch\/fr\/#organization\",\"name\":\"Schweizerische Gesellschaft f\u00fcr die Erforschung des 18. Jahrhunderts (SGEAJ - SSEDS)\",\"url\":\"https:\/\/www.sgeaj.ch\/fr\/\",\"logo\":{\"@type\":\"ImageObject\",\"inLanguage\":\"fr-FR\",\"@id\":\"https:\/\/www.sgeaj.ch\/fr\/#\/schema\/logo\/image\/\",\"url\":\"https:\/\/www.sgeaj.ch\/wp-content\/uploads\/2021\/06\/cropped-logo-xviiies-horiz-abreuviations-bleues.png\",\"contentUrl\":\"https:\/\/www.sgeaj.ch\/wp-content\/uploads\/2021\/06\/cropped-logo-xviiies-horiz-abreuviations-bleues.png\",\"width\":659,\"height\":335,\"caption\":\"Schweizerische Gesellschaft f\u00fcr die Erforschung des 18. Jahrhunderts (SGEAJ - SSEDS)\"},\"image\":{\"@id\":\"https:\/\/www.sgeaj.ch\/fr\/#\/schema\/logo\/image\/\"}},{\"@type\":\"Person\",\"@id\":\"https:\/\/www.sgeaj.ch\/fr\/#\/schema\/person\/f9930dca12b3bd252d469f244e700c60\",\"name\":\"Mich\u00e8le Steiner\",\"url\":\"https:\/\/www.sgeaj.ch\/fr\/author\/msteiner\/\"}]}<\/script>\n<!-- \/ Yoast SEO plugin. -->","yoast_head_json":{"title":"Von der Physikotheologie zum Vitalismus? - Schweizerische Gesellschaft f\u00fcr die Erforschung des 18. Jahrhunderts (SGEAJ - SSEDS)","robots":{"index":"index","follow":"follow","max-snippet":"max-snippet:-1","max-image-preview":"max-image-preview:large","max-video-preview":"max-video-preview:-1"},"canonical":"https:\/\/www.sgeaj.ch\/fr\/actualite\/von-der-physikotheologie-zum-vitalismus\/","twitter_misc":{"\u00c9crit par":"Mich\u00e8le Steiner","Dur\u00e9e de lecture estim\u00e9e":"2 minutes"},"schema":{"@context":"https:\/\/schema.org","@graph":[{"@type":"Article","@id":"https:\/\/www.sgeaj.ch\/fr\/actualite\/von-der-physikotheologie-zum-vitalismus\/#article","isPartOf":{"@id":"https:\/\/www.sgeaj.ch\/fr\/actualite\/von-der-physikotheologie-zum-vitalismus\/"},"author":{"name":"Mich\u00e8le Steiner","@id":"https:\/\/www.sgeaj.ch\/fr\/#\/schema\/person\/f9930dca12b3bd252d469f244e700c60"},"headline":"Von der Physikotheologie zum Vitalismus?","datePublished":"2024-11-06T15:53:14+00:00","dateModified":"2024-11-06T15:53:16+00:00","mainEntityOfPage":{"@id":"https:\/\/www.sgeaj.ch\/fr\/actualite\/von-der-physikotheologie-zum-vitalismus\/"},"wordCount":331,"publisher":{"@id":"https:\/\/www.sgeaj.ch\/fr\/#organization"},"image":{"@id":"https:\/\/www.sgeaj.ch\/fr\/actualite\/von-der-physikotheologie-zum-vitalismus\/#primaryimage"},"thumbnailUrl":"https:\/\/www.sgeaj.ch\/wp-content\/uploads\/2024\/11\/ruhland-stengel-physikotheologie-2024.jpg","keywords":["Enlightenment","Knowledge","Mesmerism","Theology"],"articleSection":["Actualit\u00e9","Nouvelles publications"],"inLanguage":"fr-FR"},{"@type":"WebPage","@id":"https:\/\/www.sgeaj.ch\/fr\/actualite\/von-der-physikotheologie-zum-vitalismus\/","url":"https:\/\/www.sgeaj.ch\/fr\/actualite\/von-der-physikotheologie-zum-vitalismus\/","name":"Von der Physikotheologie zum Vitalismus? - Schweizerische Gesellschaft f\u00fcr die Erforschung des 18. Jahrhunderts (SGEAJ - SSEDS)","isPartOf":{"@id":"https:\/\/www.sgeaj.ch\/fr\/#website"},"primaryImageOfPage":{"@id":"https:\/\/www.sgeaj.ch\/fr\/actualite\/von-der-physikotheologie-zum-vitalismus\/#primaryimage"},"image":{"@id":"https:\/\/www.sgeaj.ch\/fr\/actualite\/von-der-physikotheologie-zum-vitalismus\/#primaryimage"},"thumbnailUrl":"https:\/\/www.sgeaj.ch\/wp-content\/uploads\/2024\/11\/ruhland-stengel-physikotheologie-2024.jpg","datePublished":"2024-11-06T15:53:14+00:00","dateModified":"2024-11-06T15:53:16+00:00","inLanguage":"fr-FR","potentialAction":[{"@type":"ReadAction","target":["https:\/\/www.sgeaj.ch\/fr\/actualite\/von-der-physikotheologie-zum-vitalismus\/"]}]},{"@type":"ImageObject","inLanguage":"fr-FR","@id":"https:\/\/www.sgeaj.ch\/fr\/actualite\/von-der-physikotheologie-zum-vitalismus\/#primaryimage","url":"https:\/\/www.sgeaj.ch\/wp-content\/uploads\/2024\/11\/ruhland-stengel-physikotheologie-2024.jpg","contentUrl":"https:\/\/www.sgeaj.ch\/wp-content\/uploads\/2024\/11\/ruhland-stengel-physikotheologie-2024.jpg","width":800,"height":1200},{"@type":"WebSite","@id":"https:\/\/www.sgeaj.ch\/fr\/#website","url":"https:\/\/www.sgeaj.ch\/fr\/","name":"Schweizerische Gesellschaft f\u00fcr die Erforschung des 18. Jahrhunderts (SGEAJ - SSEDS)","description":"Schweizerische Gesellschaft f\u00fcr die Erforschung des 18. Jahrhunderts","publisher":{"@id":"https:\/\/www.sgeaj.ch\/fr\/#organization"},"potentialAction":[{"@type":"SearchAction","target":{"@type":"EntryPoint","urlTemplate":"https:\/\/www.sgeaj.ch\/fr\/?s={search_term_string}"},"query-input":{"@type":"PropertyValueSpecification","valueRequired":true,"valueName":"search_term_string"}}],"inLanguage":"fr-FR"},{"@type":"Organization","@id":"https:\/\/www.sgeaj.ch\/fr\/#organization","name":"Schweizerische Gesellschaft f\u00fcr die Erforschung des 18. Jahrhunderts (SGEAJ - SSEDS)","url":"https:\/\/www.sgeaj.ch\/fr\/","logo":{"@type":"ImageObject","inLanguage":"fr-FR","@id":"https:\/\/www.sgeaj.ch\/fr\/#\/schema\/logo\/image\/","url":"https:\/\/www.sgeaj.ch\/wp-content\/uploads\/2021\/06\/cropped-logo-xviiies-horiz-abreuviations-bleues.png","contentUrl":"https:\/\/www.sgeaj.ch\/wp-content\/uploads\/2021\/06\/cropped-logo-xviiies-horiz-abreuviations-bleues.png","width":659,"height":335,"caption":"Schweizerische Gesellschaft f\u00fcr die Erforschung des 18. Jahrhunderts (SGEAJ - SSEDS)"},"image":{"@id":"https:\/\/www.sgeaj.ch\/fr\/#\/schema\/logo\/image\/"}},{"@type":"Person","@id":"https:\/\/www.sgeaj.ch\/fr\/#\/schema\/person\/f9930dca12b3bd252d469f244e700c60","name":"Mich\u00e8le Steiner","url":"https:\/\/www.sgeaj.ch\/fr\/author\/msteiner\/"}]}},"_links":{"self":[{"href":"https:\/\/www.sgeaj.ch\/fr\/wp-json\/wp\/v2\/posts\/7576","targetHints":{"allow":["GET"]}}],"collection":[{"href":"https:\/\/www.sgeaj.ch\/fr\/wp-json\/wp\/v2\/posts"}],"about":[{"href":"https:\/\/www.sgeaj.ch\/fr\/wp-json\/wp\/v2\/types\/post"}],"author":[{"embeddable":true,"href":"https:\/\/www.sgeaj.ch\/fr\/wp-json\/wp\/v2\/users\/9"}],"replies":[{"embeddable":true,"href":"https:\/\/www.sgeaj.ch\/fr\/wp-json\/wp\/v2\/comments?post=7576"}],"version-history":[{"count":2,"href":"https:\/\/www.sgeaj.ch\/fr\/wp-json\/wp\/v2\/posts\/7576\/revisions"}],"predecessor-version":[{"id":7579,"href":"https:\/\/www.sgeaj.ch\/fr\/wp-json\/wp\/v2\/posts\/7576\/revisions\/7579"}],"wp:featuredmedia":[{"embeddable":true,"href":"https:\/\/www.sgeaj.ch\/fr\/wp-json\/wp\/v2\/media\/7574"}],"wp:attachment":[{"href":"https:\/\/www.sgeaj.ch\/fr\/wp-json\/wp\/v2\/media?parent=7576"}],"wp:term":[{"taxonomy":"category","embeddable":true,"href":"https:\/\/www.sgeaj.ch\/fr\/wp-json\/wp\/v2\/categories?post=7576"},{"taxonomy":"post_tag","embeddable":true,"href":"https:\/\/www.sgeaj.ch\/fr\/wp-json\/wp\/v2\/tags?post=7576"}],"curies":[{"name":"wp","href":"https:\/\/api.w.org\/{rel}","templated":true}]}}