{"id":7595,"date":"2024-11-09T11:54:47","date_gmt":"2024-11-09T10:54:47","guid":{"rendered":"https:\/\/www.sgeaj.ch\/?p=7595"},"modified":"2024-11-13T08:55:20","modified_gmt":"2024-11-13T07:55:20","slug":"cfp-listening-to-disruption","status":"publish","type":"post","link":"https:\/\/www.sgeaj.ch\/fr\/actualite\/cfp-listening-to-disruption\/","title":{"rendered":"CfP: Listening to Disruption"},"content":{"rendered":"\n<h3 class=\"wp-block-heading\">Call for papers for the conference \u00ab\u00a0Listening to Disruption: Changing Acoustemologies in the Swiss Confederacy c.1750-1815 \/ Entendre les boulversements: Acoust\u00e9mologies en \u00e9volution dans la Conf\u00e9d\u00e9ration suisse (env. 1750-1815)\u00a0\u00bb, to be held at the University of Geneva, June 23-24, 2025. Deadline for submissions: January 10, 2025. <\/h3>\n\n\n\n<p>In his <em>Dictionnaire de Musique<\/em> (Paris 1767), Jean-Jacques Rousseau \u2013 \u00ab\u00a0Citoyen de Gen\u00e8ve\u00a0\u00bb \u2013 included a table of music examples from around the globe that also featured the Swiss herding song <em>Air Suisse appell\u00e9 le Rans des Vaches<\/em>. When heard by Swiss mercenaries abroad, Rousseau declared, the song would overwhelm them emotionally and render them incapable of fighting, while others would remain untouched by the melody. It was not the music itself that caused this effect, said Rousseau, but rather its function as a \u00ab\u00a0signe m\u00e9moratif\u00a0\u00bb, a \u00ab\u00a0sign of remembrance\u00a0\u00bb for the Swiss mercenaries, who heard their former lives encapsulated in the melody.<\/p>\n\n\n\n<p>Rousseau describes in his <em>Dictionnaire<\/em> what in today\u2019s terms might be called an acoustemological experience. Originally developed by the ethnomusicologist Stephen Feld in 1992, <em>acoustemology<\/em> describes \u00ab\u00a0sonic experience as a way of knowing\u00a0\u00bb (Rice 2018). In subsequent decades, Feld\u2019s term has proven to be a foundational concept for the emergent fields of acoustic history or historical sound studies. For an overview, see James Mansell, <em>Historical Acoustemology: Past, Present and Future<\/em>, 2021, and Emily Wilbourne and Suzanne Cusick, <em>Acoustemologies in Contact.&nbsp;Sounding Subjects and Modes of Listening in Early Modernity<\/em>, 2021.<\/p>\n\n\n\n<p>While the <em>Ranz des vaches<\/em> became one of Switzerland\u2019s emblematic sonic embodiments, the tune did not reflect the profound political and economic upheavals that transformed the Swiss Confederacy between 1750 and 1815. What remained constant, however, was the act of listening as a form of knowing and understanding: a crucial element in the slow process of Swiss self-definition during this period of change.<\/p>\n\n\n\n<p>Aside from imaginations of alpine idylls, the sonic experience of the Swiss Confederacy in the eighteenth century also encompassed the rhythms of the developing industries in the still largely rural country, which disrupted historical patterns of subsistence. The networks of global trade supported an elite that had the means and leisure to participate in urban concert life as it expanded, which in turn established distinct modes of knowing through sound, music, and music theater performance, that were not only new but took on distinctly Swiss forms. However, these emerging acoustemologies excluded large segments of the population, particularly women and non-citizens of lower socioeconomic status.<\/p>\n\n\n\n<p>The revolutions of the late eighteenth century, the proclamation and collapse of the Helvetic Republic, and the transformations leading up to the Congress of Vienna in 1815 altered dominant acoustemologies. Sound, song, and music became saturated with meanings that sought to reconfigure political power and align it with evolving concepts such as human rights and republicanism. In the fractured environment of the Confederacy and its allies, where languages, cultures, political systems, and confessions collided, actors had to adapt their sonic understanding to often disruptive circumstances.<\/p>\n\n\n\n<p>The interdisciplinary conference at the University of Geneva entitled <a href=\"https:\/\/www.unige.ch\/lettres\/armus\/unites\/music\/evenements\/colloques\/listening-disruption\" target=\"_blank\" rel=\"noreferrer noopener\">\u201cListening to Disruption: Changing Acoustemologies in the Swiss Confederacy, c.1750\u20131815\u201d<\/a>, invites proposals for papers that address these intertwined threads and contribute to a discussion of the sonic practices and acoustemologies of eighteenth-century Switzerland and its neighboring regions. These might include, but are not limited to,<\/p>\n\n\n\n<ul class=\"wp-block-list\">\n<li>Concerts and bourgeois musicking as acoustemological experiences<\/li>\n\n\n\n<li>Rural and urban soundscapes in written accounts<\/li>\n\n\n\n<li>Sound, song, and music in the wake of the Atlantic revolutions<\/li>\n\n\n\n<li>Listening and early tourism<\/li>\n\n\n\n<li>Objects as sources of acoustic history<\/li>\n\n\n\n<li>Methodological considerations<\/li>\n<\/ul>\n\n\n\n<p>The conference will be held June 23-24, 2025, at the University of Geneva, Switzerland. Papers are 30 minutes in length and may be given in English or French. A remote option is available if needed. Abstracts of up to 200 words, a biographical note, and an indication of whether the paper will be presented online can be sent to <a href=\"mailto:cla.mathieu@unige.ch\">cla.mathieu@unige.ch<\/a> until <strong>January 10<\/strong>, 2025. The committee will notify applicants of its decision by January 20, 2025.<\/p>\n\n\n\n<p>Conference organizers and scholarly committee: Prof. Dr. Christoph Riedo, Dr. Cla Mathieu. <\/p>\n\n\n\n<p>J\u00e4hrlicher Umzug der Zunft zum Widder in Z\u00fcrich. [Suisse?], [17&#8211;?]. Biblioth\u00e8que centrale de Zurich. Feste Handwerkerfeste Z\u00fcrich I, 1 <a href=\"https:\/\/doi.org\/10.3931\/e-rara-38880\">https:\/\/doi.org\/10.3931\/e-rara-38880<\/a> (Public Domain Mark)<\/p>\n","protected":false},"excerpt":{"rendered":"<p>Call for papers for the conference \u00ab\u00a0Listening to Disruption: Changing Acoustemologies in the Swiss Confederacy c.1750-1815 \/ Entendre les boulversements: Acoust\u00e9mologies en \u00e9volution dans la Conf\u00e9d\u00e9ration suisse (env. 1750-1815)\u00a0\u00bb, to be held at the University of Geneva, June 23-24, 2025. Deadline for submissions: January 10, 2025. In his Dictionnaire de Musique (Paris 1767), Jean-Jacques Rousseau [&hellip;]<\/p>\n","protected":false},"author":9,"featured_media":7604,"comment_status":"closed","ping_status":"open","sticky":false,"template":"","format":"standard","meta":{"footnotes":""},"categories":[42,26],"tags":[126,67,74,127],"class_list":{"0":"post-7595","1":"post","2":"type-post","3":"status-publish","4":"format-standard","5":"has-post-thumbnail","7":"category-actualite","8":"category-call-for-papers-fr","9":"tag-bourgeoisie-fr","10":"tag-enlightenment-fr","11":"tag-music-fr","12":"tag-space-fr","13":"czr-hentry"},"yoast_head":"<!-- This site is optimized with the Yoast SEO plugin v26.9 - https:\/\/yoast.com\/product\/yoast-seo-wordpress\/ -->\n<title>CfP: Listening to Disruption - Schweizerische Gesellschaft f\u00fcr die Erforschung des 18. Jahrhunderts (SGEAJ - SSEDS)<\/title>\n<meta name=\"robots\" content=\"index, follow, max-snippet:-1, max-image-preview:large, max-video-preview:-1\" \/>\n<link rel=\"canonical\" href=\"https:\/\/www.sgeaj.ch\/fr\/actualite\/cfp-listening-to-disruption\/\" \/>\n<meta name=\"twitter:label1\" content=\"\u00c9crit par\" \/>\n\t<meta name=\"twitter:data1\" content=\"Mich\u00e8le Steiner\" \/>\n\t<meta name=\"twitter:label2\" content=\"Dur\u00e9e de lecture estim\u00e9e\" \/>\n\t<meta name=\"twitter:data2\" content=\"4 minutes\" \/>\n<script type=\"application\/ld+json\" class=\"yoast-schema-graph\">{\"@context\":\"https:\/\/schema.org\",\"@graph\":[{\"@type\":\"Article\",\"@id\":\"https:\/\/www.sgeaj.ch\/fr\/actualite\/cfp-listening-to-disruption\/#article\",\"isPartOf\":{\"@id\":\"https:\/\/www.sgeaj.ch\/fr\/actualite\/cfp-listening-to-disruption\/\"},\"author\":{\"name\":\"Mich\u00e8le Steiner\",\"@id\":\"https:\/\/www.sgeaj.ch\/fr\/#\/schema\/person\/f9930dca12b3bd252d469f244e700c60\"},\"headline\":\"CfP: Listening to Disruption\",\"datePublished\":\"2024-11-09T10:54:47+00:00\",\"dateModified\":\"2024-11-13T07:55:20+00:00\",\"mainEntityOfPage\":{\"@id\":\"https:\/\/www.sgeaj.ch\/fr\/actualite\/cfp-listening-to-disruption\/\"},\"wordCount\":695,\"publisher\":{\"@id\":\"https:\/\/www.sgeaj.ch\/fr\/#organization\"},\"image\":{\"@id\":\"https:\/\/www.sgeaj.ch\/fr\/actualite\/cfp-listening-to-disruption\/#primaryimage\"},\"thumbnailUrl\":\"https:\/\/www.sgeaj.ch\/wp-content\/uploads\/2024\/11\/cfp-acoustemology-e-rara-umzug.jpeg\",\"keywords\":[\"Bourgeoisie\",\"Enlightenment\",\"Music\",\"Space\"],\"articleSection\":[\"Actualit\u00e9\",\"Call for Papers\"],\"inLanguage\":\"fr-FR\"},{\"@type\":\"WebPage\",\"@id\":\"https:\/\/www.sgeaj.ch\/fr\/actualite\/cfp-listening-to-disruption\/\",\"url\":\"https:\/\/www.sgeaj.ch\/fr\/actualite\/cfp-listening-to-disruption\/\",\"name\":\"CfP: Listening to Disruption - Schweizerische Gesellschaft f\u00fcr die Erforschung des 18. Jahrhunderts (SGEAJ - SSEDS)\",\"isPartOf\":{\"@id\":\"https:\/\/www.sgeaj.ch\/fr\/#website\"},\"primaryImageOfPage\":{\"@id\":\"https:\/\/www.sgeaj.ch\/fr\/actualite\/cfp-listening-to-disruption\/#primaryimage\"},\"image\":{\"@id\":\"https:\/\/www.sgeaj.ch\/fr\/actualite\/cfp-listening-to-disruption\/#primaryimage\"},\"thumbnailUrl\":\"https:\/\/www.sgeaj.ch\/wp-content\/uploads\/2024\/11\/cfp-acoustemology-e-rara-umzug.jpeg\",\"datePublished\":\"2024-11-09T10:54:47+00:00\",\"dateModified\":\"2024-11-13T07:55:20+00:00\",\"inLanguage\":\"fr-FR\",\"potentialAction\":[{\"@type\":\"ReadAction\",\"target\":[\"https:\/\/www.sgeaj.ch\/fr\/actualite\/cfp-listening-to-disruption\/\"]}]},{\"@type\":\"ImageObject\",\"inLanguage\":\"fr-FR\",\"@id\":\"https:\/\/www.sgeaj.ch\/fr\/actualite\/cfp-listening-to-disruption\/#primaryimage\",\"url\":\"https:\/\/www.sgeaj.ch\/wp-content\/uploads\/2024\/11\/cfp-acoustemology-e-rara-umzug.jpeg\",\"contentUrl\":\"https:\/\/www.sgeaj.ch\/wp-content\/uploads\/2024\/11\/cfp-acoustemology-e-rara-umzug.jpeg\",\"width\":2518,\"height\":1427,\"caption\":\"J\u00e4hrlicher Umzug der Zunft zum Widder in Z\u00fcrich. [Suisse?], [17--?]. Biblioth\u00e8que centrale de Zurich. Feste Handwerkerfeste Z\u00fcrich I, 1 https:\/\/doi.org\/10.3931\/e-rara-38880 (Public Domain Mark).\"},{\"@type\":\"WebSite\",\"@id\":\"https:\/\/www.sgeaj.ch\/fr\/#website\",\"url\":\"https:\/\/www.sgeaj.ch\/fr\/\",\"name\":\"Schweizerische Gesellschaft f\u00fcr die Erforschung des 18. Jahrhunderts (SGEAJ - SSEDS)\",\"description\":\"Schweizerische Gesellschaft f\u00fcr die Erforschung des 18. Jahrhunderts\",\"publisher\":{\"@id\":\"https:\/\/www.sgeaj.ch\/fr\/#organization\"},\"potentialAction\":[{\"@type\":\"SearchAction\",\"target\":{\"@type\":\"EntryPoint\",\"urlTemplate\":\"https:\/\/www.sgeaj.ch\/fr\/?s={search_term_string}\"},\"query-input\":{\"@type\":\"PropertyValueSpecification\",\"valueRequired\":true,\"valueName\":\"search_term_string\"}}],\"inLanguage\":\"fr-FR\"},{\"@type\":\"Organization\",\"@id\":\"https:\/\/www.sgeaj.ch\/fr\/#organization\",\"name\":\"Schweizerische Gesellschaft f\u00fcr die Erforschung des 18. Jahrhunderts (SGEAJ - SSEDS)\",\"url\":\"https:\/\/www.sgeaj.ch\/fr\/\",\"logo\":{\"@type\":\"ImageObject\",\"inLanguage\":\"fr-FR\",\"@id\":\"https:\/\/www.sgeaj.ch\/fr\/#\/schema\/logo\/image\/\",\"url\":\"https:\/\/www.sgeaj.ch\/wp-content\/uploads\/2021\/06\/cropped-logo-xviiies-horiz-abreuviations-bleues.png\",\"contentUrl\":\"https:\/\/www.sgeaj.ch\/wp-content\/uploads\/2021\/06\/cropped-logo-xviiies-horiz-abreuviations-bleues.png\",\"width\":659,\"height\":335,\"caption\":\"Schweizerische Gesellschaft f\u00fcr die Erforschung des 18. Jahrhunderts (SGEAJ - SSEDS)\"},\"image\":{\"@id\":\"https:\/\/www.sgeaj.ch\/fr\/#\/schema\/logo\/image\/\"}},{\"@type\":\"Person\",\"@id\":\"https:\/\/www.sgeaj.ch\/fr\/#\/schema\/person\/f9930dca12b3bd252d469f244e700c60\",\"name\":\"Mich\u00e8le Steiner\",\"url\":\"https:\/\/www.sgeaj.ch\/fr\/author\/msteiner\/\"}]}<\/script>\n<!-- \/ Yoast SEO plugin. -->","yoast_head_json":{"title":"CfP: Listening to Disruption - Schweizerische Gesellschaft f\u00fcr die Erforschung des 18. Jahrhunderts (SGEAJ - SSEDS)","robots":{"index":"index","follow":"follow","max-snippet":"max-snippet:-1","max-image-preview":"max-image-preview:large","max-video-preview":"max-video-preview:-1"},"canonical":"https:\/\/www.sgeaj.ch\/fr\/actualite\/cfp-listening-to-disruption\/","twitter_misc":{"\u00c9crit par":"Mich\u00e8le Steiner","Dur\u00e9e de lecture estim\u00e9e":"4 minutes"},"schema":{"@context":"https:\/\/schema.org","@graph":[{"@type":"Article","@id":"https:\/\/www.sgeaj.ch\/fr\/actualite\/cfp-listening-to-disruption\/#article","isPartOf":{"@id":"https:\/\/www.sgeaj.ch\/fr\/actualite\/cfp-listening-to-disruption\/"},"author":{"name":"Mich\u00e8le Steiner","@id":"https:\/\/www.sgeaj.ch\/fr\/#\/schema\/person\/f9930dca12b3bd252d469f244e700c60"},"headline":"CfP: Listening to Disruption","datePublished":"2024-11-09T10:54:47+00:00","dateModified":"2024-11-13T07:55:20+00:00","mainEntityOfPage":{"@id":"https:\/\/www.sgeaj.ch\/fr\/actualite\/cfp-listening-to-disruption\/"},"wordCount":695,"publisher":{"@id":"https:\/\/www.sgeaj.ch\/fr\/#organization"},"image":{"@id":"https:\/\/www.sgeaj.ch\/fr\/actualite\/cfp-listening-to-disruption\/#primaryimage"},"thumbnailUrl":"https:\/\/www.sgeaj.ch\/wp-content\/uploads\/2024\/11\/cfp-acoustemology-e-rara-umzug.jpeg","keywords":["Bourgeoisie","Enlightenment","Music","Space"],"articleSection":["Actualit\u00e9","Call for Papers"],"inLanguage":"fr-FR"},{"@type":"WebPage","@id":"https:\/\/www.sgeaj.ch\/fr\/actualite\/cfp-listening-to-disruption\/","url":"https:\/\/www.sgeaj.ch\/fr\/actualite\/cfp-listening-to-disruption\/","name":"CfP: Listening to Disruption - Schweizerische Gesellschaft f\u00fcr die Erforschung des 18. Jahrhunderts (SGEAJ - SSEDS)","isPartOf":{"@id":"https:\/\/www.sgeaj.ch\/fr\/#website"},"primaryImageOfPage":{"@id":"https:\/\/www.sgeaj.ch\/fr\/actualite\/cfp-listening-to-disruption\/#primaryimage"},"image":{"@id":"https:\/\/www.sgeaj.ch\/fr\/actualite\/cfp-listening-to-disruption\/#primaryimage"},"thumbnailUrl":"https:\/\/www.sgeaj.ch\/wp-content\/uploads\/2024\/11\/cfp-acoustemology-e-rara-umzug.jpeg","datePublished":"2024-11-09T10:54:47+00:00","dateModified":"2024-11-13T07:55:20+00:00","inLanguage":"fr-FR","potentialAction":[{"@type":"ReadAction","target":["https:\/\/www.sgeaj.ch\/fr\/actualite\/cfp-listening-to-disruption\/"]}]},{"@type":"ImageObject","inLanguage":"fr-FR","@id":"https:\/\/www.sgeaj.ch\/fr\/actualite\/cfp-listening-to-disruption\/#primaryimage","url":"https:\/\/www.sgeaj.ch\/wp-content\/uploads\/2024\/11\/cfp-acoustemology-e-rara-umzug.jpeg","contentUrl":"https:\/\/www.sgeaj.ch\/wp-content\/uploads\/2024\/11\/cfp-acoustemology-e-rara-umzug.jpeg","width":2518,"height":1427,"caption":"J\u00e4hrlicher Umzug der Zunft zum Widder in Z\u00fcrich. [Suisse?], [17--?]. Biblioth\u00e8que centrale de Zurich. Feste Handwerkerfeste Z\u00fcrich I, 1 https:\/\/doi.org\/10.3931\/e-rara-38880 (Public Domain Mark)."},{"@type":"WebSite","@id":"https:\/\/www.sgeaj.ch\/fr\/#website","url":"https:\/\/www.sgeaj.ch\/fr\/","name":"Schweizerische Gesellschaft f\u00fcr die Erforschung des 18. Jahrhunderts (SGEAJ - SSEDS)","description":"Schweizerische Gesellschaft f\u00fcr die Erforschung des 18. Jahrhunderts","publisher":{"@id":"https:\/\/www.sgeaj.ch\/fr\/#organization"},"potentialAction":[{"@type":"SearchAction","target":{"@type":"EntryPoint","urlTemplate":"https:\/\/www.sgeaj.ch\/fr\/?s={search_term_string}"},"query-input":{"@type":"PropertyValueSpecification","valueRequired":true,"valueName":"search_term_string"}}],"inLanguage":"fr-FR"},{"@type":"Organization","@id":"https:\/\/www.sgeaj.ch\/fr\/#organization","name":"Schweizerische Gesellschaft f\u00fcr die Erforschung des 18. Jahrhunderts (SGEAJ - SSEDS)","url":"https:\/\/www.sgeaj.ch\/fr\/","logo":{"@type":"ImageObject","inLanguage":"fr-FR","@id":"https:\/\/www.sgeaj.ch\/fr\/#\/schema\/logo\/image\/","url":"https:\/\/www.sgeaj.ch\/wp-content\/uploads\/2021\/06\/cropped-logo-xviiies-horiz-abreuviations-bleues.png","contentUrl":"https:\/\/www.sgeaj.ch\/wp-content\/uploads\/2021\/06\/cropped-logo-xviiies-horiz-abreuviations-bleues.png","width":659,"height":335,"caption":"Schweizerische Gesellschaft f\u00fcr die Erforschung des 18. Jahrhunderts (SGEAJ - SSEDS)"},"image":{"@id":"https:\/\/www.sgeaj.ch\/fr\/#\/schema\/logo\/image\/"}},{"@type":"Person","@id":"https:\/\/www.sgeaj.ch\/fr\/#\/schema\/person\/f9930dca12b3bd252d469f244e700c60","name":"Mich\u00e8le Steiner","url":"https:\/\/www.sgeaj.ch\/fr\/author\/msteiner\/"}]}},"_links":{"self":[{"href":"https:\/\/www.sgeaj.ch\/fr\/wp-json\/wp\/v2\/posts\/7595","targetHints":{"allow":["GET"]}}],"collection":[{"href":"https:\/\/www.sgeaj.ch\/fr\/wp-json\/wp\/v2\/posts"}],"about":[{"href":"https:\/\/www.sgeaj.ch\/fr\/wp-json\/wp\/v2\/types\/post"}],"author":[{"embeddable":true,"href":"https:\/\/www.sgeaj.ch\/fr\/wp-json\/wp\/v2\/users\/9"}],"replies":[{"embeddable":true,"href":"https:\/\/www.sgeaj.ch\/fr\/wp-json\/wp\/v2\/comments?post=7595"}],"version-history":[{"count":4,"href":"https:\/\/www.sgeaj.ch\/fr\/wp-json\/wp\/v2\/posts\/7595\/revisions"}],"predecessor-version":[{"id":7607,"href":"https:\/\/www.sgeaj.ch\/fr\/wp-json\/wp\/v2\/posts\/7595\/revisions\/7607"}],"wp:featuredmedia":[{"embeddable":true,"href":"https:\/\/www.sgeaj.ch\/fr\/wp-json\/wp\/v2\/media\/7604"}],"wp:attachment":[{"href":"https:\/\/www.sgeaj.ch\/fr\/wp-json\/wp\/v2\/media?parent=7595"}],"wp:term":[{"taxonomy":"category","embeddable":true,"href":"https:\/\/www.sgeaj.ch\/fr\/wp-json\/wp\/v2\/categories?post=7595"},{"taxonomy":"post_tag","embeddable":true,"href":"https:\/\/www.sgeaj.ch\/fr\/wp-json\/wp\/v2\/tags?post=7595"}],"curies":[{"name":"wp","href":"https:\/\/api.w.org\/{rel}","templated":true}]}}