{"id":763,"date":"2014-07-21T12:42:35","date_gmt":"2014-07-21T10:42:35","guid":{"rendered":"https:\/\/www.sgeaj.ch\/internationale-konferenz-230-jahre-beantwortung-der-frage-was-ist-aufklarung-24-26-09-2014-2\/"},"modified":"2021-03-30T17:42:42","modified_gmt":"2021-03-30T15:42:42","slug":"internationale-konferenz-berlin-2014","status":"publish","type":"post","link":"https:\/\/www.sgeaj.ch\/fr\/actualite\/colloques\/internationale-konferenz-berlin-2014\/","title":{"rendered":"Was ist Aufkl\u00e4rung?"},"content":{"rendered":"\n<p><strong>Internationale Konferenz \u00ab\u00a0230 Jahre Beantwortung der Frage: Was ist Aufkl\u00e4rung?\u00a0\u00bb, Berlin, 24-26.09.2014, Humboldt-Universit\u00e4t zu Berlin<\/strong><\/p>\n\n\n<p>Anl\u00e4sslich des 230j\u00e4hrigen Jubil\u00e4ums der ber\u00fchmten Antwort Immanuel Kants werden Beitr\u00e4ge aus verschiedenen Disziplinen wie Geschichte, Rechtswissenschaft, Erziehungswissenschaft, Kulturwissenschaft, Medizin, Philosophie und Theologie das Erbe der Aufkl\u00e4rung er\u00f6rtern. In Workshops werden zudem historische Preisfragen aktualisiert und diskutiert.<br \/>Abschlie\u00dfend haben alle Teilnehmenden die M\u00f6glichkeit, Artikel zur Publikation einzureichen. Beitr\u00e4ge von Studierenden sind besonders erw\u00fcnscht! Die Teilnahme ist kostenlos. Da die Zahl der Teilnehmenden begrenzt ist, sind Interessierte herzlich eingeladen, sich ab sofort anzumelden:<br \/><a href=\"http:\/\/www2.hu-berlin.de\/rdpk\/formular.html\" target=\"_blank\" rel=\"noopener noreferrer\">www2.hu-berlin.de\/rdpk\/formular.html<\/a><br \/>Die aktive Teilnahme ist Voraussetzung f\u00fcr die Einreichung eines Artikels. Wir bieten Kinderbetreuung an sowie Zusch\u00fcsse (Reisekosten) f\u00fcr<br \/>Studierende. Eine kostenlose private Unterkunft ist ebenfalls m\u00f6glich. Bei Interesse an einem dieser Angebote bitte bei der Anmeldung angeben!<\/p>\n<p>Weitere Informationen: <a href=\"http:\/\/www2.hu-berlin.de\/rdpk\/Konferenz2014.html\" target=\"_blank\" rel=\"noopener noreferrer\">www2.hu-berlin.de\/rdpk\/Konferenz2014.html<\/a><\/p>\n<p><strong>Vortragende<\/strong>:<br \/>Prof. Martin L. Davies (Leicester)<br \/>Dr. Christian Hick (K\u00f6ln)<br \/>Prof. Dr. Milo\u0161 Vec (Wien)<br \/>Wiebke Helm (Halle\/Saale)<br \/>Prof. Dr. Ursula Pia Jauch (Z\u00fcrich)<br \/>Prof. Dr. Frederik Stjernfelt (Kopenhagen)<\/p>\n<p><strong>Organisation und Kontakt:<\/strong><br \/>Carina Pape und Holger Sederstr\u00f6m<br \/>Humboldt Universit\u00e4t zu Berlin<br \/>Institut f\u00fcr Philosophie<br \/>rdpk-hu@web.de<\/p>\n<p>Unterst\u00fctzt vom Lehrstuhl f\u00fcr Klassische Deutsche Philosophie.<\/p>\n<p>Die Konferenz wird gef\u00f6rdert durch die F\u00f6rderlinie \u00ab\u00a0Freir\u00e4ume\u00a0\u00bb im Rahmen des HU-Zukunftskonzepts \u00ab\u00a0Bildung durch Wissenschaft &#8211; Pers\u00f6nlichkeit, Offenheit, Orientierung\u00a0\u00bb und das Studierendenparlament der HU.<\/p>","protected":false},"excerpt":{"rendered":"<p>Internationale Konferenz \u00ab\u00a0230 Jahre Beantwortung der Frage: Was ist Aufkl\u00e4rung?\u00a0\u00bb, Berlin, 24-26.09.2014, Humboldt-Universit\u00e4t zu Berlin Anl\u00e4sslich des 230j\u00e4hrigen Jubil\u00e4ums der ber\u00fchmten Antwort Immanuel Kants werden Beitr\u00e4ge aus verschiedenen Disziplinen wie Geschichte, Rechtswissenschaft, Erziehungswissenschaft, Kulturwissenschaft, Medizin, Philosophie und Theologie das Erbe der Aufkl\u00e4rung er\u00f6rtern. In Workshops werden zudem historische Preisfragen aktualisiert und diskutiert.Abschlie\u00dfend haben alle Teilnehmenden [&hellip;]<\/p>\n","protected":false},"author":9,"featured_media":3429,"comment_status":"closed","ping_status":"open","sticky":false,"template":"","format":"standard","meta":{"footnotes":""},"categories":[42,27],"tags":[],"class_list":{"0":"post-763","1":"post","2":"type-post","3":"status-publish","4":"format-standard","5":"has-post-thumbnail","7":"category-actualite","8":"category-colloques","9":"czr-hentry"},"yoast_head":"<!-- This site is optimized with the Yoast SEO plugin v26.9 - https:\/\/yoast.com\/product\/yoast-seo-wordpress\/ -->\n<title>Was ist Aufkl\u00e4rung? - Schweizerische Gesellschaft f\u00fcr die Erforschung des 18. Jahrhunderts (SGEAJ - SSEDS)<\/title>\n<meta name=\"robots\" content=\"index, follow, max-snippet:-1, max-image-preview:large, max-video-preview:-1\" \/>\n<link rel=\"canonical\" href=\"https:\/\/www.sgeaj.ch\/fr\/actualite\/colloques\/internationale-konferenz-berlin-2014\/\" \/>\n<meta name=\"twitter:label1\" content=\"\u00c9crit par\" \/>\n\t<meta name=\"twitter:data1\" content=\"Mich\u00e8le Steiner\" \/>\n\t<meta name=\"twitter:label2\" content=\"Dur\u00e9e de lecture estim\u00e9e\" \/>\n\t<meta name=\"twitter:data2\" content=\"1 minute\" \/>\n<script type=\"application\/ld+json\" class=\"yoast-schema-graph\">{\"@context\":\"https:\/\/schema.org\",\"@graph\":[{\"@type\":\"Article\",\"@id\":\"https:\/\/www.sgeaj.ch\/fr\/actualite\/colloques\/internationale-konferenz-berlin-2014\/#article\",\"isPartOf\":{\"@id\":\"https:\/\/www.sgeaj.ch\/fr\/actualite\/colloques\/internationale-konferenz-berlin-2014\/\"},\"author\":{\"name\":\"Mich\u00e8le Steiner\",\"@id\":\"https:\/\/www.sgeaj.ch\/fr\/#\/schema\/person\/f9930dca12b3bd252d469f244e700c60\"},\"headline\":\"Was ist Aufkl\u00e4rung?\",\"datePublished\":\"2014-07-21T10:42:35+00:00\",\"dateModified\":\"2021-03-30T15:42:42+00:00\",\"mainEntityOfPage\":{\"@id\":\"https:\/\/www.sgeaj.ch\/fr\/actualite\/colloques\/internationale-konferenz-berlin-2014\/\"},\"wordCount\":244,\"publisher\":{\"@id\":\"https:\/\/www.sgeaj.ch\/fr\/#organization\"},\"image\":{\"@id\":\"https:\/\/www.sgeaj.ch\/fr\/actualite\/colloques\/internationale-konferenz-berlin-2014\/#primaryimage\"},\"thumbnailUrl\":\"https:\/\/www.sgeaj.ch\/wp-content\/uploads\/2014\/07\/2014-09-PosterAufklaerung.jpg\",\"articleSection\":[\"Actualit\u00e9\",\"Colloques\"],\"inLanguage\":\"fr-FR\"},{\"@type\":\"WebPage\",\"@id\":\"https:\/\/www.sgeaj.ch\/fr\/actualite\/colloques\/internationale-konferenz-berlin-2014\/\",\"url\":\"https:\/\/www.sgeaj.ch\/fr\/actualite\/colloques\/internationale-konferenz-berlin-2014\/\",\"name\":\"Was ist Aufkl\u00e4rung? - Schweizerische Gesellschaft f\u00fcr die Erforschung des 18. Jahrhunderts (SGEAJ - SSEDS)\",\"isPartOf\":{\"@id\":\"https:\/\/www.sgeaj.ch\/fr\/#website\"},\"primaryImageOfPage\":{\"@id\":\"https:\/\/www.sgeaj.ch\/fr\/actualite\/colloques\/internationale-konferenz-berlin-2014\/#primaryimage\"},\"image\":{\"@id\":\"https:\/\/www.sgeaj.ch\/fr\/actualite\/colloques\/internationale-konferenz-berlin-2014\/#primaryimage\"},\"thumbnailUrl\":\"https:\/\/www.sgeaj.ch\/wp-content\/uploads\/2014\/07\/2014-09-PosterAufklaerung.jpg\",\"datePublished\":\"2014-07-21T10:42:35+00:00\",\"dateModified\":\"2021-03-30T15:42:42+00:00\",\"inLanguage\":\"fr-FR\",\"potentialAction\":[{\"@type\":\"ReadAction\",\"target\":[\"https:\/\/www.sgeaj.ch\/fr\/actualite\/colloques\/internationale-konferenz-berlin-2014\/\"]}]},{\"@type\":\"ImageObject\",\"inLanguage\":\"fr-FR\",\"@id\":\"https:\/\/www.sgeaj.ch\/fr\/actualite\/colloques\/internationale-konferenz-berlin-2014\/#primaryimage\",\"url\":\"https:\/\/www.sgeaj.ch\/wp-content\/uploads\/2014\/07\/2014-09-PosterAufklaerung.jpg\",\"contentUrl\":\"https:\/\/www.sgeaj.ch\/wp-content\/uploads\/2014\/07\/2014-09-PosterAufklaerung.jpg\",\"width\":1241,\"height\":1755},{\"@type\":\"WebSite\",\"@id\":\"https:\/\/www.sgeaj.ch\/fr\/#website\",\"url\":\"https:\/\/www.sgeaj.ch\/fr\/\",\"name\":\"Schweizerische Gesellschaft f\u00fcr die Erforschung des 18. Jahrhunderts (SGEAJ - SSEDS)\",\"description\":\"Schweizerische Gesellschaft f\u00fcr die Erforschung des 18. Jahrhunderts\",\"publisher\":{\"@id\":\"https:\/\/www.sgeaj.ch\/fr\/#organization\"},\"potentialAction\":[{\"@type\":\"SearchAction\",\"target\":{\"@type\":\"EntryPoint\",\"urlTemplate\":\"https:\/\/www.sgeaj.ch\/fr\/?s={search_term_string}\"},\"query-input\":{\"@type\":\"PropertyValueSpecification\",\"valueRequired\":true,\"valueName\":\"search_term_string\"}}],\"inLanguage\":\"fr-FR\"},{\"@type\":\"Organization\",\"@id\":\"https:\/\/www.sgeaj.ch\/fr\/#organization\",\"name\":\"Schweizerische Gesellschaft f\u00fcr die Erforschung des 18. Jahrhunderts (SGEAJ - SSEDS)\",\"url\":\"https:\/\/www.sgeaj.ch\/fr\/\",\"logo\":{\"@type\":\"ImageObject\",\"inLanguage\":\"fr-FR\",\"@id\":\"https:\/\/www.sgeaj.ch\/fr\/#\/schema\/logo\/image\/\",\"url\":\"https:\/\/www.sgeaj.ch\/wp-content\/uploads\/2021\/06\/cropped-logo-xviiies-horiz-abreuviations-bleues.png\",\"contentUrl\":\"https:\/\/www.sgeaj.ch\/wp-content\/uploads\/2021\/06\/cropped-logo-xviiies-horiz-abreuviations-bleues.png\",\"width\":659,\"height\":335,\"caption\":\"Schweizerische Gesellschaft f\u00fcr die Erforschung des 18. Jahrhunderts (SGEAJ - SSEDS)\"},\"image\":{\"@id\":\"https:\/\/www.sgeaj.ch\/fr\/#\/schema\/logo\/image\/\"}},{\"@type\":\"Person\",\"@id\":\"https:\/\/www.sgeaj.ch\/fr\/#\/schema\/person\/f9930dca12b3bd252d469f244e700c60\",\"name\":\"Mich\u00e8le Steiner\",\"url\":\"https:\/\/www.sgeaj.ch\/fr\/author\/msteiner\/\"}]}<\/script>\n<!-- \/ Yoast SEO plugin. -->","yoast_head_json":{"title":"Was ist Aufkl\u00e4rung? - Schweizerische Gesellschaft f\u00fcr die Erforschung des 18. Jahrhunderts (SGEAJ - SSEDS)","robots":{"index":"index","follow":"follow","max-snippet":"max-snippet:-1","max-image-preview":"max-image-preview:large","max-video-preview":"max-video-preview:-1"},"canonical":"https:\/\/www.sgeaj.ch\/fr\/actualite\/colloques\/internationale-konferenz-berlin-2014\/","twitter_misc":{"\u00c9crit par":"Mich\u00e8le Steiner","Dur\u00e9e de lecture estim\u00e9e":"1 minute"},"schema":{"@context":"https:\/\/schema.org","@graph":[{"@type":"Article","@id":"https:\/\/www.sgeaj.ch\/fr\/actualite\/colloques\/internationale-konferenz-berlin-2014\/#article","isPartOf":{"@id":"https:\/\/www.sgeaj.ch\/fr\/actualite\/colloques\/internationale-konferenz-berlin-2014\/"},"author":{"name":"Mich\u00e8le Steiner","@id":"https:\/\/www.sgeaj.ch\/fr\/#\/schema\/person\/f9930dca12b3bd252d469f244e700c60"},"headline":"Was ist Aufkl\u00e4rung?","datePublished":"2014-07-21T10:42:35+00:00","dateModified":"2021-03-30T15:42:42+00:00","mainEntityOfPage":{"@id":"https:\/\/www.sgeaj.ch\/fr\/actualite\/colloques\/internationale-konferenz-berlin-2014\/"},"wordCount":244,"publisher":{"@id":"https:\/\/www.sgeaj.ch\/fr\/#organization"},"image":{"@id":"https:\/\/www.sgeaj.ch\/fr\/actualite\/colloques\/internationale-konferenz-berlin-2014\/#primaryimage"},"thumbnailUrl":"https:\/\/www.sgeaj.ch\/wp-content\/uploads\/2014\/07\/2014-09-PosterAufklaerung.jpg","articleSection":["Actualit\u00e9","Colloques"],"inLanguage":"fr-FR"},{"@type":"WebPage","@id":"https:\/\/www.sgeaj.ch\/fr\/actualite\/colloques\/internationale-konferenz-berlin-2014\/","url":"https:\/\/www.sgeaj.ch\/fr\/actualite\/colloques\/internationale-konferenz-berlin-2014\/","name":"Was ist Aufkl\u00e4rung? - Schweizerische Gesellschaft f\u00fcr die Erforschung des 18. Jahrhunderts (SGEAJ - SSEDS)","isPartOf":{"@id":"https:\/\/www.sgeaj.ch\/fr\/#website"},"primaryImageOfPage":{"@id":"https:\/\/www.sgeaj.ch\/fr\/actualite\/colloques\/internationale-konferenz-berlin-2014\/#primaryimage"},"image":{"@id":"https:\/\/www.sgeaj.ch\/fr\/actualite\/colloques\/internationale-konferenz-berlin-2014\/#primaryimage"},"thumbnailUrl":"https:\/\/www.sgeaj.ch\/wp-content\/uploads\/2014\/07\/2014-09-PosterAufklaerung.jpg","datePublished":"2014-07-21T10:42:35+00:00","dateModified":"2021-03-30T15:42:42+00:00","inLanguage":"fr-FR","potentialAction":[{"@type":"ReadAction","target":["https:\/\/www.sgeaj.ch\/fr\/actualite\/colloques\/internationale-konferenz-berlin-2014\/"]}]},{"@type":"ImageObject","inLanguage":"fr-FR","@id":"https:\/\/www.sgeaj.ch\/fr\/actualite\/colloques\/internationale-konferenz-berlin-2014\/#primaryimage","url":"https:\/\/www.sgeaj.ch\/wp-content\/uploads\/2014\/07\/2014-09-PosterAufklaerung.jpg","contentUrl":"https:\/\/www.sgeaj.ch\/wp-content\/uploads\/2014\/07\/2014-09-PosterAufklaerung.jpg","width":1241,"height":1755},{"@type":"WebSite","@id":"https:\/\/www.sgeaj.ch\/fr\/#website","url":"https:\/\/www.sgeaj.ch\/fr\/","name":"Schweizerische Gesellschaft f\u00fcr die Erforschung des 18. Jahrhunderts (SGEAJ - SSEDS)","description":"Schweizerische Gesellschaft f\u00fcr die Erforschung des 18. Jahrhunderts","publisher":{"@id":"https:\/\/www.sgeaj.ch\/fr\/#organization"},"potentialAction":[{"@type":"SearchAction","target":{"@type":"EntryPoint","urlTemplate":"https:\/\/www.sgeaj.ch\/fr\/?s={search_term_string}"},"query-input":{"@type":"PropertyValueSpecification","valueRequired":true,"valueName":"search_term_string"}}],"inLanguage":"fr-FR"},{"@type":"Organization","@id":"https:\/\/www.sgeaj.ch\/fr\/#organization","name":"Schweizerische Gesellschaft f\u00fcr die Erforschung des 18. Jahrhunderts (SGEAJ - SSEDS)","url":"https:\/\/www.sgeaj.ch\/fr\/","logo":{"@type":"ImageObject","inLanguage":"fr-FR","@id":"https:\/\/www.sgeaj.ch\/fr\/#\/schema\/logo\/image\/","url":"https:\/\/www.sgeaj.ch\/wp-content\/uploads\/2021\/06\/cropped-logo-xviiies-horiz-abreuviations-bleues.png","contentUrl":"https:\/\/www.sgeaj.ch\/wp-content\/uploads\/2021\/06\/cropped-logo-xviiies-horiz-abreuviations-bleues.png","width":659,"height":335,"caption":"Schweizerische Gesellschaft f\u00fcr die Erforschung des 18. Jahrhunderts (SGEAJ - SSEDS)"},"image":{"@id":"https:\/\/www.sgeaj.ch\/fr\/#\/schema\/logo\/image\/"}},{"@type":"Person","@id":"https:\/\/www.sgeaj.ch\/fr\/#\/schema\/person\/f9930dca12b3bd252d469f244e700c60","name":"Mich\u00e8le Steiner","url":"https:\/\/www.sgeaj.ch\/fr\/author\/msteiner\/"}]}},"_links":{"self":[{"href":"https:\/\/www.sgeaj.ch\/fr\/wp-json\/wp\/v2\/posts\/763","targetHints":{"allow":["GET"]}}],"collection":[{"href":"https:\/\/www.sgeaj.ch\/fr\/wp-json\/wp\/v2\/posts"}],"about":[{"href":"https:\/\/www.sgeaj.ch\/fr\/wp-json\/wp\/v2\/types\/post"}],"author":[{"embeddable":true,"href":"https:\/\/www.sgeaj.ch\/fr\/wp-json\/wp\/v2\/users\/9"}],"replies":[{"embeddable":true,"href":"https:\/\/www.sgeaj.ch\/fr\/wp-json\/wp\/v2\/comments?post=763"}],"version-history":[{"count":3,"href":"https:\/\/www.sgeaj.ch\/fr\/wp-json\/wp\/v2\/posts\/763\/revisions"}],"predecessor-version":[{"id":5728,"href":"https:\/\/www.sgeaj.ch\/fr\/wp-json\/wp\/v2\/posts\/763\/revisions\/5728"}],"wp:featuredmedia":[{"embeddable":true,"href":"https:\/\/www.sgeaj.ch\/fr\/wp-json\/wp\/v2\/media\/3429"}],"wp:attachment":[{"href":"https:\/\/www.sgeaj.ch\/fr\/wp-json\/wp\/v2\/media?parent=763"}],"wp:term":[{"taxonomy":"category","embeddable":true,"href":"https:\/\/www.sgeaj.ch\/fr\/wp-json\/wp\/v2\/categories?post=763"},{"taxonomy":"post_tag","embeddable":true,"href":"https:\/\/www.sgeaj.ch\/fr\/wp-json\/wp\/v2\/tags?post=763"}],"curies":[{"name":"wp","href":"https:\/\/api.w.org\/{rel}","templated":true}]}}