{"id":7638,"date":"2024-11-18T08:39:40","date_gmt":"2024-11-18T07:39:40","guid":{"rendered":"https:\/\/www.sgeaj.ch\/?p=7638"},"modified":"2024-11-18T08:39:42","modified_gmt":"2024-11-18T07:39:42","slug":"exposition-y-a-le-feu-au-lac","status":"publish","type":"post","link":"https:\/\/www.sgeaj.ch\/fr\/actualite\/exposition-y-a-le-feu-au-lac\/","title":{"rendered":"Exposition: Y a le feu au lac!"},"content":{"rendered":"\n<h3 class=\"wp-block-heading\">Exposition exceptionnelle au Ch\u00e2teau de Morges: \u00ab\u00a0Y a le feu au lac ! Histoire d&rsquo;une Suisse \u00e0 haute risque\u00a0\u00bb, du 10 novembre 2023 au 15 d\u00e9cembre 2024, en collaboration avec notre membre du comit\u00e9 Simona Boscani Leoni. <\/h3>\n\n\n\n<p>Quelle influence les \u00e9v\u00e9nements environnementaux exercent-ils sur la vie des populations suisses, hier et d\u2019aujourd\u2019hui? Comment les populations s\u2019organisaient-elles pour faire face aux cons\u00e9quences de catastrophes? Comment tentaient-elles de s\u2019en pr\u00e9munir? De quels outils disposons-nous aujourd\u2019hui?<\/p>\n\n\n\n<p>C\u2019est \u00e0 ces questions que la prochaine exposition temporaire du Ch\u00e2teau de Morges se propose de r\u00e9pondre, \u00e0 travers cinq axes th\u00e9matiques: les catastrophes naturelles et humaines, les p\u00e9nuries alimentaires, les \u00e9pid\u00e9mies, les d\u00e9fis \u00e9nerg\u00e9tiques et, finalement, quelles peurs ces ins\u00e9curit\u00e9s ont de tout temps g\u00e9n\u00e9r\u00e9.<\/p>\n\n\n\n<p>Chaque axe pr\u00e9sentera des exemples historiques qui illustreront l\u2019\u00e9volution des perceptions et des r\u00e9actions dans les moments de crise, et fera \u00e9galement une part \u00e0 l\u2019actualit\u00e9, pour appr\u00e9hender la gestion de ces risques aujourd\u2019hui. La derni\u00e8re salle de l\u2019exposition ainsi qu\u2019une partie des jardins seront r\u00e9serv\u00e9s \u00e0 la participation du public, afin que les pr\u00e9occupations de tout un chacun puissent \u00eatre exprim\u00e9es et discut\u00e9es.\u00a0<\/p>\n\n\n\n<p>Pour plus d&rsquo;informations sur l&rsquo;exposition, <a href=\"https:\/\/chateau-morges.ch\/expositions\/y-a-le-feu-au-lac\/\" target=\"_blank\" rel=\"noreferrer noopener\">cliquez ici<\/a>.\u00a0\u00a0<\/p>\n","protected":false},"excerpt":{"rendered":"<p>Exposition exceptionnelle au Ch\u00e2teau de Morges: \u00ab\u00a0Y a le feu au lac ! Histoire d&rsquo;une Suisse \u00e0 haute risque\u00a0\u00bb, du 10 novembre 2023 au 15 d\u00e9cembre 2024, en collaboration avec notre membre du comit\u00e9 Simona Boscani Leoni. Quelle influence les \u00e9v\u00e9nements environnementaux exercent-ils sur la vie des populations suisses, hier et d\u2019aujourd\u2019hui? Comment les populations [&hellip;]<\/p>\n","protected":false},"author":9,"featured_media":7636,"comment_status":"closed","ping_status":"open","sticky":false,"template":"","format":"standard","meta":{"footnotes":""},"categories":[42,55],"tags":[73,123],"class_list":{"0":"post-7638","1":"post","2":"type-post","3":"status-publish","4":"format-standard","5":"has-post-thumbnail","7":"category-actualite","8":"category-expositions","9":"tag-exhibition-fr","10":"tag-nature-fr","11":"czr-hentry"},"yoast_head":"<!-- This site is optimized with the Yoast SEO plugin v26.9 - https:\/\/yoast.com\/product\/yoast-seo-wordpress\/ -->\n<title>Exposition: Y a le feu au lac! - Schweizerische Gesellschaft f\u00fcr die Erforschung des 18. Jahrhunderts (SGEAJ - SSEDS)<\/title>\n<meta name=\"robots\" content=\"index, follow, max-snippet:-1, max-image-preview:large, max-video-preview:-1\" \/>\n<link rel=\"canonical\" href=\"https:\/\/www.sgeaj.ch\/fr\/actualite\/exposition-y-a-le-feu-au-lac\/\" \/>\n<meta name=\"twitter:label1\" content=\"\u00c9crit par\" \/>\n\t<meta name=\"twitter:data1\" content=\"Mich\u00e8le Steiner\" \/>\n\t<meta name=\"twitter:label2\" content=\"Dur\u00e9e de lecture estim\u00e9e\" \/>\n\t<meta name=\"twitter:data2\" content=\"2 minutes\" \/>\n<script type=\"application\/ld+json\" class=\"yoast-schema-graph\">{\"@context\":\"https:\/\/schema.org\",\"@graph\":[{\"@type\":\"Article\",\"@id\":\"https:\/\/www.sgeaj.ch\/fr\/actualite\/exposition-y-a-le-feu-au-lac\/#article\",\"isPartOf\":{\"@id\":\"https:\/\/www.sgeaj.ch\/fr\/actualite\/exposition-y-a-le-feu-au-lac\/\"},\"author\":{\"name\":\"Mich\u00e8le Steiner\",\"@id\":\"https:\/\/www.sgeaj.ch\/fr\/#\/schema\/person\/f9930dca12b3bd252d469f244e700c60\"},\"headline\":\"Exposition: Y a le feu au lac!\",\"datePublished\":\"2024-11-18T07:39:40+00:00\",\"dateModified\":\"2024-11-18T07:39:42+00:00\",\"mainEntityOfPage\":{\"@id\":\"https:\/\/www.sgeaj.ch\/fr\/actualite\/exposition-y-a-le-feu-au-lac\/\"},\"wordCount\":226,\"publisher\":{\"@id\":\"https:\/\/www.sgeaj.ch\/fr\/#organization\"},\"image\":{\"@id\":\"https:\/\/www.sgeaj.ch\/fr\/actualite\/exposition-y-a-le-feu-au-lac\/#primaryimage\"},\"thumbnailUrl\":\"https:\/\/www.sgeaj.ch\/wp-content\/uploads\/2024\/11\/csm-231031-02-03-cg-web-1300x620px-d3f7031af7.jpg\",\"keywords\":[\"Exhibition\",\"Nature\"],\"articleSection\":[\"Actualit\u00e9\",\"Expositions\"],\"inLanguage\":\"fr-FR\"},{\"@type\":\"WebPage\",\"@id\":\"https:\/\/www.sgeaj.ch\/fr\/actualite\/exposition-y-a-le-feu-au-lac\/\",\"url\":\"https:\/\/www.sgeaj.ch\/fr\/actualite\/exposition-y-a-le-feu-au-lac\/\",\"name\":\"Exposition: Y a le feu au lac! - Schweizerische Gesellschaft f\u00fcr die Erforschung des 18. Jahrhunderts (SGEAJ - SSEDS)\",\"isPartOf\":{\"@id\":\"https:\/\/www.sgeaj.ch\/fr\/#website\"},\"primaryImageOfPage\":{\"@id\":\"https:\/\/www.sgeaj.ch\/fr\/actualite\/exposition-y-a-le-feu-au-lac\/#primaryimage\"},\"image\":{\"@id\":\"https:\/\/www.sgeaj.ch\/fr\/actualite\/exposition-y-a-le-feu-au-lac\/#primaryimage\"},\"thumbnailUrl\":\"https:\/\/www.sgeaj.ch\/wp-content\/uploads\/2024\/11\/csm-231031-02-03-cg-web-1300x620px-d3f7031af7.jpg\",\"datePublished\":\"2024-11-18T07:39:40+00:00\",\"dateModified\":\"2024-11-18T07:39:42+00:00\",\"inLanguage\":\"fr-FR\",\"potentialAction\":[{\"@type\":\"ReadAction\",\"target\":[\"https:\/\/www.sgeaj.ch\/fr\/actualite\/exposition-y-a-le-feu-au-lac\/\"]}]},{\"@type\":\"ImageObject\",\"inLanguage\":\"fr-FR\",\"@id\":\"https:\/\/www.sgeaj.ch\/fr\/actualite\/exposition-y-a-le-feu-au-lac\/#primaryimage\",\"url\":\"https:\/\/www.sgeaj.ch\/wp-content\/uploads\/2024\/11\/csm-231031-02-03-cg-web-1300x620px-d3f7031af7.jpg\",\"contentUrl\":\"https:\/\/www.sgeaj.ch\/wp-content\/uploads\/2024\/11\/csm-231031-02-03-cg-web-1300x620px-d3f7031af7.jpg\",\"width\":1300,\"height\":620},{\"@type\":\"WebSite\",\"@id\":\"https:\/\/www.sgeaj.ch\/fr\/#website\",\"url\":\"https:\/\/www.sgeaj.ch\/fr\/\",\"name\":\"Schweizerische Gesellschaft f\u00fcr die Erforschung des 18. Jahrhunderts (SGEAJ - SSEDS)\",\"description\":\"Schweizerische Gesellschaft f\u00fcr die Erforschung des 18. Jahrhunderts\",\"publisher\":{\"@id\":\"https:\/\/www.sgeaj.ch\/fr\/#organization\"},\"potentialAction\":[{\"@type\":\"SearchAction\",\"target\":{\"@type\":\"EntryPoint\",\"urlTemplate\":\"https:\/\/www.sgeaj.ch\/fr\/?s={search_term_string}\"},\"query-input\":{\"@type\":\"PropertyValueSpecification\",\"valueRequired\":true,\"valueName\":\"search_term_string\"}}],\"inLanguage\":\"fr-FR\"},{\"@type\":\"Organization\",\"@id\":\"https:\/\/www.sgeaj.ch\/fr\/#organization\",\"name\":\"Schweizerische Gesellschaft f\u00fcr die Erforschung des 18. Jahrhunderts (SGEAJ - SSEDS)\",\"url\":\"https:\/\/www.sgeaj.ch\/fr\/\",\"logo\":{\"@type\":\"ImageObject\",\"inLanguage\":\"fr-FR\",\"@id\":\"https:\/\/www.sgeaj.ch\/fr\/#\/schema\/logo\/image\/\",\"url\":\"https:\/\/www.sgeaj.ch\/wp-content\/uploads\/2021\/06\/cropped-logo-xviiies-horiz-abreuviations-bleues.png\",\"contentUrl\":\"https:\/\/www.sgeaj.ch\/wp-content\/uploads\/2021\/06\/cropped-logo-xviiies-horiz-abreuviations-bleues.png\",\"width\":659,\"height\":335,\"caption\":\"Schweizerische Gesellschaft f\u00fcr die Erforschung des 18. Jahrhunderts (SGEAJ - SSEDS)\"},\"image\":{\"@id\":\"https:\/\/www.sgeaj.ch\/fr\/#\/schema\/logo\/image\/\"}},{\"@type\":\"Person\",\"@id\":\"https:\/\/www.sgeaj.ch\/fr\/#\/schema\/person\/f9930dca12b3bd252d469f244e700c60\",\"name\":\"Mich\u00e8le Steiner\",\"url\":\"https:\/\/www.sgeaj.ch\/fr\/author\/msteiner\/\"}]}<\/script>\n<!-- \/ Yoast SEO plugin. -->","yoast_head_json":{"title":"Exposition: Y a le feu au lac! - Schweizerische Gesellschaft f\u00fcr die Erforschung des 18. Jahrhunderts (SGEAJ - SSEDS)","robots":{"index":"index","follow":"follow","max-snippet":"max-snippet:-1","max-image-preview":"max-image-preview:large","max-video-preview":"max-video-preview:-1"},"canonical":"https:\/\/www.sgeaj.ch\/fr\/actualite\/exposition-y-a-le-feu-au-lac\/","twitter_misc":{"\u00c9crit par":"Mich\u00e8le Steiner","Dur\u00e9e de lecture estim\u00e9e":"2 minutes"},"schema":{"@context":"https:\/\/schema.org","@graph":[{"@type":"Article","@id":"https:\/\/www.sgeaj.ch\/fr\/actualite\/exposition-y-a-le-feu-au-lac\/#article","isPartOf":{"@id":"https:\/\/www.sgeaj.ch\/fr\/actualite\/exposition-y-a-le-feu-au-lac\/"},"author":{"name":"Mich\u00e8le Steiner","@id":"https:\/\/www.sgeaj.ch\/fr\/#\/schema\/person\/f9930dca12b3bd252d469f244e700c60"},"headline":"Exposition: Y a le feu au lac!","datePublished":"2024-11-18T07:39:40+00:00","dateModified":"2024-11-18T07:39:42+00:00","mainEntityOfPage":{"@id":"https:\/\/www.sgeaj.ch\/fr\/actualite\/exposition-y-a-le-feu-au-lac\/"},"wordCount":226,"publisher":{"@id":"https:\/\/www.sgeaj.ch\/fr\/#organization"},"image":{"@id":"https:\/\/www.sgeaj.ch\/fr\/actualite\/exposition-y-a-le-feu-au-lac\/#primaryimage"},"thumbnailUrl":"https:\/\/www.sgeaj.ch\/wp-content\/uploads\/2024\/11\/csm-231031-02-03-cg-web-1300x620px-d3f7031af7.jpg","keywords":["Exhibition","Nature"],"articleSection":["Actualit\u00e9","Expositions"],"inLanguage":"fr-FR"},{"@type":"WebPage","@id":"https:\/\/www.sgeaj.ch\/fr\/actualite\/exposition-y-a-le-feu-au-lac\/","url":"https:\/\/www.sgeaj.ch\/fr\/actualite\/exposition-y-a-le-feu-au-lac\/","name":"Exposition: Y a le feu au lac! - Schweizerische Gesellschaft f\u00fcr die Erforschung des 18. Jahrhunderts (SGEAJ - SSEDS)","isPartOf":{"@id":"https:\/\/www.sgeaj.ch\/fr\/#website"},"primaryImageOfPage":{"@id":"https:\/\/www.sgeaj.ch\/fr\/actualite\/exposition-y-a-le-feu-au-lac\/#primaryimage"},"image":{"@id":"https:\/\/www.sgeaj.ch\/fr\/actualite\/exposition-y-a-le-feu-au-lac\/#primaryimage"},"thumbnailUrl":"https:\/\/www.sgeaj.ch\/wp-content\/uploads\/2024\/11\/csm-231031-02-03-cg-web-1300x620px-d3f7031af7.jpg","datePublished":"2024-11-18T07:39:40+00:00","dateModified":"2024-11-18T07:39:42+00:00","inLanguage":"fr-FR","potentialAction":[{"@type":"ReadAction","target":["https:\/\/www.sgeaj.ch\/fr\/actualite\/exposition-y-a-le-feu-au-lac\/"]}]},{"@type":"ImageObject","inLanguage":"fr-FR","@id":"https:\/\/www.sgeaj.ch\/fr\/actualite\/exposition-y-a-le-feu-au-lac\/#primaryimage","url":"https:\/\/www.sgeaj.ch\/wp-content\/uploads\/2024\/11\/csm-231031-02-03-cg-web-1300x620px-d3f7031af7.jpg","contentUrl":"https:\/\/www.sgeaj.ch\/wp-content\/uploads\/2024\/11\/csm-231031-02-03-cg-web-1300x620px-d3f7031af7.jpg","width":1300,"height":620},{"@type":"WebSite","@id":"https:\/\/www.sgeaj.ch\/fr\/#website","url":"https:\/\/www.sgeaj.ch\/fr\/","name":"Schweizerische Gesellschaft f\u00fcr die Erforschung des 18. Jahrhunderts (SGEAJ - SSEDS)","description":"Schweizerische Gesellschaft f\u00fcr die Erforschung des 18. Jahrhunderts","publisher":{"@id":"https:\/\/www.sgeaj.ch\/fr\/#organization"},"potentialAction":[{"@type":"SearchAction","target":{"@type":"EntryPoint","urlTemplate":"https:\/\/www.sgeaj.ch\/fr\/?s={search_term_string}"},"query-input":{"@type":"PropertyValueSpecification","valueRequired":true,"valueName":"search_term_string"}}],"inLanguage":"fr-FR"},{"@type":"Organization","@id":"https:\/\/www.sgeaj.ch\/fr\/#organization","name":"Schweizerische Gesellschaft f\u00fcr die Erforschung des 18. Jahrhunderts (SGEAJ - SSEDS)","url":"https:\/\/www.sgeaj.ch\/fr\/","logo":{"@type":"ImageObject","inLanguage":"fr-FR","@id":"https:\/\/www.sgeaj.ch\/fr\/#\/schema\/logo\/image\/","url":"https:\/\/www.sgeaj.ch\/wp-content\/uploads\/2021\/06\/cropped-logo-xviiies-horiz-abreuviations-bleues.png","contentUrl":"https:\/\/www.sgeaj.ch\/wp-content\/uploads\/2021\/06\/cropped-logo-xviiies-horiz-abreuviations-bleues.png","width":659,"height":335,"caption":"Schweizerische Gesellschaft f\u00fcr die Erforschung des 18. Jahrhunderts (SGEAJ - SSEDS)"},"image":{"@id":"https:\/\/www.sgeaj.ch\/fr\/#\/schema\/logo\/image\/"}},{"@type":"Person","@id":"https:\/\/www.sgeaj.ch\/fr\/#\/schema\/person\/f9930dca12b3bd252d469f244e700c60","name":"Mich\u00e8le Steiner","url":"https:\/\/www.sgeaj.ch\/fr\/author\/msteiner\/"}]}},"_links":{"self":[{"href":"https:\/\/www.sgeaj.ch\/fr\/wp-json\/wp\/v2\/posts\/7638","targetHints":{"allow":["GET"]}}],"collection":[{"href":"https:\/\/www.sgeaj.ch\/fr\/wp-json\/wp\/v2\/posts"}],"about":[{"href":"https:\/\/www.sgeaj.ch\/fr\/wp-json\/wp\/v2\/types\/post"}],"author":[{"embeddable":true,"href":"https:\/\/www.sgeaj.ch\/fr\/wp-json\/wp\/v2\/users\/9"}],"replies":[{"embeddable":true,"href":"https:\/\/www.sgeaj.ch\/fr\/wp-json\/wp\/v2\/comments?post=7638"}],"version-history":[{"count":1,"href":"https:\/\/www.sgeaj.ch\/fr\/wp-json\/wp\/v2\/posts\/7638\/revisions"}],"predecessor-version":[{"id":7640,"href":"https:\/\/www.sgeaj.ch\/fr\/wp-json\/wp\/v2\/posts\/7638\/revisions\/7640"}],"wp:featuredmedia":[{"embeddable":true,"href":"https:\/\/www.sgeaj.ch\/fr\/wp-json\/wp\/v2\/media\/7636"}],"wp:attachment":[{"href":"https:\/\/www.sgeaj.ch\/fr\/wp-json\/wp\/v2\/media?parent=7638"}],"wp:term":[{"taxonomy":"category","embeddable":true,"href":"https:\/\/www.sgeaj.ch\/fr\/wp-json\/wp\/v2\/categories?post=7638"},{"taxonomy":"post_tag","embeddable":true,"href":"https:\/\/www.sgeaj.ch\/fr\/wp-json\/wp\/v2\/tags?post=7638"}],"curies":[{"name":"wp","href":"https:\/\/api.w.org\/{rel}","templated":true}]}}