{"id":7643,"date":"2024-11-18T08:47:07","date_gmt":"2024-11-18T07:47:07","guid":{"rendered":"https:\/\/www.sgeaj.ch\/?p=7643"},"modified":"2024-11-18T08:47:09","modified_gmt":"2024-11-18T07:47:09","slug":"images-of-nature","status":"publish","type":"post","link":"https:\/\/www.sgeaj.ch\/fr\/actualite\/images-of-nature\/","title":{"rendered":"Images of Nature"},"content":{"rendered":"\n<h3 class=\"wp-block-heading\">Jon Mathieu and Simona Boscani Leoni (ed.), Images of Nature: From the Middle Ages to (Non-)Western Modernities (Special Issue of Histories), Basel et al.: MDPI, 2023, 144 pages, <a href=\"https:\/\/doi.org\/10.3390\/books978-3-0365-9525-2\" target=\"_blank\" rel=\"noreferrer noopener\">https:\/\/doi.org\/10.3390\/books978-3-0365-9525-2<\/a>. <\/h3>\n\n\n\n<p>Natura is a polysemic Latin word that has accompanied the historical development of the West for centuries, spreading around much of the globe with colonialism and imperialism. It has been adopted in numerous languages. Our relationship with nature has become a highly charged issue at least since the \u201eecological turn\u201c around 1970. It is as much about the relationship of humans to the environment as it is about the relationship of humans to each other.<\/p>\n\n\n\n<p>In the course of these debates, research has intensified in various disciplines: history, anthropology, philosophy, literature, ecology, etc. The nine contributions gathered in this volume deal with the dimension of perception and its long-term development from the Middle Ages to the present time. They trace in detail how images of nature were adopted, modified, and transmitted for specific purposes in specific situations. The introduction to the volume provides an overview and brings the contributions together.<\/p>\n\n\n\n<p>This is a Reprint of the Special Issue <a href=\"https:\/\/www.mdpi.com\/journal\/histories\/special_issues\/DCVEYBP06T\" target=\"_blank\" rel=\"noreferrer noopener\">Images of Nature\u2014From the Middle Ages to (Non-)Western Modernities<\/a> that was published in <a href=\"https:\/\/www.mdpi.com\/journal\/histories\" target=\"_blank\" rel=\"noreferrer noopener\">Histories<\/a>.<\/p>\n","protected":false},"excerpt":{"rendered":"<p>Jon Mathieu and Simona Boscani Leoni (ed.), Images of Nature: From the Middle Ages to (Non-)Western Modernities (Special Issue of Histories), Basel et al.: MDPI, 2023, 144 pages, https:\/\/doi.org\/10.3390\/books978-3-0365-9525-2. Natura is a polysemic Latin word that has accompanied the historical development of the West for centuries, spreading around much of the globe with colonialism and [&hellip;]<\/p>\n","protected":false},"author":9,"featured_media":7630,"comment_status":"closed","ping_status":"open","sticky":false,"template":"","format":"standard","meta":{"footnotes":""},"categories":[42,25],"tags":[61,68,133,123,135,137],"class_list":{"0":"post-7643","1":"post","2":"type-post","3":"status-publish","4":"format-standard","5":"has-post-thumbnail","7":"category-actualite","8":"category-nouvelles-publications","9":"tag-early-modern-period-fr","10":"tag-knowledge-fr","11":"tag-middle-ages-2-fr","12":"tag-nature-fr","13":"tag-religion-2-fr","14":"tag-science-fr","15":"czr-hentry"},"yoast_head":"<!-- This site is optimized with the Yoast SEO plugin v26.9 - https:\/\/yoast.com\/product\/yoast-seo-wordpress\/ -->\n<title>Images of Nature - Schweizerische Gesellschaft f\u00fcr die Erforschung des 18. Jahrhunderts (SGEAJ - SSEDS)<\/title>\n<meta name=\"robots\" content=\"index, follow, max-snippet:-1, max-image-preview:large, max-video-preview:-1\" \/>\n<link rel=\"canonical\" href=\"https:\/\/www.sgeaj.ch\/fr\/actualite\/images-of-nature\/\" \/>\n<meta name=\"twitter:label1\" content=\"\u00c9crit par\" \/>\n\t<meta name=\"twitter:data1\" content=\"Mich\u00e8le Steiner\" \/>\n\t<meta name=\"twitter:label2\" content=\"Dur\u00e9e de lecture estim\u00e9e\" \/>\n\t<meta name=\"twitter:data2\" content=\"2 minutes\" \/>\n<script type=\"application\/ld+json\" class=\"yoast-schema-graph\">{\"@context\":\"https:\/\/schema.org\",\"@graph\":[{\"@type\":\"Article\",\"@id\":\"https:\/\/www.sgeaj.ch\/fr\/actualite\/images-of-nature\/#article\",\"isPartOf\":{\"@id\":\"https:\/\/www.sgeaj.ch\/fr\/actualite\/images-of-nature\/\"},\"author\":{\"name\":\"Mich\u00e8le Steiner\",\"@id\":\"https:\/\/www.sgeaj.ch\/fr\/#\/schema\/person\/f9930dca12b3bd252d469f244e700c60\"},\"headline\":\"Images of Nature\",\"datePublished\":\"2024-11-18T07:47:07+00:00\",\"dateModified\":\"2024-11-18T07:47:09+00:00\",\"mainEntityOfPage\":{\"@id\":\"https:\/\/www.sgeaj.ch\/fr\/actualite\/images-of-nature\/\"},\"wordCount\":211,\"publisher\":{\"@id\":\"https:\/\/www.sgeaj.ch\/fr\/#organization\"},\"image\":{\"@id\":\"https:\/\/www.sgeaj.ch\/fr\/actualite\/images-of-nature\/#primaryimage\"},\"thumbnailUrl\":\"https:\/\/www.sgeaj.ch\/wp-content\/uploads\/2024\/11\/benoit-audran-ii-after-antoine-watteau-the-peasant-dance-nga-12193-kleiner-2-e1731692923955.jpg\",\"keywords\":[\"Early Modern Period\",\"Knowledge\",\"Middle Ages\",\"Nature\",\"Religion\",\"Science\"],\"articleSection\":[\"Actualit\u00e9\",\"Nouvelles publications\"],\"inLanguage\":\"fr-FR\"},{\"@type\":\"WebPage\",\"@id\":\"https:\/\/www.sgeaj.ch\/fr\/actualite\/images-of-nature\/\",\"url\":\"https:\/\/www.sgeaj.ch\/fr\/actualite\/images-of-nature\/\",\"name\":\"Images of Nature - Schweizerische Gesellschaft f\u00fcr die Erforschung des 18. Jahrhunderts (SGEAJ - SSEDS)\",\"isPartOf\":{\"@id\":\"https:\/\/www.sgeaj.ch\/fr\/#website\"},\"primaryImageOfPage\":{\"@id\":\"https:\/\/www.sgeaj.ch\/fr\/actualite\/images-of-nature\/#primaryimage\"},\"image\":{\"@id\":\"https:\/\/www.sgeaj.ch\/fr\/actualite\/images-of-nature\/#primaryimage\"},\"thumbnailUrl\":\"https:\/\/www.sgeaj.ch\/wp-content\/uploads\/2024\/11\/benoit-audran-ii-after-antoine-watteau-the-peasant-dance-nga-12193-kleiner-2-e1731692923955.jpg\",\"datePublished\":\"2024-11-18T07:47:07+00:00\",\"dateModified\":\"2024-11-18T07:47:09+00:00\",\"inLanguage\":\"fr-FR\",\"potentialAction\":[{\"@type\":\"ReadAction\",\"target\":[\"https:\/\/www.sgeaj.ch\/fr\/actualite\/images-of-nature\/\"]}]},{\"@type\":\"ImageObject\",\"inLanguage\":\"fr-FR\",\"@id\":\"https:\/\/www.sgeaj.ch\/fr\/actualite\/images-of-nature\/#primaryimage\",\"url\":\"https:\/\/www.sgeaj.ch\/wp-content\/uploads\/2024\/11\/benoit-audran-ii-after-antoine-watteau-the-peasant-dance-nga-12193-kleiner-2-e1731692923955.jpg\",\"contentUrl\":\"https:\/\/www.sgeaj.ch\/wp-content\/uploads\/2024\/11\/benoit-audran-ii-after-antoine-watteau-the-peasant-dance-nga-12193-kleiner-2-e1731692923955.jpg\",\"width\":767,\"height\":1024},{\"@type\":\"WebSite\",\"@id\":\"https:\/\/www.sgeaj.ch\/fr\/#website\",\"url\":\"https:\/\/www.sgeaj.ch\/fr\/\",\"name\":\"Schweizerische Gesellschaft f\u00fcr die Erforschung des 18. Jahrhunderts (SGEAJ - SSEDS)\",\"description\":\"Schweizerische Gesellschaft f\u00fcr die Erforschung des 18. Jahrhunderts\",\"publisher\":{\"@id\":\"https:\/\/www.sgeaj.ch\/fr\/#organization\"},\"potentialAction\":[{\"@type\":\"SearchAction\",\"target\":{\"@type\":\"EntryPoint\",\"urlTemplate\":\"https:\/\/www.sgeaj.ch\/fr\/?s={search_term_string}\"},\"query-input\":{\"@type\":\"PropertyValueSpecification\",\"valueRequired\":true,\"valueName\":\"search_term_string\"}}],\"inLanguage\":\"fr-FR\"},{\"@type\":\"Organization\",\"@id\":\"https:\/\/www.sgeaj.ch\/fr\/#organization\",\"name\":\"Schweizerische Gesellschaft f\u00fcr die Erforschung des 18. Jahrhunderts (SGEAJ - SSEDS)\",\"url\":\"https:\/\/www.sgeaj.ch\/fr\/\",\"logo\":{\"@type\":\"ImageObject\",\"inLanguage\":\"fr-FR\",\"@id\":\"https:\/\/www.sgeaj.ch\/fr\/#\/schema\/logo\/image\/\",\"url\":\"https:\/\/www.sgeaj.ch\/wp-content\/uploads\/2021\/06\/cropped-logo-xviiies-horiz-abreuviations-bleues.png\",\"contentUrl\":\"https:\/\/www.sgeaj.ch\/wp-content\/uploads\/2021\/06\/cropped-logo-xviiies-horiz-abreuviations-bleues.png\",\"width\":659,\"height\":335,\"caption\":\"Schweizerische Gesellschaft f\u00fcr die Erforschung des 18. Jahrhunderts (SGEAJ - SSEDS)\"},\"image\":{\"@id\":\"https:\/\/www.sgeaj.ch\/fr\/#\/schema\/logo\/image\/\"}},{\"@type\":\"Person\",\"@id\":\"https:\/\/www.sgeaj.ch\/fr\/#\/schema\/person\/f9930dca12b3bd252d469f244e700c60\",\"name\":\"Mich\u00e8le Steiner\",\"url\":\"https:\/\/www.sgeaj.ch\/fr\/author\/msteiner\/\"}]}<\/script>\n<!-- \/ Yoast SEO plugin. -->","yoast_head_json":{"title":"Images of Nature - Schweizerische Gesellschaft f\u00fcr die Erforschung des 18. Jahrhunderts (SGEAJ - SSEDS)","robots":{"index":"index","follow":"follow","max-snippet":"max-snippet:-1","max-image-preview":"max-image-preview:large","max-video-preview":"max-video-preview:-1"},"canonical":"https:\/\/www.sgeaj.ch\/fr\/actualite\/images-of-nature\/","twitter_misc":{"\u00c9crit par":"Mich\u00e8le Steiner","Dur\u00e9e de lecture estim\u00e9e":"2 minutes"},"schema":{"@context":"https:\/\/schema.org","@graph":[{"@type":"Article","@id":"https:\/\/www.sgeaj.ch\/fr\/actualite\/images-of-nature\/#article","isPartOf":{"@id":"https:\/\/www.sgeaj.ch\/fr\/actualite\/images-of-nature\/"},"author":{"name":"Mich\u00e8le Steiner","@id":"https:\/\/www.sgeaj.ch\/fr\/#\/schema\/person\/f9930dca12b3bd252d469f244e700c60"},"headline":"Images of Nature","datePublished":"2024-11-18T07:47:07+00:00","dateModified":"2024-11-18T07:47:09+00:00","mainEntityOfPage":{"@id":"https:\/\/www.sgeaj.ch\/fr\/actualite\/images-of-nature\/"},"wordCount":211,"publisher":{"@id":"https:\/\/www.sgeaj.ch\/fr\/#organization"},"image":{"@id":"https:\/\/www.sgeaj.ch\/fr\/actualite\/images-of-nature\/#primaryimage"},"thumbnailUrl":"https:\/\/www.sgeaj.ch\/wp-content\/uploads\/2024\/11\/benoit-audran-ii-after-antoine-watteau-the-peasant-dance-nga-12193-kleiner-2-e1731692923955.jpg","keywords":["Early Modern Period","Knowledge","Middle Ages","Nature","Religion","Science"],"articleSection":["Actualit\u00e9","Nouvelles publications"],"inLanguage":"fr-FR"},{"@type":"WebPage","@id":"https:\/\/www.sgeaj.ch\/fr\/actualite\/images-of-nature\/","url":"https:\/\/www.sgeaj.ch\/fr\/actualite\/images-of-nature\/","name":"Images of Nature - Schweizerische Gesellschaft f\u00fcr die Erforschung des 18. Jahrhunderts (SGEAJ - SSEDS)","isPartOf":{"@id":"https:\/\/www.sgeaj.ch\/fr\/#website"},"primaryImageOfPage":{"@id":"https:\/\/www.sgeaj.ch\/fr\/actualite\/images-of-nature\/#primaryimage"},"image":{"@id":"https:\/\/www.sgeaj.ch\/fr\/actualite\/images-of-nature\/#primaryimage"},"thumbnailUrl":"https:\/\/www.sgeaj.ch\/wp-content\/uploads\/2024\/11\/benoit-audran-ii-after-antoine-watteau-the-peasant-dance-nga-12193-kleiner-2-e1731692923955.jpg","datePublished":"2024-11-18T07:47:07+00:00","dateModified":"2024-11-18T07:47:09+00:00","inLanguage":"fr-FR","potentialAction":[{"@type":"ReadAction","target":["https:\/\/www.sgeaj.ch\/fr\/actualite\/images-of-nature\/"]}]},{"@type":"ImageObject","inLanguage":"fr-FR","@id":"https:\/\/www.sgeaj.ch\/fr\/actualite\/images-of-nature\/#primaryimage","url":"https:\/\/www.sgeaj.ch\/wp-content\/uploads\/2024\/11\/benoit-audran-ii-after-antoine-watteau-the-peasant-dance-nga-12193-kleiner-2-e1731692923955.jpg","contentUrl":"https:\/\/www.sgeaj.ch\/wp-content\/uploads\/2024\/11\/benoit-audran-ii-after-antoine-watteau-the-peasant-dance-nga-12193-kleiner-2-e1731692923955.jpg","width":767,"height":1024},{"@type":"WebSite","@id":"https:\/\/www.sgeaj.ch\/fr\/#website","url":"https:\/\/www.sgeaj.ch\/fr\/","name":"Schweizerische Gesellschaft f\u00fcr die Erforschung des 18. Jahrhunderts (SGEAJ - SSEDS)","description":"Schweizerische Gesellschaft f\u00fcr die Erforschung des 18. Jahrhunderts","publisher":{"@id":"https:\/\/www.sgeaj.ch\/fr\/#organization"},"potentialAction":[{"@type":"SearchAction","target":{"@type":"EntryPoint","urlTemplate":"https:\/\/www.sgeaj.ch\/fr\/?s={search_term_string}"},"query-input":{"@type":"PropertyValueSpecification","valueRequired":true,"valueName":"search_term_string"}}],"inLanguage":"fr-FR"},{"@type":"Organization","@id":"https:\/\/www.sgeaj.ch\/fr\/#organization","name":"Schweizerische Gesellschaft f\u00fcr die Erforschung des 18. Jahrhunderts (SGEAJ - SSEDS)","url":"https:\/\/www.sgeaj.ch\/fr\/","logo":{"@type":"ImageObject","inLanguage":"fr-FR","@id":"https:\/\/www.sgeaj.ch\/fr\/#\/schema\/logo\/image\/","url":"https:\/\/www.sgeaj.ch\/wp-content\/uploads\/2021\/06\/cropped-logo-xviiies-horiz-abreuviations-bleues.png","contentUrl":"https:\/\/www.sgeaj.ch\/wp-content\/uploads\/2021\/06\/cropped-logo-xviiies-horiz-abreuviations-bleues.png","width":659,"height":335,"caption":"Schweizerische Gesellschaft f\u00fcr die Erforschung des 18. Jahrhunderts (SGEAJ - SSEDS)"},"image":{"@id":"https:\/\/www.sgeaj.ch\/fr\/#\/schema\/logo\/image\/"}},{"@type":"Person","@id":"https:\/\/www.sgeaj.ch\/fr\/#\/schema\/person\/f9930dca12b3bd252d469f244e700c60","name":"Mich\u00e8le Steiner","url":"https:\/\/www.sgeaj.ch\/fr\/author\/msteiner\/"}]}},"_links":{"self":[{"href":"https:\/\/www.sgeaj.ch\/fr\/wp-json\/wp\/v2\/posts\/7643","targetHints":{"allow":["GET"]}}],"collection":[{"href":"https:\/\/www.sgeaj.ch\/fr\/wp-json\/wp\/v2\/posts"}],"about":[{"href":"https:\/\/www.sgeaj.ch\/fr\/wp-json\/wp\/v2\/types\/post"}],"author":[{"embeddable":true,"href":"https:\/\/www.sgeaj.ch\/fr\/wp-json\/wp\/v2\/users\/9"}],"replies":[{"embeddable":true,"href":"https:\/\/www.sgeaj.ch\/fr\/wp-json\/wp\/v2\/comments?post=7643"}],"version-history":[{"count":2,"href":"https:\/\/www.sgeaj.ch\/fr\/wp-json\/wp\/v2\/posts\/7643\/revisions"}],"predecessor-version":[{"id":7646,"href":"https:\/\/www.sgeaj.ch\/fr\/wp-json\/wp\/v2\/posts\/7643\/revisions\/7646"}],"wp:featuredmedia":[{"embeddable":true,"href":"https:\/\/www.sgeaj.ch\/fr\/wp-json\/wp\/v2\/media\/7630"}],"wp:attachment":[{"href":"https:\/\/www.sgeaj.ch\/fr\/wp-json\/wp\/v2\/media?parent=7643"}],"wp:term":[{"taxonomy":"category","embeddable":true,"href":"https:\/\/www.sgeaj.ch\/fr\/wp-json\/wp\/v2\/categories?post=7643"},{"taxonomy":"post_tag","embeddable":true,"href":"https:\/\/www.sgeaj.ch\/fr\/wp-json\/wp\/v2\/tags?post=7643"}],"curies":[{"name":"wp","href":"https:\/\/api.w.org\/{rel}","templated":true}]}}