{"id":7653,"date":"2024-11-18T17:37:10","date_gmt":"2024-11-18T16:37:10","guid":{"rendered":"https:\/\/www.sgeaj.ch\/?p=7653"},"modified":"2024-11-20T18:54:02","modified_gmt":"2024-11-20T17:54:02","slug":"wer-sucht-der-findet","status":"publish","type":"post","link":"https:\/\/www.sgeaj.ch\/fr\/actualite\/wer-sucht-der-findet\/","title":{"rendered":"Wer sucht, der findet!"},"content":{"rendered":"\n<h3 class=\"wp-block-heading\"><strong>Vertiefen Sie sich in Johann Caspar Lavaters dichtes <strong>Netzwerk, das sich \u00fcber ganz Europa spannt und verlieren Sie sich in den einzelnen Korrespondenzen, welche die Diskurse der Zeit mit Respekt und Toleranz angehen.<\/strong><\/strong><\/h3>\n\n\n\n<p>P\u00fcnktlich zu Johann Caspar Lavaters Geburtstag wird die Online Edition <em>Johann Caspar Lavater: Historisch-kritische Edition ausgew\u00e4hlter Briefwechsel <\/em>(JCLB) am 15. November 2024 in Version 3.0 mit einem komplexen Suchmodul erweitert. Es umfasst neben einer einfachen Volltextsuche eine Erweiterte Suche, die \u00fcber ein ausdifferenziertes Suchmodul gesteuert werden kann.<\/p>\n\n\n\n<figure class=\"wp-block-image size-large\"><img loading=\"lazy\" decoding=\"async\" width=\"1024\" height=\"529\" src=\"https:\/\/www.sgeaj.ch\/wp-content\/uploads\/2024\/11\/jclb-30-suchmodul-1024x529.png\" alt=\"\" class=\"wp-image-7650\" srcset=\"https:\/\/www.sgeaj.ch\/wp-content\/uploads\/2024\/11\/jclb-30-suchmodul-1024x529.png 1024w, https:\/\/www.sgeaj.ch\/wp-content\/uploads\/2024\/11\/jclb-30-suchmodul-300x155.png 300w, https:\/\/www.sgeaj.ch\/wp-content\/uploads\/2024\/11\/jclb-30-suchmodul-150x78.png 150w, https:\/\/www.sgeaj.ch\/wp-content\/uploads\/2024\/11\/jclb-30-suchmodul-768x397.png 768w, https:\/\/www.sgeaj.ch\/wp-content\/uploads\/2024\/11\/jclb-30-suchmodul.png 1385w\" sizes=\"auto, (max-width: 1024px) 100vw, 1024px\" \/><\/figure>\n\n\n\n<p>Im Bereich \u00ab\u00a0<a href=\"https:\/\/www.jclavater-briefwechsel.ch\/edition\" target=\"_blank\" rel=\"noreferrer noopener\">Edition<\/a>\u00a0\u00bb finden sich neu weitere vier Briefwechsel, so jener mit Lavaters ehemaligem Lehrer Johann Jacob <a href=\"https:\/\/www.jclavater-briefwechsel.ch\/correspondence\/Bodmer, Johann Jakob\" target=\"_blank\" rel=\"noreferrer noopener\">Bodmer<\/a>, mit dem Dichter Friedrich Gottlieb <a href=\"https:\/\/www.jclavater-briefwechsel.ch\/correspondence\/Klopstock, Friedrich Gottlieb\" target=\"_blank\" rel=\"noreferrer noopener\">Klopstock<\/a>, dem Schriftsteller Johann Heinrich <a href=\"https:\/\/www.jclavater-briefwechsel.ch\/correspondence\/Sulger, Johann Heinrich\" target=\"_blank\" rel=\"noreferrer noopener\">Sulger <\/a>und dem P\u00e4dagogen und w\u00e4hrend der Helvetik aktiven Johann Heinrich <a href=\"https:\/\/www.jclavater-briefwechsel.ch\/correspondence\/Pestalozzi, Johann Heinrich\" target=\"_blank\" rel=\"noreferrer noopener\">Pestalozzi<\/a>. <\/p>\n\n\n\n<p>Im Bereich \u00ab\u00a0<a href=\"https:\/\/www.jclavater-briefwechsel.ch\/biography\" target=\"_blank\" rel=\"noreferrer noopener\">Biographie<\/a>\u00a0\u00bb sind in der Galerie neu \u00fcber 140 Gem\u00e4lde, Kupferstiche und Zeichnungen von Johann Caspar Lavater in laufender Folge zu sehen. Die zahlreichen Abbildungen von Lavater verdeutlichen dessen Bedeutung und Ausstrahlung im europ\u00e4ischen Kulturraum des 18. Jahrhunderts.<\/p>\n\n\n\n<figure class=\"wp-block-image size-large\"><img loading=\"lazy\" decoding=\"async\" width=\"1024\" height=\"186\" src=\"https:\/\/www.sgeaj.ch\/wp-content\/uploads\/2024\/11\/jclb-30-galerie-neu-1024x186.png\" alt=\"\" class=\"wp-image-7678\" srcset=\"https:\/\/www.sgeaj.ch\/wp-content\/uploads\/2024\/11\/jclb-30-galerie-neu-1024x186.png 1024w, https:\/\/www.sgeaj.ch\/wp-content\/uploads\/2024\/11\/jclb-30-galerie-neu-300x55.png 300w, https:\/\/www.sgeaj.ch\/wp-content\/uploads\/2024\/11\/jclb-30-galerie-neu-150x27.png 150w, https:\/\/www.sgeaj.ch\/wp-content\/uploads\/2024\/11\/jclb-30-galerie-neu-768x140.png 768w, https:\/\/www.sgeaj.ch\/wp-content\/uploads\/2024\/11\/jclb-30-galerie-neu.png 1390w\" sizes=\"auto, (max-width: 1024px) 100vw, 1024px\" \/><\/figure>\n","protected":false},"excerpt":{"rendered":"<p>Vertiefen Sie sich in Johann Caspar Lavaters dichtes Netzwerk, das sich \u00fcber ganz Europa spannt und verlieren Sie sich in den einzelnen Korrespondenzen, welche die Diskurse der Zeit mit Respekt und Toleranz angehen. P\u00fcnktlich zu Johann Caspar Lavaters Geburtstag wird die Online Edition Johann Caspar Lavater: Historisch-kritische Edition ausgew\u00e4hlter Briefwechsel (JCLB) am 15. November 2024 [&hellip;]<\/p>\n","protected":false},"author":9,"featured_media":7651,"comment_status":"closed","ping_status":"open","sticky":false,"template":"","format":"standard","meta":{"footnotes":""},"categories":[42,43],"tags":[141,95,112,67,90],"class_list":{"0":"post-7653","1":"post","2":"type-post","3":"status-publish","4":"format-standard","5":"has-post-thumbnail","7":"category-actualite","8":"category-communication","9":"tag-correspondence-fr","10":"tag-digital-humanities-2-fr","11":"tag-edition-fr","12":"tag-enlightenment-fr","13":"tag-networks-fr","14":"czr-hentry"},"yoast_head":"<!-- This site is optimized with the Yoast SEO plugin v26.9 - https:\/\/yoast.com\/product\/yoast-seo-wordpress\/ -->\n<title>Wer sucht, der findet! - Schweizerische Gesellschaft f\u00fcr die Erforschung des 18. Jahrhunderts (SGEAJ - SSEDS)<\/title>\n<meta name=\"robots\" content=\"index, follow, max-snippet:-1, max-image-preview:large, max-video-preview:-1\" \/>\n<link rel=\"canonical\" href=\"https:\/\/www.sgeaj.ch\/fr\/actualite\/wer-sucht-der-findet\/\" \/>\n<meta name=\"twitter:label1\" content=\"\u00c9crit par\" \/>\n\t<meta name=\"twitter:data1\" content=\"Mich\u00e8le Steiner\" \/>\n\t<meta name=\"twitter:label2\" content=\"Dur\u00e9e de lecture estim\u00e9e\" \/>\n\t<meta name=\"twitter:data2\" content=\"2 minutes\" \/>\n<script type=\"application\/ld+json\" class=\"yoast-schema-graph\">{\"@context\":\"https:\/\/schema.org\",\"@graph\":[{\"@type\":\"Article\",\"@id\":\"https:\/\/www.sgeaj.ch\/fr\/actualite\/wer-sucht-der-findet\/#article\",\"isPartOf\":{\"@id\":\"https:\/\/www.sgeaj.ch\/fr\/actualite\/wer-sucht-der-findet\/\"},\"author\":{\"name\":\"Mich\u00e8le Steiner\",\"@id\":\"https:\/\/www.sgeaj.ch\/fr\/#\/schema\/person\/f9930dca12b3bd252d469f244e700c60\"},\"headline\":\"Wer sucht, der findet!\",\"datePublished\":\"2024-11-18T16:37:10+00:00\",\"dateModified\":\"2024-11-20T17:54:02+00:00\",\"mainEntityOfPage\":{\"@id\":\"https:\/\/www.sgeaj.ch\/fr\/actualite\/wer-sucht-der-findet\/\"},\"wordCount\":164,\"publisher\":{\"@id\":\"https:\/\/www.sgeaj.ch\/fr\/#organization\"},\"image\":{\"@id\":\"https:\/\/www.sgeaj.ch\/fr\/actualite\/wer-sucht-der-findet\/#primaryimage\"},\"thumbnailUrl\":\"https:\/\/www.sgeaj.ch\/wp-content\/uploads\/2024\/11\/jclb-30-suchmodul.png\",\"keywords\":[\"Correspondence\",\"Digital Humanities\",\"Edition\",\"Enlightenment\",\"Networks\"],\"articleSection\":[\"Actualit\u00e9\",\"Communication\"],\"inLanguage\":\"fr-FR\"},{\"@type\":\"WebPage\",\"@id\":\"https:\/\/www.sgeaj.ch\/fr\/actualite\/wer-sucht-der-findet\/\",\"url\":\"https:\/\/www.sgeaj.ch\/fr\/actualite\/wer-sucht-der-findet\/\",\"name\":\"Wer sucht, der findet! - Schweizerische Gesellschaft f\u00fcr die Erforschung des 18. Jahrhunderts (SGEAJ - SSEDS)\",\"isPartOf\":{\"@id\":\"https:\/\/www.sgeaj.ch\/fr\/#website\"},\"primaryImageOfPage\":{\"@id\":\"https:\/\/www.sgeaj.ch\/fr\/actualite\/wer-sucht-der-findet\/#primaryimage\"},\"image\":{\"@id\":\"https:\/\/www.sgeaj.ch\/fr\/actualite\/wer-sucht-der-findet\/#primaryimage\"},\"thumbnailUrl\":\"https:\/\/www.sgeaj.ch\/wp-content\/uploads\/2024\/11\/jclb-30-suchmodul.png\",\"datePublished\":\"2024-11-18T16:37:10+00:00\",\"dateModified\":\"2024-11-20T17:54:02+00:00\",\"inLanguage\":\"fr-FR\",\"potentialAction\":[{\"@type\":\"ReadAction\",\"target\":[\"https:\/\/www.sgeaj.ch\/fr\/actualite\/wer-sucht-der-findet\/\"]}]},{\"@type\":\"ImageObject\",\"inLanguage\":\"fr-FR\",\"@id\":\"https:\/\/www.sgeaj.ch\/fr\/actualite\/wer-sucht-der-findet\/#primaryimage\",\"url\":\"https:\/\/www.sgeaj.ch\/wp-content\/uploads\/2024\/11\/jclb-30-suchmodul.png\",\"contentUrl\":\"https:\/\/www.sgeaj.ch\/wp-content\/uploads\/2024\/11\/jclb-30-suchmodul.png\",\"width\":1385,\"height\":716},{\"@type\":\"WebSite\",\"@id\":\"https:\/\/www.sgeaj.ch\/fr\/#website\",\"url\":\"https:\/\/www.sgeaj.ch\/fr\/\",\"name\":\"Schweizerische Gesellschaft f\u00fcr die Erforschung des 18. Jahrhunderts (SGEAJ - SSEDS)\",\"description\":\"Schweizerische Gesellschaft f\u00fcr die Erforschung des 18. Jahrhunderts\",\"publisher\":{\"@id\":\"https:\/\/www.sgeaj.ch\/fr\/#organization\"},\"potentialAction\":[{\"@type\":\"SearchAction\",\"target\":{\"@type\":\"EntryPoint\",\"urlTemplate\":\"https:\/\/www.sgeaj.ch\/fr\/?s={search_term_string}\"},\"query-input\":{\"@type\":\"PropertyValueSpecification\",\"valueRequired\":true,\"valueName\":\"search_term_string\"}}],\"inLanguage\":\"fr-FR\"},{\"@type\":\"Organization\",\"@id\":\"https:\/\/www.sgeaj.ch\/fr\/#organization\",\"name\":\"Schweizerische Gesellschaft f\u00fcr die Erforschung des 18. Jahrhunderts (SGEAJ - SSEDS)\",\"url\":\"https:\/\/www.sgeaj.ch\/fr\/\",\"logo\":{\"@type\":\"ImageObject\",\"inLanguage\":\"fr-FR\",\"@id\":\"https:\/\/www.sgeaj.ch\/fr\/#\/schema\/logo\/image\/\",\"url\":\"https:\/\/www.sgeaj.ch\/wp-content\/uploads\/2021\/06\/cropped-logo-xviiies-horiz-abreuviations-bleues.png\",\"contentUrl\":\"https:\/\/www.sgeaj.ch\/wp-content\/uploads\/2021\/06\/cropped-logo-xviiies-horiz-abreuviations-bleues.png\",\"width\":659,\"height\":335,\"caption\":\"Schweizerische Gesellschaft f\u00fcr die Erforschung des 18. Jahrhunderts (SGEAJ - SSEDS)\"},\"image\":{\"@id\":\"https:\/\/www.sgeaj.ch\/fr\/#\/schema\/logo\/image\/\"}},{\"@type\":\"Person\",\"@id\":\"https:\/\/www.sgeaj.ch\/fr\/#\/schema\/person\/f9930dca12b3bd252d469f244e700c60\",\"name\":\"Mich\u00e8le Steiner\",\"url\":\"https:\/\/www.sgeaj.ch\/fr\/author\/msteiner\/\"}]}<\/script>\n<!-- \/ Yoast SEO plugin. -->","yoast_head_json":{"title":"Wer sucht, der findet! - Schweizerische Gesellschaft f\u00fcr die Erforschung des 18. Jahrhunderts (SGEAJ - SSEDS)","robots":{"index":"index","follow":"follow","max-snippet":"max-snippet:-1","max-image-preview":"max-image-preview:large","max-video-preview":"max-video-preview:-1"},"canonical":"https:\/\/www.sgeaj.ch\/fr\/actualite\/wer-sucht-der-findet\/","twitter_misc":{"\u00c9crit par":"Mich\u00e8le Steiner","Dur\u00e9e de lecture estim\u00e9e":"2 minutes"},"schema":{"@context":"https:\/\/schema.org","@graph":[{"@type":"Article","@id":"https:\/\/www.sgeaj.ch\/fr\/actualite\/wer-sucht-der-findet\/#article","isPartOf":{"@id":"https:\/\/www.sgeaj.ch\/fr\/actualite\/wer-sucht-der-findet\/"},"author":{"name":"Mich\u00e8le Steiner","@id":"https:\/\/www.sgeaj.ch\/fr\/#\/schema\/person\/f9930dca12b3bd252d469f244e700c60"},"headline":"Wer sucht, der findet!","datePublished":"2024-11-18T16:37:10+00:00","dateModified":"2024-11-20T17:54:02+00:00","mainEntityOfPage":{"@id":"https:\/\/www.sgeaj.ch\/fr\/actualite\/wer-sucht-der-findet\/"},"wordCount":164,"publisher":{"@id":"https:\/\/www.sgeaj.ch\/fr\/#organization"},"image":{"@id":"https:\/\/www.sgeaj.ch\/fr\/actualite\/wer-sucht-der-findet\/#primaryimage"},"thumbnailUrl":"https:\/\/www.sgeaj.ch\/wp-content\/uploads\/2024\/11\/jclb-30-suchmodul.png","keywords":["Correspondence","Digital Humanities","Edition","Enlightenment","Networks"],"articleSection":["Actualit\u00e9","Communication"],"inLanguage":"fr-FR"},{"@type":"WebPage","@id":"https:\/\/www.sgeaj.ch\/fr\/actualite\/wer-sucht-der-findet\/","url":"https:\/\/www.sgeaj.ch\/fr\/actualite\/wer-sucht-der-findet\/","name":"Wer sucht, der findet! - Schweizerische Gesellschaft f\u00fcr die Erforschung des 18. Jahrhunderts (SGEAJ - SSEDS)","isPartOf":{"@id":"https:\/\/www.sgeaj.ch\/fr\/#website"},"primaryImageOfPage":{"@id":"https:\/\/www.sgeaj.ch\/fr\/actualite\/wer-sucht-der-findet\/#primaryimage"},"image":{"@id":"https:\/\/www.sgeaj.ch\/fr\/actualite\/wer-sucht-der-findet\/#primaryimage"},"thumbnailUrl":"https:\/\/www.sgeaj.ch\/wp-content\/uploads\/2024\/11\/jclb-30-suchmodul.png","datePublished":"2024-11-18T16:37:10+00:00","dateModified":"2024-11-20T17:54:02+00:00","inLanguage":"fr-FR","potentialAction":[{"@type":"ReadAction","target":["https:\/\/www.sgeaj.ch\/fr\/actualite\/wer-sucht-der-findet\/"]}]},{"@type":"ImageObject","inLanguage":"fr-FR","@id":"https:\/\/www.sgeaj.ch\/fr\/actualite\/wer-sucht-der-findet\/#primaryimage","url":"https:\/\/www.sgeaj.ch\/wp-content\/uploads\/2024\/11\/jclb-30-suchmodul.png","contentUrl":"https:\/\/www.sgeaj.ch\/wp-content\/uploads\/2024\/11\/jclb-30-suchmodul.png","width":1385,"height":716},{"@type":"WebSite","@id":"https:\/\/www.sgeaj.ch\/fr\/#website","url":"https:\/\/www.sgeaj.ch\/fr\/","name":"Schweizerische Gesellschaft f\u00fcr die Erforschung des 18. Jahrhunderts (SGEAJ - SSEDS)","description":"Schweizerische Gesellschaft f\u00fcr die Erforschung des 18. Jahrhunderts","publisher":{"@id":"https:\/\/www.sgeaj.ch\/fr\/#organization"},"potentialAction":[{"@type":"SearchAction","target":{"@type":"EntryPoint","urlTemplate":"https:\/\/www.sgeaj.ch\/fr\/?s={search_term_string}"},"query-input":{"@type":"PropertyValueSpecification","valueRequired":true,"valueName":"search_term_string"}}],"inLanguage":"fr-FR"},{"@type":"Organization","@id":"https:\/\/www.sgeaj.ch\/fr\/#organization","name":"Schweizerische Gesellschaft f\u00fcr die Erforschung des 18. Jahrhunderts (SGEAJ - SSEDS)","url":"https:\/\/www.sgeaj.ch\/fr\/","logo":{"@type":"ImageObject","inLanguage":"fr-FR","@id":"https:\/\/www.sgeaj.ch\/fr\/#\/schema\/logo\/image\/","url":"https:\/\/www.sgeaj.ch\/wp-content\/uploads\/2021\/06\/cropped-logo-xviiies-horiz-abreuviations-bleues.png","contentUrl":"https:\/\/www.sgeaj.ch\/wp-content\/uploads\/2021\/06\/cropped-logo-xviiies-horiz-abreuviations-bleues.png","width":659,"height":335,"caption":"Schweizerische Gesellschaft f\u00fcr die Erforschung des 18. Jahrhunderts (SGEAJ - SSEDS)"},"image":{"@id":"https:\/\/www.sgeaj.ch\/fr\/#\/schema\/logo\/image\/"}},{"@type":"Person","@id":"https:\/\/www.sgeaj.ch\/fr\/#\/schema\/person\/f9930dca12b3bd252d469f244e700c60","name":"Mich\u00e8le Steiner","url":"https:\/\/www.sgeaj.ch\/fr\/author\/msteiner\/"}]}},"_links":{"self":[{"href":"https:\/\/www.sgeaj.ch\/fr\/wp-json\/wp\/v2\/posts\/7653","targetHints":{"allow":["GET"]}}],"collection":[{"href":"https:\/\/www.sgeaj.ch\/fr\/wp-json\/wp\/v2\/posts"}],"about":[{"href":"https:\/\/www.sgeaj.ch\/fr\/wp-json\/wp\/v2\/types\/post"}],"author":[{"embeddable":true,"href":"https:\/\/www.sgeaj.ch\/fr\/wp-json\/wp\/v2\/users\/9"}],"replies":[{"embeddable":true,"href":"https:\/\/www.sgeaj.ch\/fr\/wp-json\/wp\/v2\/comments?post=7653"}],"version-history":[{"count":6,"href":"https:\/\/www.sgeaj.ch\/fr\/wp-json\/wp\/v2\/posts\/7653\/revisions"}],"predecessor-version":[{"id":7681,"href":"https:\/\/www.sgeaj.ch\/fr\/wp-json\/wp\/v2\/posts\/7653\/revisions\/7681"}],"wp:featuredmedia":[{"embeddable":true,"href":"https:\/\/www.sgeaj.ch\/fr\/wp-json\/wp\/v2\/media\/7651"}],"wp:attachment":[{"href":"https:\/\/www.sgeaj.ch\/fr\/wp-json\/wp\/v2\/media?parent=7653"}],"wp:term":[{"taxonomy":"category","embeddable":true,"href":"https:\/\/www.sgeaj.ch\/fr\/wp-json\/wp\/v2\/categories?post=7653"},{"taxonomy":"post_tag","embeddable":true,"href":"https:\/\/www.sgeaj.ch\/fr\/wp-json\/wp\/v2\/tags?post=7653"}],"curies":[{"name":"wp","href":"https:\/\/api.w.org\/{rel}","templated":true}]}}