{"id":7663,"date":"2024-11-19T18:14:32","date_gmt":"2024-11-19T17:14:32","guid":{"rendered":"https:\/\/www.sgeaj.ch\/?p=7663"},"modified":"2024-12-19T14:29:43","modified_gmt":"2024-12-19T13:29:43","slug":"invitation-a-participer-recto-verso-futurs","status":"publish","type":"post","link":"https:\/\/www.sgeaj.ch\/fr\/actualite\/invitation-a-participer-recto-verso-futurs\/","title":{"rendered":"Invitation \u00e0 participer : RECTO VERSO | \u00ab\u00a0Futurs\u00a0\u00bb"},"content":{"rendered":"\n<p><a href=\"https:\/\/rectoverso-sagw.ch\/fr\/\" target=\"_blank\" rel=\"noreferrer noopener\">RECTO VERSO<\/a> est une s\u00e9rie de manifestations coordonn\u00e9es par l&rsquo;Acad\u00e9mie suisse des sciences humaines et sociales (ASSH) et organis\u00e9es par ses institutions membres. Chaque ann\u00e9e, les diff\u00e9rents \u00e9v\u00e9nements mettent en lumi\u00e8re, dans une perspective scientifique, un th\u00e8me actuel et pertinent pour la soci\u00e9t\u00e9.<br><br><strong>Le prochain cycle de manifestations (juillet 2025 \u2013 juillet 2026) sera consacr\u00e9 au th\u00e8me \u00ab\u00a0Futurs\u00a0\u00bb. Le d\u00e9lai pour soumettre vos projets\u00a0via <a href=\"https:\/\/urldefense.com\/v3\/__https:\/my.sagw.ch\/__;!!Dc8iu7o!z9FVcbDLw_3o0bnQoY8aZwilYpeYe8IEYkt6OY9S3v7zfec7lsQe80jok90ysO2sykT5En3ZKVIG_SMd5-nKbpZJUSdvyhCN$\" target=\"_blank\" rel=\"noreferrer noopener\">mySAGW<\/a>\u00a0est fix\u00e9 au 31 mars 2025.<\/strong><br><br>Dans le cadre du nouveau cycle de manifestations Recto Verso, nous souhaitons explorer la signification du futur et des promesses d&rsquo;avenir. Comment les repr\u00e9sentations du futur ont-elles \u00e9volu\u00e9 au fil de l&rsquo;histoire ? Comment cela se manifeste-t-il au travers des mouvements sociaux et politiques, ainsi que dans l&rsquo;art, la litt\u00e9rature ou les religions ? Quel rapport existe-t-il entre futur et utopie ? Quel est l&rsquo;effet inhibiteur ou dynamisant des promesses d&rsquo;avenir sur le pr\u00e9sent ? Vivons-nous actuellement dans un monde avec un avenir commun ou plut\u00f4t dans un monde avec des futurs diff\u00e9rents ?<br><br>Avec le pr\u00e9sent <a href=\"https:\/\/urldefense.com\/v3\/__https:\/rectoverso-sagw.ch\/fr\/appel-et-modalites__;!!Dc8iu7o!z9FVcbDLw_3o0bnQoY8aZwilYpeYe8IEYkt6OY9S3v7zfec7lsQe80jok90ysO2sykT5En3ZKVIG_SMd5-nKbpZJUaBt1TOT$\" target=\"_blank\" rel=\"noreferrer noopener\">appel \u00e0 projets<\/a>, les institutions membres de l&rsquo;ASSH sont invit\u00e9es \u00e0 soumettre une requ\u00eate pour l&rsquo;organisation d&rsquo;une manifestation publique qui s&rsquo;inscrit dans le cadre th\u00e9matique. Elles sont libres de choisir l&rsquo;angle d&rsquo;approche au sein du th\u00e8me donn\u00e9 ainsi que le format de la manifestation. Une diversit\u00e9 de perspectives et de formats est la bienvenue.<\/p>\n\n\n\n<div data-wp-interactive=\"core\/file\" class=\"wp-block-file\"><object data-wp-bind--hidden=\"!state.hasPdfPreview\" hidden class=\"wp-block-file__embed\" data=\"https:\/\/www.sgeaj.ch\/wp-content\/uploads\/2024\/11\/2025-rectoverso-appel-modalites-f.pdf\" type=\"application\/pdf\" style=\"width:100%;height:600px\" aria-label=\"Contenu embarqu\u00e9 2025_RectoVerso_appel_modalites_f.\"><\/object><a id=\"wp-block-file--media-fbb74dc1-f05b-4d93-8025-c1a38676c2d6\" href=\"https:\/\/www.sgeaj.ch\/wp-content\/uploads\/2024\/11\/2025-rectoverso-appel-modalites-f.pdf\">2025_RectoVerso_appel_modalites_f<\/a><a href=\"https:\/\/www.sgeaj.ch\/wp-content\/uploads\/2024\/11\/2025-rectoverso-appel-modalites-f.pdf\" class=\"wp-block-file__button wp-element-button\" download aria-describedby=\"wp-block-file--media-fbb74dc1-f05b-4d93-8025-c1a38676c2d6\">Herunterladen<\/a><\/div>\n","protected":false},"excerpt":{"rendered":"<p>RECTO VERSO est une s\u00e9rie de manifestations coordonn\u00e9es par l&rsquo;Acad\u00e9mie suisse des sciences humaines et sociales (ASSH) et organis\u00e9es par ses institutions membres. Chaque ann\u00e9e, les diff\u00e9rents \u00e9v\u00e9nements mettent en lumi\u00e8re, dans une perspective scientifique, un th\u00e8me actuel et pertinent pour la soci\u00e9t\u00e9. Le prochain cycle de manifestations (juillet 2025 \u2013 juillet 2026) sera consacr\u00e9 [&hellip;]<\/p>\n","protected":false},"author":9,"featured_media":7661,"comment_status":"closed","ping_status":"open","sticky":false,"template":"","format":"standard","meta":{"footnotes":""},"categories":[42,26,43],"tags":[60,73,143,90,145],"class_list":{"0":"post-7663","1":"post","2":"type-post","3":"status-publish","4":"format-standard","5":"has-post-thumbnail","7":"category-actualite","8":"category-call-for-papers-fr","9":"category-communication","10":"tag-call-for-papers-fr","11":"tag-exhibition-fr","12":"tag-future-fr","13":"tag-networks-fr","14":"tag-research-fr","15":"czr-hentry"},"yoast_head":"<!-- This site is optimized with the Yoast SEO plugin v26.9 - https:\/\/yoast.com\/product\/yoast-seo-wordpress\/ -->\n<title>Invitation \u00e0 participer : RECTO VERSO | &quot;Futurs&quot; - Schweizerische Gesellschaft f\u00fcr die Erforschung des 18. Jahrhunderts (SGEAJ - SSEDS)<\/title>\n<meta name=\"robots\" content=\"index, follow, max-snippet:-1, max-image-preview:large, max-video-preview:-1\" \/>\n<link rel=\"canonical\" href=\"https:\/\/www.sgeaj.ch\/fr\/actualite\/invitation-a-participer-recto-verso-futurs\/\" \/>\n<meta name=\"twitter:label1\" content=\"\u00c9crit par\" \/>\n\t<meta name=\"twitter:data1\" content=\"Mich\u00e8le Steiner\" \/>\n\t<meta name=\"twitter:label2\" content=\"Dur\u00e9e de lecture estim\u00e9e\" \/>\n\t<meta name=\"twitter:data2\" content=\"2 minutes\" \/>\n<script type=\"application\/ld+json\" class=\"yoast-schema-graph\">{\"@context\":\"https:\/\/schema.org\",\"@graph\":[{\"@type\":\"Article\",\"@id\":\"https:\/\/www.sgeaj.ch\/fr\/actualite\/invitation-a-participer-recto-verso-futurs\/#article\",\"isPartOf\":{\"@id\":\"https:\/\/www.sgeaj.ch\/fr\/actualite\/invitation-a-participer-recto-verso-futurs\/\"},\"author\":{\"name\":\"Mich\u00e8le Steiner\",\"@id\":\"https:\/\/www.sgeaj.ch\/fr\/#\/schema\/person\/f9930dca12b3bd252d469f244e700c60\"},\"headline\":\"Invitation \u00e0 participer : RECTO VERSO | \u00ab\u00a0Futurs\u00a0\u00bb\",\"datePublished\":\"2024-11-19T17:14:32+00:00\",\"dateModified\":\"2024-12-19T13:29:43+00:00\",\"mainEntityOfPage\":{\"@id\":\"https:\/\/www.sgeaj.ch\/fr\/actualite\/invitation-a-participer-recto-verso-futurs\/\"},\"wordCount\":255,\"publisher\":{\"@id\":\"https:\/\/www.sgeaj.ch\/fr\/#organization\"},\"image\":{\"@id\":\"https:\/\/www.sgeaj.ch\/fr\/actualite\/invitation-a-participer-recto-verso-futurs\/#primaryimage\"},\"thumbnailUrl\":\"https:\/\/www.sgeaj.ch\/wp-content\/uploads\/2024\/11\/freiheiten-illustration-phist-web.png\",\"keywords\":[\"Call for Papers\",\"Exhibition\",\"Future\",\"Networks\",\"Research\"],\"articleSection\":[\"Actualit\u00e9\",\"Call for Papers\",\"Communication\"],\"inLanguage\":\"fr-FR\"},{\"@type\":\"WebPage\",\"@id\":\"https:\/\/www.sgeaj.ch\/fr\/actualite\/invitation-a-participer-recto-verso-futurs\/\",\"url\":\"https:\/\/www.sgeaj.ch\/fr\/actualite\/invitation-a-participer-recto-verso-futurs\/\",\"name\":\"Invitation \u00e0 participer : RECTO VERSO | \\\"Futurs\\\" - Schweizerische Gesellschaft f\u00fcr die Erforschung des 18. Jahrhunderts (SGEAJ - SSEDS)\",\"isPartOf\":{\"@id\":\"https:\/\/www.sgeaj.ch\/fr\/#website\"},\"primaryImageOfPage\":{\"@id\":\"https:\/\/www.sgeaj.ch\/fr\/actualite\/invitation-a-participer-recto-verso-futurs\/#primaryimage\"},\"image\":{\"@id\":\"https:\/\/www.sgeaj.ch\/fr\/actualite\/invitation-a-participer-recto-verso-futurs\/#primaryimage\"},\"thumbnailUrl\":\"https:\/\/www.sgeaj.ch\/wp-content\/uploads\/2024\/11\/freiheiten-illustration-phist-web.png\",\"datePublished\":\"2024-11-19T17:14:32+00:00\",\"dateModified\":\"2024-12-19T13:29:43+00:00\",\"inLanguage\":\"fr-FR\",\"potentialAction\":[{\"@type\":\"ReadAction\",\"target\":[\"https:\/\/www.sgeaj.ch\/fr\/actualite\/invitation-a-participer-recto-verso-futurs\/\"]}]},{\"@type\":\"ImageObject\",\"inLanguage\":\"fr-FR\",\"@id\":\"https:\/\/www.sgeaj.ch\/fr\/actualite\/invitation-a-participer-recto-verso-futurs\/#primaryimage\",\"url\":\"https:\/\/www.sgeaj.ch\/wp-content\/uploads\/2024\/11\/freiheiten-illustration-phist-web.png\",\"contentUrl\":\"https:\/\/www.sgeaj.ch\/wp-content\/uploads\/2024\/11\/freiheiten-illustration-phist-web.png\",\"width\":2000,\"height\":2828},{\"@type\":\"WebSite\",\"@id\":\"https:\/\/www.sgeaj.ch\/fr\/#website\",\"url\":\"https:\/\/www.sgeaj.ch\/fr\/\",\"name\":\"Schweizerische Gesellschaft f\u00fcr die Erforschung des 18. Jahrhunderts (SGEAJ - SSEDS)\",\"description\":\"Schweizerische Gesellschaft f\u00fcr die Erforschung des 18. Jahrhunderts\",\"publisher\":{\"@id\":\"https:\/\/www.sgeaj.ch\/fr\/#organization\"},\"potentialAction\":[{\"@type\":\"SearchAction\",\"target\":{\"@type\":\"EntryPoint\",\"urlTemplate\":\"https:\/\/www.sgeaj.ch\/fr\/?s={search_term_string}\"},\"query-input\":{\"@type\":\"PropertyValueSpecification\",\"valueRequired\":true,\"valueName\":\"search_term_string\"}}],\"inLanguage\":\"fr-FR\"},{\"@type\":\"Organization\",\"@id\":\"https:\/\/www.sgeaj.ch\/fr\/#organization\",\"name\":\"Schweizerische Gesellschaft f\u00fcr die Erforschung des 18. Jahrhunderts (SGEAJ - SSEDS)\",\"url\":\"https:\/\/www.sgeaj.ch\/fr\/\",\"logo\":{\"@type\":\"ImageObject\",\"inLanguage\":\"fr-FR\",\"@id\":\"https:\/\/www.sgeaj.ch\/fr\/#\/schema\/logo\/image\/\",\"url\":\"https:\/\/www.sgeaj.ch\/wp-content\/uploads\/2021\/06\/cropped-logo-xviiies-horiz-abreuviations-bleues.png\",\"contentUrl\":\"https:\/\/www.sgeaj.ch\/wp-content\/uploads\/2021\/06\/cropped-logo-xviiies-horiz-abreuviations-bleues.png\",\"width\":659,\"height\":335,\"caption\":\"Schweizerische Gesellschaft f\u00fcr die Erforschung des 18. Jahrhunderts (SGEAJ - SSEDS)\"},\"image\":{\"@id\":\"https:\/\/www.sgeaj.ch\/fr\/#\/schema\/logo\/image\/\"}},{\"@type\":\"Person\",\"@id\":\"https:\/\/www.sgeaj.ch\/fr\/#\/schema\/person\/f9930dca12b3bd252d469f244e700c60\",\"name\":\"Mich\u00e8le Steiner\",\"url\":\"https:\/\/www.sgeaj.ch\/fr\/author\/msteiner\/\"}]}<\/script>\n<!-- \/ Yoast SEO plugin. -->","yoast_head_json":{"title":"Invitation \u00e0 participer : RECTO VERSO | \"Futurs\" - Schweizerische Gesellschaft f\u00fcr die Erforschung des 18. Jahrhunderts (SGEAJ - SSEDS)","robots":{"index":"index","follow":"follow","max-snippet":"max-snippet:-1","max-image-preview":"max-image-preview:large","max-video-preview":"max-video-preview:-1"},"canonical":"https:\/\/www.sgeaj.ch\/fr\/actualite\/invitation-a-participer-recto-verso-futurs\/","twitter_misc":{"\u00c9crit par":"Mich\u00e8le Steiner","Dur\u00e9e de lecture estim\u00e9e":"2 minutes"},"schema":{"@context":"https:\/\/schema.org","@graph":[{"@type":"Article","@id":"https:\/\/www.sgeaj.ch\/fr\/actualite\/invitation-a-participer-recto-verso-futurs\/#article","isPartOf":{"@id":"https:\/\/www.sgeaj.ch\/fr\/actualite\/invitation-a-participer-recto-verso-futurs\/"},"author":{"name":"Mich\u00e8le Steiner","@id":"https:\/\/www.sgeaj.ch\/fr\/#\/schema\/person\/f9930dca12b3bd252d469f244e700c60"},"headline":"Invitation \u00e0 participer : RECTO VERSO | \u00ab\u00a0Futurs\u00a0\u00bb","datePublished":"2024-11-19T17:14:32+00:00","dateModified":"2024-12-19T13:29:43+00:00","mainEntityOfPage":{"@id":"https:\/\/www.sgeaj.ch\/fr\/actualite\/invitation-a-participer-recto-verso-futurs\/"},"wordCount":255,"publisher":{"@id":"https:\/\/www.sgeaj.ch\/fr\/#organization"},"image":{"@id":"https:\/\/www.sgeaj.ch\/fr\/actualite\/invitation-a-participer-recto-verso-futurs\/#primaryimage"},"thumbnailUrl":"https:\/\/www.sgeaj.ch\/wp-content\/uploads\/2024\/11\/freiheiten-illustration-phist-web.png","keywords":["Call for Papers","Exhibition","Future","Networks","Research"],"articleSection":["Actualit\u00e9","Call for Papers","Communication"],"inLanguage":"fr-FR"},{"@type":"WebPage","@id":"https:\/\/www.sgeaj.ch\/fr\/actualite\/invitation-a-participer-recto-verso-futurs\/","url":"https:\/\/www.sgeaj.ch\/fr\/actualite\/invitation-a-participer-recto-verso-futurs\/","name":"Invitation \u00e0 participer : RECTO VERSO | \"Futurs\" - Schweizerische Gesellschaft f\u00fcr die Erforschung des 18. Jahrhunderts (SGEAJ - SSEDS)","isPartOf":{"@id":"https:\/\/www.sgeaj.ch\/fr\/#website"},"primaryImageOfPage":{"@id":"https:\/\/www.sgeaj.ch\/fr\/actualite\/invitation-a-participer-recto-verso-futurs\/#primaryimage"},"image":{"@id":"https:\/\/www.sgeaj.ch\/fr\/actualite\/invitation-a-participer-recto-verso-futurs\/#primaryimage"},"thumbnailUrl":"https:\/\/www.sgeaj.ch\/wp-content\/uploads\/2024\/11\/freiheiten-illustration-phist-web.png","datePublished":"2024-11-19T17:14:32+00:00","dateModified":"2024-12-19T13:29:43+00:00","inLanguage":"fr-FR","potentialAction":[{"@type":"ReadAction","target":["https:\/\/www.sgeaj.ch\/fr\/actualite\/invitation-a-participer-recto-verso-futurs\/"]}]},{"@type":"ImageObject","inLanguage":"fr-FR","@id":"https:\/\/www.sgeaj.ch\/fr\/actualite\/invitation-a-participer-recto-verso-futurs\/#primaryimage","url":"https:\/\/www.sgeaj.ch\/wp-content\/uploads\/2024\/11\/freiheiten-illustration-phist-web.png","contentUrl":"https:\/\/www.sgeaj.ch\/wp-content\/uploads\/2024\/11\/freiheiten-illustration-phist-web.png","width":2000,"height":2828},{"@type":"WebSite","@id":"https:\/\/www.sgeaj.ch\/fr\/#website","url":"https:\/\/www.sgeaj.ch\/fr\/","name":"Schweizerische Gesellschaft f\u00fcr die Erforschung des 18. Jahrhunderts (SGEAJ - SSEDS)","description":"Schweizerische Gesellschaft f\u00fcr die Erforschung des 18. Jahrhunderts","publisher":{"@id":"https:\/\/www.sgeaj.ch\/fr\/#organization"},"potentialAction":[{"@type":"SearchAction","target":{"@type":"EntryPoint","urlTemplate":"https:\/\/www.sgeaj.ch\/fr\/?s={search_term_string}"},"query-input":{"@type":"PropertyValueSpecification","valueRequired":true,"valueName":"search_term_string"}}],"inLanguage":"fr-FR"},{"@type":"Organization","@id":"https:\/\/www.sgeaj.ch\/fr\/#organization","name":"Schweizerische Gesellschaft f\u00fcr die Erforschung des 18. Jahrhunderts (SGEAJ - SSEDS)","url":"https:\/\/www.sgeaj.ch\/fr\/","logo":{"@type":"ImageObject","inLanguage":"fr-FR","@id":"https:\/\/www.sgeaj.ch\/fr\/#\/schema\/logo\/image\/","url":"https:\/\/www.sgeaj.ch\/wp-content\/uploads\/2021\/06\/cropped-logo-xviiies-horiz-abreuviations-bleues.png","contentUrl":"https:\/\/www.sgeaj.ch\/wp-content\/uploads\/2021\/06\/cropped-logo-xviiies-horiz-abreuviations-bleues.png","width":659,"height":335,"caption":"Schweizerische Gesellschaft f\u00fcr die Erforschung des 18. Jahrhunderts (SGEAJ - SSEDS)"},"image":{"@id":"https:\/\/www.sgeaj.ch\/fr\/#\/schema\/logo\/image\/"}},{"@type":"Person","@id":"https:\/\/www.sgeaj.ch\/fr\/#\/schema\/person\/f9930dca12b3bd252d469f244e700c60","name":"Mich\u00e8le Steiner","url":"https:\/\/www.sgeaj.ch\/fr\/author\/msteiner\/"}]}},"_links":{"self":[{"href":"https:\/\/www.sgeaj.ch\/fr\/wp-json\/wp\/v2\/posts\/7663","targetHints":{"allow":["GET"]}}],"collection":[{"href":"https:\/\/www.sgeaj.ch\/fr\/wp-json\/wp\/v2\/posts"}],"about":[{"href":"https:\/\/www.sgeaj.ch\/fr\/wp-json\/wp\/v2\/types\/post"}],"author":[{"embeddable":true,"href":"https:\/\/www.sgeaj.ch\/fr\/wp-json\/wp\/v2\/users\/9"}],"replies":[{"embeddable":true,"href":"https:\/\/www.sgeaj.ch\/fr\/wp-json\/wp\/v2\/comments?post=7663"}],"version-history":[{"count":3,"href":"https:\/\/www.sgeaj.ch\/fr\/wp-json\/wp\/v2\/posts\/7663\/revisions"}],"predecessor-version":[{"id":7749,"href":"https:\/\/www.sgeaj.ch\/fr\/wp-json\/wp\/v2\/posts\/7663\/revisions\/7749"}],"wp:featuredmedia":[{"embeddable":true,"href":"https:\/\/www.sgeaj.ch\/fr\/wp-json\/wp\/v2\/media\/7661"}],"wp:attachment":[{"href":"https:\/\/www.sgeaj.ch\/fr\/wp-json\/wp\/v2\/media?parent=7663"}],"wp:term":[{"taxonomy":"category","embeddable":true,"href":"https:\/\/www.sgeaj.ch\/fr\/wp-json\/wp\/v2\/categories?post=7663"},{"taxonomy":"post_tag","embeddable":true,"href":"https:\/\/www.sgeaj.ch\/fr\/wp-json\/wp\/v2\/tags?post=7663"}],"curies":[{"name":"wp","href":"https:\/\/api.w.org\/{rel}","templated":true}]}}