{"id":7742,"date":"2024-12-19T14:20:01","date_gmt":"2024-12-19T13:20:01","guid":{"rendered":"https:\/\/www.sgeaj.ch\/?p=7742"},"modified":"2024-12-19T14:30:25","modified_gmt":"2024-12-19T13:30:25","slug":"bronislaw-baczko-un-ouvrage-de-synthese","status":"publish","type":"post","link":"https:\/\/www.sgeaj.ch\/fr\/actualite\/bronislaw-baczko-un-ouvrage-de-synthese\/","title":{"rendered":"Bronislaw Baczko : un ouvrage de synth\u00e8se"},"content":{"rendered":"\n<h3 class=\"wp-block-heading\">Nouvelle publication : Porret Michel, Rosset Fran\u00e7ois (\u00e9ds.), <em>Bronislaw Baczko. 1924\u20132024 Ab\u00e9c\u00e9daire<\/em>, Ch\u00eane-Bourg, Georg \u00e9diteur, 2024. <\/h3>\n\n\n\n<p>Apr\u00e8s le Dictionnaire critique de l\u2019utopie au temps des Lumi\u00e8res (Georg), l\u2019ouvrage Bronislaw Baczko (1924\u20132024) Ab\u00e9c\u00e9daire r\u00e9unit des  sp\u00e9cialistes du XVIIIe si\u00e8cle qui signent une trentaine d\u2019articles in\u00e9dits \u2013 analyses, r\u00e9flexions, t\u00e9moignages. Ils \u00e9voquent la vie, la biographie intellectuelle, les \u00e9crits et la r\u00e9ception historiographique de Bronislaw Baczko, dont les travaux essentiels sur l\u2019utopie, les Lumi\u00e8res et la R\u00e9volution ont \u00e9t\u00e9 couronn\u00e9s en 2011 par le Prix  international Balzan. Premier ouvrage de synth\u00e8se en fran\u00e7ais consacr\u00e9 \u00e0 cet \u00e9minent historien des id\u00e9es, humaniste et intellectuel polyglotte n\u00e9 en Pologne, muni d\u2019une bibliographie compl\u00e8te de ses travaux, l\u2019Ab\u00e9c\u00e9daire restera un outil de r\u00e9f\u00e9rence fondamental sur l\u2019h\u00e9ritage intellectuel et humain qu\u2019il a laiss\u00e9.<\/p>\n\n\n\n<p>Une publication sous la direction de Michel Porret et Fran\u00e7ois Rosset.  Avec des textes de Marek Beylin, Fabrice Brandli, Fran\u00e7oise Brunel,  L\u00e9onard Burnand, Marco Cicchini, Victor Cova, Mich\u00e8le Crogiez, Girolamo  Imbruglia, Antoine  Lilti, Andrea Marchili, Christophe Martin,  Jean-Cl\u00e9ment Martin, Andrzej  Mencwel, Helder Mendes Baiao, Krzysztof  Pomian, Michel Porret, Fran\u00e7ois Rosset, Franck Sala\u00fcn, Dominique  Schnapper, Pierre Serna, Gabriella  Silvestrini, Ma\u0142gorzata Szpakowska,  Szymon Wr\u00f3bel.<\/p>\n\n\n\n<p>Pour commander le livre, <a href=\"https:\/\/www.georg.ch\/bronislaw-baczko\" target=\"_blank\" rel=\"noreferrer noopener\">suivez ce lien<\/a>. <\/p>\n","protected":false},"excerpt":{"rendered":"<p>Nouvelle publication : Porret Michel, Rosset Fran\u00e7ois (\u00e9ds.), Bronislaw Baczko. 1924\u20132024 Ab\u00e9c\u00e9daire, Ch\u00eane-Bourg, Georg \u00e9diteur, 2024. Apr\u00e8s le Dictionnaire critique de l\u2019utopie au temps des Lumi\u00e8res (Georg), l\u2019ouvrage Bronislaw Baczko (1924\u20132024) Ab\u00e9c\u00e9daire r\u00e9unit des sp\u00e9cialistes du XVIIIe si\u00e8cle qui signent une trentaine d\u2019articles in\u00e9dits \u2013 analyses, r\u00e9flexions, t\u00e9moignages. Ils \u00e9voquent la vie, la biographie intellectuelle, [&hellip;]<\/p>\n","protected":false},"author":9,"featured_media":7740,"comment_status":"closed","ping_status":"open","sticky":false,"template":"","format":"standard","meta":{"footnotes":""},"categories":[42,25],"tags":[67,160,161],"class_list":{"0":"post-7742","1":"post","2":"type-post","3":"status-publish","4":"format-standard","5":"has-post-thumbnail","7":"category-actualite","8":"category-nouvelles-publications","9":"tag-enlightenment-fr","10":"tag-french-revolution-fr","11":"tag-historiography-fr","12":"czr-hentry"},"yoast_head":"<!-- This site is optimized with the Yoast SEO plugin v26.9 - https:\/\/yoast.com\/product\/yoast-seo-wordpress\/ -->\n<title>Bronislaw Baczko : un ouvrage de synth\u00e8se - Schweizerische Gesellschaft f\u00fcr die Erforschung des 18. Jahrhunderts (SGEAJ - SSEDS)<\/title>\n<meta name=\"robots\" content=\"index, follow, max-snippet:-1, max-image-preview:large, max-video-preview:-1\" \/>\n<link rel=\"canonical\" href=\"https:\/\/www.sgeaj.ch\/fr\/actualite\/bronislaw-baczko-un-ouvrage-de-synthese\/\" \/>\n<meta name=\"twitter:label1\" content=\"\u00c9crit par\" \/>\n\t<meta name=\"twitter:data1\" content=\"Mich\u00e8le Steiner\" \/>\n\t<meta name=\"twitter:label2\" content=\"Dur\u00e9e de lecture estim\u00e9e\" \/>\n\t<meta name=\"twitter:data2\" content=\"2 minutes\" \/>\n<script type=\"application\/ld+json\" class=\"yoast-schema-graph\">{\"@context\":\"https:\/\/schema.org\",\"@graph\":[{\"@type\":\"Article\",\"@id\":\"https:\/\/www.sgeaj.ch\/fr\/actualite\/bronislaw-baczko-un-ouvrage-de-synthese\/#article\",\"isPartOf\":{\"@id\":\"https:\/\/www.sgeaj.ch\/fr\/actualite\/bronislaw-baczko-un-ouvrage-de-synthese\/\"},\"author\":{\"name\":\"Mich\u00e8le Steiner\",\"@id\":\"https:\/\/www.sgeaj.ch\/fr\/#\/schema\/person\/f9930dca12b3bd252d469f244e700c60\"},\"headline\":\"Bronislaw Baczko : un ouvrage de synth\u00e8se\",\"datePublished\":\"2024-12-19T13:20:01+00:00\",\"dateModified\":\"2024-12-19T13:30:25+00:00\",\"mainEntityOfPage\":{\"@id\":\"https:\/\/www.sgeaj.ch\/fr\/actualite\/bronislaw-baczko-un-ouvrage-de-synthese\/\"},\"wordCount\":240,\"publisher\":{\"@id\":\"https:\/\/www.sgeaj.ch\/fr\/#organization\"},\"image\":{\"@id\":\"https:\/\/www.sgeaj.ch\/fr\/actualite\/bronislaw-baczko-un-ouvrage-de-synthese\/#primaryimage\"},\"thumbnailUrl\":\"https:\/\/www.sgeaj.ch\/wp-content\/uploads\/2024\/12\/abecedaire-baczko-couverture-e1734614328701.jpg\",\"keywords\":[\"Enlightenment\",\"French Revolution\",\"Historiography\"],\"articleSection\":[\"Actualit\u00e9\",\"Nouvelles publications\"],\"inLanguage\":\"fr-FR\"},{\"@type\":\"WebPage\",\"@id\":\"https:\/\/www.sgeaj.ch\/fr\/actualite\/bronislaw-baczko-un-ouvrage-de-synthese\/\",\"url\":\"https:\/\/www.sgeaj.ch\/fr\/actualite\/bronislaw-baczko-un-ouvrage-de-synthese\/\",\"name\":\"Bronislaw Baczko : un ouvrage de synth\u00e8se - Schweizerische Gesellschaft f\u00fcr die Erforschung des 18. Jahrhunderts (SGEAJ - SSEDS)\",\"isPartOf\":{\"@id\":\"https:\/\/www.sgeaj.ch\/fr\/#website\"},\"primaryImageOfPage\":{\"@id\":\"https:\/\/www.sgeaj.ch\/fr\/actualite\/bronislaw-baczko-un-ouvrage-de-synthese\/#primaryimage\"},\"image\":{\"@id\":\"https:\/\/www.sgeaj.ch\/fr\/actualite\/bronislaw-baczko-un-ouvrage-de-synthese\/#primaryimage\"},\"thumbnailUrl\":\"https:\/\/www.sgeaj.ch\/wp-content\/uploads\/2024\/12\/abecedaire-baczko-couverture-e1734614328701.jpg\",\"datePublished\":\"2024-12-19T13:20:01+00:00\",\"dateModified\":\"2024-12-19T13:30:25+00:00\",\"inLanguage\":\"fr-FR\",\"potentialAction\":[{\"@type\":\"ReadAction\",\"target\":[\"https:\/\/www.sgeaj.ch\/fr\/actualite\/bronislaw-baczko-un-ouvrage-de-synthese\/\"]}]},{\"@type\":\"ImageObject\",\"inLanguage\":\"fr-FR\",\"@id\":\"https:\/\/www.sgeaj.ch\/fr\/actualite\/bronislaw-baczko-un-ouvrage-de-synthese\/#primaryimage\",\"url\":\"https:\/\/www.sgeaj.ch\/wp-content\/uploads\/2024\/12\/abecedaire-baczko-couverture-e1734614328701.jpg\",\"contentUrl\":\"https:\/\/www.sgeaj.ch\/wp-content\/uploads\/2024\/12\/abecedaire-baczko-couverture-e1734614328701.jpg\",\"width\":734,\"height\":1200},{\"@type\":\"WebSite\",\"@id\":\"https:\/\/www.sgeaj.ch\/fr\/#website\",\"url\":\"https:\/\/www.sgeaj.ch\/fr\/\",\"name\":\"Schweizerische Gesellschaft f\u00fcr die Erforschung des 18. Jahrhunderts (SGEAJ - SSEDS)\",\"description\":\"Schweizerische Gesellschaft f\u00fcr die Erforschung des 18. Jahrhunderts\",\"publisher\":{\"@id\":\"https:\/\/www.sgeaj.ch\/fr\/#organization\"},\"potentialAction\":[{\"@type\":\"SearchAction\",\"target\":{\"@type\":\"EntryPoint\",\"urlTemplate\":\"https:\/\/www.sgeaj.ch\/fr\/?s={search_term_string}\"},\"query-input\":{\"@type\":\"PropertyValueSpecification\",\"valueRequired\":true,\"valueName\":\"search_term_string\"}}],\"inLanguage\":\"fr-FR\"},{\"@type\":\"Organization\",\"@id\":\"https:\/\/www.sgeaj.ch\/fr\/#organization\",\"name\":\"Schweizerische Gesellschaft f\u00fcr die Erforschung des 18. Jahrhunderts (SGEAJ - SSEDS)\",\"url\":\"https:\/\/www.sgeaj.ch\/fr\/\",\"logo\":{\"@type\":\"ImageObject\",\"inLanguage\":\"fr-FR\",\"@id\":\"https:\/\/www.sgeaj.ch\/fr\/#\/schema\/logo\/image\/\",\"url\":\"https:\/\/www.sgeaj.ch\/wp-content\/uploads\/2021\/06\/cropped-logo-xviiies-horiz-abreuviations-bleues.png\",\"contentUrl\":\"https:\/\/www.sgeaj.ch\/wp-content\/uploads\/2021\/06\/cropped-logo-xviiies-horiz-abreuviations-bleues.png\",\"width\":659,\"height\":335,\"caption\":\"Schweizerische Gesellschaft f\u00fcr die Erforschung des 18. Jahrhunderts (SGEAJ - SSEDS)\"},\"image\":{\"@id\":\"https:\/\/www.sgeaj.ch\/fr\/#\/schema\/logo\/image\/\"}},{\"@type\":\"Person\",\"@id\":\"https:\/\/www.sgeaj.ch\/fr\/#\/schema\/person\/f9930dca12b3bd252d469f244e700c60\",\"name\":\"Mich\u00e8le Steiner\",\"url\":\"https:\/\/www.sgeaj.ch\/fr\/author\/msteiner\/\"}]}<\/script>\n<!-- \/ Yoast SEO plugin. -->","yoast_head_json":{"title":"Bronislaw Baczko : un ouvrage de synth\u00e8se - Schweizerische Gesellschaft f\u00fcr die Erforschung des 18. Jahrhunderts (SGEAJ - SSEDS)","robots":{"index":"index","follow":"follow","max-snippet":"max-snippet:-1","max-image-preview":"max-image-preview:large","max-video-preview":"max-video-preview:-1"},"canonical":"https:\/\/www.sgeaj.ch\/fr\/actualite\/bronislaw-baczko-un-ouvrage-de-synthese\/","twitter_misc":{"\u00c9crit par":"Mich\u00e8le Steiner","Dur\u00e9e de lecture estim\u00e9e":"2 minutes"},"schema":{"@context":"https:\/\/schema.org","@graph":[{"@type":"Article","@id":"https:\/\/www.sgeaj.ch\/fr\/actualite\/bronislaw-baczko-un-ouvrage-de-synthese\/#article","isPartOf":{"@id":"https:\/\/www.sgeaj.ch\/fr\/actualite\/bronislaw-baczko-un-ouvrage-de-synthese\/"},"author":{"name":"Mich\u00e8le Steiner","@id":"https:\/\/www.sgeaj.ch\/fr\/#\/schema\/person\/f9930dca12b3bd252d469f244e700c60"},"headline":"Bronislaw Baczko : un ouvrage de synth\u00e8se","datePublished":"2024-12-19T13:20:01+00:00","dateModified":"2024-12-19T13:30:25+00:00","mainEntityOfPage":{"@id":"https:\/\/www.sgeaj.ch\/fr\/actualite\/bronislaw-baczko-un-ouvrage-de-synthese\/"},"wordCount":240,"publisher":{"@id":"https:\/\/www.sgeaj.ch\/fr\/#organization"},"image":{"@id":"https:\/\/www.sgeaj.ch\/fr\/actualite\/bronislaw-baczko-un-ouvrage-de-synthese\/#primaryimage"},"thumbnailUrl":"https:\/\/www.sgeaj.ch\/wp-content\/uploads\/2024\/12\/abecedaire-baczko-couverture-e1734614328701.jpg","keywords":["Enlightenment","French Revolution","Historiography"],"articleSection":["Actualit\u00e9","Nouvelles publications"],"inLanguage":"fr-FR"},{"@type":"WebPage","@id":"https:\/\/www.sgeaj.ch\/fr\/actualite\/bronislaw-baczko-un-ouvrage-de-synthese\/","url":"https:\/\/www.sgeaj.ch\/fr\/actualite\/bronislaw-baczko-un-ouvrage-de-synthese\/","name":"Bronislaw Baczko : un ouvrage de synth\u00e8se - Schweizerische Gesellschaft f\u00fcr die Erforschung des 18. Jahrhunderts (SGEAJ - SSEDS)","isPartOf":{"@id":"https:\/\/www.sgeaj.ch\/fr\/#website"},"primaryImageOfPage":{"@id":"https:\/\/www.sgeaj.ch\/fr\/actualite\/bronislaw-baczko-un-ouvrage-de-synthese\/#primaryimage"},"image":{"@id":"https:\/\/www.sgeaj.ch\/fr\/actualite\/bronislaw-baczko-un-ouvrage-de-synthese\/#primaryimage"},"thumbnailUrl":"https:\/\/www.sgeaj.ch\/wp-content\/uploads\/2024\/12\/abecedaire-baczko-couverture-e1734614328701.jpg","datePublished":"2024-12-19T13:20:01+00:00","dateModified":"2024-12-19T13:30:25+00:00","inLanguage":"fr-FR","potentialAction":[{"@type":"ReadAction","target":["https:\/\/www.sgeaj.ch\/fr\/actualite\/bronislaw-baczko-un-ouvrage-de-synthese\/"]}]},{"@type":"ImageObject","inLanguage":"fr-FR","@id":"https:\/\/www.sgeaj.ch\/fr\/actualite\/bronislaw-baczko-un-ouvrage-de-synthese\/#primaryimage","url":"https:\/\/www.sgeaj.ch\/wp-content\/uploads\/2024\/12\/abecedaire-baczko-couverture-e1734614328701.jpg","contentUrl":"https:\/\/www.sgeaj.ch\/wp-content\/uploads\/2024\/12\/abecedaire-baczko-couverture-e1734614328701.jpg","width":734,"height":1200},{"@type":"WebSite","@id":"https:\/\/www.sgeaj.ch\/fr\/#website","url":"https:\/\/www.sgeaj.ch\/fr\/","name":"Schweizerische Gesellschaft f\u00fcr die Erforschung des 18. Jahrhunderts (SGEAJ - SSEDS)","description":"Schweizerische Gesellschaft f\u00fcr die Erforschung des 18. Jahrhunderts","publisher":{"@id":"https:\/\/www.sgeaj.ch\/fr\/#organization"},"potentialAction":[{"@type":"SearchAction","target":{"@type":"EntryPoint","urlTemplate":"https:\/\/www.sgeaj.ch\/fr\/?s={search_term_string}"},"query-input":{"@type":"PropertyValueSpecification","valueRequired":true,"valueName":"search_term_string"}}],"inLanguage":"fr-FR"},{"@type":"Organization","@id":"https:\/\/www.sgeaj.ch\/fr\/#organization","name":"Schweizerische Gesellschaft f\u00fcr die Erforschung des 18. Jahrhunderts (SGEAJ - SSEDS)","url":"https:\/\/www.sgeaj.ch\/fr\/","logo":{"@type":"ImageObject","inLanguage":"fr-FR","@id":"https:\/\/www.sgeaj.ch\/fr\/#\/schema\/logo\/image\/","url":"https:\/\/www.sgeaj.ch\/wp-content\/uploads\/2021\/06\/cropped-logo-xviiies-horiz-abreuviations-bleues.png","contentUrl":"https:\/\/www.sgeaj.ch\/wp-content\/uploads\/2021\/06\/cropped-logo-xviiies-horiz-abreuviations-bleues.png","width":659,"height":335,"caption":"Schweizerische Gesellschaft f\u00fcr die Erforschung des 18. Jahrhunderts (SGEAJ - SSEDS)"},"image":{"@id":"https:\/\/www.sgeaj.ch\/fr\/#\/schema\/logo\/image\/"}},{"@type":"Person","@id":"https:\/\/www.sgeaj.ch\/fr\/#\/schema\/person\/f9930dca12b3bd252d469f244e700c60","name":"Mich\u00e8le Steiner","url":"https:\/\/www.sgeaj.ch\/fr\/author\/msteiner\/"}]}},"_links":{"self":[{"href":"https:\/\/www.sgeaj.ch\/fr\/wp-json\/wp\/v2\/posts\/7742","targetHints":{"allow":["GET"]}}],"collection":[{"href":"https:\/\/www.sgeaj.ch\/fr\/wp-json\/wp\/v2\/posts"}],"about":[{"href":"https:\/\/www.sgeaj.ch\/fr\/wp-json\/wp\/v2\/types\/post"}],"author":[{"embeddable":true,"href":"https:\/\/www.sgeaj.ch\/fr\/wp-json\/wp\/v2\/users\/9"}],"replies":[{"embeddable":true,"href":"https:\/\/www.sgeaj.ch\/fr\/wp-json\/wp\/v2\/comments?post=7742"}],"version-history":[{"count":2,"href":"https:\/\/www.sgeaj.ch\/fr\/wp-json\/wp\/v2\/posts\/7742\/revisions"}],"predecessor-version":[{"id":7753,"href":"https:\/\/www.sgeaj.ch\/fr\/wp-json\/wp\/v2\/posts\/7742\/revisions\/7753"}],"wp:featuredmedia":[{"embeddable":true,"href":"https:\/\/www.sgeaj.ch\/fr\/wp-json\/wp\/v2\/media\/7740"}],"wp:attachment":[{"href":"https:\/\/www.sgeaj.ch\/fr\/wp-json\/wp\/v2\/media?parent=7742"}],"wp:term":[{"taxonomy":"category","embeddable":true,"href":"https:\/\/www.sgeaj.ch\/fr\/wp-json\/wp\/v2\/categories?post=7742"},{"taxonomy":"post_tag","embeddable":true,"href":"https:\/\/www.sgeaj.ch\/fr\/wp-json\/wp\/v2\/tags?post=7742"}],"curies":[{"name":"wp","href":"https:\/\/api.w.org\/{rel}","templated":true}]}}