{"id":7765,"date":"2025-01-08T09:04:39","date_gmt":"2025-01-08T08:04:39","guid":{"rendered":"https:\/\/www.sgeaj.ch\/?p=7765"},"modified":"2025-01-08T09:04:41","modified_gmt":"2025-01-08T08:04:41","slug":"cfp-mapping-voltaire","status":"publish","type":"post","link":"https:\/\/www.sgeaj.ch\/fr\/actualite\/cfp-mapping-voltaire\/","title":{"rendered":"CfP: Mapping Voltaire"},"content":{"rendered":"\n<h3 class=\"wp-block-heading\">Call for papers for the international conference \u00ab\u00a0Mapping Voltaire in Portugal and abroad\u00a0\u00bb, organised by the Mapping Voltaire in Portugal and in Portuguese Literature Project and the CLP (Research Centre of Portuguese Literature), to be held in Coimbra, 15<em>\u2013<\/em>16 May 2025. Deadline for submission: 22 March 2025. <\/h3>\n\n\n\n<p>The aim of this international conference is to conclude the project <em><a href=\"https:\/\/cartografarvoltaire.uc.pt\/en\" target=\"_blank\" rel=\"noreferrer noopener\">Mapping Voltaire in Portugal and in Portuguese Literature <em>\u2013<\/em> 18th to 21st centuries<\/a><\/em> by the Centre for Portuguese Literature of the <a href=\"https:\/\/www.uc.pt\/en\" target=\"_blank\" rel=\"noreferrer noopener\">University of Coimbra<\/a>. This event will be structured on two levels of reflection.<\/p>\n\n\n\n<p>On the one hand, the results of the project will be reviewed and disseminated to the larger scientific community. The project will present and make public the open-access database containing the complete corpus of Voltaire&rsquo;s Portuguese translations, as well as the digital anthology associated with each digital entry. At the same time, the contents of <em>Cartographies de Voltaire au Portugal \u2013 XVIIIe-XXIe si\u00e8cle volume<\/em>, soon to be published in \u00ab\u00a0Polen <em>\u2013<\/em> Pouvoirs, lettres, normes\u00a0\u00bb collection, by Classiques Garnier, will be debated for future research perspectives.<\/p>\n\n\n\n<p>On the other hand, the conference intends to extend the conclusion of the project into the future and abroad. The semantics of the adverb opens the thematic axes of this event to other geographies and approaches to reception, with the aim of establishing an international debate around the various enquiries into the reception of Voltaire around the world, in the context, for example, of \u00ab\u00a0Enqu\u00eate 3. The reception of Candide\u00a0\u00bb, launched by the <a href=\"https:\/\/societe-voltaire.org\/enquete3.php\" target=\"_blank\" rel=\"noreferrer noopener\">Soci\u00e9t\u00e9 Voltaire<\/a>. In fact, the specific aims of this project by the Centre for Portuguese Literature of the University of Coimbra (CLP) challenge Voltairean research to explore the intercultural, transhistorical and interpoetic relationships that define the way Voltaire is read and rewritten on different continents, from the eighteenth century to the present day.<\/p>\n\n\n\n<p>Researchers are invited to present papers on four different topics:<\/p>\n\n\n\n<ul class=\"wp-block-list\">\n<li>Voltaire in Portuguese literature and culture: new perspectives<\/li>\n\n\n\n<li>Voltaire and the Enlightenment: fiction(s) and History<\/li>\n\n\n\n<li>Mapping Voltaire around the world: theories and methodologies<\/li>\n\n\n\n<li>Voltaire digital: current and future perspectives<\/li>\n<\/ul>\n\n\n\n<p><strong>Timetable<\/strong><br>22 March 2025: deadline for submitting proposals for papers: abstract (300<em>\u2013<\/em>450 words), keywords (4<em>\u2013<\/em>5), to be sent to <a href=\"mailto:clp@fl.uc.pt\">clp@fl.uc.pt<\/a> [in Portuguese, French or English]<br>20 April 2025: deadline for the scientific committee&rsquo;s response<br>30 April 2025: publication of the conference programme<\/p>\n\n\n\n<p><strong>Keynote speakers<\/strong><br><a href=\"https:\/\/obtic.huma-num.fr\/obvil-web\/obvil\/annuaire\/sylvain-menant\" target=\"_blank\" rel=\"noreferrer noopener\">Sylvain Menant<\/a> (Sorbonne University)<br><a href=\"https:\/\/cellf.cnrs.fr\/membre\/renaud-bret-vitoz\/\" target=\"_blank\" rel=\"noreferrer noopener\">Renaud Bret-Vitoz<\/a> (Sorbonne University)<br><a href=\"http:\/\/lettresmodernes.univ-rouen.fr\/enseignants\/laurence-mace\/\" target=\"_blank\" rel=\"noreferrer noopener\">Laurence Mac\u00e9<\/a> (Rouen Normandie University \u2013 to be confirmed)<br>Dan Barker (Voltaire Foundation)<\/p>\n\n\n\n<p>Organisation Committee: Marta Teixeira Anacleto (Project coordinator), Maria Helena Santana (CLP coordinator), Gabriella Mendes (CLP research fellow), Ana Cl\u00e1udia Pires (CLP research fellow)<\/p>\n\n\n\n<div data-wp-interactive=\"core\/file\" class=\"wp-block-file\"><object data-wp-bind--hidden=\"!state.hasPdfPreview\" hidden class=\"wp-block-file__embed\" data=\"https:\/\/www.sgeaj.ch\/wp-content\/uploads\/2025\/01\/2025-cfp-mapping-voltaire.pdf\" type=\"application\/pdf\" style=\"width:100%;height:600px\" aria-label=\"Contenu embarqu\u00e9 2025_CfP_Mapping Voltaire.\"><\/object><a id=\"wp-block-file--media-50518b1f-86e1-4789-bf6e-3ee75416f123\" href=\"https:\/\/www.sgeaj.ch\/wp-content\/uploads\/2025\/01\/2025-cfp-mapping-voltaire.pdf\">2025_CfP_Mapping Voltaire<\/a><a href=\"https:\/\/www.sgeaj.ch\/wp-content\/uploads\/2025\/01\/2025-cfp-mapping-voltaire.pdf\" class=\"wp-block-file__button wp-element-button\" download aria-describedby=\"wp-block-file--media-50518b1f-86e1-4789-bf6e-3ee75416f123\">Herunterladen<\/a><\/div>\n","protected":false},"excerpt":{"rendered":"<p>Call for papers for the international conference \u00ab\u00a0Mapping Voltaire in Portugal and abroad\u00a0\u00bb, organised by the Mapping Voltaire in Portugal and in Portuguese Literature Project and the CLP (Research Centre of Portuguese Literature), to be held in Coimbra, 15\u201316 May 2025. Deadline for submission: 22 March 2025. The aim of this international conference is to [&hellip;]<\/p>\n","protected":false},"author":9,"featured_media":7763,"comment_status":"closed","ping_status":"open","sticky":false,"template":"","format":"standard","meta":{"footnotes":""},"categories":[42,26],"tags":[67,164,90,165],"class_list":{"0":"post-7765","1":"post","2":"type-post","3":"status-publish","4":"format-standard","5":"has-post-thumbnail","7":"category-actualite","8":"category-call-for-papers-fr","9":"tag-enlightenment-fr","10":"tag-literature-fr","11":"tag-networks-fr","12":"tag-portugal-fr","13":"czr-hentry"},"yoast_head":"<!-- This site is optimized with the Yoast SEO plugin v26.9 - https:\/\/yoast.com\/product\/yoast-seo-wordpress\/ -->\n<title>CfP: Mapping Voltaire - Schweizerische Gesellschaft f\u00fcr die Erforschung des 18. Jahrhunderts (SGEAJ - SSEDS)<\/title>\n<meta name=\"robots\" content=\"index, follow, max-snippet:-1, max-image-preview:large, max-video-preview:-1\" \/>\n<link rel=\"canonical\" href=\"https:\/\/www.sgeaj.ch\/fr\/actualite\/cfp-mapping-voltaire\/\" \/>\n<meta name=\"twitter:label1\" content=\"\u00c9crit par\" \/>\n\t<meta name=\"twitter:data1\" content=\"Mich\u00e8le Steiner\" \/>\n\t<meta name=\"twitter:label2\" content=\"Dur\u00e9e de lecture estim\u00e9e\" \/>\n\t<meta name=\"twitter:data2\" content=\"3 minutes\" \/>\n<script type=\"application\/ld+json\" class=\"yoast-schema-graph\">{\"@context\":\"https:\/\/schema.org\",\"@graph\":[{\"@type\":\"Article\",\"@id\":\"https:\/\/www.sgeaj.ch\/fr\/actualite\/cfp-mapping-voltaire\/#article\",\"isPartOf\":{\"@id\":\"https:\/\/www.sgeaj.ch\/fr\/actualite\/cfp-mapping-voltaire\/\"},\"author\":{\"name\":\"Mich\u00e8le Steiner\",\"@id\":\"https:\/\/www.sgeaj.ch\/fr\/#\/schema\/person\/f9930dca12b3bd252d469f244e700c60\"},\"headline\":\"CfP: Mapping Voltaire\",\"datePublished\":\"2025-01-08T08:04:39+00:00\",\"dateModified\":\"2025-01-08T08:04:41+00:00\",\"mainEntityOfPage\":{\"@id\":\"https:\/\/www.sgeaj.ch\/fr\/actualite\/cfp-mapping-voltaire\/\"},\"wordCount\":430,\"publisher\":{\"@id\":\"https:\/\/www.sgeaj.ch\/fr\/#organization\"},\"image\":{\"@id\":\"https:\/\/www.sgeaj.ch\/fr\/actualite\/cfp-mapping-voltaire\/#primaryimage\"},\"thumbnailUrl\":\"https:\/\/www.sgeaj.ch\/wp-content\/uploads\/2025\/01\/atelier-de-nicolas-de-largilliere-portrait-de-voltaire-detail-musee-carnavalet-001-e1736323267789.jpg\",\"keywords\":[\"Enlightenment\",\"Literature\",\"Networks\",\"Portugal\"],\"articleSection\":[\"Actualit\u00e9\",\"Call for Papers\"],\"inLanguage\":\"fr-FR\"},{\"@type\":\"WebPage\",\"@id\":\"https:\/\/www.sgeaj.ch\/fr\/actualite\/cfp-mapping-voltaire\/\",\"url\":\"https:\/\/www.sgeaj.ch\/fr\/actualite\/cfp-mapping-voltaire\/\",\"name\":\"CfP: Mapping Voltaire - Schweizerische Gesellschaft f\u00fcr die Erforschung des 18. Jahrhunderts (SGEAJ - SSEDS)\",\"isPartOf\":{\"@id\":\"https:\/\/www.sgeaj.ch\/fr\/#website\"},\"primaryImageOfPage\":{\"@id\":\"https:\/\/www.sgeaj.ch\/fr\/actualite\/cfp-mapping-voltaire\/#primaryimage\"},\"image\":{\"@id\":\"https:\/\/www.sgeaj.ch\/fr\/actualite\/cfp-mapping-voltaire\/#primaryimage\"},\"thumbnailUrl\":\"https:\/\/www.sgeaj.ch\/wp-content\/uploads\/2025\/01\/atelier-de-nicolas-de-largilliere-portrait-de-voltaire-detail-musee-carnavalet-001-e1736323267789.jpg\",\"datePublished\":\"2025-01-08T08:04:39+00:00\",\"dateModified\":\"2025-01-08T08:04:41+00:00\",\"inLanguage\":\"fr-FR\",\"potentialAction\":[{\"@type\":\"ReadAction\",\"target\":[\"https:\/\/www.sgeaj.ch\/fr\/actualite\/cfp-mapping-voltaire\/\"]}]},{\"@type\":\"ImageObject\",\"inLanguage\":\"fr-FR\",\"@id\":\"https:\/\/www.sgeaj.ch\/fr\/actualite\/cfp-mapping-voltaire\/#primaryimage\",\"url\":\"https:\/\/www.sgeaj.ch\/wp-content\/uploads\/2025\/01\/atelier-de-nicolas-de-largilliere-portrait-de-voltaire-detail-musee-carnavalet-001-e1736323267789.jpg\",\"contentUrl\":\"https:\/\/www.sgeaj.ch\/wp-content\/uploads\/2025\/01\/atelier-de-nicolas-de-largilliere-portrait-de-voltaire-detail-musee-carnavalet-001-e1736323267789.jpg\",\"width\":1638,\"height\":2047,\"caption\":\"Largillierre, Nicolas de (1656-10-10 - 1746-03-20), Portrait de Voltaire (1694-1778) en 1718, 1718. Huile sur toile. Mus\u00e9e Carnavalet, Histoire de Paris.\"},{\"@type\":\"WebSite\",\"@id\":\"https:\/\/www.sgeaj.ch\/fr\/#website\",\"url\":\"https:\/\/www.sgeaj.ch\/fr\/\",\"name\":\"Schweizerische Gesellschaft f\u00fcr die Erforschung des 18. Jahrhunderts (SGEAJ - SSEDS)\",\"description\":\"Schweizerische Gesellschaft f\u00fcr die Erforschung des 18. Jahrhunderts\",\"publisher\":{\"@id\":\"https:\/\/www.sgeaj.ch\/fr\/#organization\"},\"potentialAction\":[{\"@type\":\"SearchAction\",\"target\":{\"@type\":\"EntryPoint\",\"urlTemplate\":\"https:\/\/www.sgeaj.ch\/fr\/?s={search_term_string}\"},\"query-input\":{\"@type\":\"PropertyValueSpecification\",\"valueRequired\":true,\"valueName\":\"search_term_string\"}}],\"inLanguage\":\"fr-FR\"},{\"@type\":\"Organization\",\"@id\":\"https:\/\/www.sgeaj.ch\/fr\/#organization\",\"name\":\"Schweizerische Gesellschaft f\u00fcr die Erforschung des 18. Jahrhunderts (SGEAJ - SSEDS)\",\"url\":\"https:\/\/www.sgeaj.ch\/fr\/\",\"logo\":{\"@type\":\"ImageObject\",\"inLanguage\":\"fr-FR\",\"@id\":\"https:\/\/www.sgeaj.ch\/fr\/#\/schema\/logo\/image\/\",\"url\":\"https:\/\/www.sgeaj.ch\/wp-content\/uploads\/2021\/06\/cropped-logo-xviiies-horiz-abreuviations-bleues.png\",\"contentUrl\":\"https:\/\/www.sgeaj.ch\/wp-content\/uploads\/2021\/06\/cropped-logo-xviiies-horiz-abreuviations-bleues.png\",\"width\":659,\"height\":335,\"caption\":\"Schweizerische Gesellschaft f\u00fcr die Erforschung des 18. Jahrhunderts (SGEAJ - SSEDS)\"},\"image\":{\"@id\":\"https:\/\/www.sgeaj.ch\/fr\/#\/schema\/logo\/image\/\"}},{\"@type\":\"Person\",\"@id\":\"https:\/\/www.sgeaj.ch\/fr\/#\/schema\/person\/f9930dca12b3bd252d469f244e700c60\",\"name\":\"Mich\u00e8le Steiner\",\"url\":\"https:\/\/www.sgeaj.ch\/fr\/author\/msteiner\/\"}]}<\/script>\n<!-- \/ Yoast SEO plugin. -->","yoast_head_json":{"title":"CfP: Mapping Voltaire - Schweizerische Gesellschaft f\u00fcr die Erforschung des 18. Jahrhunderts (SGEAJ - SSEDS)","robots":{"index":"index","follow":"follow","max-snippet":"max-snippet:-1","max-image-preview":"max-image-preview:large","max-video-preview":"max-video-preview:-1"},"canonical":"https:\/\/www.sgeaj.ch\/fr\/actualite\/cfp-mapping-voltaire\/","twitter_misc":{"\u00c9crit par":"Mich\u00e8le Steiner","Dur\u00e9e de lecture estim\u00e9e":"3 minutes"},"schema":{"@context":"https:\/\/schema.org","@graph":[{"@type":"Article","@id":"https:\/\/www.sgeaj.ch\/fr\/actualite\/cfp-mapping-voltaire\/#article","isPartOf":{"@id":"https:\/\/www.sgeaj.ch\/fr\/actualite\/cfp-mapping-voltaire\/"},"author":{"name":"Mich\u00e8le Steiner","@id":"https:\/\/www.sgeaj.ch\/fr\/#\/schema\/person\/f9930dca12b3bd252d469f244e700c60"},"headline":"CfP: Mapping Voltaire","datePublished":"2025-01-08T08:04:39+00:00","dateModified":"2025-01-08T08:04:41+00:00","mainEntityOfPage":{"@id":"https:\/\/www.sgeaj.ch\/fr\/actualite\/cfp-mapping-voltaire\/"},"wordCount":430,"publisher":{"@id":"https:\/\/www.sgeaj.ch\/fr\/#organization"},"image":{"@id":"https:\/\/www.sgeaj.ch\/fr\/actualite\/cfp-mapping-voltaire\/#primaryimage"},"thumbnailUrl":"https:\/\/www.sgeaj.ch\/wp-content\/uploads\/2025\/01\/atelier-de-nicolas-de-largilliere-portrait-de-voltaire-detail-musee-carnavalet-001-e1736323267789.jpg","keywords":["Enlightenment","Literature","Networks","Portugal"],"articleSection":["Actualit\u00e9","Call for Papers"],"inLanguage":"fr-FR"},{"@type":"WebPage","@id":"https:\/\/www.sgeaj.ch\/fr\/actualite\/cfp-mapping-voltaire\/","url":"https:\/\/www.sgeaj.ch\/fr\/actualite\/cfp-mapping-voltaire\/","name":"CfP: Mapping Voltaire - Schweizerische Gesellschaft f\u00fcr die Erforschung des 18. Jahrhunderts (SGEAJ - SSEDS)","isPartOf":{"@id":"https:\/\/www.sgeaj.ch\/fr\/#website"},"primaryImageOfPage":{"@id":"https:\/\/www.sgeaj.ch\/fr\/actualite\/cfp-mapping-voltaire\/#primaryimage"},"image":{"@id":"https:\/\/www.sgeaj.ch\/fr\/actualite\/cfp-mapping-voltaire\/#primaryimage"},"thumbnailUrl":"https:\/\/www.sgeaj.ch\/wp-content\/uploads\/2025\/01\/atelier-de-nicolas-de-largilliere-portrait-de-voltaire-detail-musee-carnavalet-001-e1736323267789.jpg","datePublished":"2025-01-08T08:04:39+00:00","dateModified":"2025-01-08T08:04:41+00:00","inLanguage":"fr-FR","potentialAction":[{"@type":"ReadAction","target":["https:\/\/www.sgeaj.ch\/fr\/actualite\/cfp-mapping-voltaire\/"]}]},{"@type":"ImageObject","inLanguage":"fr-FR","@id":"https:\/\/www.sgeaj.ch\/fr\/actualite\/cfp-mapping-voltaire\/#primaryimage","url":"https:\/\/www.sgeaj.ch\/wp-content\/uploads\/2025\/01\/atelier-de-nicolas-de-largilliere-portrait-de-voltaire-detail-musee-carnavalet-001-e1736323267789.jpg","contentUrl":"https:\/\/www.sgeaj.ch\/wp-content\/uploads\/2025\/01\/atelier-de-nicolas-de-largilliere-portrait-de-voltaire-detail-musee-carnavalet-001-e1736323267789.jpg","width":1638,"height":2047,"caption":"Largillierre, Nicolas de (1656-10-10 - 1746-03-20), Portrait de Voltaire (1694-1778) en 1718, 1718. Huile sur toile. Mus\u00e9e Carnavalet, Histoire de Paris."},{"@type":"WebSite","@id":"https:\/\/www.sgeaj.ch\/fr\/#website","url":"https:\/\/www.sgeaj.ch\/fr\/","name":"Schweizerische Gesellschaft f\u00fcr die Erforschung des 18. Jahrhunderts (SGEAJ - SSEDS)","description":"Schweizerische Gesellschaft f\u00fcr die Erforschung des 18. Jahrhunderts","publisher":{"@id":"https:\/\/www.sgeaj.ch\/fr\/#organization"},"potentialAction":[{"@type":"SearchAction","target":{"@type":"EntryPoint","urlTemplate":"https:\/\/www.sgeaj.ch\/fr\/?s={search_term_string}"},"query-input":{"@type":"PropertyValueSpecification","valueRequired":true,"valueName":"search_term_string"}}],"inLanguage":"fr-FR"},{"@type":"Organization","@id":"https:\/\/www.sgeaj.ch\/fr\/#organization","name":"Schweizerische Gesellschaft f\u00fcr die Erforschung des 18. Jahrhunderts (SGEAJ - SSEDS)","url":"https:\/\/www.sgeaj.ch\/fr\/","logo":{"@type":"ImageObject","inLanguage":"fr-FR","@id":"https:\/\/www.sgeaj.ch\/fr\/#\/schema\/logo\/image\/","url":"https:\/\/www.sgeaj.ch\/wp-content\/uploads\/2021\/06\/cropped-logo-xviiies-horiz-abreuviations-bleues.png","contentUrl":"https:\/\/www.sgeaj.ch\/wp-content\/uploads\/2021\/06\/cropped-logo-xviiies-horiz-abreuviations-bleues.png","width":659,"height":335,"caption":"Schweizerische Gesellschaft f\u00fcr die Erforschung des 18. Jahrhunderts (SGEAJ - SSEDS)"},"image":{"@id":"https:\/\/www.sgeaj.ch\/fr\/#\/schema\/logo\/image\/"}},{"@type":"Person","@id":"https:\/\/www.sgeaj.ch\/fr\/#\/schema\/person\/f9930dca12b3bd252d469f244e700c60","name":"Mich\u00e8le Steiner","url":"https:\/\/www.sgeaj.ch\/fr\/author\/msteiner\/"}]}},"_links":{"self":[{"href":"https:\/\/www.sgeaj.ch\/fr\/wp-json\/wp\/v2\/posts\/7765","targetHints":{"allow":["GET"]}}],"collection":[{"href":"https:\/\/www.sgeaj.ch\/fr\/wp-json\/wp\/v2\/posts"}],"about":[{"href":"https:\/\/www.sgeaj.ch\/fr\/wp-json\/wp\/v2\/types\/post"}],"author":[{"embeddable":true,"href":"https:\/\/www.sgeaj.ch\/fr\/wp-json\/wp\/v2\/users\/9"}],"replies":[{"embeddable":true,"href":"https:\/\/www.sgeaj.ch\/fr\/wp-json\/wp\/v2\/comments?post=7765"}],"version-history":[{"count":2,"href":"https:\/\/www.sgeaj.ch\/fr\/wp-json\/wp\/v2\/posts\/7765\/revisions"}],"predecessor-version":[{"id":7768,"href":"https:\/\/www.sgeaj.ch\/fr\/wp-json\/wp\/v2\/posts\/7765\/revisions\/7768"}],"wp:featuredmedia":[{"embeddable":true,"href":"https:\/\/www.sgeaj.ch\/fr\/wp-json\/wp\/v2\/media\/7763"}],"wp:attachment":[{"href":"https:\/\/www.sgeaj.ch\/fr\/wp-json\/wp\/v2\/media?parent=7765"}],"wp:term":[{"taxonomy":"category","embeddable":true,"href":"https:\/\/www.sgeaj.ch\/fr\/wp-json\/wp\/v2\/categories?post=7765"},{"taxonomy":"post_tag","embeddable":true,"href":"https:\/\/www.sgeaj.ch\/fr\/wp-json\/wp\/v2\/tags?post=7765"}],"curies":[{"name":"wp","href":"https:\/\/api.w.org\/{rel}","templated":true}]}}