{"id":7774,"date":"2025-01-21T08:48:07","date_gmt":"2025-01-21T07:48:07","guid":{"rendered":"https:\/\/www.sgeaj.ch\/?p=7774"},"modified":"2025-01-21T08:52:27","modified_gmt":"2025-01-21T07:52:27","slug":"cfp-rethinking-the-origins-of-political-economy","status":"publish","type":"post","link":"https:\/\/www.sgeaj.ch\/fr\/actualite\/cfp-rethinking-the-origins-of-political-economy\/","title":{"rendered":"CfP: Rethinking the Origins of Political Economy"},"content":{"rendered":"\n<h3 class=\"wp-block-heading\"><a href=\"https:\/\/turinhumanitiesprogramme.fondazione1563.it\/research-projects\/research-project-2024\/\">Fondazione 1563<\/a> is now pleased to launch the fifth call for applications to award up to 4 two-year post-doctoral fellowships for advanced studies on \u00ab\u00a0Rethinking the Origins of Political Economy in the European World: Needs, Justice, and the Wealth of Nations\u00a0\u00bb. Deadline for Submission: 17 February 2025, 12:00 PM (CET). <\/h3>\n\n\n\n<p>Candidates are invited to propose projects addressing any aspect of the cultural, economic, political, social, and intellectual implications of the evolving relationship between human needs, rights, and the commercialization of society in the long eighteenth century. The broader objective of the project is not merely to deepen our understanding of the origins of political economy as a historical phenomenon, but to examine the diverse historical canons through which it was shaped and the processes of international competition, emulation, and translation that enriched and transformed its development. Proposals should engage thoughtfully with the complex and often contentious dimensions of this history, recognizing its enduring significance for contemporary debates and practices.<\/p>\n\n\n\n<p>Applicants are invited to submit research project proposals of a maximum of 3000 words, plus bibliography. Projects are expected to engage with one or more aspects of the general research framework Rethinking the Origins of Political Economy in the European World: Needs, Justice, and the Wealth of Nations. Each of the 4 Fellowships consists of an overall grant of \u20ac 60.000 (before taxes) to be paid according to the Terms and Conditions. The grant covers a period of two years, from November 1, 2025 to October 31, 2027. These grants may not be held in conjunction with any other award. For any further information on the grants please refer to the following website <a href=\"https:\/\/www.fondazione1563.it\/progetti\/en-thp-2024\/\" target=\"_blank\" rel=\"noreferrer noopener\">THP Terms and Conditions of Grant<\/a>. <\/p>\n\n\n\n<p>The Director of Studies for this programme (2025-2027) will be <a href=\"https:\/\/history.fas.harvard.edu\/people\/sophus-reinert\" target=\"_blank\" rel=\"noreferrer noopener\">Sophus Reinert<\/a>, T.J. Dermot Dunphy Professor of Business Administration and of History in the Business, Government, and the International Economy Unit at Harvard Business School and in the History Department and Harvard University.<\/p>\n\n\n\n<p>Fondazione 1563 per l\u2019Arte e la Cultura della Compagnia di San Paolo has since 2013 supported research and advanced training in the field of the humanities. In a wider effort to pursue this goal, in 2020 Fondazione 1563 has launched the <a href=\"https:\/\/www.fondazione1563.it\/ricerca\/en-turin-humanities-programme\/\">Turin Humanities Programme<\/a><strong>,<\/strong> a research initiative that allows junior scholars to work on interrelated research projects under the guidance of especially appointed Senior Fellows. THP aims at promoting two-year research projects about relevant global history topics.<\/p>\n\n\n\n<p>For information and questions please email: <a href=\"mailto:info@fondazione1563.it\">info@fondazione1563.it<\/a>.<\/p>\n\n\n\n<div data-wp-interactive=\"core\/file\" class=\"wp-block-file\"><object data-wp-bind--hidden=\"!state.hasPdfPreview\" hidden class=\"wp-block-file__embed\" data=\"https:\/\/www.sgeaj.ch\/wp-content\/uploads\/2025\/01\/2025-thp-call-2025-2027.pdf\" type=\"application\/pdf\" style=\"width:100%;height:600px\" aria-label=\"Contenu embarqu\u00e9 2025_THP_Call_2025-2027.\"><\/object><a id=\"wp-block-file--media-7681457a-36d7-405d-bfde-637ee8bf22ea\" href=\"https:\/\/www.sgeaj.ch\/wp-content\/uploads\/2025\/01\/2025-thp-call-2025-2027.pdf\">2025_THP_Call_2025-2027<\/a><a href=\"https:\/\/www.sgeaj.ch\/wp-content\/uploads\/2025\/01\/2025-thp-call-2025-2027.pdf\" class=\"wp-block-file__button wp-element-button\" download aria-describedby=\"wp-block-file--media-7681457a-36d7-405d-bfde-637ee8bf22ea\">Herunterladen<\/a><\/div>\n","protected":false},"excerpt":{"rendered":"<p>Fondazione 1563 is now pleased to launch the fifth call for applications to award up to 4 two-year post-doctoral fellowships for advanced studies on \u00ab\u00a0Rethinking the Origins of Political Economy in the European World: Needs, Justice, and the Wealth of Nations\u00a0\u00bb. Deadline for Submission: 17 February 2025, 12:00 PM (CET). Candidates are invited to propose [&hellip;]<\/p>\n","protected":false},"author":9,"featured_media":7772,"comment_status":"closed","ping_status":"open","sticky":false,"template":"","format":"standard","meta":{"footnotes":""},"categories":[42,26],"tags":[60,147],"class_list":{"0":"post-7774","1":"post","2":"type-post","3":"status-publish","4":"format-standard","5":"has-post-thumbnail","7":"category-actualite","8":"category-call-for-papers-fr","9":"tag-call-for-papers-fr","10":"tag-economy-fr","11":"czr-hentry"},"yoast_head":"<!-- This site is optimized with the Yoast SEO plugin v26.9 - https:\/\/yoast.com\/product\/yoast-seo-wordpress\/ -->\n<title>CfP: Rethinking the Origins of Political Economy - Schweizerische Gesellschaft f\u00fcr die Erforschung des 18. Jahrhunderts (SGEAJ - SSEDS)<\/title>\n<meta name=\"robots\" content=\"index, follow, max-snippet:-1, max-image-preview:large, max-video-preview:-1\" \/>\n<link rel=\"canonical\" href=\"https:\/\/www.sgeaj.ch\/fr\/actualite\/cfp-rethinking-the-origins-of-political-economy\/\" \/>\n<meta name=\"twitter:label1\" content=\"\u00c9crit par\" \/>\n\t<meta name=\"twitter:data1\" content=\"Mich\u00e8le Steiner\" \/>\n\t<meta name=\"twitter:label2\" content=\"Dur\u00e9e de lecture estim\u00e9e\" \/>\n\t<meta name=\"twitter:data2\" content=\"3 minutes\" \/>\n<script type=\"application\/ld+json\" class=\"yoast-schema-graph\">{\"@context\":\"https:\/\/schema.org\",\"@graph\":[{\"@type\":\"Article\",\"@id\":\"https:\/\/www.sgeaj.ch\/fr\/actualite\/cfp-rethinking-the-origins-of-political-economy\/#article\",\"isPartOf\":{\"@id\":\"https:\/\/www.sgeaj.ch\/fr\/actualite\/cfp-rethinking-the-origins-of-political-economy\/\"},\"author\":{\"name\":\"Mich\u00e8le Steiner\",\"@id\":\"https:\/\/www.sgeaj.ch\/fr\/#\/schema\/person\/f9930dca12b3bd252d469f244e700c60\"},\"headline\":\"CfP: Rethinking the Origins of Political Economy\",\"datePublished\":\"2025-01-21T07:48:07+00:00\",\"dateModified\":\"2025-01-21T07:52:27+00:00\",\"mainEntityOfPage\":{\"@id\":\"https:\/\/www.sgeaj.ch\/fr\/actualite\/cfp-rethinking-the-origins-of-political-economy\/\"},\"wordCount\":403,\"publisher\":{\"@id\":\"https:\/\/www.sgeaj.ch\/fr\/#organization\"},\"image\":{\"@id\":\"https:\/\/www.sgeaj.ch\/fr\/actualite\/cfp-rethinking-the-origins-of-political-economy\/#primaryimage\"},\"thumbnailUrl\":\"https:\/\/www.sgeaj.ch\/wp-content\/uploads\/2025\/01\/240121-turin-humanities-programme.png\",\"keywords\":[\"Call for Papers\",\"Economy\"],\"articleSection\":[\"Actualit\u00e9\",\"Call for Papers\"],\"inLanguage\":\"fr-FR\"},{\"@type\":\"WebPage\",\"@id\":\"https:\/\/www.sgeaj.ch\/fr\/actualite\/cfp-rethinking-the-origins-of-political-economy\/\",\"url\":\"https:\/\/www.sgeaj.ch\/fr\/actualite\/cfp-rethinking-the-origins-of-political-economy\/\",\"name\":\"CfP: Rethinking the Origins of Political Economy - Schweizerische Gesellschaft f\u00fcr die Erforschung des 18. Jahrhunderts (SGEAJ - SSEDS)\",\"isPartOf\":{\"@id\":\"https:\/\/www.sgeaj.ch\/fr\/#website\"},\"primaryImageOfPage\":{\"@id\":\"https:\/\/www.sgeaj.ch\/fr\/actualite\/cfp-rethinking-the-origins-of-political-economy\/#primaryimage\"},\"image\":{\"@id\":\"https:\/\/www.sgeaj.ch\/fr\/actualite\/cfp-rethinking-the-origins-of-political-economy\/#primaryimage\"},\"thumbnailUrl\":\"https:\/\/www.sgeaj.ch\/wp-content\/uploads\/2025\/01\/240121-turin-humanities-programme.png\",\"datePublished\":\"2025-01-21T07:48:07+00:00\",\"dateModified\":\"2025-01-21T07:52:27+00:00\",\"inLanguage\":\"fr-FR\",\"potentialAction\":[{\"@type\":\"ReadAction\",\"target\":[\"https:\/\/www.sgeaj.ch\/fr\/actualite\/cfp-rethinking-the-origins-of-political-economy\/\"]}]},{\"@type\":\"ImageObject\",\"inLanguage\":\"fr-FR\",\"@id\":\"https:\/\/www.sgeaj.ch\/fr\/actualite\/cfp-rethinking-the-origins-of-political-economy\/#primaryimage\",\"url\":\"https:\/\/www.sgeaj.ch\/wp-content\/uploads\/2025\/01\/240121-turin-humanities-programme.png\",\"contentUrl\":\"https:\/\/www.sgeaj.ch\/wp-content\/uploads\/2025\/01\/240121-turin-humanities-programme.png\",\"width\":1200,\"height\":600},{\"@type\":\"WebSite\",\"@id\":\"https:\/\/www.sgeaj.ch\/fr\/#website\",\"url\":\"https:\/\/www.sgeaj.ch\/fr\/\",\"name\":\"Schweizerische Gesellschaft f\u00fcr die Erforschung des 18. Jahrhunderts (SGEAJ - SSEDS)\",\"description\":\"Schweizerische Gesellschaft f\u00fcr die Erforschung des 18. Jahrhunderts\",\"publisher\":{\"@id\":\"https:\/\/www.sgeaj.ch\/fr\/#organization\"},\"potentialAction\":[{\"@type\":\"SearchAction\",\"target\":{\"@type\":\"EntryPoint\",\"urlTemplate\":\"https:\/\/www.sgeaj.ch\/fr\/?s={search_term_string}\"},\"query-input\":{\"@type\":\"PropertyValueSpecification\",\"valueRequired\":true,\"valueName\":\"search_term_string\"}}],\"inLanguage\":\"fr-FR\"},{\"@type\":\"Organization\",\"@id\":\"https:\/\/www.sgeaj.ch\/fr\/#organization\",\"name\":\"Schweizerische Gesellschaft f\u00fcr die Erforschung des 18. Jahrhunderts (SGEAJ - SSEDS)\",\"url\":\"https:\/\/www.sgeaj.ch\/fr\/\",\"logo\":{\"@type\":\"ImageObject\",\"inLanguage\":\"fr-FR\",\"@id\":\"https:\/\/www.sgeaj.ch\/fr\/#\/schema\/logo\/image\/\",\"url\":\"https:\/\/www.sgeaj.ch\/wp-content\/uploads\/2021\/06\/cropped-logo-xviiies-horiz-abreuviations-bleues.png\",\"contentUrl\":\"https:\/\/www.sgeaj.ch\/wp-content\/uploads\/2021\/06\/cropped-logo-xviiies-horiz-abreuviations-bleues.png\",\"width\":659,\"height\":335,\"caption\":\"Schweizerische Gesellschaft f\u00fcr die Erforschung des 18. Jahrhunderts (SGEAJ - SSEDS)\"},\"image\":{\"@id\":\"https:\/\/www.sgeaj.ch\/fr\/#\/schema\/logo\/image\/\"}},{\"@type\":\"Person\",\"@id\":\"https:\/\/www.sgeaj.ch\/fr\/#\/schema\/person\/f9930dca12b3bd252d469f244e700c60\",\"name\":\"Mich\u00e8le Steiner\",\"url\":\"https:\/\/www.sgeaj.ch\/fr\/author\/msteiner\/\"}]}<\/script>\n<!-- \/ Yoast SEO plugin. -->","yoast_head_json":{"title":"CfP: Rethinking the Origins of Political Economy - Schweizerische Gesellschaft f\u00fcr die Erforschung des 18. Jahrhunderts (SGEAJ - SSEDS)","robots":{"index":"index","follow":"follow","max-snippet":"max-snippet:-1","max-image-preview":"max-image-preview:large","max-video-preview":"max-video-preview:-1"},"canonical":"https:\/\/www.sgeaj.ch\/fr\/actualite\/cfp-rethinking-the-origins-of-political-economy\/","twitter_misc":{"\u00c9crit par":"Mich\u00e8le Steiner","Dur\u00e9e de lecture estim\u00e9e":"3 minutes"},"schema":{"@context":"https:\/\/schema.org","@graph":[{"@type":"Article","@id":"https:\/\/www.sgeaj.ch\/fr\/actualite\/cfp-rethinking-the-origins-of-political-economy\/#article","isPartOf":{"@id":"https:\/\/www.sgeaj.ch\/fr\/actualite\/cfp-rethinking-the-origins-of-political-economy\/"},"author":{"name":"Mich\u00e8le Steiner","@id":"https:\/\/www.sgeaj.ch\/fr\/#\/schema\/person\/f9930dca12b3bd252d469f244e700c60"},"headline":"CfP: Rethinking the Origins of Political Economy","datePublished":"2025-01-21T07:48:07+00:00","dateModified":"2025-01-21T07:52:27+00:00","mainEntityOfPage":{"@id":"https:\/\/www.sgeaj.ch\/fr\/actualite\/cfp-rethinking-the-origins-of-political-economy\/"},"wordCount":403,"publisher":{"@id":"https:\/\/www.sgeaj.ch\/fr\/#organization"},"image":{"@id":"https:\/\/www.sgeaj.ch\/fr\/actualite\/cfp-rethinking-the-origins-of-political-economy\/#primaryimage"},"thumbnailUrl":"https:\/\/www.sgeaj.ch\/wp-content\/uploads\/2025\/01\/240121-turin-humanities-programme.png","keywords":["Call for Papers","Economy"],"articleSection":["Actualit\u00e9","Call for Papers"],"inLanguage":"fr-FR"},{"@type":"WebPage","@id":"https:\/\/www.sgeaj.ch\/fr\/actualite\/cfp-rethinking-the-origins-of-political-economy\/","url":"https:\/\/www.sgeaj.ch\/fr\/actualite\/cfp-rethinking-the-origins-of-political-economy\/","name":"CfP: Rethinking the Origins of Political Economy - Schweizerische Gesellschaft f\u00fcr die Erforschung des 18. Jahrhunderts (SGEAJ - SSEDS)","isPartOf":{"@id":"https:\/\/www.sgeaj.ch\/fr\/#website"},"primaryImageOfPage":{"@id":"https:\/\/www.sgeaj.ch\/fr\/actualite\/cfp-rethinking-the-origins-of-political-economy\/#primaryimage"},"image":{"@id":"https:\/\/www.sgeaj.ch\/fr\/actualite\/cfp-rethinking-the-origins-of-political-economy\/#primaryimage"},"thumbnailUrl":"https:\/\/www.sgeaj.ch\/wp-content\/uploads\/2025\/01\/240121-turin-humanities-programme.png","datePublished":"2025-01-21T07:48:07+00:00","dateModified":"2025-01-21T07:52:27+00:00","inLanguage":"fr-FR","potentialAction":[{"@type":"ReadAction","target":["https:\/\/www.sgeaj.ch\/fr\/actualite\/cfp-rethinking-the-origins-of-political-economy\/"]}]},{"@type":"ImageObject","inLanguage":"fr-FR","@id":"https:\/\/www.sgeaj.ch\/fr\/actualite\/cfp-rethinking-the-origins-of-political-economy\/#primaryimage","url":"https:\/\/www.sgeaj.ch\/wp-content\/uploads\/2025\/01\/240121-turin-humanities-programme.png","contentUrl":"https:\/\/www.sgeaj.ch\/wp-content\/uploads\/2025\/01\/240121-turin-humanities-programme.png","width":1200,"height":600},{"@type":"WebSite","@id":"https:\/\/www.sgeaj.ch\/fr\/#website","url":"https:\/\/www.sgeaj.ch\/fr\/","name":"Schweizerische Gesellschaft f\u00fcr die Erforschung des 18. Jahrhunderts (SGEAJ - SSEDS)","description":"Schweizerische Gesellschaft f\u00fcr die Erforschung des 18. Jahrhunderts","publisher":{"@id":"https:\/\/www.sgeaj.ch\/fr\/#organization"},"potentialAction":[{"@type":"SearchAction","target":{"@type":"EntryPoint","urlTemplate":"https:\/\/www.sgeaj.ch\/fr\/?s={search_term_string}"},"query-input":{"@type":"PropertyValueSpecification","valueRequired":true,"valueName":"search_term_string"}}],"inLanguage":"fr-FR"},{"@type":"Organization","@id":"https:\/\/www.sgeaj.ch\/fr\/#organization","name":"Schweizerische Gesellschaft f\u00fcr die Erforschung des 18. Jahrhunderts (SGEAJ - SSEDS)","url":"https:\/\/www.sgeaj.ch\/fr\/","logo":{"@type":"ImageObject","inLanguage":"fr-FR","@id":"https:\/\/www.sgeaj.ch\/fr\/#\/schema\/logo\/image\/","url":"https:\/\/www.sgeaj.ch\/wp-content\/uploads\/2021\/06\/cropped-logo-xviiies-horiz-abreuviations-bleues.png","contentUrl":"https:\/\/www.sgeaj.ch\/wp-content\/uploads\/2021\/06\/cropped-logo-xviiies-horiz-abreuviations-bleues.png","width":659,"height":335,"caption":"Schweizerische Gesellschaft f\u00fcr die Erforschung des 18. Jahrhunderts (SGEAJ - SSEDS)"},"image":{"@id":"https:\/\/www.sgeaj.ch\/fr\/#\/schema\/logo\/image\/"}},{"@type":"Person","@id":"https:\/\/www.sgeaj.ch\/fr\/#\/schema\/person\/f9930dca12b3bd252d469f244e700c60","name":"Mich\u00e8le Steiner","url":"https:\/\/www.sgeaj.ch\/fr\/author\/msteiner\/"}]}},"_links":{"self":[{"href":"https:\/\/www.sgeaj.ch\/fr\/wp-json\/wp\/v2\/posts\/7774","targetHints":{"allow":["GET"]}}],"collection":[{"href":"https:\/\/www.sgeaj.ch\/fr\/wp-json\/wp\/v2\/posts"}],"about":[{"href":"https:\/\/www.sgeaj.ch\/fr\/wp-json\/wp\/v2\/types\/post"}],"author":[{"embeddable":true,"href":"https:\/\/www.sgeaj.ch\/fr\/wp-json\/wp\/v2\/users\/9"}],"replies":[{"embeddable":true,"href":"https:\/\/www.sgeaj.ch\/fr\/wp-json\/wp\/v2\/comments?post=7774"}],"version-history":[{"count":3,"href":"https:\/\/www.sgeaj.ch\/fr\/wp-json\/wp\/v2\/posts\/7774\/revisions"}],"predecessor-version":[{"id":7781,"href":"https:\/\/www.sgeaj.ch\/fr\/wp-json\/wp\/v2\/posts\/7774\/revisions\/7781"}],"wp:featuredmedia":[{"embeddable":true,"href":"https:\/\/www.sgeaj.ch\/fr\/wp-json\/wp\/v2\/media\/7772"}],"wp:attachment":[{"href":"https:\/\/www.sgeaj.ch\/fr\/wp-json\/wp\/v2\/media?parent=7774"}],"wp:term":[{"taxonomy":"category","embeddable":true,"href":"https:\/\/www.sgeaj.ch\/fr\/wp-json\/wp\/v2\/categories?post=7774"},{"taxonomy":"post_tag","embeddable":true,"href":"https:\/\/www.sgeaj.ch\/fr\/wp-json\/wp\/v2\/tags?post=7774"}],"curies":[{"name":"wp","href":"https:\/\/api.w.org\/{rel}","templated":true}]}}