{"id":7786,"date":"2025-01-22T15:08:12","date_gmt":"2025-01-22T14:08:12","guid":{"rendered":"https:\/\/www.sgeaj.ch\/?p=7786"},"modified":"2025-01-22T15:29:19","modified_gmt":"2025-01-22T14:29:19","slug":"french-studies-special-issue-making-history-visible","status":"publish","type":"post","link":"https:\/\/www.sgeaj.ch\/fr\/actualite\/french-studies-special-issue-making-history-visible\/","title":{"rendered":"French Studies Special Issue: Making History Visible"},"content":{"rendered":"\n<h3 class=\"wp-block-heading\">Announcement of the new French Studies Special Issue on \u00ab\u00a0Making History Visible: Theoretical and Practical Issues in the Seventeenth and Eighteenth Centuries\u00a0\u00bb (January 2025). \/ Annonce du nouveau num\u00e9ro sp\u00e9cial d&rsquo;\u00e9tudes fran\u00e7aises : \u00ab\u00a0Rendre l&rsquo;histoire visible : enjeux th\u00e9oriques et pratiques aux XVIIe et XVIIIe si\u00e8cles\u00a0\u00bb (janvier 2025).<\/h3>\n\n\n\n<p>This special issue examines the intertwining of history writing and systems of visualization over the course of the seventeenth and eighteenth centuries. Throughout the period studied here \u2013 from the reception of Tacitus in the early seventeenth century to Voltaire&rsquo;s writings on history \u2013 history is understood in terms of &lsquo;making visible&rsquo;: historiographical reflection is consistently accompanied and configured by the paradigm of vision. If it is possible to conjure up a memory or conjure up the past, or even to help others visualize them, can history itself be made visible, and, if so, how?<\/p>\n\n\n\n<p>Le pr\u00e9sent dossier \u00e9tudie la mani\u00e8re dont se nouent, \u00e0 l&rsquo;\u00e2ge classique, \u00e9criture de l&rsquo;histoire et dispositifs de visualisation. Tout au long de la p\u00e9riode envisag\u00e9e ici \u2013 de la r\u00e9ception de Tacite durant le premier dix-septi\u00e8me si\u00e8cle aux \u00e9crits sur l&rsquo;histoire de Voltaire \u2013 l&rsquo;histoire est pens\u00e9e sur le mode du &lsquo;faire voir&rsquo;, le paradigme visuel accompagnant et configurant continuellement la r\u00e9flexion historiographique. Si l&rsquo;on peut restituer un souvenir ou m\u00eame le pass\u00e9, voire les faire visualiser \u00e0 d\u2019autres, peut-on &lsquo;faire voir l&rsquo;histoire&rsquo; elle-m\u00eame, et si oui, comment?<\/p>\n\n\n\n<p><a href=\"https:\/\/www.liverpooluniversitypress.co.uk\/toc\/fs\/79\/1\" target=\"_blank\" rel=\"noreferrer noopener\">Explore the articles of the current issue here. \/ Cliquez ici pour acc\u00e9der aux articles de l&rsquo;\u00e9dition actuelle.<\/a><\/p>\n","protected":false},"excerpt":{"rendered":"<p>Announcement of the new French Studies Special Issue on \u00ab\u00a0Making History Visible: Theoretical and Practical Issues in the Seventeenth and Eighteenth Centuries\u00a0\u00bb (January 2025). \/ Annonce du nouveau num\u00e9ro sp\u00e9cial d&rsquo;\u00e9tudes fran\u00e7aises : \u00ab\u00a0Rendre l&rsquo;histoire visible : enjeux th\u00e9oriques et pratiques aux XVIIe et XVIIIe si\u00e8cles\u00a0\u00bb (janvier 2025). This special issue examines the intertwining of [&hellip;]<\/p>\n","protected":false},"author":9,"featured_media":7797,"comment_status":"closed","ping_status":"open","sticky":false,"template":"","format":"standard","meta":{"footnotes":""},"categories":[42,25],"tags":[61,67,91],"class_list":{"0":"post-7786","1":"post","2":"type-post","3":"status-publish","4":"format-standard","5":"has-post-thumbnail","7":"category-actualite","8":"category-nouvelles-publications","9":"tag-early-modern-period-fr","10":"tag-enlightenment-fr","11":"tag-publication-fr","12":"czr-hentry"},"yoast_head":"<!-- This site is optimized with the Yoast SEO plugin v26.9 - https:\/\/yoast.com\/product\/yoast-seo-wordpress\/ -->\n<title>French Studies Special Issue: Making History Visible - Schweizerische Gesellschaft f\u00fcr die Erforschung des 18. Jahrhunderts (SGEAJ - SSEDS)<\/title>\n<meta name=\"robots\" content=\"index, follow, max-snippet:-1, max-image-preview:large, max-video-preview:-1\" \/>\n<link rel=\"canonical\" href=\"https:\/\/www.sgeaj.ch\/fr\/actualite\/french-studies-special-issue-making-history-visible\/\" \/>\n<meta name=\"twitter:label1\" content=\"\u00c9crit par\" \/>\n\t<meta name=\"twitter:data1\" content=\"Mich\u00e8le Steiner\" \/>\n\t<meta name=\"twitter:label2\" content=\"Dur\u00e9e de lecture estim\u00e9e\" \/>\n\t<meta name=\"twitter:data2\" content=\"2 minutes\" \/>\n<script type=\"application\/ld+json\" class=\"yoast-schema-graph\">{\"@context\":\"https:\/\/schema.org\",\"@graph\":[{\"@type\":\"Article\",\"@id\":\"https:\/\/www.sgeaj.ch\/fr\/actualite\/french-studies-special-issue-making-history-visible\/#article\",\"isPartOf\":{\"@id\":\"https:\/\/www.sgeaj.ch\/fr\/actualite\/french-studies-special-issue-making-history-visible\/\"},\"author\":{\"name\":\"Mich\u00e8le Steiner\",\"@id\":\"https:\/\/www.sgeaj.ch\/fr\/#\/schema\/person\/f9930dca12b3bd252d469f244e700c60\"},\"headline\":\"French Studies Special Issue: Making History Visible\",\"datePublished\":\"2025-01-22T14:08:12+00:00\",\"dateModified\":\"2025-01-22T14:29:19+00:00\",\"mainEntityOfPage\":{\"@id\":\"https:\/\/www.sgeaj.ch\/fr\/actualite\/french-studies-special-issue-making-history-visible\/\"},\"wordCount\":273,\"publisher\":{\"@id\":\"https:\/\/www.sgeaj.ch\/fr\/#organization\"},\"image\":{\"@id\":\"https:\/\/www.sgeaj.ch\/fr\/actualite\/french-studies-special-issue-making-history-visible\/#primaryimage\"},\"thumbnailUrl\":\"https:\/\/www.sgeaj.ch\/wp-content\/uploads\/2025\/01\/fs-new-issue-social-media-banner-neu-e1737556135791.png\",\"keywords\":[\"Early Modern Period\",\"Enlightenment\",\"Publication\"],\"articleSection\":[\"Actualit\u00e9\",\"Nouvelles publications\"],\"inLanguage\":\"fr-FR\"},{\"@type\":\"WebPage\",\"@id\":\"https:\/\/www.sgeaj.ch\/fr\/actualite\/french-studies-special-issue-making-history-visible\/\",\"url\":\"https:\/\/www.sgeaj.ch\/fr\/actualite\/french-studies-special-issue-making-history-visible\/\",\"name\":\"French Studies Special Issue: Making History Visible - Schweizerische Gesellschaft f\u00fcr die Erforschung des 18. Jahrhunderts (SGEAJ - SSEDS)\",\"isPartOf\":{\"@id\":\"https:\/\/www.sgeaj.ch\/fr\/#website\"},\"primaryImageOfPage\":{\"@id\":\"https:\/\/www.sgeaj.ch\/fr\/actualite\/french-studies-special-issue-making-history-visible\/#primaryimage\"},\"image\":{\"@id\":\"https:\/\/www.sgeaj.ch\/fr\/actualite\/french-studies-special-issue-making-history-visible\/#primaryimage\"},\"thumbnailUrl\":\"https:\/\/www.sgeaj.ch\/wp-content\/uploads\/2025\/01\/fs-new-issue-social-media-banner-neu-e1737556135791.png\",\"datePublished\":\"2025-01-22T14:08:12+00:00\",\"dateModified\":\"2025-01-22T14:29:19+00:00\",\"inLanguage\":\"fr-FR\",\"potentialAction\":[{\"@type\":\"ReadAction\",\"target\":[\"https:\/\/www.sgeaj.ch\/fr\/actualite\/french-studies-special-issue-making-history-visible\/\"]}]},{\"@type\":\"ImageObject\",\"inLanguage\":\"fr-FR\",\"@id\":\"https:\/\/www.sgeaj.ch\/fr\/actualite\/french-studies-special-issue-making-history-visible\/#primaryimage\",\"url\":\"https:\/\/www.sgeaj.ch\/wp-content\/uploads\/2025\/01\/fs-new-issue-social-media-banner-neu-e1737556135791.png\",\"contentUrl\":\"https:\/\/www.sgeaj.ch\/wp-content\/uploads\/2025\/01\/fs-new-issue-social-media-banner-neu-e1737556135791.png\",\"width\":1200,\"height\":675},{\"@type\":\"WebSite\",\"@id\":\"https:\/\/www.sgeaj.ch\/fr\/#website\",\"url\":\"https:\/\/www.sgeaj.ch\/fr\/\",\"name\":\"Schweizerische Gesellschaft f\u00fcr die Erforschung des 18. Jahrhunderts (SGEAJ - SSEDS)\",\"description\":\"Schweizerische Gesellschaft f\u00fcr die Erforschung des 18. Jahrhunderts\",\"publisher\":{\"@id\":\"https:\/\/www.sgeaj.ch\/fr\/#organization\"},\"potentialAction\":[{\"@type\":\"SearchAction\",\"target\":{\"@type\":\"EntryPoint\",\"urlTemplate\":\"https:\/\/www.sgeaj.ch\/fr\/?s={search_term_string}\"},\"query-input\":{\"@type\":\"PropertyValueSpecification\",\"valueRequired\":true,\"valueName\":\"search_term_string\"}}],\"inLanguage\":\"fr-FR\"},{\"@type\":\"Organization\",\"@id\":\"https:\/\/www.sgeaj.ch\/fr\/#organization\",\"name\":\"Schweizerische Gesellschaft f\u00fcr die Erforschung des 18. Jahrhunderts (SGEAJ - SSEDS)\",\"url\":\"https:\/\/www.sgeaj.ch\/fr\/\",\"logo\":{\"@type\":\"ImageObject\",\"inLanguage\":\"fr-FR\",\"@id\":\"https:\/\/www.sgeaj.ch\/fr\/#\/schema\/logo\/image\/\",\"url\":\"https:\/\/www.sgeaj.ch\/wp-content\/uploads\/2021\/06\/cropped-logo-xviiies-horiz-abreuviations-bleues.png\",\"contentUrl\":\"https:\/\/www.sgeaj.ch\/wp-content\/uploads\/2021\/06\/cropped-logo-xviiies-horiz-abreuviations-bleues.png\",\"width\":659,\"height\":335,\"caption\":\"Schweizerische Gesellschaft f\u00fcr die Erforschung des 18. Jahrhunderts (SGEAJ - SSEDS)\"},\"image\":{\"@id\":\"https:\/\/www.sgeaj.ch\/fr\/#\/schema\/logo\/image\/\"}},{\"@type\":\"Person\",\"@id\":\"https:\/\/www.sgeaj.ch\/fr\/#\/schema\/person\/f9930dca12b3bd252d469f244e700c60\",\"name\":\"Mich\u00e8le Steiner\",\"url\":\"https:\/\/www.sgeaj.ch\/fr\/author\/msteiner\/\"}]}<\/script>\n<!-- \/ Yoast SEO plugin. -->","yoast_head_json":{"title":"French Studies Special Issue: Making History Visible - Schweizerische Gesellschaft f\u00fcr die Erforschung des 18. Jahrhunderts (SGEAJ - SSEDS)","robots":{"index":"index","follow":"follow","max-snippet":"max-snippet:-1","max-image-preview":"max-image-preview:large","max-video-preview":"max-video-preview:-1"},"canonical":"https:\/\/www.sgeaj.ch\/fr\/actualite\/french-studies-special-issue-making-history-visible\/","twitter_misc":{"\u00c9crit par":"Mich\u00e8le Steiner","Dur\u00e9e de lecture estim\u00e9e":"2 minutes"},"schema":{"@context":"https:\/\/schema.org","@graph":[{"@type":"Article","@id":"https:\/\/www.sgeaj.ch\/fr\/actualite\/french-studies-special-issue-making-history-visible\/#article","isPartOf":{"@id":"https:\/\/www.sgeaj.ch\/fr\/actualite\/french-studies-special-issue-making-history-visible\/"},"author":{"name":"Mich\u00e8le Steiner","@id":"https:\/\/www.sgeaj.ch\/fr\/#\/schema\/person\/f9930dca12b3bd252d469f244e700c60"},"headline":"French Studies Special Issue: Making History Visible","datePublished":"2025-01-22T14:08:12+00:00","dateModified":"2025-01-22T14:29:19+00:00","mainEntityOfPage":{"@id":"https:\/\/www.sgeaj.ch\/fr\/actualite\/french-studies-special-issue-making-history-visible\/"},"wordCount":273,"publisher":{"@id":"https:\/\/www.sgeaj.ch\/fr\/#organization"},"image":{"@id":"https:\/\/www.sgeaj.ch\/fr\/actualite\/french-studies-special-issue-making-history-visible\/#primaryimage"},"thumbnailUrl":"https:\/\/www.sgeaj.ch\/wp-content\/uploads\/2025\/01\/fs-new-issue-social-media-banner-neu-e1737556135791.png","keywords":["Early Modern Period","Enlightenment","Publication"],"articleSection":["Actualit\u00e9","Nouvelles publications"],"inLanguage":"fr-FR"},{"@type":"WebPage","@id":"https:\/\/www.sgeaj.ch\/fr\/actualite\/french-studies-special-issue-making-history-visible\/","url":"https:\/\/www.sgeaj.ch\/fr\/actualite\/french-studies-special-issue-making-history-visible\/","name":"French Studies Special Issue: Making History Visible - Schweizerische Gesellschaft f\u00fcr die Erforschung des 18. Jahrhunderts (SGEAJ - SSEDS)","isPartOf":{"@id":"https:\/\/www.sgeaj.ch\/fr\/#website"},"primaryImageOfPage":{"@id":"https:\/\/www.sgeaj.ch\/fr\/actualite\/french-studies-special-issue-making-history-visible\/#primaryimage"},"image":{"@id":"https:\/\/www.sgeaj.ch\/fr\/actualite\/french-studies-special-issue-making-history-visible\/#primaryimage"},"thumbnailUrl":"https:\/\/www.sgeaj.ch\/wp-content\/uploads\/2025\/01\/fs-new-issue-social-media-banner-neu-e1737556135791.png","datePublished":"2025-01-22T14:08:12+00:00","dateModified":"2025-01-22T14:29:19+00:00","inLanguage":"fr-FR","potentialAction":[{"@type":"ReadAction","target":["https:\/\/www.sgeaj.ch\/fr\/actualite\/french-studies-special-issue-making-history-visible\/"]}]},{"@type":"ImageObject","inLanguage":"fr-FR","@id":"https:\/\/www.sgeaj.ch\/fr\/actualite\/french-studies-special-issue-making-history-visible\/#primaryimage","url":"https:\/\/www.sgeaj.ch\/wp-content\/uploads\/2025\/01\/fs-new-issue-social-media-banner-neu-e1737556135791.png","contentUrl":"https:\/\/www.sgeaj.ch\/wp-content\/uploads\/2025\/01\/fs-new-issue-social-media-banner-neu-e1737556135791.png","width":1200,"height":675},{"@type":"WebSite","@id":"https:\/\/www.sgeaj.ch\/fr\/#website","url":"https:\/\/www.sgeaj.ch\/fr\/","name":"Schweizerische Gesellschaft f\u00fcr die Erforschung des 18. Jahrhunderts (SGEAJ - SSEDS)","description":"Schweizerische Gesellschaft f\u00fcr die Erforschung des 18. Jahrhunderts","publisher":{"@id":"https:\/\/www.sgeaj.ch\/fr\/#organization"},"potentialAction":[{"@type":"SearchAction","target":{"@type":"EntryPoint","urlTemplate":"https:\/\/www.sgeaj.ch\/fr\/?s={search_term_string}"},"query-input":{"@type":"PropertyValueSpecification","valueRequired":true,"valueName":"search_term_string"}}],"inLanguage":"fr-FR"},{"@type":"Organization","@id":"https:\/\/www.sgeaj.ch\/fr\/#organization","name":"Schweizerische Gesellschaft f\u00fcr die Erforschung des 18. Jahrhunderts (SGEAJ - SSEDS)","url":"https:\/\/www.sgeaj.ch\/fr\/","logo":{"@type":"ImageObject","inLanguage":"fr-FR","@id":"https:\/\/www.sgeaj.ch\/fr\/#\/schema\/logo\/image\/","url":"https:\/\/www.sgeaj.ch\/wp-content\/uploads\/2021\/06\/cropped-logo-xviiies-horiz-abreuviations-bleues.png","contentUrl":"https:\/\/www.sgeaj.ch\/wp-content\/uploads\/2021\/06\/cropped-logo-xviiies-horiz-abreuviations-bleues.png","width":659,"height":335,"caption":"Schweizerische Gesellschaft f\u00fcr die Erforschung des 18. Jahrhunderts (SGEAJ - SSEDS)"},"image":{"@id":"https:\/\/www.sgeaj.ch\/fr\/#\/schema\/logo\/image\/"}},{"@type":"Person","@id":"https:\/\/www.sgeaj.ch\/fr\/#\/schema\/person\/f9930dca12b3bd252d469f244e700c60","name":"Mich\u00e8le Steiner","url":"https:\/\/www.sgeaj.ch\/fr\/author\/msteiner\/"}]}},"_links":{"self":[{"href":"https:\/\/www.sgeaj.ch\/fr\/wp-json\/wp\/v2\/posts\/7786","targetHints":{"allow":["GET"]}}],"collection":[{"href":"https:\/\/www.sgeaj.ch\/fr\/wp-json\/wp\/v2\/posts"}],"about":[{"href":"https:\/\/www.sgeaj.ch\/fr\/wp-json\/wp\/v2\/types\/post"}],"author":[{"embeddable":true,"href":"https:\/\/www.sgeaj.ch\/fr\/wp-json\/wp\/v2\/users\/9"}],"replies":[{"embeddable":true,"href":"https:\/\/www.sgeaj.ch\/fr\/wp-json\/wp\/v2\/comments?post=7786"}],"version-history":[{"count":3,"href":"https:\/\/www.sgeaj.ch\/fr\/wp-json\/wp\/v2\/posts\/7786\/revisions"}],"predecessor-version":[{"id":7794,"href":"https:\/\/www.sgeaj.ch\/fr\/wp-json\/wp\/v2\/posts\/7786\/revisions\/7794"}],"wp:featuredmedia":[{"embeddable":true,"href":"https:\/\/www.sgeaj.ch\/fr\/wp-json\/wp\/v2\/media\/7797"}],"wp:attachment":[{"href":"https:\/\/www.sgeaj.ch\/fr\/wp-json\/wp\/v2\/media?parent=7786"}],"wp:term":[{"taxonomy":"category","embeddable":true,"href":"https:\/\/www.sgeaj.ch\/fr\/wp-json\/wp\/v2\/categories?post=7786"},{"taxonomy":"post_tag","embeddable":true,"href":"https:\/\/www.sgeaj.ch\/fr\/wp-json\/wp\/v2\/tags?post=7786"}],"curies":[{"name":"wp","href":"https:\/\/api.w.org\/{rel}","templated":true}]}}