{"id":7801,"date":"2025-01-22T16:34:48","date_gmt":"2025-01-22T15:34:48","guid":{"rendered":"https:\/\/www.sgeaj.ch\/?p=7801"},"modified":"2025-01-22T16:34:51","modified_gmt":"2025-01-22T15:34:51","slug":"band-15-2024","status":"publish","type":"post","link":"https:\/\/www.sgeaj.ch\/fr\/actualite\/band-15-2024\/","title":{"rendered":"Band 15\/2024"},"content":{"rendered":"\n<p>Getreu ihrer interdisziplin\u00e4rer Ausrichtung wartet die <em>xviii.ch \u2013 Schweizerische Zeitschrift f\u00fcr die Erforschung des 18. Jahrhunderts<\/em> mit einundzwanzig Beitr\u00e4gen auf, die die Lebendigkeit der Forschung \u00fcber die Schweizer Aufkl\u00e4rung bezeugen \u2013 sei es in Kultur-, Sozial- oder politischer Geschichte, den Literaturwissenschaften, der Geschichte des Buches oder der Kunst. Gleichzeitig setzt die Zeitschrift<br>ihre Internationalisierung fort: Seit der Annahme des Englischen als vierte Publikationssprache geben wir erstmals Forschenden Raum, die Institutionen des Globalen S\u00fcdens angeh\u00f6ren, was einmal mehr das Forschungsinteresse an der Schweiz des 18. Jahrhunderts bei Spezialistinnen und Spezialisten dieser Periode weit \u00fcber lokale oder gar europ\u00e4ische Kreise hinaus beweist. Der Band von xviii.ch, den Sie in H\u00e4nden halten, h\u00e4tte eigentlich, gem\u00e4ss dem Usus der alternierenden Hefte seit der der ersten Ausgabe im 2010, ein Themenheft sein sollen. Er erscheint allerdings diesmal ausnahmsweise als freie Nummer und wird dies auch im n\u00e4chsten Jahr tun. Ein thematisches Heft ist wieder vorgesehen f\u00fcr das Jahr 2026 und wir laden potentielle Herausgeberinnen und Herausgeber bereits ein, uns ihre Vorschl\u00e4ge zu unterbreiten. Mehr Informationen hierzu unter <a href=\"http:\/\/www.xviii.ch\" target=\"_blank\" rel=\"noreferrer noopener\">www.xviii.ch<\/a>.<\/p>\n\n\n\n<p><a href=\"https:\/\/doi.org\/10.24894\/xviii.ch.2024.15\" target=\"_blank\" rel=\"noreferrer noopener\">Zeitschrift online im open access lesen.<\/a><\/p>\n\n\n\n<p>Fid\u00e8le \u00e0 sa perspective interdisciplinaire, <em>xviii.ch \u2013 Revue suisse d\u2019\u00e9tudes sur le XVIIIe<\/em> si\u00e8cle propose vingt et une contributions qui t\u00e9moignent de la vitalit\u00e9 de la recherche sur les Lumi\u00e8res helv\u00e9tiques, qu&rsquo;il soit question d&rsquo;histoire (culturelle, sociale, politique), d&rsquo;\u00e9tudes litt\u00e9raires, d&rsquo;histoire du livre ou d\u2019histoire de l&rsquo;art. En parall\u00e8le, la revue poursuit ses efforts d\u2019internationalisation : apr\u00e8s l&rsquo;adoption de l&rsquo;anglais comme quatri\u00e8me langue de publication, nous donnons pour la premi\u00e8re fois de la place \u00e0 des chercheuses affili\u00e9es \u00e0 des institutions du Sud global. Ce qui prouve, une fois de plus, l&rsquo;int\u00e9r\u00eat du XVIIIe si\u00e8cle helv\u00e9tique pour les sp\u00e9cialistes de la p\u00e9riode, bien au-del\u00e0 de la recherche strictement locale ou m\u00eame europ\u00e9enne. Le volume de xviii.ch que vous tenez entre les mains aurait d\u00fb \u00eatre un num\u00e9ro th\u00e9matique, conform\u00e9ment \u00e0 l&rsquo;alternance \u00e9tablie depuis la naissance de cette publication en 2010. Il est toutefois publi\u00e9 \u2013 \u00e0 titre exceptionnel \u2013 sous la forme d&rsquo;un num\u00e9ro libre, et il le sera \u00e9galement l&rsquo;ann\u00e9e prochaine. Pour lire un nouveau num\u00e9ro th\u00e9matique il faudra donc attendre 2026, mais nous invitons d&rsquo;ores et d\u00e9j\u00e0 les \u00e9ditrices et \u00e9diteurs potentiels \u00e0 nous adresser des propositions. Pour plus d&rsquo;informations, veuillez consulter le site <a href=\"http:\/\/www.xviii.ch\" target=\"_blank\" rel=\"noreferrer noopener\">www.xviii.ch<\/a>.<\/p>\n\n\n\n<p><a href=\"https:\/\/doi.org\/10.24894\/xviii.ch.2024.15\" target=\"_blank\" rel=\"noreferrer noopener\">Lire la revue en ligne en open access.<\/a><\/p>\n","protected":false},"excerpt":{"rendered":"<p>Getreu ihrer interdisziplin\u00e4rer Ausrichtung wartet die xviii.ch \u2013 Schweizerische Zeitschrift f\u00fcr die Erforschung des 18. Jahrhunderts mit einundzwanzig Beitr\u00e4gen auf, die die Lebendigkeit der Forschung \u00fcber die Schweizer Aufkl\u00e4rung bezeugen \u2013 sei es in Kultur-, Sozial- oder politischer Geschichte, den Literaturwissenschaften, der Geschichte des Buches oder der Kunst. Gleichzeitig setzt die Zeitschriftihre Internationalisierung fort: Seit [&hellip;]<\/p>\n","protected":false},"author":9,"featured_media":6685,"comment_status":"closed","ping_status":"open","sticky":false,"template":"","format":"standard","meta":{"footnotes":""},"categories":[42,25,46,49],"tags":[61,91,101],"class_list":{"0":"post-7801","1":"post","2":"type-post","3":"status-publish","4":"format-standard","5":"has-post-thumbnail","7":"category-actualite","8":"category-nouvelles-publications","9":"category-publications","10":"category-xviii-ch-fr","11":"tag-early-modern-period-fr","12":"tag-publication-fr","13":"tag-switzerland-fr","14":"czr-hentry"},"yoast_head":"<!-- This site is optimized with the Yoast SEO plugin v26.9 - https:\/\/yoast.com\/product\/yoast-seo-wordpress\/ -->\n<title>Band 15\/2024 - Schweizerische Gesellschaft f\u00fcr die Erforschung des 18. Jahrhunderts (SGEAJ - SSEDS)<\/title>\n<meta name=\"robots\" content=\"index, follow, max-snippet:-1, max-image-preview:large, max-video-preview:-1\" \/>\n<link rel=\"canonical\" href=\"https:\/\/www.sgeaj.ch\/fr\/actualite\/band-15-2024\/\" \/>\n<meta name=\"twitter:label1\" content=\"\u00c9crit par\" \/>\n\t<meta name=\"twitter:data1\" content=\"Mich\u00e8le Steiner\" \/>\n\t<meta name=\"twitter:label2\" content=\"Dur\u00e9e de lecture estim\u00e9e\" \/>\n\t<meta name=\"twitter:data2\" content=\"3 minutes\" \/>\n<script type=\"application\/ld+json\" class=\"yoast-schema-graph\">{\"@context\":\"https:\/\/schema.org\",\"@graph\":[{\"@type\":\"Article\",\"@id\":\"https:\/\/www.sgeaj.ch\/fr\/actualite\/band-15-2024\/#article\",\"isPartOf\":{\"@id\":\"https:\/\/www.sgeaj.ch\/fr\/actualite\/band-15-2024\/\"},\"author\":{\"name\":\"Mich\u00e8le Steiner\",\"@id\":\"https:\/\/www.sgeaj.ch\/fr\/#\/schema\/person\/f9930dca12b3bd252d469f244e700c60\"},\"headline\":\"Band 15\/2024\",\"datePublished\":\"2025-01-22T15:34:48+00:00\",\"dateModified\":\"2025-01-22T15:34:51+00:00\",\"mainEntityOfPage\":{\"@id\":\"https:\/\/www.sgeaj.ch\/fr\/actualite\/band-15-2024\/\"},\"wordCount\":430,\"publisher\":{\"@id\":\"https:\/\/www.sgeaj.ch\/fr\/#organization\"},\"image\":{\"@id\":\"https:\/\/www.sgeaj.ch\/fr\/actualite\/band-15-2024\/#primaryimage\"},\"thumbnailUrl\":\"https:\/\/www.sgeaj.ch\/wp-content\/uploads\/2022\/01\/cover-xviiich-scaled.jpg\",\"keywords\":[\"Early Modern Period\",\"Publication\",\"Switzerland\"],\"articleSection\":[\"Actualit\u00e9\",\"Nouvelles publications\",\"Publications\",\"XVIII.ch\"],\"inLanguage\":\"fr-FR\"},{\"@type\":\"WebPage\",\"@id\":\"https:\/\/www.sgeaj.ch\/fr\/actualite\/band-15-2024\/\",\"url\":\"https:\/\/www.sgeaj.ch\/fr\/actualite\/band-15-2024\/\",\"name\":\"Band 15\/2024 - Schweizerische Gesellschaft f\u00fcr die Erforschung des 18. Jahrhunderts (SGEAJ - SSEDS)\",\"isPartOf\":{\"@id\":\"https:\/\/www.sgeaj.ch\/fr\/#website\"},\"primaryImageOfPage\":{\"@id\":\"https:\/\/www.sgeaj.ch\/fr\/actualite\/band-15-2024\/#primaryimage\"},\"image\":{\"@id\":\"https:\/\/www.sgeaj.ch\/fr\/actualite\/band-15-2024\/#primaryimage\"},\"thumbnailUrl\":\"https:\/\/www.sgeaj.ch\/wp-content\/uploads\/2022\/01\/cover-xviiich-scaled.jpg\",\"datePublished\":\"2025-01-22T15:34:48+00:00\",\"dateModified\":\"2025-01-22T15:34:51+00:00\",\"inLanguage\":\"fr-FR\",\"potentialAction\":[{\"@type\":\"ReadAction\",\"target\":[\"https:\/\/www.sgeaj.ch\/fr\/actualite\/band-15-2024\/\"]}]},{\"@type\":\"ImageObject\",\"inLanguage\":\"fr-FR\",\"@id\":\"https:\/\/www.sgeaj.ch\/fr\/actualite\/band-15-2024\/#primaryimage\",\"url\":\"https:\/\/www.sgeaj.ch\/wp-content\/uploads\/2022\/01\/cover-xviiich-scaled.jpg\",\"contentUrl\":\"https:\/\/www.sgeaj.ch\/wp-content\/uploads\/2022\/01\/cover-xviiich-scaled.jpg\",\"width\":1769,\"height\":2560},{\"@type\":\"WebSite\",\"@id\":\"https:\/\/www.sgeaj.ch\/fr\/#website\",\"url\":\"https:\/\/www.sgeaj.ch\/fr\/\",\"name\":\"Schweizerische Gesellschaft f\u00fcr die Erforschung des 18. Jahrhunderts (SGEAJ - SSEDS)\",\"description\":\"Schweizerische Gesellschaft f\u00fcr die Erforschung des 18. Jahrhunderts\",\"publisher\":{\"@id\":\"https:\/\/www.sgeaj.ch\/fr\/#organization\"},\"potentialAction\":[{\"@type\":\"SearchAction\",\"target\":{\"@type\":\"EntryPoint\",\"urlTemplate\":\"https:\/\/www.sgeaj.ch\/fr\/?s={search_term_string}\"},\"query-input\":{\"@type\":\"PropertyValueSpecification\",\"valueRequired\":true,\"valueName\":\"search_term_string\"}}],\"inLanguage\":\"fr-FR\"},{\"@type\":\"Organization\",\"@id\":\"https:\/\/www.sgeaj.ch\/fr\/#organization\",\"name\":\"Schweizerische Gesellschaft f\u00fcr die Erforschung des 18. Jahrhunderts (SGEAJ - SSEDS)\",\"url\":\"https:\/\/www.sgeaj.ch\/fr\/\",\"logo\":{\"@type\":\"ImageObject\",\"inLanguage\":\"fr-FR\",\"@id\":\"https:\/\/www.sgeaj.ch\/fr\/#\/schema\/logo\/image\/\",\"url\":\"https:\/\/www.sgeaj.ch\/wp-content\/uploads\/2021\/06\/cropped-logo-xviiies-horiz-abreuviations-bleues.png\",\"contentUrl\":\"https:\/\/www.sgeaj.ch\/wp-content\/uploads\/2021\/06\/cropped-logo-xviiies-horiz-abreuviations-bleues.png\",\"width\":659,\"height\":335,\"caption\":\"Schweizerische Gesellschaft f\u00fcr die Erforschung des 18. Jahrhunderts (SGEAJ - SSEDS)\"},\"image\":{\"@id\":\"https:\/\/www.sgeaj.ch\/fr\/#\/schema\/logo\/image\/\"}},{\"@type\":\"Person\",\"@id\":\"https:\/\/www.sgeaj.ch\/fr\/#\/schema\/person\/f9930dca12b3bd252d469f244e700c60\",\"name\":\"Mich\u00e8le Steiner\",\"url\":\"https:\/\/www.sgeaj.ch\/fr\/author\/msteiner\/\"}]}<\/script>\n<!-- \/ Yoast SEO plugin. -->","yoast_head_json":{"title":"Band 15\/2024 - Schweizerische Gesellschaft f\u00fcr die Erforschung des 18. Jahrhunderts (SGEAJ - SSEDS)","robots":{"index":"index","follow":"follow","max-snippet":"max-snippet:-1","max-image-preview":"max-image-preview:large","max-video-preview":"max-video-preview:-1"},"canonical":"https:\/\/www.sgeaj.ch\/fr\/actualite\/band-15-2024\/","twitter_misc":{"\u00c9crit par":"Mich\u00e8le Steiner","Dur\u00e9e de lecture estim\u00e9e":"3 minutes"},"schema":{"@context":"https:\/\/schema.org","@graph":[{"@type":"Article","@id":"https:\/\/www.sgeaj.ch\/fr\/actualite\/band-15-2024\/#article","isPartOf":{"@id":"https:\/\/www.sgeaj.ch\/fr\/actualite\/band-15-2024\/"},"author":{"name":"Mich\u00e8le Steiner","@id":"https:\/\/www.sgeaj.ch\/fr\/#\/schema\/person\/f9930dca12b3bd252d469f244e700c60"},"headline":"Band 15\/2024","datePublished":"2025-01-22T15:34:48+00:00","dateModified":"2025-01-22T15:34:51+00:00","mainEntityOfPage":{"@id":"https:\/\/www.sgeaj.ch\/fr\/actualite\/band-15-2024\/"},"wordCount":430,"publisher":{"@id":"https:\/\/www.sgeaj.ch\/fr\/#organization"},"image":{"@id":"https:\/\/www.sgeaj.ch\/fr\/actualite\/band-15-2024\/#primaryimage"},"thumbnailUrl":"https:\/\/www.sgeaj.ch\/wp-content\/uploads\/2022\/01\/cover-xviiich-scaled.jpg","keywords":["Early Modern Period","Publication","Switzerland"],"articleSection":["Actualit\u00e9","Nouvelles publications","Publications","XVIII.ch"],"inLanguage":"fr-FR"},{"@type":"WebPage","@id":"https:\/\/www.sgeaj.ch\/fr\/actualite\/band-15-2024\/","url":"https:\/\/www.sgeaj.ch\/fr\/actualite\/band-15-2024\/","name":"Band 15\/2024 - Schweizerische Gesellschaft f\u00fcr die Erforschung des 18. Jahrhunderts (SGEAJ - SSEDS)","isPartOf":{"@id":"https:\/\/www.sgeaj.ch\/fr\/#website"},"primaryImageOfPage":{"@id":"https:\/\/www.sgeaj.ch\/fr\/actualite\/band-15-2024\/#primaryimage"},"image":{"@id":"https:\/\/www.sgeaj.ch\/fr\/actualite\/band-15-2024\/#primaryimage"},"thumbnailUrl":"https:\/\/www.sgeaj.ch\/wp-content\/uploads\/2022\/01\/cover-xviiich-scaled.jpg","datePublished":"2025-01-22T15:34:48+00:00","dateModified":"2025-01-22T15:34:51+00:00","inLanguage":"fr-FR","potentialAction":[{"@type":"ReadAction","target":["https:\/\/www.sgeaj.ch\/fr\/actualite\/band-15-2024\/"]}]},{"@type":"ImageObject","inLanguage":"fr-FR","@id":"https:\/\/www.sgeaj.ch\/fr\/actualite\/band-15-2024\/#primaryimage","url":"https:\/\/www.sgeaj.ch\/wp-content\/uploads\/2022\/01\/cover-xviiich-scaled.jpg","contentUrl":"https:\/\/www.sgeaj.ch\/wp-content\/uploads\/2022\/01\/cover-xviiich-scaled.jpg","width":1769,"height":2560},{"@type":"WebSite","@id":"https:\/\/www.sgeaj.ch\/fr\/#website","url":"https:\/\/www.sgeaj.ch\/fr\/","name":"Schweizerische Gesellschaft f\u00fcr die Erforschung des 18. Jahrhunderts (SGEAJ - SSEDS)","description":"Schweizerische Gesellschaft f\u00fcr die Erforschung des 18. Jahrhunderts","publisher":{"@id":"https:\/\/www.sgeaj.ch\/fr\/#organization"},"potentialAction":[{"@type":"SearchAction","target":{"@type":"EntryPoint","urlTemplate":"https:\/\/www.sgeaj.ch\/fr\/?s={search_term_string}"},"query-input":{"@type":"PropertyValueSpecification","valueRequired":true,"valueName":"search_term_string"}}],"inLanguage":"fr-FR"},{"@type":"Organization","@id":"https:\/\/www.sgeaj.ch\/fr\/#organization","name":"Schweizerische Gesellschaft f\u00fcr die Erforschung des 18. Jahrhunderts (SGEAJ - SSEDS)","url":"https:\/\/www.sgeaj.ch\/fr\/","logo":{"@type":"ImageObject","inLanguage":"fr-FR","@id":"https:\/\/www.sgeaj.ch\/fr\/#\/schema\/logo\/image\/","url":"https:\/\/www.sgeaj.ch\/wp-content\/uploads\/2021\/06\/cropped-logo-xviiies-horiz-abreuviations-bleues.png","contentUrl":"https:\/\/www.sgeaj.ch\/wp-content\/uploads\/2021\/06\/cropped-logo-xviiies-horiz-abreuviations-bleues.png","width":659,"height":335,"caption":"Schweizerische Gesellschaft f\u00fcr die Erforschung des 18. Jahrhunderts (SGEAJ - SSEDS)"},"image":{"@id":"https:\/\/www.sgeaj.ch\/fr\/#\/schema\/logo\/image\/"}},{"@type":"Person","@id":"https:\/\/www.sgeaj.ch\/fr\/#\/schema\/person\/f9930dca12b3bd252d469f244e700c60","name":"Mich\u00e8le Steiner","url":"https:\/\/www.sgeaj.ch\/fr\/author\/msteiner\/"}]}},"_links":{"self":[{"href":"https:\/\/www.sgeaj.ch\/fr\/wp-json\/wp\/v2\/posts\/7801","targetHints":{"allow":["GET"]}}],"collection":[{"href":"https:\/\/www.sgeaj.ch\/fr\/wp-json\/wp\/v2\/posts"}],"about":[{"href":"https:\/\/www.sgeaj.ch\/fr\/wp-json\/wp\/v2\/types\/post"}],"author":[{"embeddable":true,"href":"https:\/\/www.sgeaj.ch\/fr\/wp-json\/wp\/v2\/users\/9"}],"replies":[{"embeddable":true,"href":"https:\/\/www.sgeaj.ch\/fr\/wp-json\/wp\/v2\/comments?post=7801"}],"version-history":[{"count":1,"href":"https:\/\/www.sgeaj.ch\/fr\/wp-json\/wp\/v2\/posts\/7801\/revisions"}],"predecessor-version":[{"id":7802,"href":"https:\/\/www.sgeaj.ch\/fr\/wp-json\/wp\/v2\/posts\/7801\/revisions\/7802"}],"wp:featuredmedia":[{"embeddable":true,"href":"https:\/\/www.sgeaj.ch\/fr\/wp-json\/wp\/v2\/media\/6685"}],"wp:attachment":[{"href":"https:\/\/www.sgeaj.ch\/fr\/wp-json\/wp\/v2\/media?parent=7801"}],"wp:term":[{"taxonomy":"category","embeddable":true,"href":"https:\/\/www.sgeaj.ch\/fr\/wp-json\/wp\/v2\/categories?post=7801"},{"taxonomy":"post_tag","embeddable":true,"href":"https:\/\/www.sgeaj.ch\/fr\/wp-json\/wp\/v2\/tags?post=7801"}],"curies":[{"name":"wp","href":"https:\/\/api.w.org\/{rel}","templated":true}]}}