{"id":7823,"date":"2025-03-26T09:42:17","date_gmt":"2025-03-26T08:42:17","guid":{"rendered":"https:\/\/www.sgeaj.ch\/?p=7823"},"modified":"2025-03-26T09:42:19","modified_gmt":"2025-03-26T08:42:19","slug":"stellenausschreibung-professur-fuer-geschichte-der-fruehen-neuzeit","status":"publish","type":"post","link":"https:\/\/www.sgeaj.ch\/fr\/actualite\/stellenausschreibung-professur-fuer-geschichte-der-fruehen-neuzeit\/","title":{"rendered":"Stellenausschreibung: Professur f\u00fcr Geschichte der Fr\u00fchen Neuzeit"},"content":{"rendered":"\n<h3 class=\"wp-block-heading\"><strong>An der Universit\u00e4t Bern wird der Lehrstuhl f\u00fcr Neuere Geschichte neu besetzt. Neben einer Dozentur f\u00fcr Geschichte des 18. Jahrhunderts und des Revolutionszeitalters ist per 1. August 2026 oder nach Vereinbarung eine Professur (Open Rank) f\u00fcr Geschichte der Fr\u00fchen Neuzeit (ca. 1500-1800) ausgeschrieben.<\/strong><\/h3>\n\n\n\n<p>Die Stelleninhaberin oder der Stelleninhaber vertritt das Fachgebiet der Geschichte der Fr\u00fchen Neuzeit (ca. 1500\u20131800) in Forschung und Lehre. Erw\u00fcnscht ist eine breite Abdeckung der europ\u00e4ischen Geschichte unter Ber\u00fccksichtigung interregionaler, gegebenenfalls globaler Perspektiven. Mindestens ein Forschungsschwerpunkt sollte in der Geschichte des 16. oder 17. Jahrhunderts liegen. Die Stelleninhaberin oder der Stelleninhaber zeigt zudem die Bereitschaft, sich aktiv in die Entwicklung der transepochalen Forschungscluster am <a href=\"http:\/\/www.hist.unibe.ch\" target=\"_blank\" rel=\"noreferrer noopener\">Historischen Institut<\/a> einzubringen und die Anwendung digitaler Methoden in der Forschung und Lehre zu f\u00f6rdern. Neben einem thematisch und methodisch breit angelegten Lehrangebot im Umfang von 4 (Assistenzprofessur) bzw. 8 (Ausserordentliche und Ordentliche Professur) Semesterwochenstunden und der Betreuung von Studien- und Qualifikationsarbeiten auf BA-, MA- und Doktoratsstufe werden die Mitwirkung in der akademischen Selbstverwaltung und die Zusammenarbeit mit anderen Disziplinen erwartet.<\/p>\n\n\n\n<p>Je nach Qualifikation der erfolgreichen Kandidatin bzw. des erfolgreichen Kandidaten wird die Stelle auf Stufe Assistenzprofessur mit Tenure Track, Ausserordentlicher Professur oder Ordentlicher Professur besetzt. Einstellungsvoraussetzung f\u00fcr eine Assistenzprofessur sind eine \u00fcberdurchschnittliche Dissertation, Lehrerfahrung und das Vorliegen eines fortgeschrittenen Habilitationsprojekts. Bei erfolgreicher Evaluation besteht die Aussicht auf Entfristung und Umwandlung der Stelle in eine Ausserordentliche Professur. Einstellungsvoraussetzungen f\u00fcr eine Ausserordentliche oder Ordentliche Professur sind die Habilitation oder eine gleichwertige Qualifikation sowie Erfahrungen im erfolgreichen Einwerben von Drittmitteln. Fundierte Kenntnisse der prim\u00e4ren Lehr- und Verwaltungssprache Deutsch werden erwartet bzw. sind bis sp\u00e4testens zwei Jahre nach Stellenantritt vorzuweisen; gute Kenntnisse des Franz\u00f6sischen, Englischen sowie weiterer Sprachen sind erw\u00fcnscht.<\/p>\n\n\n\n<p>Das Historische Institut strebt im Einklang mit den Zielsetzungen der <a href=\"http:\/\/www.unibe.ch\" target=\"_blank\" rel=\"noreferrer noopener\">Universit\u00e4t Bern<\/a> eine Erh\u00f6hung des Anteils von Frauen in leitenden akademischen Positionen an und fordert deshalb Wissenschaftlerinnen mit Nachdruck zur Bewerbung auf. Bewerbungen im Job-Sharing sind unter Zusendung eines entsprechenden Konzepts ebenfalls m\u00f6glich und erw\u00fcnscht.<\/p>\n\n\n\n<p>Stellenantritt: 1. August 2025 oder zum n\u00e4chstm\u00f6glichen Zeitpunkt<\/p>\n\n\n\n<p>Arbeitgeberin: Universit\u00e4t Bern, Philosophisch-historische Fakult\u00e4t<\/p>\n\n\n\n<p>Arbeitsumfang: 50-100%<\/p>\n\n\n\n<p>Arbeitsort: Bern<\/p>\n\n\n\n<p>Bewerbungsfrist: 4. Mai 2025<\/p>\n\n\n\n<p>Zum Bewerbungsformular geht es <a href=\"https:\/\/www.philhist.unibe.ch\/ueber_uns\/aktuell\/ausschreibung_geschichte_der_fruehen_neuzeit\/index_ger.html\" target=\"_blank\" rel=\"noreferrer noopener\">hier<\/a>.<\/p>\n","protected":false},"excerpt":{"rendered":"<p>An der Universit\u00e4t Bern wird der Lehrstuhl f\u00fcr Neuere Geschichte neu besetzt. Neben einer Dozentur f\u00fcr Geschichte des 18. Jahrhunderts und des Revolutionszeitalters ist per 1. August 2026 oder nach Vereinbarung eine Professur (Open Rank) f\u00fcr Geschichte der Fr\u00fchen Neuzeit (ca. 1500-1800) ausgeschrieben. Die Stelleninhaberin oder der Stelleninhaber vertritt das Fachgebiet der Geschichte der Fr\u00fchen [&hellip;]<\/p>\n","protected":false},"author":9,"featured_media":7828,"comment_status":"closed","ping_status":"open","sticky":false,"template":"","format":"standard","meta":{"footnotes":""},"categories":[42,43],"tags":[95,61,167,101],"class_list":{"0":"post-7823","1":"post","2":"type-post","3":"status-publish","4":"format-standard","5":"has-post-thumbnail","7":"category-actualite","8":"category-communication","9":"tag-digital-humanities-2-fr","10":"tag-early-modern-period-fr","11":"tag-job-advertisement-fr","12":"tag-switzerland-fr","13":"czr-hentry"},"yoast_head":"<!-- This site is optimized with the Yoast SEO plugin v26.9 - https:\/\/yoast.com\/product\/yoast-seo-wordpress\/ -->\n<title>Stellenausschreibung: Professur f\u00fcr Geschichte der Fr\u00fchen Neuzeit - Schweizerische Gesellschaft f\u00fcr die Erforschung des 18. Jahrhunderts (SGEAJ - SSEDS)<\/title>\n<meta name=\"robots\" content=\"index, follow, max-snippet:-1, max-image-preview:large, max-video-preview:-1\" \/>\n<link rel=\"canonical\" href=\"https:\/\/www.sgeaj.ch\/fr\/actualite\/stellenausschreibung-professur-fuer-geschichte-der-fruehen-neuzeit\/\" \/>\n<meta name=\"twitter:label1\" content=\"\u00c9crit par\" \/>\n\t<meta name=\"twitter:data1\" content=\"Mich\u00e8le Steiner\" \/>\n\t<meta name=\"twitter:label2\" content=\"Dur\u00e9e de lecture estim\u00e9e\" \/>\n\t<meta name=\"twitter:data2\" content=\"2 minutes\" \/>\n<script type=\"application\/ld+json\" class=\"yoast-schema-graph\">{\"@context\":\"https:\/\/schema.org\",\"@graph\":[{\"@type\":\"Article\",\"@id\":\"https:\/\/www.sgeaj.ch\/fr\/actualite\/stellenausschreibung-professur-fuer-geschichte-der-fruehen-neuzeit\/#article\",\"isPartOf\":{\"@id\":\"https:\/\/www.sgeaj.ch\/fr\/actualite\/stellenausschreibung-professur-fuer-geschichte-der-fruehen-neuzeit\/\"},\"author\":{\"name\":\"Mich\u00e8le Steiner\",\"@id\":\"https:\/\/www.sgeaj.ch\/fr\/#\/schema\/person\/f9930dca12b3bd252d469f244e700c60\"},\"headline\":\"Stellenausschreibung: Professur f\u00fcr Geschichte der Fr\u00fchen Neuzeit\",\"datePublished\":\"2025-03-26T08:42:17+00:00\",\"dateModified\":\"2025-03-26T08:42:19+00:00\",\"mainEntityOfPage\":{\"@id\":\"https:\/\/www.sgeaj.ch\/fr\/actualite\/stellenausschreibung-professur-fuer-geschichte-der-fruehen-neuzeit\/\"},\"wordCount\":366,\"publisher\":{\"@id\":\"https:\/\/www.sgeaj.ch\/fr\/#organization\"},\"image\":{\"@id\":\"https:\/\/www.sgeaj.ch\/fr\/actualite\/stellenausschreibung-professur-fuer-geschichte-der-fruehen-neuzeit\/#primaryimage\"},\"thumbnailUrl\":\"https:\/\/www.sgeaj.ch\/wp-content\/uploads\/2025\/03\/250326-stellenausschreibungen-bern-bild2.jpg\",\"keywords\":[\"Digital Humanities\",\"Early Modern Period\",\"Job Advertisement\",\"Switzerland\"],\"articleSection\":[\"Actualit\u00e9\",\"Communication\"],\"inLanguage\":\"fr-FR\"},{\"@type\":\"WebPage\",\"@id\":\"https:\/\/www.sgeaj.ch\/fr\/actualite\/stellenausschreibung-professur-fuer-geschichte-der-fruehen-neuzeit\/\",\"url\":\"https:\/\/www.sgeaj.ch\/fr\/actualite\/stellenausschreibung-professur-fuer-geschichte-der-fruehen-neuzeit\/\",\"name\":\"Stellenausschreibung: Professur f\u00fcr Geschichte der Fr\u00fchen Neuzeit - Schweizerische Gesellschaft f\u00fcr die Erforschung des 18. Jahrhunderts (SGEAJ - SSEDS)\",\"isPartOf\":{\"@id\":\"https:\/\/www.sgeaj.ch\/fr\/#website\"},\"primaryImageOfPage\":{\"@id\":\"https:\/\/www.sgeaj.ch\/fr\/actualite\/stellenausschreibung-professur-fuer-geschichte-der-fruehen-neuzeit\/#primaryimage\"},\"image\":{\"@id\":\"https:\/\/www.sgeaj.ch\/fr\/actualite\/stellenausschreibung-professur-fuer-geschichte-der-fruehen-neuzeit\/#primaryimage\"},\"thumbnailUrl\":\"https:\/\/www.sgeaj.ch\/wp-content\/uploads\/2025\/03\/250326-stellenausschreibungen-bern-bild2.jpg\",\"datePublished\":\"2025-03-26T08:42:17+00:00\",\"dateModified\":\"2025-03-26T08:42:19+00:00\",\"inLanguage\":\"fr-FR\",\"potentialAction\":[{\"@type\":\"ReadAction\",\"target\":[\"https:\/\/www.sgeaj.ch\/fr\/actualite\/stellenausschreibung-professur-fuer-geschichte-der-fruehen-neuzeit\/\"]}]},{\"@type\":\"ImageObject\",\"inLanguage\":\"fr-FR\",\"@id\":\"https:\/\/www.sgeaj.ch\/fr\/actualite\/stellenausschreibung-professur-fuer-geschichte-der-fruehen-neuzeit\/#primaryimage\",\"url\":\"https:\/\/www.sgeaj.ch\/wp-content\/uploads\/2025\/03\/250326-stellenausschreibungen-bern-bild2.jpg\",\"contentUrl\":\"https:\/\/www.sgeaj.ch\/wp-content\/uploads\/2025\/03\/250326-stellenausschreibungen-bern-bild2.jpg\",\"width\":1200,\"height\":800},{\"@type\":\"WebSite\",\"@id\":\"https:\/\/www.sgeaj.ch\/fr\/#website\",\"url\":\"https:\/\/www.sgeaj.ch\/fr\/\",\"name\":\"Schweizerische Gesellschaft f\u00fcr die Erforschung des 18. Jahrhunderts (SGEAJ - SSEDS)\",\"description\":\"Schweizerische Gesellschaft f\u00fcr die Erforschung des 18. Jahrhunderts\",\"publisher\":{\"@id\":\"https:\/\/www.sgeaj.ch\/fr\/#organization\"},\"potentialAction\":[{\"@type\":\"SearchAction\",\"target\":{\"@type\":\"EntryPoint\",\"urlTemplate\":\"https:\/\/www.sgeaj.ch\/fr\/?s={search_term_string}\"},\"query-input\":{\"@type\":\"PropertyValueSpecification\",\"valueRequired\":true,\"valueName\":\"search_term_string\"}}],\"inLanguage\":\"fr-FR\"},{\"@type\":\"Organization\",\"@id\":\"https:\/\/www.sgeaj.ch\/fr\/#organization\",\"name\":\"Schweizerische Gesellschaft f\u00fcr die Erforschung des 18. Jahrhunderts (SGEAJ - SSEDS)\",\"url\":\"https:\/\/www.sgeaj.ch\/fr\/\",\"logo\":{\"@type\":\"ImageObject\",\"inLanguage\":\"fr-FR\",\"@id\":\"https:\/\/www.sgeaj.ch\/fr\/#\/schema\/logo\/image\/\",\"url\":\"https:\/\/www.sgeaj.ch\/wp-content\/uploads\/2021\/06\/cropped-logo-xviiies-horiz-abreuviations-bleues.png\",\"contentUrl\":\"https:\/\/www.sgeaj.ch\/wp-content\/uploads\/2021\/06\/cropped-logo-xviiies-horiz-abreuviations-bleues.png\",\"width\":659,\"height\":335,\"caption\":\"Schweizerische Gesellschaft f\u00fcr die Erforschung des 18. Jahrhunderts (SGEAJ - SSEDS)\"},\"image\":{\"@id\":\"https:\/\/www.sgeaj.ch\/fr\/#\/schema\/logo\/image\/\"}},{\"@type\":\"Person\",\"@id\":\"https:\/\/www.sgeaj.ch\/fr\/#\/schema\/person\/f9930dca12b3bd252d469f244e700c60\",\"name\":\"Mich\u00e8le Steiner\",\"url\":\"https:\/\/www.sgeaj.ch\/fr\/author\/msteiner\/\"}]}<\/script>\n<!-- \/ Yoast SEO plugin. -->","yoast_head_json":{"title":"Stellenausschreibung: Professur f\u00fcr Geschichte der Fr\u00fchen Neuzeit - Schweizerische Gesellschaft f\u00fcr die Erforschung des 18. Jahrhunderts (SGEAJ - SSEDS)","robots":{"index":"index","follow":"follow","max-snippet":"max-snippet:-1","max-image-preview":"max-image-preview:large","max-video-preview":"max-video-preview:-1"},"canonical":"https:\/\/www.sgeaj.ch\/fr\/actualite\/stellenausschreibung-professur-fuer-geschichte-der-fruehen-neuzeit\/","twitter_misc":{"\u00c9crit par":"Mich\u00e8le Steiner","Dur\u00e9e de lecture estim\u00e9e":"2 minutes"},"schema":{"@context":"https:\/\/schema.org","@graph":[{"@type":"Article","@id":"https:\/\/www.sgeaj.ch\/fr\/actualite\/stellenausschreibung-professur-fuer-geschichte-der-fruehen-neuzeit\/#article","isPartOf":{"@id":"https:\/\/www.sgeaj.ch\/fr\/actualite\/stellenausschreibung-professur-fuer-geschichte-der-fruehen-neuzeit\/"},"author":{"name":"Mich\u00e8le Steiner","@id":"https:\/\/www.sgeaj.ch\/fr\/#\/schema\/person\/f9930dca12b3bd252d469f244e700c60"},"headline":"Stellenausschreibung: Professur f\u00fcr Geschichte der Fr\u00fchen Neuzeit","datePublished":"2025-03-26T08:42:17+00:00","dateModified":"2025-03-26T08:42:19+00:00","mainEntityOfPage":{"@id":"https:\/\/www.sgeaj.ch\/fr\/actualite\/stellenausschreibung-professur-fuer-geschichte-der-fruehen-neuzeit\/"},"wordCount":366,"publisher":{"@id":"https:\/\/www.sgeaj.ch\/fr\/#organization"},"image":{"@id":"https:\/\/www.sgeaj.ch\/fr\/actualite\/stellenausschreibung-professur-fuer-geschichte-der-fruehen-neuzeit\/#primaryimage"},"thumbnailUrl":"https:\/\/www.sgeaj.ch\/wp-content\/uploads\/2025\/03\/250326-stellenausschreibungen-bern-bild2.jpg","keywords":["Digital Humanities","Early Modern Period","Job Advertisement","Switzerland"],"articleSection":["Actualit\u00e9","Communication"],"inLanguage":"fr-FR"},{"@type":"WebPage","@id":"https:\/\/www.sgeaj.ch\/fr\/actualite\/stellenausschreibung-professur-fuer-geschichte-der-fruehen-neuzeit\/","url":"https:\/\/www.sgeaj.ch\/fr\/actualite\/stellenausschreibung-professur-fuer-geschichte-der-fruehen-neuzeit\/","name":"Stellenausschreibung: Professur f\u00fcr Geschichte der Fr\u00fchen Neuzeit - Schweizerische Gesellschaft f\u00fcr die Erforschung des 18. Jahrhunderts (SGEAJ - SSEDS)","isPartOf":{"@id":"https:\/\/www.sgeaj.ch\/fr\/#website"},"primaryImageOfPage":{"@id":"https:\/\/www.sgeaj.ch\/fr\/actualite\/stellenausschreibung-professur-fuer-geschichte-der-fruehen-neuzeit\/#primaryimage"},"image":{"@id":"https:\/\/www.sgeaj.ch\/fr\/actualite\/stellenausschreibung-professur-fuer-geschichte-der-fruehen-neuzeit\/#primaryimage"},"thumbnailUrl":"https:\/\/www.sgeaj.ch\/wp-content\/uploads\/2025\/03\/250326-stellenausschreibungen-bern-bild2.jpg","datePublished":"2025-03-26T08:42:17+00:00","dateModified":"2025-03-26T08:42:19+00:00","inLanguage":"fr-FR","potentialAction":[{"@type":"ReadAction","target":["https:\/\/www.sgeaj.ch\/fr\/actualite\/stellenausschreibung-professur-fuer-geschichte-der-fruehen-neuzeit\/"]}]},{"@type":"ImageObject","inLanguage":"fr-FR","@id":"https:\/\/www.sgeaj.ch\/fr\/actualite\/stellenausschreibung-professur-fuer-geschichte-der-fruehen-neuzeit\/#primaryimage","url":"https:\/\/www.sgeaj.ch\/wp-content\/uploads\/2025\/03\/250326-stellenausschreibungen-bern-bild2.jpg","contentUrl":"https:\/\/www.sgeaj.ch\/wp-content\/uploads\/2025\/03\/250326-stellenausschreibungen-bern-bild2.jpg","width":1200,"height":800},{"@type":"WebSite","@id":"https:\/\/www.sgeaj.ch\/fr\/#website","url":"https:\/\/www.sgeaj.ch\/fr\/","name":"Schweizerische Gesellschaft f\u00fcr die Erforschung des 18. Jahrhunderts (SGEAJ - SSEDS)","description":"Schweizerische Gesellschaft f\u00fcr die Erforschung des 18. Jahrhunderts","publisher":{"@id":"https:\/\/www.sgeaj.ch\/fr\/#organization"},"potentialAction":[{"@type":"SearchAction","target":{"@type":"EntryPoint","urlTemplate":"https:\/\/www.sgeaj.ch\/fr\/?s={search_term_string}"},"query-input":{"@type":"PropertyValueSpecification","valueRequired":true,"valueName":"search_term_string"}}],"inLanguage":"fr-FR"},{"@type":"Organization","@id":"https:\/\/www.sgeaj.ch\/fr\/#organization","name":"Schweizerische Gesellschaft f\u00fcr die Erforschung des 18. Jahrhunderts (SGEAJ - SSEDS)","url":"https:\/\/www.sgeaj.ch\/fr\/","logo":{"@type":"ImageObject","inLanguage":"fr-FR","@id":"https:\/\/www.sgeaj.ch\/fr\/#\/schema\/logo\/image\/","url":"https:\/\/www.sgeaj.ch\/wp-content\/uploads\/2021\/06\/cropped-logo-xviiies-horiz-abreuviations-bleues.png","contentUrl":"https:\/\/www.sgeaj.ch\/wp-content\/uploads\/2021\/06\/cropped-logo-xviiies-horiz-abreuviations-bleues.png","width":659,"height":335,"caption":"Schweizerische Gesellschaft f\u00fcr die Erforschung des 18. Jahrhunderts (SGEAJ - SSEDS)"},"image":{"@id":"https:\/\/www.sgeaj.ch\/fr\/#\/schema\/logo\/image\/"}},{"@type":"Person","@id":"https:\/\/www.sgeaj.ch\/fr\/#\/schema\/person\/f9930dca12b3bd252d469f244e700c60","name":"Mich\u00e8le Steiner","url":"https:\/\/www.sgeaj.ch\/fr\/author\/msteiner\/"}]}},"_links":{"self":[{"href":"https:\/\/www.sgeaj.ch\/fr\/wp-json\/wp\/v2\/posts\/7823","targetHints":{"allow":["GET"]}}],"collection":[{"href":"https:\/\/www.sgeaj.ch\/fr\/wp-json\/wp\/v2\/posts"}],"about":[{"href":"https:\/\/www.sgeaj.ch\/fr\/wp-json\/wp\/v2\/types\/post"}],"author":[{"embeddable":true,"href":"https:\/\/www.sgeaj.ch\/fr\/wp-json\/wp\/v2\/users\/9"}],"replies":[{"embeddable":true,"href":"https:\/\/www.sgeaj.ch\/fr\/wp-json\/wp\/v2\/comments?post=7823"}],"version-history":[{"count":2,"href":"https:\/\/www.sgeaj.ch\/fr\/wp-json\/wp\/v2\/posts\/7823\/revisions"}],"predecessor-version":[{"id":7826,"href":"https:\/\/www.sgeaj.ch\/fr\/wp-json\/wp\/v2\/posts\/7823\/revisions\/7826"}],"wp:featuredmedia":[{"embeddable":true,"href":"https:\/\/www.sgeaj.ch\/fr\/wp-json\/wp\/v2\/media\/7828"}],"wp:attachment":[{"href":"https:\/\/www.sgeaj.ch\/fr\/wp-json\/wp\/v2\/media?parent=7823"}],"wp:term":[{"taxonomy":"category","embeddable":true,"href":"https:\/\/www.sgeaj.ch\/fr\/wp-json\/wp\/v2\/categories?post=7823"},{"taxonomy":"post_tag","embeddable":true,"href":"https:\/\/www.sgeaj.ch\/fr\/wp-json\/wp\/v2\/tags?post=7823"}],"curies":[{"name":"wp","href":"https:\/\/api.w.org\/{rel}","templated":true}]}}