{"id":7831,"date":"2025-03-26T09:47:18","date_gmt":"2025-03-26T08:47:18","guid":{"rendered":"https:\/\/www.sgeaj.ch\/?p=7831"},"modified":"2025-03-26T09:47:20","modified_gmt":"2025-03-26T08:47:20","slug":"stellenausschreibung-dozentur-fuer-geschichte-des-18-jahrhunderts-und-des-revolutionszeitalters","status":"publish","type":"post","link":"https:\/\/www.sgeaj.ch\/fr\/actualite\/stellenausschreibung-dozentur-fuer-geschichte-des-18-jahrhunderts-und-des-revolutionszeitalters\/","title":{"rendered":"Stellenausschreibung: Dozentur f\u00fcr Geschichte des 18. Jahrhunderts und des Revolutionszeitalters"},"content":{"rendered":"\n<h3 class=\"wp-block-heading\"><strong>An der Universit\u00e4t Bern wird der Lehrstuhl f\u00fcr Neuere Geschichte neu besetzt. Neben der Professur (Open Rank) f\u00fcr Geschichte der Fr\u00fchen Neuzeit (ca. 1500-1800) ist zum 1. Februar 2026 eine Assistenzdozentur oder Dozentur (80-100%) f\u00fcr Geschichte des 18. Jahrhunderts und des Revolutionszeitalters ausgeschrieben.<\/strong><\/h3>\n\n\n\n<p>Die Stelleninhaberin oder der Stelleninhaber vertritt in der Forschung und Lehre den Zeitraum von Ende 17. Jahrhundert bis zur ersten H\u00e4lfte des 19. Jahrhunderts. Die Stelleninhaberin oder der Stelleninhaber setzt sich mit der Sozial-, Ideen- und Historiografiegeschichte jener Periode(n) der europ\u00e4ischen und globalen Geschichte auseinander, die mit Epochensignaturen wie Aufkl\u00e4rung, Sattelzeit oder \u00abAge of Revolutions\u00bb, aber auch \u00abGreat Divergence\u00bb und Kolonialismus bzw. Fr\u00fchimperialismus bezeichnet werden. Die Dozentur bzw. Assistenzdozentur leistet damit einen Beitrag zur Verbindung der Epochenschwerpunkte in Geschichte vor und nach 1800 in den Studienprogrammen des <a href=\"http:\/\/www.hist.unibe.ch\" target=\"_blank\" rel=\"noreferrer noopener\">Historischen Instituts<\/a>. Die Stelleninhaberin oder der Stelleninhaber zeigt zudem die Bereitschaft, sich aktiv in die Entwicklung der transepochalen Forschungscluster am Historischen Institut einzubringen. Neben einem Lehrdeputat von 4 (Assistenzdozentur) bzw. 8 (Dozentur) Semesterwochenstunden und Betreuung von Studierenden auf BA-, MA- und Doktoratsstufe werden die Beteiligung an der akademischen Selbstverwaltung und die Zusammenarbeit mit benachbarten Disziplinen erwartet.<\/p>\n\n\n\n<p>Je nach Qualifikation der erfolgreichen Kandidatin bzw. des erfolgreichen Kandidaten wird die Stelle auf Stufe Assistenzdozentur mit Tenure Track oder Dozentur besetzt. Einstellungsvoraussetzung f\u00fcr eine Assistenzdozentur sind eine \u00fcberdurchschnittliche Dissertation, Lehrerfahrung und das Vorliegen eines fortgeschrittenen Postdoc-Projekts. Bei erfolgreicher Evaluation besteht die Aussicht auf Entfristung und Umwandlung der Stelle in eine unbefristete Dozentur.<\/p>\n\n\n\n<p>Einstellungsvoraussetzungen f\u00fcr eine Dozentur sind neben einer hervorragenden Promotion und weiteren Publikationen eine mehrj\u00e4hrige Lehr- und Forschungst\u00e4tigkeit und Erfahrung im Einwerben von Drittmitteln. Fundierte Kenntnisse der prim\u00e4ren Lehr- und Verwaltungssprache Deutsch werden erwartet bzw. sind bis sp\u00e4testens zwei Jahre nach Stellenantritt vorzuweisen; gute Kenntnisse des Franz\u00f6sischen, Englischen sowie weiterer Sprachen sind erw\u00fcnscht.<\/p>\n\n\n\n<p>Das Historische Institut strebt im Einklang mit den Zielsetzungen der <a href=\"http:\/\/www.unibe.ch\" target=\"_blank\" rel=\"noreferrer noopener\">Universit\u00e4t Bern<\/a> eine Erh\u00f6hung des Anteils von Frauen in leitenden akademischen Positionen an und fordert deshalb Wissenschaftlerinnen mit Nachdruck zur Bewerbung auf. Bewerbungen im Job-Sharing sind unter Zusendung eines entsprechenden Konzepts m\u00f6glich.<\/p>\n\n\n\n<p>Stellenantritt: 1. Februar 2026<\/p>\n\n\n\n<p>Arbeitgeberin: Universit\u00e4t Bern, Philosophisch-historische Fakult\u00e4t<\/p>\n\n\n\n<p>Arbeitsumfang: 80-100%<\/p>\n\n\n\n<p>Arbeitsort: Bern<\/p>\n\n\n\n<p>Bewerbungsfrist: 4. Mai 2025<\/p>\n\n\n\n<p>Zum Bewerbungsformular geht es <a href=\"https:\/\/www.philhist.unibe.ch\/ueber_uns\/aktuell\/ausschreibung_geschichte_des_18_jahrhunderts_und_des_revolutionszeitalters\/index_ger.html\" target=\"_blank\" rel=\"noreferrer noopener\">hier<\/a>.<\/p>\n","protected":false},"excerpt":{"rendered":"<p>An der Universit\u00e4t Bern wird der Lehrstuhl f\u00fcr Neuere Geschichte neu besetzt. Neben der Professur (Open Rank) f\u00fcr Geschichte der Fr\u00fchen Neuzeit (ca. 1500-1800) ist zum 1. Februar 2026 eine Assistenzdozentur oder Dozentur (80-100%) f\u00fcr Geschichte des 18. Jahrhunderts und des Revolutionszeitalters ausgeschrieben. Die Stelleninhaberin oder der Stelleninhaber vertritt in der Forschung und Lehre den [&hellip;]<\/p>\n","protected":false},"author":9,"featured_media":7828,"comment_status":"closed","ping_status":"open","sticky":false,"template":"","format":"standard","meta":{"footnotes":""},"categories":[42,43],"tags":[95,61,167,101],"class_list":{"0":"post-7831","1":"post","2":"type-post","3":"status-publish","4":"format-standard","5":"has-post-thumbnail","7":"category-actualite","8":"category-communication","9":"tag-digital-humanities-2-fr","10":"tag-early-modern-period-fr","11":"tag-job-advertisement-fr","12":"tag-switzerland-fr","13":"czr-hentry"},"yoast_head":"<!-- This site is optimized with the Yoast SEO plugin v26.9 - https:\/\/yoast.com\/product\/yoast-seo-wordpress\/ -->\n<title>Stellenausschreibung: Dozentur f\u00fcr Geschichte des 18. Jahrhunderts und des Revolutionszeitalters - Schweizerische Gesellschaft f\u00fcr die Erforschung des 18. Jahrhunderts (SGEAJ - SSEDS)<\/title>\n<meta name=\"robots\" content=\"index, follow, max-snippet:-1, max-image-preview:large, max-video-preview:-1\" \/>\n<link rel=\"canonical\" href=\"https:\/\/www.sgeaj.ch\/fr\/actualite\/stellenausschreibung-dozentur-fuer-geschichte-des-18-jahrhunderts-und-des-revolutionszeitalters\/\" \/>\n<meta name=\"twitter:label1\" content=\"\u00c9crit par\" \/>\n\t<meta name=\"twitter:data1\" content=\"Mich\u00e8le Steiner\" \/>\n\t<meta name=\"twitter:label2\" content=\"Dur\u00e9e de lecture estim\u00e9e\" \/>\n\t<meta name=\"twitter:data2\" content=\"3 minutes\" \/>\n<script type=\"application\/ld+json\" class=\"yoast-schema-graph\">{\"@context\":\"https:\/\/schema.org\",\"@graph\":[{\"@type\":\"Article\",\"@id\":\"https:\/\/www.sgeaj.ch\/fr\/actualite\/stellenausschreibung-dozentur-fuer-geschichte-des-18-jahrhunderts-und-des-revolutionszeitalters\/#article\",\"isPartOf\":{\"@id\":\"https:\/\/www.sgeaj.ch\/fr\/actualite\/stellenausschreibung-dozentur-fuer-geschichte-des-18-jahrhunderts-und-des-revolutionszeitalters\/\"},\"author\":{\"name\":\"Mich\u00e8le Steiner\",\"@id\":\"https:\/\/www.sgeaj.ch\/fr\/#\/schema\/person\/f9930dca12b3bd252d469f244e700c60\"},\"headline\":\"Stellenausschreibung: Dozentur f\u00fcr Geschichte des 18. Jahrhunderts und des Revolutionszeitalters\",\"datePublished\":\"2025-03-26T08:47:18+00:00\",\"dateModified\":\"2025-03-26T08:47:20+00:00\",\"mainEntityOfPage\":{\"@id\":\"https:\/\/www.sgeaj.ch\/fr\/actualite\/stellenausschreibung-dozentur-fuer-geschichte-des-18-jahrhunderts-und-des-revolutionszeitalters\/\"},\"wordCount\":376,\"publisher\":{\"@id\":\"https:\/\/www.sgeaj.ch\/fr\/#organization\"},\"image\":{\"@id\":\"https:\/\/www.sgeaj.ch\/fr\/actualite\/stellenausschreibung-dozentur-fuer-geschichte-des-18-jahrhunderts-und-des-revolutionszeitalters\/#primaryimage\"},\"thumbnailUrl\":\"https:\/\/www.sgeaj.ch\/wp-content\/uploads\/2025\/03\/250326-stellenausschreibungen-bern-bild2.jpg\",\"keywords\":[\"Digital Humanities\",\"Early Modern Period\",\"Job Advertisement\",\"Switzerland\"],\"articleSection\":[\"Actualit\u00e9\",\"Communication\"],\"inLanguage\":\"fr-FR\"},{\"@type\":\"WebPage\",\"@id\":\"https:\/\/www.sgeaj.ch\/fr\/actualite\/stellenausschreibung-dozentur-fuer-geschichte-des-18-jahrhunderts-und-des-revolutionszeitalters\/\",\"url\":\"https:\/\/www.sgeaj.ch\/fr\/actualite\/stellenausschreibung-dozentur-fuer-geschichte-des-18-jahrhunderts-und-des-revolutionszeitalters\/\",\"name\":\"Stellenausschreibung: Dozentur f\u00fcr Geschichte des 18. Jahrhunderts und des Revolutionszeitalters - Schweizerische Gesellschaft f\u00fcr die Erforschung des 18. Jahrhunderts (SGEAJ - SSEDS)\",\"isPartOf\":{\"@id\":\"https:\/\/www.sgeaj.ch\/fr\/#website\"},\"primaryImageOfPage\":{\"@id\":\"https:\/\/www.sgeaj.ch\/fr\/actualite\/stellenausschreibung-dozentur-fuer-geschichte-des-18-jahrhunderts-und-des-revolutionszeitalters\/#primaryimage\"},\"image\":{\"@id\":\"https:\/\/www.sgeaj.ch\/fr\/actualite\/stellenausschreibung-dozentur-fuer-geschichte-des-18-jahrhunderts-und-des-revolutionszeitalters\/#primaryimage\"},\"thumbnailUrl\":\"https:\/\/www.sgeaj.ch\/wp-content\/uploads\/2025\/03\/250326-stellenausschreibungen-bern-bild2.jpg\",\"datePublished\":\"2025-03-26T08:47:18+00:00\",\"dateModified\":\"2025-03-26T08:47:20+00:00\",\"inLanguage\":\"fr-FR\",\"potentialAction\":[{\"@type\":\"ReadAction\",\"target\":[\"https:\/\/www.sgeaj.ch\/fr\/actualite\/stellenausschreibung-dozentur-fuer-geschichte-des-18-jahrhunderts-und-des-revolutionszeitalters\/\"]}]},{\"@type\":\"ImageObject\",\"inLanguage\":\"fr-FR\",\"@id\":\"https:\/\/www.sgeaj.ch\/fr\/actualite\/stellenausschreibung-dozentur-fuer-geschichte-des-18-jahrhunderts-und-des-revolutionszeitalters\/#primaryimage\",\"url\":\"https:\/\/www.sgeaj.ch\/wp-content\/uploads\/2025\/03\/250326-stellenausschreibungen-bern-bild2.jpg\",\"contentUrl\":\"https:\/\/www.sgeaj.ch\/wp-content\/uploads\/2025\/03\/250326-stellenausschreibungen-bern-bild2.jpg\",\"width\":1200,\"height\":800},{\"@type\":\"WebSite\",\"@id\":\"https:\/\/www.sgeaj.ch\/fr\/#website\",\"url\":\"https:\/\/www.sgeaj.ch\/fr\/\",\"name\":\"Schweizerische Gesellschaft f\u00fcr die Erforschung des 18. Jahrhunderts (SGEAJ - SSEDS)\",\"description\":\"Schweizerische Gesellschaft f\u00fcr die Erforschung des 18. Jahrhunderts\",\"publisher\":{\"@id\":\"https:\/\/www.sgeaj.ch\/fr\/#organization\"},\"potentialAction\":[{\"@type\":\"SearchAction\",\"target\":{\"@type\":\"EntryPoint\",\"urlTemplate\":\"https:\/\/www.sgeaj.ch\/fr\/?s={search_term_string}\"},\"query-input\":{\"@type\":\"PropertyValueSpecification\",\"valueRequired\":true,\"valueName\":\"search_term_string\"}}],\"inLanguage\":\"fr-FR\"},{\"@type\":\"Organization\",\"@id\":\"https:\/\/www.sgeaj.ch\/fr\/#organization\",\"name\":\"Schweizerische Gesellschaft f\u00fcr die Erforschung des 18. Jahrhunderts (SGEAJ - SSEDS)\",\"url\":\"https:\/\/www.sgeaj.ch\/fr\/\",\"logo\":{\"@type\":\"ImageObject\",\"inLanguage\":\"fr-FR\",\"@id\":\"https:\/\/www.sgeaj.ch\/fr\/#\/schema\/logo\/image\/\",\"url\":\"https:\/\/www.sgeaj.ch\/wp-content\/uploads\/2021\/06\/cropped-logo-xviiies-horiz-abreuviations-bleues.png\",\"contentUrl\":\"https:\/\/www.sgeaj.ch\/wp-content\/uploads\/2021\/06\/cropped-logo-xviiies-horiz-abreuviations-bleues.png\",\"width\":659,\"height\":335,\"caption\":\"Schweizerische Gesellschaft f\u00fcr die Erforschung des 18. Jahrhunderts (SGEAJ - SSEDS)\"},\"image\":{\"@id\":\"https:\/\/www.sgeaj.ch\/fr\/#\/schema\/logo\/image\/\"}},{\"@type\":\"Person\",\"@id\":\"https:\/\/www.sgeaj.ch\/fr\/#\/schema\/person\/f9930dca12b3bd252d469f244e700c60\",\"name\":\"Mich\u00e8le Steiner\",\"url\":\"https:\/\/www.sgeaj.ch\/fr\/author\/msteiner\/\"}]}<\/script>\n<!-- \/ Yoast SEO plugin. -->","yoast_head_json":{"title":"Stellenausschreibung: Dozentur f\u00fcr Geschichte des 18. Jahrhunderts und des Revolutionszeitalters - Schweizerische Gesellschaft f\u00fcr die Erforschung des 18. Jahrhunderts (SGEAJ - SSEDS)","robots":{"index":"index","follow":"follow","max-snippet":"max-snippet:-1","max-image-preview":"max-image-preview:large","max-video-preview":"max-video-preview:-1"},"canonical":"https:\/\/www.sgeaj.ch\/fr\/actualite\/stellenausschreibung-dozentur-fuer-geschichte-des-18-jahrhunderts-und-des-revolutionszeitalters\/","twitter_misc":{"\u00c9crit par":"Mich\u00e8le Steiner","Dur\u00e9e de lecture estim\u00e9e":"3 minutes"},"schema":{"@context":"https:\/\/schema.org","@graph":[{"@type":"Article","@id":"https:\/\/www.sgeaj.ch\/fr\/actualite\/stellenausschreibung-dozentur-fuer-geschichte-des-18-jahrhunderts-und-des-revolutionszeitalters\/#article","isPartOf":{"@id":"https:\/\/www.sgeaj.ch\/fr\/actualite\/stellenausschreibung-dozentur-fuer-geschichte-des-18-jahrhunderts-und-des-revolutionszeitalters\/"},"author":{"name":"Mich\u00e8le Steiner","@id":"https:\/\/www.sgeaj.ch\/fr\/#\/schema\/person\/f9930dca12b3bd252d469f244e700c60"},"headline":"Stellenausschreibung: Dozentur f\u00fcr Geschichte des 18. Jahrhunderts und des Revolutionszeitalters","datePublished":"2025-03-26T08:47:18+00:00","dateModified":"2025-03-26T08:47:20+00:00","mainEntityOfPage":{"@id":"https:\/\/www.sgeaj.ch\/fr\/actualite\/stellenausschreibung-dozentur-fuer-geschichte-des-18-jahrhunderts-und-des-revolutionszeitalters\/"},"wordCount":376,"publisher":{"@id":"https:\/\/www.sgeaj.ch\/fr\/#organization"},"image":{"@id":"https:\/\/www.sgeaj.ch\/fr\/actualite\/stellenausschreibung-dozentur-fuer-geschichte-des-18-jahrhunderts-und-des-revolutionszeitalters\/#primaryimage"},"thumbnailUrl":"https:\/\/www.sgeaj.ch\/wp-content\/uploads\/2025\/03\/250326-stellenausschreibungen-bern-bild2.jpg","keywords":["Digital Humanities","Early Modern Period","Job Advertisement","Switzerland"],"articleSection":["Actualit\u00e9","Communication"],"inLanguage":"fr-FR"},{"@type":"WebPage","@id":"https:\/\/www.sgeaj.ch\/fr\/actualite\/stellenausschreibung-dozentur-fuer-geschichte-des-18-jahrhunderts-und-des-revolutionszeitalters\/","url":"https:\/\/www.sgeaj.ch\/fr\/actualite\/stellenausschreibung-dozentur-fuer-geschichte-des-18-jahrhunderts-und-des-revolutionszeitalters\/","name":"Stellenausschreibung: Dozentur f\u00fcr Geschichte des 18. Jahrhunderts und des Revolutionszeitalters - Schweizerische Gesellschaft f\u00fcr die Erforschung des 18. Jahrhunderts (SGEAJ - SSEDS)","isPartOf":{"@id":"https:\/\/www.sgeaj.ch\/fr\/#website"},"primaryImageOfPage":{"@id":"https:\/\/www.sgeaj.ch\/fr\/actualite\/stellenausschreibung-dozentur-fuer-geschichte-des-18-jahrhunderts-und-des-revolutionszeitalters\/#primaryimage"},"image":{"@id":"https:\/\/www.sgeaj.ch\/fr\/actualite\/stellenausschreibung-dozentur-fuer-geschichte-des-18-jahrhunderts-und-des-revolutionszeitalters\/#primaryimage"},"thumbnailUrl":"https:\/\/www.sgeaj.ch\/wp-content\/uploads\/2025\/03\/250326-stellenausschreibungen-bern-bild2.jpg","datePublished":"2025-03-26T08:47:18+00:00","dateModified":"2025-03-26T08:47:20+00:00","inLanguage":"fr-FR","potentialAction":[{"@type":"ReadAction","target":["https:\/\/www.sgeaj.ch\/fr\/actualite\/stellenausschreibung-dozentur-fuer-geschichte-des-18-jahrhunderts-und-des-revolutionszeitalters\/"]}]},{"@type":"ImageObject","inLanguage":"fr-FR","@id":"https:\/\/www.sgeaj.ch\/fr\/actualite\/stellenausschreibung-dozentur-fuer-geschichte-des-18-jahrhunderts-und-des-revolutionszeitalters\/#primaryimage","url":"https:\/\/www.sgeaj.ch\/wp-content\/uploads\/2025\/03\/250326-stellenausschreibungen-bern-bild2.jpg","contentUrl":"https:\/\/www.sgeaj.ch\/wp-content\/uploads\/2025\/03\/250326-stellenausschreibungen-bern-bild2.jpg","width":1200,"height":800},{"@type":"WebSite","@id":"https:\/\/www.sgeaj.ch\/fr\/#website","url":"https:\/\/www.sgeaj.ch\/fr\/","name":"Schweizerische Gesellschaft f\u00fcr die Erforschung des 18. Jahrhunderts (SGEAJ - SSEDS)","description":"Schweizerische Gesellschaft f\u00fcr die Erforschung des 18. Jahrhunderts","publisher":{"@id":"https:\/\/www.sgeaj.ch\/fr\/#organization"},"potentialAction":[{"@type":"SearchAction","target":{"@type":"EntryPoint","urlTemplate":"https:\/\/www.sgeaj.ch\/fr\/?s={search_term_string}"},"query-input":{"@type":"PropertyValueSpecification","valueRequired":true,"valueName":"search_term_string"}}],"inLanguage":"fr-FR"},{"@type":"Organization","@id":"https:\/\/www.sgeaj.ch\/fr\/#organization","name":"Schweizerische Gesellschaft f\u00fcr die Erforschung des 18. Jahrhunderts (SGEAJ - SSEDS)","url":"https:\/\/www.sgeaj.ch\/fr\/","logo":{"@type":"ImageObject","inLanguage":"fr-FR","@id":"https:\/\/www.sgeaj.ch\/fr\/#\/schema\/logo\/image\/","url":"https:\/\/www.sgeaj.ch\/wp-content\/uploads\/2021\/06\/cropped-logo-xviiies-horiz-abreuviations-bleues.png","contentUrl":"https:\/\/www.sgeaj.ch\/wp-content\/uploads\/2021\/06\/cropped-logo-xviiies-horiz-abreuviations-bleues.png","width":659,"height":335,"caption":"Schweizerische Gesellschaft f\u00fcr die Erforschung des 18. Jahrhunderts (SGEAJ - SSEDS)"},"image":{"@id":"https:\/\/www.sgeaj.ch\/fr\/#\/schema\/logo\/image\/"}},{"@type":"Person","@id":"https:\/\/www.sgeaj.ch\/fr\/#\/schema\/person\/f9930dca12b3bd252d469f244e700c60","name":"Mich\u00e8le Steiner","url":"https:\/\/www.sgeaj.ch\/fr\/author\/msteiner\/"}]}},"_links":{"self":[{"href":"https:\/\/www.sgeaj.ch\/fr\/wp-json\/wp\/v2\/posts\/7831","targetHints":{"allow":["GET"]}}],"collection":[{"href":"https:\/\/www.sgeaj.ch\/fr\/wp-json\/wp\/v2\/posts"}],"about":[{"href":"https:\/\/www.sgeaj.ch\/fr\/wp-json\/wp\/v2\/types\/post"}],"author":[{"embeddable":true,"href":"https:\/\/www.sgeaj.ch\/fr\/wp-json\/wp\/v2\/users\/9"}],"replies":[{"embeddable":true,"href":"https:\/\/www.sgeaj.ch\/fr\/wp-json\/wp\/v2\/comments?post=7831"}],"version-history":[{"count":1,"href":"https:\/\/www.sgeaj.ch\/fr\/wp-json\/wp\/v2\/posts\/7831\/revisions"}],"predecessor-version":[{"id":7833,"href":"https:\/\/www.sgeaj.ch\/fr\/wp-json\/wp\/v2\/posts\/7831\/revisions\/7833"}],"wp:featuredmedia":[{"embeddable":true,"href":"https:\/\/www.sgeaj.ch\/fr\/wp-json\/wp\/v2\/media\/7828"}],"wp:attachment":[{"href":"https:\/\/www.sgeaj.ch\/fr\/wp-json\/wp\/v2\/media?parent=7831"}],"wp:term":[{"taxonomy":"category","embeddable":true,"href":"https:\/\/www.sgeaj.ch\/fr\/wp-json\/wp\/v2\/categories?post=7831"},{"taxonomy":"post_tag","embeddable":true,"href":"https:\/\/www.sgeaj.ch\/fr\/wp-json\/wp\/v2\/tags?post=7831"}],"curies":[{"name":"wp","href":"https:\/\/api.w.org\/{rel}","templated":true}]}}