{"id":7841,"date":"2025-04-14T08:28:44","date_gmt":"2025-04-14T06:28:44","guid":{"rendered":"https:\/\/www.sgeaj.ch\/?p=7841"},"modified":"2025-04-14T08:28:46","modified_gmt":"2025-04-14T06:28:46","slug":"la-societe-litteraire-de-lausanne","status":"publish","type":"post","link":"https:\/\/www.sgeaj.ch\/fr\/actualite\/la-societe-litteraire-de-lausanne\/","title":{"rendered":"La Soci\u00e9t\u00e9 litt\u00e9raire de Lausanne"},"content":{"rendered":"\n<h3 class=\"wp-block-heading\">Damiano Bardelli, La Soci\u00e9t\u00e9 litt\u00e9raire de Lausanne. Sociabilit\u00e9 et d\u00e9bats de r\u00e9forme, Liverpool\u00a0: Liverpool University Press, coll. Oxford University Studies in the Enlightenment, 2025, 336 p.<\/h3>\n\n\n\n<p>Sise au croisement des principaux axes routiers du continent, dans le dernier tiers du XVIIIe si\u00e8cle Lausanne accueille une florissante communaut\u00e9 d\u2019\u00e9trangers \u2013 plus ou moins titr\u00e9s, plus ou moins brillants \u2013 avec lesquels les membres de l\u2019\u00e9lite locale aiment se m\u00ealer. La vie sociale de la ville, en phase avec les derni\u00e8res tendances europ\u00e9ennes, mais r\u00e9gie par des logiques famili\u00e8res propres \u00e0 un centre urbain de petite taille, attire les \u00e9loges de figures telles que Voltaire et Edward Gibbon, qui y s\u00e9journent \u00e0 plusieurs reprises. Parmi les diff\u00e9rents foyers de sociabilit\u00e9 lausannois, la Soci\u00e9t\u00e9 litt\u00e9raire se distingue par son cosmopolitisme et son engagement avec les principaux d\u00e9bats de l\u2019Europe des Lumi\u00e8res.<\/p>\n\n\n\n<p>Cet ouvrage reconstruit la composition, les pratiques et l\u2019activit\u00e9 intellectuelle de la Soci\u00e9t\u00e9 litt\u00e9raire de Lausanne sur la base de sa riche collection manuscrite, jusqu\u2019ici largement inexploit\u00e9e. En la mettant en perspective avec les pratiques de sociabilit\u00e9 et les d\u00e9bats de r\u00e9forme de l\u2019\u00e9poque, il brosse le portrait d\u2019une institution organis\u00e9e pour accueillir des profils vari\u00e9s \u2013 issus de l\u2019Europe nord-occidentale, centrale et orientale \u2013 et vou\u00e9e aux grands th\u00e8mes du moment. Par l\u2019analyse de ses d\u00e9bats autour de la sensibilit\u00e9, des pr\u00e9jug\u00e9s, du droit p\u00e9nal, du luxe et de la d\u00e9population, il offre un aper\u00e7u des dynamiques intellectuelles des Lumi\u00e8res \u00e0 Lausanne et invite \u00e0 interroger les interpr\u00e9tations courantes des Lumi\u00e8res par la mise en \u00e9vidence du rapport dialectique entre leur dimension continentale et locale.<\/p>\n\n\n\n<p>Pour plus d\u2019informations sur la publication, <a href=\"https:\/\/www.liverpooluniversitypress.co.uk\/doi\/book\/10.3828\/9781836240402\" target=\"_blank\" rel=\"noreferrer noopener\">cliquez ici<\/a>.<\/p>\n","protected":false},"excerpt":{"rendered":"<p>Damiano Bardelli, La Soci\u00e9t\u00e9 litt\u00e9raire de Lausanne. Sociabilit\u00e9 et d\u00e9bats de r\u00e9forme, Liverpool\u00a0: Liverpool University Press, coll. Oxford University Studies in the Enlightenment, 2025, 336 p. Sise au croisement des principaux axes routiers du continent, dans le dernier tiers du XVIIIe si\u00e8cle Lausanne accueille une florissante communaut\u00e9 d\u2019\u00e9trangers \u2013 plus ou moins titr\u00e9s, plus ou [&hellip;]<\/p>\n","protected":false},"author":9,"featured_media":7844,"comment_status":"closed","ping_status":"open","sticky":false,"template":"","format":"standard","meta":{"footnotes":""},"categories":[42,25],"tags":[67,68,90,91,101],"class_list":{"0":"post-7841","1":"post","2":"type-post","3":"status-publish","4":"format-standard","5":"has-post-thumbnail","7":"category-actualite","8":"category-nouvelles-publications","9":"tag-enlightenment-fr","10":"tag-knowledge-fr","11":"tag-networks-fr","12":"tag-publication-fr","13":"tag-switzerland-fr","14":"czr-hentry"},"yoast_head":"<!-- This site is optimized with the Yoast SEO plugin v26.9 - https:\/\/yoast.com\/product\/yoast-seo-wordpress\/ -->\n<title>La Soci\u00e9t\u00e9 litt\u00e9raire de Lausanne - Schweizerische Gesellschaft f\u00fcr die Erforschung des 18. Jahrhunderts (SGEAJ - SSEDS)<\/title>\n<meta name=\"robots\" content=\"index, follow, max-snippet:-1, max-image-preview:large, max-video-preview:-1\" \/>\n<link rel=\"canonical\" href=\"https:\/\/www.sgeaj.ch\/fr\/actualite\/la-societe-litteraire-de-lausanne\/\" \/>\n<meta name=\"twitter:label1\" content=\"\u00c9crit par\" \/>\n\t<meta name=\"twitter:data1\" content=\"Mich\u00e8le Steiner\" \/>\n\t<meta name=\"twitter:label2\" content=\"Dur\u00e9e de lecture estim\u00e9e\" \/>\n\t<meta name=\"twitter:data2\" content=\"2 minutes\" \/>\n<script type=\"application\/ld+json\" class=\"yoast-schema-graph\">{\"@context\":\"https:\/\/schema.org\",\"@graph\":[{\"@type\":\"Article\",\"@id\":\"https:\/\/www.sgeaj.ch\/fr\/actualite\/la-societe-litteraire-de-lausanne\/#article\",\"isPartOf\":{\"@id\":\"https:\/\/www.sgeaj.ch\/fr\/actualite\/la-societe-litteraire-de-lausanne\/\"},\"author\":{\"name\":\"Mich\u00e8le Steiner\",\"@id\":\"https:\/\/www.sgeaj.ch\/fr\/#\/schema\/person\/f9930dca12b3bd252d469f244e700c60\"},\"headline\":\"La Soci\u00e9t\u00e9 litt\u00e9raire de Lausanne\",\"datePublished\":\"2025-04-14T06:28:44+00:00\",\"dateModified\":\"2025-04-14T06:28:46+00:00\",\"mainEntityOfPage\":{\"@id\":\"https:\/\/www.sgeaj.ch\/fr\/actualite\/la-societe-litteraire-de-lausanne\/\"},\"wordCount\":314,\"publisher\":{\"@id\":\"https:\/\/www.sgeaj.ch\/fr\/#organization\"},\"image\":{\"@id\":\"https:\/\/www.sgeaj.ch\/fr\/actualite\/la-societe-litteraire-de-lausanne\/#primaryimage\"},\"thumbnailUrl\":\"https:\/\/www.sgeaj.ch\/wp-content\/uploads\/2025\/04\/ose-bardelli-cover-chosen-1-scaled.jpg\",\"keywords\":[\"Enlightenment\",\"Knowledge\",\"Networks\",\"Publication\",\"Switzerland\"],\"articleSection\":[\"Actualit\u00e9\",\"Nouvelles publications\"],\"inLanguage\":\"fr-FR\"},{\"@type\":\"WebPage\",\"@id\":\"https:\/\/www.sgeaj.ch\/fr\/actualite\/la-societe-litteraire-de-lausanne\/\",\"url\":\"https:\/\/www.sgeaj.ch\/fr\/actualite\/la-societe-litteraire-de-lausanne\/\",\"name\":\"La Soci\u00e9t\u00e9 litt\u00e9raire de Lausanne - Schweizerische Gesellschaft f\u00fcr die Erforschung des 18. Jahrhunderts (SGEAJ - SSEDS)\",\"isPartOf\":{\"@id\":\"https:\/\/www.sgeaj.ch\/fr\/#website\"},\"primaryImageOfPage\":{\"@id\":\"https:\/\/www.sgeaj.ch\/fr\/actualite\/la-societe-litteraire-de-lausanne\/#primaryimage\"},\"image\":{\"@id\":\"https:\/\/www.sgeaj.ch\/fr\/actualite\/la-societe-litteraire-de-lausanne\/#primaryimage\"},\"thumbnailUrl\":\"https:\/\/www.sgeaj.ch\/wp-content\/uploads\/2025\/04\/ose-bardelli-cover-chosen-1-scaled.jpg\",\"datePublished\":\"2025-04-14T06:28:44+00:00\",\"dateModified\":\"2025-04-14T06:28:46+00:00\",\"inLanguage\":\"fr-FR\",\"potentialAction\":[{\"@type\":\"ReadAction\",\"target\":[\"https:\/\/www.sgeaj.ch\/fr\/actualite\/la-societe-litteraire-de-lausanne\/\"]}]},{\"@type\":\"ImageObject\",\"inLanguage\":\"fr-FR\",\"@id\":\"https:\/\/www.sgeaj.ch\/fr\/actualite\/la-societe-litteraire-de-lausanne\/#primaryimage\",\"url\":\"https:\/\/www.sgeaj.ch\/wp-content\/uploads\/2025\/04\/ose-bardelli-cover-chosen-1-scaled.jpg\",\"contentUrl\":\"https:\/\/www.sgeaj.ch\/wp-content\/uploads\/2025\/04\/ose-bardelli-cover-chosen-1-scaled.jpg\",\"width\":1718,\"height\":2560},{\"@type\":\"WebSite\",\"@id\":\"https:\/\/www.sgeaj.ch\/fr\/#website\",\"url\":\"https:\/\/www.sgeaj.ch\/fr\/\",\"name\":\"Schweizerische Gesellschaft f\u00fcr die Erforschung des 18. Jahrhunderts (SGEAJ - SSEDS)\",\"description\":\"Schweizerische Gesellschaft f\u00fcr die Erforschung des 18. Jahrhunderts\",\"publisher\":{\"@id\":\"https:\/\/www.sgeaj.ch\/fr\/#organization\"},\"potentialAction\":[{\"@type\":\"SearchAction\",\"target\":{\"@type\":\"EntryPoint\",\"urlTemplate\":\"https:\/\/www.sgeaj.ch\/fr\/?s={search_term_string}\"},\"query-input\":{\"@type\":\"PropertyValueSpecification\",\"valueRequired\":true,\"valueName\":\"search_term_string\"}}],\"inLanguage\":\"fr-FR\"},{\"@type\":\"Organization\",\"@id\":\"https:\/\/www.sgeaj.ch\/fr\/#organization\",\"name\":\"Schweizerische Gesellschaft f\u00fcr die Erforschung des 18. Jahrhunderts (SGEAJ - SSEDS)\",\"url\":\"https:\/\/www.sgeaj.ch\/fr\/\",\"logo\":{\"@type\":\"ImageObject\",\"inLanguage\":\"fr-FR\",\"@id\":\"https:\/\/www.sgeaj.ch\/fr\/#\/schema\/logo\/image\/\",\"url\":\"https:\/\/www.sgeaj.ch\/wp-content\/uploads\/2021\/06\/cropped-logo-xviiies-horiz-abreuviations-bleues.png\",\"contentUrl\":\"https:\/\/www.sgeaj.ch\/wp-content\/uploads\/2021\/06\/cropped-logo-xviiies-horiz-abreuviations-bleues.png\",\"width\":659,\"height\":335,\"caption\":\"Schweizerische Gesellschaft f\u00fcr die Erforschung des 18. Jahrhunderts (SGEAJ - SSEDS)\"},\"image\":{\"@id\":\"https:\/\/www.sgeaj.ch\/fr\/#\/schema\/logo\/image\/\"}},{\"@type\":\"Person\",\"@id\":\"https:\/\/www.sgeaj.ch\/fr\/#\/schema\/person\/f9930dca12b3bd252d469f244e700c60\",\"name\":\"Mich\u00e8le Steiner\",\"url\":\"https:\/\/www.sgeaj.ch\/fr\/author\/msteiner\/\"}]}<\/script>\n<!-- \/ Yoast SEO plugin. -->","yoast_head_json":{"title":"La Soci\u00e9t\u00e9 litt\u00e9raire de Lausanne - Schweizerische Gesellschaft f\u00fcr die Erforschung des 18. Jahrhunderts (SGEAJ - SSEDS)","robots":{"index":"index","follow":"follow","max-snippet":"max-snippet:-1","max-image-preview":"max-image-preview:large","max-video-preview":"max-video-preview:-1"},"canonical":"https:\/\/www.sgeaj.ch\/fr\/actualite\/la-societe-litteraire-de-lausanne\/","twitter_misc":{"\u00c9crit par":"Mich\u00e8le Steiner","Dur\u00e9e de lecture estim\u00e9e":"2 minutes"},"schema":{"@context":"https:\/\/schema.org","@graph":[{"@type":"Article","@id":"https:\/\/www.sgeaj.ch\/fr\/actualite\/la-societe-litteraire-de-lausanne\/#article","isPartOf":{"@id":"https:\/\/www.sgeaj.ch\/fr\/actualite\/la-societe-litteraire-de-lausanne\/"},"author":{"name":"Mich\u00e8le Steiner","@id":"https:\/\/www.sgeaj.ch\/fr\/#\/schema\/person\/f9930dca12b3bd252d469f244e700c60"},"headline":"La Soci\u00e9t\u00e9 litt\u00e9raire de Lausanne","datePublished":"2025-04-14T06:28:44+00:00","dateModified":"2025-04-14T06:28:46+00:00","mainEntityOfPage":{"@id":"https:\/\/www.sgeaj.ch\/fr\/actualite\/la-societe-litteraire-de-lausanne\/"},"wordCount":314,"publisher":{"@id":"https:\/\/www.sgeaj.ch\/fr\/#organization"},"image":{"@id":"https:\/\/www.sgeaj.ch\/fr\/actualite\/la-societe-litteraire-de-lausanne\/#primaryimage"},"thumbnailUrl":"https:\/\/www.sgeaj.ch\/wp-content\/uploads\/2025\/04\/ose-bardelli-cover-chosen-1-scaled.jpg","keywords":["Enlightenment","Knowledge","Networks","Publication","Switzerland"],"articleSection":["Actualit\u00e9","Nouvelles publications"],"inLanguage":"fr-FR"},{"@type":"WebPage","@id":"https:\/\/www.sgeaj.ch\/fr\/actualite\/la-societe-litteraire-de-lausanne\/","url":"https:\/\/www.sgeaj.ch\/fr\/actualite\/la-societe-litteraire-de-lausanne\/","name":"La Soci\u00e9t\u00e9 litt\u00e9raire de Lausanne - Schweizerische Gesellschaft f\u00fcr die Erforschung des 18. Jahrhunderts (SGEAJ - SSEDS)","isPartOf":{"@id":"https:\/\/www.sgeaj.ch\/fr\/#website"},"primaryImageOfPage":{"@id":"https:\/\/www.sgeaj.ch\/fr\/actualite\/la-societe-litteraire-de-lausanne\/#primaryimage"},"image":{"@id":"https:\/\/www.sgeaj.ch\/fr\/actualite\/la-societe-litteraire-de-lausanne\/#primaryimage"},"thumbnailUrl":"https:\/\/www.sgeaj.ch\/wp-content\/uploads\/2025\/04\/ose-bardelli-cover-chosen-1-scaled.jpg","datePublished":"2025-04-14T06:28:44+00:00","dateModified":"2025-04-14T06:28:46+00:00","inLanguage":"fr-FR","potentialAction":[{"@type":"ReadAction","target":["https:\/\/www.sgeaj.ch\/fr\/actualite\/la-societe-litteraire-de-lausanne\/"]}]},{"@type":"ImageObject","inLanguage":"fr-FR","@id":"https:\/\/www.sgeaj.ch\/fr\/actualite\/la-societe-litteraire-de-lausanne\/#primaryimage","url":"https:\/\/www.sgeaj.ch\/wp-content\/uploads\/2025\/04\/ose-bardelli-cover-chosen-1-scaled.jpg","contentUrl":"https:\/\/www.sgeaj.ch\/wp-content\/uploads\/2025\/04\/ose-bardelli-cover-chosen-1-scaled.jpg","width":1718,"height":2560},{"@type":"WebSite","@id":"https:\/\/www.sgeaj.ch\/fr\/#website","url":"https:\/\/www.sgeaj.ch\/fr\/","name":"Schweizerische Gesellschaft f\u00fcr die Erforschung des 18. Jahrhunderts (SGEAJ - SSEDS)","description":"Schweizerische Gesellschaft f\u00fcr die Erforschung des 18. Jahrhunderts","publisher":{"@id":"https:\/\/www.sgeaj.ch\/fr\/#organization"},"potentialAction":[{"@type":"SearchAction","target":{"@type":"EntryPoint","urlTemplate":"https:\/\/www.sgeaj.ch\/fr\/?s={search_term_string}"},"query-input":{"@type":"PropertyValueSpecification","valueRequired":true,"valueName":"search_term_string"}}],"inLanguage":"fr-FR"},{"@type":"Organization","@id":"https:\/\/www.sgeaj.ch\/fr\/#organization","name":"Schweizerische Gesellschaft f\u00fcr die Erforschung des 18. Jahrhunderts (SGEAJ - SSEDS)","url":"https:\/\/www.sgeaj.ch\/fr\/","logo":{"@type":"ImageObject","inLanguage":"fr-FR","@id":"https:\/\/www.sgeaj.ch\/fr\/#\/schema\/logo\/image\/","url":"https:\/\/www.sgeaj.ch\/wp-content\/uploads\/2021\/06\/cropped-logo-xviiies-horiz-abreuviations-bleues.png","contentUrl":"https:\/\/www.sgeaj.ch\/wp-content\/uploads\/2021\/06\/cropped-logo-xviiies-horiz-abreuviations-bleues.png","width":659,"height":335,"caption":"Schweizerische Gesellschaft f\u00fcr die Erforschung des 18. Jahrhunderts (SGEAJ - SSEDS)"},"image":{"@id":"https:\/\/www.sgeaj.ch\/fr\/#\/schema\/logo\/image\/"}},{"@type":"Person","@id":"https:\/\/www.sgeaj.ch\/fr\/#\/schema\/person\/f9930dca12b3bd252d469f244e700c60","name":"Mich\u00e8le Steiner","url":"https:\/\/www.sgeaj.ch\/fr\/author\/msteiner\/"}]}},"_links":{"self":[{"href":"https:\/\/www.sgeaj.ch\/fr\/wp-json\/wp\/v2\/posts\/7841","targetHints":{"allow":["GET"]}}],"collection":[{"href":"https:\/\/www.sgeaj.ch\/fr\/wp-json\/wp\/v2\/posts"}],"about":[{"href":"https:\/\/www.sgeaj.ch\/fr\/wp-json\/wp\/v2\/types\/post"}],"author":[{"embeddable":true,"href":"https:\/\/www.sgeaj.ch\/fr\/wp-json\/wp\/v2\/users\/9"}],"replies":[{"embeddable":true,"href":"https:\/\/www.sgeaj.ch\/fr\/wp-json\/wp\/v2\/comments?post=7841"}],"version-history":[{"count":1,"href":"https:\/\/www.sgeaj.ch\/fr\/wp-json\/wp\/v2\/posts\/7841\/revisions"}],"predecessor-version":[{"id":7842,"href":"https:\/\/www.sgeaj.ch\/fr\/wp-json\/wp\/v2\/posts\/7841\/revisions\/7842"}],"wp:featuredmedia":[{"embeddable":true,"href":"https:\/\/www.sgeaj.ch\/fr\/wp-json\/wp\/v2\/media\/7844"}],"wp:attachment":[{"href":"https:\/\/www.sgeaj.ch\/fr\/wp-json\/wp\/v2\/media?parent=7841"}],"wp:term":[{"taxonomy":"category","embeddable":true,"href":"https:\/\/www.sgeaj.ch\/fr\/wp-json\/wp\/v2\/categories?post=7841"},{"taxonomy":"post_tag","embeddable":true,"href":"https:\/\/www.sgeaj.ch\/fr\/wp-json\/wp\/v2\/tags?post=7841"}],"curies":[{"name":"wp","href":"https:\/\/api.w.org\/{rel}","templated":true}]}}