{"id":7867,"date":"2025-04-23T17:53:05","date_gmt":"2025-04-23T15:53:05","guid":{"rendered":"https:\/\/www.sgeaj.ch\/?p=7867"},"modified":"2025-04-23T17:53:07","modified_gmt":"2025-04-23T15:53:07","slug":"der-gute-mensch","status":"publish","type":"post","link":"https:\/\/www.sgeaj.ch\/fr\/actualite\/der-gute-mensch\/","title":{"rendered":"Der gute Mensch"},"content":{"rendered":"\n<h3 class=\"wp-block-heading\">Roland Spalinger, Der gute Mensch. Epistemologie und Rhetorik im 18. Jahrhundert. Baumgarten &#8211; Sulzer &#8211; Kant (Das achtzehnte Jahrhundert, Supplementa 34), G\u00f6ttingen: Wallstein Verlag, 2025. DOI: 10.46500\/83535794. <\/h3>\n\n\n\n<p><a href=\"https:\/\/www.ds.uzh.ch\/apps\/p\/spalinger2\" target=\"_blank\" rel=\"noreferrer noopener\">Roland Spalinger<\/a> untersucht die epistemologischen Voraussetzungen der \u00ab\u00a0anthropologischen Wende\u00a0\u00bb im Jahrhundert der Aufkl\u00e4rung. Diese Wende kennzeichnen weniger die empirischen Wissenschaften, als Semiotik und \u00dcbung des Selbst, die ihre Ausformulierungen in der im 18. Jahrhundert neu bewerteten Rhetorik finden. Auf diesen Grundlagen organisieren drei Begriffe die Anthropologie: Charakter bzw. Ethos, Bildung und Bestimmung.<\/p>\n\n\n\n<p>Anhand der Begriffe Charakter und Ethos, die er von Aristoteles und Leibniz entlehnt, argumentiert Baumgarten in seiner \u00ab\u00a0Ethica\u00a0\u00bb f\u00fcr die Vervollkommnung des Menschen als dynamischen Prozess, den er in Abh\u00e4ngigkeit von Zeichenordnungen und Selbsttechnologien denkt, was er in der \u00ab\u00a0Aesthetica\u00a0\u00bb weiterf\u00fchrt.<\/p>\n\n\n\n<p>Die Denkfigur eines in der Formung begriffenen Menschen \u00fcbernimmt Sulzer mit seinem \u00ab\u00a0Versuch von der Erziehung\u00a0\u00bb, mit dem er den Bildungsbegriff in die P\u00e4dagogik einf\u00fchrt. Die optimale Bildung gelingt durch die Poesie, was Sulzer in seinen \u00ab\u00a0Unterredungen \u00fcber die Sch\u00f6nheit der Natur\u00a0\u00bb praktisch umsetzt.<\/p>\n\n\n\n<p>Diese dynamische Bildung reflektiert Kant mit der Bestimmung des Menschen. Weil die Bestimmung nicht transzendentalphilosophisch vorangebracht werden kann, schaltet er in den Methodenlehren der Kritiken auf die ethische Askese, die er in \u00ab\u00a0\u00dcber P\u00e4dagogik\u00a0\u00bb und in der \u00ab\u00a0Anthropologie\u00a0\u00bb weiterdenkt.<\/p>\n\n\n\n<p>Hier geht es zur <a href=\"https:\/\/www.wallstein-open-library.de\/9783835357945-der-gute-mensch.html\" target=\"_blank\" rel=\"noreferrer noopener\">Open-Access-Version<\/a> der Neuerscheinung. <\/p>\n","protected":false},"excerpt":{"rendered":"<p>Roland Spalinger, Der gute Mensch. Epistemologie und Rhetorik im 18. Jahrhundert. Baumgarten &#8211; Sulzer &#8211; Kant (Das achtzehnte Jahrhundert, Supplementa 34), G\u00f6ttingen: Wallstein Verlag, 2025. DOI: 10.46500\/83535794. Roland Spalinger untersucht die epistemologischen Voraussetzungen der \u00ab\u00a0anthropologischen Wende\u00a0\u00bb im Jahrhundert der Aufkl\u00e4rung. Diese Wende kennzeichnen weniger die empirischen Wissenschaften, als Semiotik und \u00dcbung des Selbst, die ihre [&hellip;]<\/p>\n","protected":false},"author":9,"featured_media":7864,"comment_status":"closed","ping_status":"open","sticky":false,"template":"","format":"standard","meta":{"footnotes":""},"categories":[42,25],"tags":[67,68,173,91],"class_list":{"0":"post-7867","1":"post","2":"type-post","3":"status-publish","4":"format-standard","5":"has-post-thumbnail","7":"category-actualite","8":"category-nouvelles-publications","9":"tag-enlightenment-fr","10":"tag-knowledge-fr","11":"tag-pedagogy-fr","12":"tag-publication-fr","13":"czr-hentry"},"yoast_head":"<!-- This site is optimized with the Yoast SEO plugin v26.9 - https:\/\/yoast.com\/product\/yoast-seo-wordpress\/ -->\n<title>Der gute Mensch - Schweizerische Gesellschaft f\u00fcr die Erforschung des 18. Jahrhunderts (SGEAJ - SSEDS)<\/title>\n<meta name=\"robots\" content=\"index, follow, max-snippet:-1, max-image-preview:large, max-video-preview:-1\" \/>\n<link rel=\"canonical\" href=\"https:\/\/www.sgeaj.ch\/fr\/actualite\/der-gute-mensch\/\" \/>\n<meta name=\"twitter:label1\" content=\"\u00c9crit par\" \/>\n\t<meta name=\"twitter:data1\" content=\"Mich\u00e8le Steiner\" \/>\n\t<meta name=\"twitter:label2\" content=\"Dur\u00e9e de lecture estim\u00e9e\" \/>\n\t<meta name=\"twitter:data2\" content=\"2 minutes\" \/>\n<script type=\"application\/ld+json\" class=\"yoast-schema-graph\">{\"@context\":\"https:\/\/schema.org\",\"@graph\":[{\"@type\":\"Article\",\"@id\":\"https:\/\/www.sgeaj.ch\/fr\/actualite\/der-gute-mensch\/#article\",\"isPartOf\":{\"@id\":\"https:\/\/www.sgeaj.ch\/fr\/actualite\/der-gute-mensch\/\"},\"author\":{\"name\":\"Mich\u00e8le Steiner\",\"@id\":\"https:\/\/www.sgeaj.ch\/fr\/#\/schema\/person\/f9930dca12b3bd252d469f244e700c60\"},\"headline\":\"Der gute Mensch\",\"datePublished\":\"2025-04-23T15:53:05+00:00\",\"dateModified\":\"2025-04-23T15:53:07+00:00\",\"mainEntityOfPage\":{\"@id\":\"https:\/\/www.sgeaj.ch\/fr\/actualite\/der-gute-mensch\/\"},\"wordCount\":217,\"publisher\":{\"@id\":\"https:\/\/www.sgeaj.ch\/fr\/#organization\"},\"image\":{\"@id\":\"https:\/\/www.sgeaj.ch\/fr\/actualite\/der-gute-mensch\/#primaryimage\"},\"thumbnailUrl\":\"https:\/\/www.sgeaj.ch\/wp-content\/uploads\/2025\/04\/9783835357945-e1745423275859.jpg\",\"keywords\":[\"Enlightenment\",\"Knowledge\",\"Pedagogy\",\"Publication\"],\"articleSection\":[\"Actualit\u00e9\",\"Nouvelles publications\"],\"inLanguage\":\"fr-FR\"},{\"@type\":\"WebPage\",\"@id\":\"https:\/\/www.sgeaj.ch\/fr\/actualite\/der-gute-mensch\/\",\"url\":\"https:\/\/www.sgeaj.ch\/fr\/actualite\/der-gute-mensch\/\",\"name\":\"Der gute Mensch - Schweizerische Gesellschaft f\u00fcr die Erforschung des 18. Jahrhunderts (SGEAJ - SSEDS)\",\"isPartOf\":{\"@id\":\"https:\/\/www.sgeaj.ch\/fr\/#website\"},\"primaryImageOfPage\":{\"@id\":\"https:\/\/www.sgeaj.ch\/fr\/actualite\/der-gute-mensch\/#primaryimage\"},\"image\":{\"@id\":\"https:\/\/www.sgeaj.ch\/fr\/actualite\/der-gute-mensch\/#primaryimage\"},\"thumbnailUrl\":\"https:\/\/www.sgeaj.ch\/wp-content\/uploads\/2025\/04\/9783835357945-e1745423275859.jpg\",\"datePublished\":\"2025-04-23T15:53:05+00:00\",\"dateModified\":\"2025-04-23T15:53:07+00:00\",\"inLanguage\":\"fr-FR\",\"potentialAction\":[{\"@type\":\"ReadAction\",\"target\":[\"https:\/\/www.sgeaj.ch\/fr\/actualite\/der-gute-mensch\/\"]}]},{\"@type\":\"ImageObject\",\"inLanguage\":\"fr-FR\",\"@id\":\"https:\/\/www.sgeaj.ch\/fr\/actualite\/der-gute-mensch\/#primaryimage\",\"url\":\"https:\/\/www.sgeaj.ch\/wp-content\/uploads\/2025\/04\/9783835357945-e1745423275859.jpg\",\"contentUrl\":\"https:\/\/www.sgeaj.ch\/wp-content\/uploads\/2025\/04\/9783835357945-e1745423275859.jpg\",\"width\":827,\"height\":1303},{\"@type\":\"WebSite\",\"@id\":\"https:\/\/www.sgeaj.ch\/fr\/#website\",\"url\":\"https:\/\/www.sgeaj.ch\/fr\/\",\"name\":\"Schweizerische Gesellschaft f\u00fcr die Erforschung des 18. Jahrhunderts (SGEAJ - SSEDS)\",\"description\":\"Schweizerische Gesellschaft f\u00fcr die Erforschung des 18. Jahrhunderts\",\"publisher\":{\"@id\":\"https:\/\/www.sgeaj.ch\/fr\/#organization\"},\"potentialAction\":[{\"@type\":\"SearchAction\",\"target\":{\"@type\":\"EntryPoint\",\"urlTemplate\":\"https:\/\/www.sgeaj.ch\/fr\/?s={search_term_string}\"},\"query-input\":{\"@type\":\"PropertyValueSpecification\",\"valueRequired\":true,\"valueName\":\"search_term_string\"}}],\"inLanguage\":\"fr-FR\"},{\"@type\":\"Organization\",\"@id\":\"https:\/\/www.sgeaj.ch\/fr\/#organization\",\"name\":\"Schweizerische Gesellschaft f\u00fcr die Erforschung des 18. Jahrhunderts (SGEAJ - SSEDS)\",\"url\":\"https:\/\/www.sgeaj.ch\/fr\/\",\"logo\":{\"@type\":\"ImageObject\",\"inLanguage\":\"fr-FR\",\"@id\":\"https:\/\/www.sgeaj.ch\/fr\/#\/schema\/logo\/image\/\",\"url\":\"https:\/\/www.sgeaj.ch\/wp-content\/uploads\/2021\/06\/cropped-logo-xviiies-horiz-abreuviations-bleues.png\",\"contentUrl\":\"https:\/\/www.sgeaj.ch\/wp-content\/uploads\/2021\/06\/cropped-logo-xviiies-horiz-abreuviations-bleues.png\",\"width\":659,\"height\":335,\"caption\":\"Schweizerische Gesellschaft f\u00fcr die Erforschung des 18. Jahrhunderts (SGEAJ - SSEDS)\"},\"image\":{\"@id\":\"https:\/\/www.sgeaj.ch\/fr\/#\/schema\/logo\/image\/\"}},{\"@type\":\"Person\",\"@id\":\"https:\/\/www.sgeaj.ch\/fr\/#\/schema\/person\/f9930dca12b3bd252d469f244e700c60\",\"name\":\"Mich\u00e8le Steiner\",\"url\":\"https:\/\/www.sgeaj.ch\/fr\/author\/msteiner\/\"}]}<\/script>\n<!-- \/ Yoast SEO plugin. -->","yoast_head_json":{"title":"Der gute Mensch - Schweizerische Gesellschaft f\u00fcr die Erforschung des 18. Jahrhunderts (SGEAJ - SSEDS)","robots":{"index":"index","follow":"follow","max-snippet":"max-snippet:-1","max-image-preview":"max-image-preview:large","max-video-preview":"max-video-preview:-1"},"canonical":"https:\/\/www.sgeaj.ch\/fr\/actualite\/der-gute-mensch\/","twitter_misc":{"\u00c9crit par":"Mich\u00e8le Steiner","Dur\u00e9e de lecture estim\u00e9e":"2 minutes"},"schema":{"@context":"https:\/\/schema.org","@graph":[{"@type":"Article","@id":"https:\/\/www.sgeaj.ch\/fr\/actualite\/der-gute-mensch\/#article","isPartOf":{"@id":"https:\/\/www.sgeaj.ch\/fr\/actualite\/der-gute-mensch\/"},"author":{"name":"Mich\u00e8le Steiner","@id":"https:\/\/www.sgeaj.ch\/fr\/#\/schema\/person\/f9930dca12b3bd252d469f244e700c60"},"headline":"Der gute Mensch","datePublished":"2025-04-23T15:53:05+00:00","dateModified":"2025-04-23T15:53:07+00:00","mainEntityOfPage":{"@id":"https:\/\/www.sgeaj.ch\/fr\/actualite\/der-gute-mensch\/"},"wordCount":217,"publisher":{"@id":"https:\/\/www.sgeaj.ch\/fr\/#organization"},"image":{"@id":"https:\/\/www.sgeaj.ch\/fr\/actualite\/der-gute-mensch\/#primaryimage"},"thumbnailUrl":"https:\/\/www.sgeaj.ch\/wp-content\/uploads\/2025\/04\/9783835357945-e1745423275859.jpg","keywords":["Enlightenment","Knowledge","Pedagogy","Publication"],"articleSection":["Actualit\u00e9","Nouvelles publications"],"inLanguage":"fr-FR"},{"@type":"WebPage","@id":"https:\/\/www.sgeaj.ch\/fr\/actualite\/der-gute-mensch\/","url":"https:\/\/www.sgeaj.ch\/fr\/actualite\/der-gute-mensch\/","name":"Der gute Mensch - Schweizerische Gesellschaft f\u00fcr die Erforschung des 18. Jahrhunderts (SGEAJ - SSEDS)","isPartOf":{"@id":"https:\/\/www.sgeaj.ch\/fr\/#website"},"primaryImageOfPage":{"@id":"https:\/\/www.sgeaj.ch\/fr\/actualite\/der-gute-mensch\/#primaryimage"},"image":{"@id":"https:\/\/www.sgeaj.ch\/fr\/actualite\/der-gute-mensch\/#primaryimage"},"thumbnailUrl":"https:\/\/www.sgeaj.ch\/wp-content\/uploads\/2025\/04\/9783835357945-e1745423275859.jpg","datePublished":"2025-04-23T15:53:05+00:00","dateModified":"2025-04-23T15:53:07+00:00","inLanguage":"fr-FR","potentialAction":[{"@type":"ReadAction","target":["https:\/\/www.sgeaj.ch\/fr\/actualite\/der-gute-mensch\/"]}]},{"@type":"ImageObject","inLanguage":"fr-FR","@id":"https:\/\/www.sgeaj.ch\/fr\/actualite\/der-gute-mensch\/#primaryimage","url":"https:\/\/www.sgeaj.ch\/wp-content\/uploads\/2025\/04\/9783835357945-e1745423275859.jpg","contentUrl":"https:\/\/www.sgeaj.ch\/wp-content\/uploads\/2025\/04\/9783835357945-e1745423275859.jpg","width":827,"height":1303},{"@type":"WebSite","@id":"https:\/\/www.sgeaj.ch\/fr\/#website","url":"https:\/\/www.sgeaj.ch\/fr\/","name":"Schweizerische Gesellschaft f\u00fcr die Erforschung des 18. Jahrhunderts (SGEAJ - SSEDS)","description":"Schweizerische Gesellschaft f\u00fcr die Erforschung des 18. Jahrhunderts","publisher":{"@id":"https:\/\/www.sgeaj.ch\/fr\/#organization"},"potentialAction":[{"@type":"SearchAction","target":{"@type":"EntryPoint","urlTemplate":"https:\/\/www.sgeaj.ch\/fr\/?s={search_term_string}"},"query-input":{"@type":"PropertyValueSpecification","valueRequired":true,"valueName":"search_term_string"}}],"inLanguage":"fr-FR"},{"@type":"Organization","@id":"https:\/\/www.sgeaj.ch\/fr\/#organization","name":"Schweizerische Gesellschaft f\u00fcr die Erforschung des 18. Jahrhunderts (SGEAJ - SSEDS)","url":"https:\/\/www.sgeaj.ch\/fr\/","logo":{"@type":"ImageObject","inLanguage":"fr-FR","@id":"https:\/\/www.sgeaj.ch\/fr\/#\/schema\/logo\/image\/","url":"https:\/\/www.sgeaj.ch\/wp-content\/uploads\/2021\/06\/cropped-logo-xviiies-horiz-abreuviations-bleues.png","contentUrl":"https:\/\/www.sgeaj.ch\/wp-content\/uploads\/2021\/06\/cropped-logo-xviiies-horiz-abreuviations-bleues.png","width":659,"height":335,"caption":"Schweizerische Gesellschaft f\u00fcr die Erforschung des 18. Jahrhunderts (SGEAJ - SSEDS)"},"image":{"@id":"https:\/\/www.sgeaj.ch\/fr\/#\/schema\/logo\/image\/"}},{"@type":"Person","@id":"https:\/\/www.sgeaj.ch\/fr\/#\/schema\/person\/f9930dca12b3bd252d469f244e700c60","name":"Mich\u00e8le Steiner","url":"https:\/\/www.sgeaj.ch\/fr\/author\/msteiner\/"}]}},"_links":{"self":[{"href":"https:\/\/www.sgeaj.ch\/fr\/wp-json\/wp\/v2\/posts\/7867","targetHints":{"allow":["GET"]}}],"collection":[{"href":"https:\/\/www.sgeaj.ch\/fr\/wp-json\/wp\/v2\/posts"}],"about":[{"href":"https:\/\/www.sgeaj.ch\/fr\/wp-json\/wp\/v2\/types\/post"}],"author":[{"embeddable":true,"href":"https:\/\/www.sgeaj.ch\/fr\/wp-json\/wp\/v2\/users\/9"}],"replies":[{"embeddable":true,"href":"https:\/\/www.sgeaj.ch\/fr\/wp-json\/wp\/v2\/comments?post=7867"}],"version-history":[{"count":2,"href":"https:\/\/www.sgeaj.ch\/fr\/wp-json\/wp\/v2\/posts\/7867\/revisions"}],"predecessor-version":[{"id":7871,"href":"https:\/\/www.sgeaj.ch\/fr\/wp-json\/wp\/v2\/posts\/7867\/revisions\/7871"}],"wp:featuredmedia":[{"embeddable":true,"href":"https:\/\/www.sgeaj.ch\/fr\/wp-json\/wp\/v2\/media\/7864"}],"wp:attachment":[{"href":"https:\/\/www.sgeaj.ch\/fr\/wp-json\/wp\/v2\/media?parent=7867"}],"wp:term":[{"taxonomy":"category","embeddable":true,"href":"https:\/\/www.sgeaj.ch\/fr\/wp-json\/wp\/v2\/categories?post=7867"},{"taxonomy":"post_tag","embeddable":true,"href":"https:\/\/www.sgeaj.ch\/fr\/wp-json\/wp\/v2\/tags?post=7867"}],"curies":[{"name":"wp","href":"https:\/\/api.w.org\/{rel}","templated":true}]}}