{"id":7899,"date":"2025-05-02T17:24:06","date_gmt":"2025-05-02T15:24:06","guid":{"rendered":"https:\/\/www.sgeaj.ch\/?p=7899"},"modified":"2025-05-02T17:26:02","modified_gmt":"2025-05-02T15:26:02","slug":"watercolour-weather-1750-1850","status":"publish","type":"post","link":"https:\/\/www.sgeaj.ch\/fr\/actualite\/colloques\/watercolour-weather-1750-1850\/","title":{"rendered":"Watercolour &amp; Weather, 1750\u20131850"},"content":{"rendered":"\n<h3 class=\"wp-block-heading\">Colloque international : \u00ab\u00a0Watercolour &amp; Weather, 1750\u20131850\u00a0\u00bb, organis\u00e9 par Desmond Kraege (Universit\u00e9 de Lausanne) et B\u00e9rang\u00e8re Poulain (Universit\u00e9 de Gen\u00e8ve), se tenant dans l&rsquo;auditorium du Mus\u00e9e cantonal des Beaux-Arts de Lausanne, du 4 au 6 juin 2025.<\/h3>\n\n\n\n<p>Parall\u00e8lement \u00e0 une r\u00e9surgence de la peinture de paysage, la p\u00e9riode 1750\u20131850 a \u00e9t\u00e9 marqu\u00e9e par un int\u00e9r\u00eat accru pour l&rsquo;atmosph\u00e8re tant de la part des artistes que des scientifiques. Cette tendance se refl\u00e8te particuli\u00e8rement dans les repr\u00e9sentations de variations m\u00e9t\u00e9orologiques \u00e0 l&rsquo;aquarelle. Examinant les interactions entre la technique aqueuse et l&rsquo;observation m\u00e9t\u00e9orologique, \u00e0 travers l&rsquo;\u00e9tude d&rsquo;\u0153uvres allant de dessins scientifiques aux travaux d&rsquo;architectes ou de peintres c\u00e9l\u00e8bres en passant par la documentation coloniale, le colloque questionnera le r\u00f4le des arts dans le d\u00e9veloppement d&rsquo;une sensibilit\u00e9 pour l&rsquo;atmosph\u00e8re.<\/p>\n\n\n\n<p>Sur inscription, avant le 3 juin 2025 (entr\u00e9e gratuite)\u00a0: <a href=\"mailto:berangere.poulain@unige.ch\" target=\"_blank\" rel=\"noreferrer noopener\">berangere.poulain@unige.ch<\/a><\/p>\n\n\n\n<p>Pour plus d&rsquo;informations, veuillez consulter <a href=\"https:\/\/www.unige.ch\/watercolourandweather\/en\" target=\"_blank\" rel=\"noreferrer noopener\">le site web de l&rsquo;\u00e9v\u00e9nement<\/a>.  <\/p>\n\n\n\n<div data-wp-interactive=\"core\/file\" class=\"wp-block-file\"><object data-wp-bind--hidden=\"!state.hasPdfPreview\" hidden class=\"wp-block-file__embed\" data=\"https:\/\/www.sgeaj.ch\/wp-content\/uploads\/2025\/05\/ww-programme.pdf\" type=\"application\/pdf\" style=\"width:100%;height:600px\" aria-label=\"Contenu embarqu\u00e9 W&amp;W_programme.\"><\/object><a id=\"wp-block-file--media-ec2b82d1-00d6-4d8b-96a2-bc0b846548ff\" href=\"https:\/\/www.sgeaj.ch\/wp-content\/uploads\/2025\/05\/ww-programme.pdf\">W&#038;W_programme<\/a><a href=\"https:\/\/www.sgeaj.ch\/wp-content\/uploads\/2025\/05\/ww-programme.pdf\" class=\"wp-block-file__button wp-element-button\" download aria-describedby=\"wp-block-file--media-ec2b82d1-00d6-4d8b-96a2-bc0b846548ff\">Herunterladen<\/a><\/div>\n","protected":false},"excerpt":{"rendered":"<p>Colloque international : \u00ab\u00a0Watercolour &amp; Weather, 1750\u20131850\u00a0\u00bb, organis\u00e9 par Desmond Kraege (Universit\u00e9 de Lausanne) et B\u00e9rang\u00e8re Poulain (Universit\u00e9 de Gen\u00e8ve), se tenant dans l&rsquo;auditorium du Mus\u00e9e cantonal des Beaux-Arts de Lausanne, du 4 au 6 juin 2025. Parall\u00e8lement \u00e0 une r\u00e9surgence de la peinture de paysage, la p\u00e9riode 1750\u20131850 a \u00e9t\u00e9 marqu\u00e9e par un int\u00e9r\u00eat [&hellip;]<\/p>\n","protected":false},"author":9,"featured_media":7897,"comment_status":"closed","ping_status":"open","sticky":false,"template":"","format":"standard","meta":{"footnotes":""},"categories":[42,27],"tags":[151,175,67,123,137],"class_list":{"0":"post-7899","1":"post","2":"type-post","3":"status-publish","4":"format-standard","5":"has-post-thumbnail","7":"category-actualite","8":"category-colloques","9":"tag-art-fr","10":"tag-conference-fr","11":"tag-enlightenment-fr","12":"tag-nature-fr","13":"tag-science-fr","14":"czr-hentry"},"yoast_head":"<!-- This site is optimized with the Yoast SEO plugin v26.9 - https:\/\/yoast.com\/product\/yoast-seo-wordpress\/ -->\n<title>Watercolour &amp; Weather, 1750\u20131850 - Schweizerische Gesellschaft f\u00fcr die Erforschung des 18. Jahrhunderts (SGEAJ - SSEDS)<\/title>\n<meta name=\"robots\" content=\"index, follow, max-snippet:-1, max-image-preview:large, max-video-preview:-1\" \/>\n<link rel=\"canonical\" href=\"https:\/\/www.sgeaj.ch\/fr\/actualite\/colloques\/watercolour-weather-1750-1850\/\" \/>\n<meta name=\"twitter:label1\" content=\"\u00c9crit par\" \/>\n\t<meta name=\"twitter:data1\" content=\"Mich\u00e8le Steiner\" \/>\n\t<meta name=\"twitter:label2\" content=\"Dur\u00e9e de lecture estim\u00e9e\" \/>\n\t<meta name=\"twitter:data2\" content=\"1 minute\" \/>\n<script type=\"application\/ld+json\" class=\"yoast-schema-graph\">{\"@context\":\"https:\/\/schema.org\",\"@graph\":[{\"@type\":\"Article\",\"@id\":\"https:\/\/www.sgeaj.ch\/fr\/actualite\/colloques\/watercolour-weather-1750-1850\/#article\",\"isPartOf\":{\"@id\":\"https:\/\/www.sgeaj.ch\/fr\/actualite\/colloques\/watercolour-weather-1750-1850\/\"},\"author\":{\"name\":\"Mich\u00e8le Steiner\",\"@id\":\"https:\/\/www.sgeaj.ch\/fr\/#\/schema\/person\/f9930dca12b3bd252d469f244e700c60\"},\"headline\":\"Watercolour &amp; Weather, 1750\u20131850\",\"datePublished\":\"2025-05-02T15:24:06+00:00\",\"dateModified\":\"2025-05-02T15:26:02+00:00\",\"mainEntityOfPage\":{\"@id\":\"https:\/\/www.sgeaj.ch\/fr\/actualite\/colloques\/watercolour-weather-1750-1850\/\"},\"wordCount\":180,\"publisher\":{\"@id\":\"https:\/\/www.sgeaj.ch\/fr\/#organization\"},\"image\":{\"@id\":\"https:\/\/www.sgeaj.ch\/fr\/actualite\/colloques\/watercolour-weather-1750-1850\/#primaryimage\"},\"thumbnailUrl\":\"https:\/\/www.sgeaj.ch\/wp-content\/uploads\/2025\/05\/ww-affiche-scaled-e1746197535203.jpg\",\"keywords\":[\"Art\",\"Conference\",\"Enlightenment\",\"Nature\",\"Science\"],\"articleSection\":[\"Actualit\u00e9\",\"Colloques\"],\"inLanguage\":\"fr-FR\"},{\"@type\":\"WebPage\",\"@id\":\"https:\/\/www.sgeaj.ch\/fr\/actualite\/colloques\/watercolour-weather-1750-1850\/\",\"url\":\"https:\/\/www.sgeaj.ch\/fr\/actualite\/colloques\/watercolour-weather-1750-1850\/\",\"name\":\"Watercolour &amp; Weather, 1750\u20131850 - Schweizerische Gesellschaft f\u00fcr die Erforschung des 18. Jahrhunderts (SGEAJ - SSEDS)\",\"isPartOf\":{\"@id\":\"https:\/\/www.sgeaj.ch\/fr\/#website\"},\"primaryImageOfPage\":{\"@id\":\"https:\/\/www.sgeaj.ch\/fr\/actualite\/colloques\/watercolour-weather-1750-1850\/#primaryimage\"},\"image\":{\"@id\":\"https:\/\/www.sgeaj.ch\/fr\/actualite\/colloques\/watercolour-weather-1750-1850\/#primaryimage\"},\"thumbnailUrl\":\"https:\/\/www.sgeaj.ch\/wp-content\/uploads\/2025\/05\/ww-affiche-scaled-e1746197535203.jpg\",\"datePublished\":\"2025-05-02T15:24:06+00:00\",\"dateModified\":\"2025-05-02T15:26:02+00:00\",\"inLanguage\":\"fr-FR\",\"potentialAction\":[{\"@type\":\"ReadAction\",\"target\":[\"https:\/\/www.sgeaj.ch\/fr\/actualite\/colloques\/watercolour-weather-1750-1850\/\"]}]},{\"@type\":\"ImageObject\",\"inLanguage\":\"fr-FR\",\"@id\":\"https:\/\/www.sgeaj.ch\/fr\/actualite\/colloques\/watercolour-weather-1750-1850\/#primaryimage\",\"url\":\"https:\/\/www.sgeaj.ch\/wp-content\/uploads\/2025\/05\/ww-affiche-scaled-e1746197535203.jpg\",\"contentUrl\":\"https:\/\/www.sgeaj.ch\/wp-content\/uploads\/2025\/05\/ww-affiche-scaled-e1746197535203.jpg\",\"width\":1810,\"height\":2560},{\"@type\":\"WebSite\",\"@id\":\"https:\/\/www.sgeaj.ch\/fr\/#website\",\"url\":\"https:\/\/www.sgeaj.ch\/fr\/\",\"name\":\"Schweizerische Gesellschaft f\u00fcr die Erforschung des 18. Jahrhunderts (SGEAJ - SSEDS)\",\"description\":\"Schweizerische Gesellschaft f\u00fcr die Erforschung des 18. Jahrhunderts\",\"publisher\":{\"@id\":\"https:\/\/www.sgeaj.ch\/fr\/#organization\"},\"potentialAction\":[{\"@type\":\"SearchAction\",\"target\":{\"@type\":\"EntryPoint\",\"urlTemplate\":\"https:\/\/www.sgeaj.ch\/fr\/?s={search_term_string}\"},\"query-input\":{\"@type\":\"PropertyValueSpecification\",\"valueRequired\":true,\"valueName\":\"search_term_string\"}}],\"inLanguage\":\"fr-FR\"},{\"@type\":\"Organization\",\"@id\":\"https:\/\/www.sgeaj.ch\/fr\/#organization\",\"name\":\"Schweizerische Gesellschaft f\u00fcr die Erforschung des 18. Jahrhunderts (SGEAJ - SSEDS)\",\"url\":\"https:\/\/www.sgeaj.ch\/fr\/\",\"logo\":{\"@type\":\"ImageObject\",\"inLanguage\":\"fr-FR\",\"@id\":\"https:\/\/www.sgeaj.ch\/fr\/#\/schema\/logo\/image\/\",\"url\":\"https:\/\/www.sgeaj.ch\/wp-content\/uploads\/2021\/06\/cropped-logo-xviiies-horiz-abreuviations-bleues.png\",\"contentUrl\":\"https:\/\/www.sgeaj.ch\/wp-content\/uploads\/2021\/06\/cropped-logo-xviiies-horiz-abreuviations-bleues.png\",\"width\":659,\"height\":335,\"caption\":\"Schweizerische Gesellschaft f\u00fcr die Erforschung des 18. Jahrhunderts (SGEAJ - SSEDS)\"},\"image\":{\"@id\":\"https:\/\/www.sgeaj.ch\/fr\/#\/schema\/logo\/image\/\"}},{\"@type\":\"Person\",\"@id\":\"https:\/\/www.sgeaj.ch\/fr\/#\/schema\/person\/f9930dca12b3bd252d469f244e700c60\",\"name\":\"Mich\u00e8le Steiner\",\"url\":\"https:\/\/www.sgeaj.ch\/fr\/author\/msteiner\/\"}]}<\/script>\n<!-- \/ Yoast SEO plugin. -->","yoast_head_json":{"title":"Watercolour &amp; Weather, 1750\u20131850 - Schweizerische Gesellschaft f\u00fcr die Erforschung des 18. Jahrhunderts (SGEAJ - SSEDS)","robots":{"index":"index","follow":"follow","max-snippet":"max-snippet:-1","max-image-preview":"max-image-preview:large","max-video-preview":"max-video-preview:-1"},"canonical":"https:\/\/www.sgeaj.ch\/fr\/actualite\/colloques\/watercolour-weather-1750-1850\/","twitter_misc":{"\u00c9crit par":"Mich\u00e8le Steiner","Dur\u00e9e de lecture estim\u00e9e":"1 minute"},"schema":{"@context":"https:\/\/schema.org","@graph":[{"@type":"Article","@id":"https:\/\/www.sgeaj.ch\/fr\/actualite\/colloques\/watercolour-weather-1750-1850\/#article","isPartOf":{"@id":"https:\/\/www.sgeaj.ch\/fr\/actualite\/colloques\/watercolour-weather-1750-1850\/"},"author":{"name":"Mich\u00e8le Steiner","@id":"https:\/\/www.sgeaj.ch\/fr\/#\/schema\/person\/f9930dca12b3bd252d469f244e700c60"},"headline":"Watercolour &amp; Weather, 1750\u20131850","datePublished":"2025-05-02T15:24:06+00:00","dateModified":"2025-05-02T15:26:02+00:00","mainEntityOfPage":{"@id":"https:\/\/www.sgeaj.ch\/fr\/actualite\/colloques\/watercolour-weather-1750-1850\/"},"wordCount":180,"publisher":{"@id":"https:\/\/www.sgeaj.ch\/fr\/#organization"},"image":{"@id":"https:\/\/www.sgeaj.ch\/fr\/actualite\/colloques\/watercolour-weather-1750-1850\/#primaryimage"},"thumbnailUrl":"https:\/\/www.sgeaj.ch\/wp-content\/uploads\/2025\/05\/ww-affiche-scaled-e1746197535203.jpg","keywords":["Art","Conference","Enlightenment","Nature","Science"],"articleSection":["Actualit\u00e9","Colloques"],"inLanguage":"fr-FR"},{"@type":"WebPage","@id":"https:\/\/www.sgeaj.ch\/fr\/actualite\/colloques\/watercolour-weather-1750-1850\/","url":"https:\/\/www.sgeaj.ch\/fr\/actualite\/colloques\/watercolour-weather-1750-1850\/","name":"Watercolour &amp; Weather, 1750\u20131850 - Schweizerische Gesellschaft f\u00fcr die Erforschung des 18. Jahrhunderts (SGEAJ - SSEDS)","isPartOf":{"@id":"https:\/\/www.sgeaj.ch\/fr\/#website"},"primaryImageOfPage":{"@id":"https:\/\/www.sgeaj.ch\/fr\/actualite\/colloques\/watercolour-weather-1750-1850\/#primaryimage"},"image":{"@id":"https:\/\/www.sgeaj.ch\/fr\/actualite\/colloques\/watercolour-weather-1750-1850\/#primaryimage"},"thumbnailUrl":"https:\/\/www.sgeaj.ch\/wp-content\/uploads\/2025\/05\/ww-affiche-scaled-e1746197535203.jpg","datePublished":"2025-05-02T15:24:06+00:00","dateModified":"2025-05-02T15:26:02+00:00","inLanguage":"fr-FR","potentialAction":[{"@type":"ReadAction","target":["https:\/\/www.sgeaj.ch\/fr\/actualite\/colloques\/watercolour-weather-1750-1850\/"]}]},{"@type":"ImageObject","inLanguage":"fr-FR","@id":"https:\/\/www.sgeaj.ch\/fr\/actualite\/colloques\/watercolour-weather-1750-1850\/#primaryimage","url":"https:\/\/www.sgeaj.ch\/wp-content\/uploads\/2025\/05\/ww-affiche-scaled-e1746197535203.jpg","contentUrl":"https:\/\/www.sgeaj.ch\/wp-content\/uploads\/2025\/05\/ww-affiche-scaled-e1746197535203.jpg","width":1810,"height":2560},{"@type":"WebSite","@id":"https:\/\/www.sgeaj.ch\/fr\/#website","url":"https:\/\/www.sgeaj.ch\/fr\/","name":"Schweizerische Gesellschaft f\u00fcr die Erforschung des 18. Jahrhunderts (SGEAJ - SSEDS)","description":"Schweizerische Gesellschaft f\u00fcr die Erforschung des 18. Jahrhunderts","publisher":{"@id":"https:\/\/www.sgeaj.ch\/fr\/#organization"},"potentialAction":[{"@type":"SearchAction","target":{"@type":"EntryPoint","urlTemplate":"https:\/\/www.sgeaj.ch\/fr\/?s={search_term_string}"},"query-input":{"@type":"PropertyValueSpecification","valueRequired":true,"valueName":"search_term_string"}}],"inLanguage":"fr-FR"},{"@type":"Organization","@id":"https:\/\/www.sgeaj.ch\/fr\/#organization","name":"Schweizerische Gesellschaft f\u00fcr die Erforschung des 18. Jahrhunderts (SGEAJ - SSEDS)","url":"https:\/\/www.sgeaj.ch\/fr\/","logo":{"@type":"ImageObject","inLanguage":"fr-FR","@id":"https:\/\/www.sgeaj.ch\/fr\/#\/schema\/logo\/image\/","url":"https:\/\/www.sgeaj.ch\/wp-content\/uploads\/2021\/06\/cropped-logo-xviiies-horiz-abreuviations-bleues.png","contentUrl":"https:\/\/www.sgeaj.ch\/wp-content\/uploads\/2021\/06\/cropped-logo-xviiies-horiz-abreuviations-bleues.png","width":659,"height":335,"caption":"Schweizerische Gesellschaft f\u00fcr die Erforschung des 18. Jahrhunderts (SGEAJ - SSEDS)"},"image":{"@id":"https:\/\/www.sgeaj.ch\/fr\/#\/schema\/logo\/image\/"}},{"@type":"Person","@id":"https:\/\/www.sgeaj.ch\/fr\/#\/schema\/person\/f9930dca12b3bd252d469f244e700c60","name":"Mich\u00e8le Steiner","url":"https:\/\/www.sgeaj.ch\/fr\/author\/msteiner\/"}]}},"_links":{"self":[{"href":"https:\/\/www.sgeaj.ch\/fr\/wp-json\/wp\/v2\/posts\/7899","targetHints":{"allow":["GET"]}}],"collection":[{"href":"https:\/\/www.sgeaj.ch\/fr\/wp-json\/wp\/v2\/posts"}],"about":[{"href":"https:\/\/www.sgeaj.ch\/fr\/wp-json\/wp\/v2\/types\/post"}],"author":[{"embeddable":true,"href":"https:\/\/www.sgeaj.ch\/fr\/wp-json\/wp\/v2\/users\/9"}],"replies":[{"embeddable":true,"href":"https:\/\/www.sgeaj.ch\/fr\/wp-json\/wp\/v2\/comments?post=7899"}],"version-history":[{"count":3,"href":"https:\/\/www.sgeaj.ch\/fr\/wp-json\/wp\/v2\/posts\/7899\/revisions"}],"predecessor-version":[{"id":7905,"href":"https:\/\/www.sgeaj.ch\/fr\/wp-json\/wp\/v2\/posts\/7899\/revisions\/7905"}],"wp:featuredmedia":[{"embeddable":true,"href":"https:\/\/www.sgeaj.ch\/fr\/wp-json\/wp\/v2\/media\/7897"}],"wp:attachment":[{"href":"https:\/\/www.sgeaj.ch\/fr\/wp-json\/wp\/v2\/media?parent=7899"}],"wp:term":[{"taxonomy":"category","embeddable":true,"href":"https:\/\/www.sgeaj.ch\/fr\/wp-json\/wp\/v2\/categories?post=7899"},{"taxonomy":"post_tag","embeddable":true,"href":"https:\/\/www.sgeaj.ch\/fr\/wp-json\/wp\/v2\/tags?post=7899"}],"curies":[{"name":"wp","href":"https:\/\/api.w.org\/{rel}","templated":true}]}}