{"id":7910,"date":"2025-05-07T12:25:36","date_gmt":"2025-05-07T10:25:36","guid":{"rendered":"https:\/\/www.sgeaj.ch\/?p=7910"},"modified":"2025-05-07T12:28:25","modified_gmt":"2025-05-07T10:28:25","slug":"auf-dem-weg-in-die-neuzeit","status":"publish","type":"post","link":"https:\/\/www.sgeaj.ch\/fr\/actualite\/auf-dem-weg-in-die-neuzeit\/","title":{"rendered":"Auf dem Weg in die Neuzeit"},"content":{"rendered":"\n<h3 class=\"wp-block-heading\">Wolfgang Rother, Auf dem Weg in die Neuzeit. Studien zur Philosophie an der Universit\u00e4t Basel, Z\u00fcrich: Conexus, 2025. DOI: 10.24445\/conexus.lib.04.<\/h3>\n\n\n\n<p>Die vorliegenden Studien widmen sich dem besonderen Weg, den die Philosophie an der Universit\u00e4t Basel in die Neuzeit genommen hat. Im Mittelpunkt stehen Fallanalysen, die anhand von vier pr\u00e4genden Pers\u00f6nlichkeiten und vier thematischen Schwerpunkten zentrale Stationen dieser Entwicklung nachzeichnen.<\/p>\n\n\n\n<p>Die vier Pers\u00f6nlichkeiten sind Erasmus von Rotterdam (Kap. I), der katholische Reformdenker und Humanist, der \u00fcber viele Jahre in Basel wirkte und das intellektuelle Klima der Stadt massgeblich pr\u00e4gte, Johannes Oekolampad (Kap. II), der Reformator der Basler Kirche, Petrus Ramus (Kap. III), der franz\u00f6sische Aristoteleskritiker, der als Glaubensfl\u00fcchtling in Basel Asyl fand und dessen Denken an der Universit\u00e4t Basel bis ins 17. Jahrhundert nachwirkte, und schliesslich Samuel Werenfels (Kap. VIII), ein fr\u00fcher Vertreter der Aufkl\u00e4rung in Basel. Diese vier Pers\u00f6nlichkeiten stehen exemplarisch f\u00fcr unterschiedliche Phasen des Weges in die Neuzeit.<\/p>\n\n\n\n<p>Die vier thematischen Kapitel beleuchten wichtige Etappen des Weges der Emanzipation der Philosophie \u2013 zum einen von der Theologie, zum anderen von der aristotelischen Scholastik. Im Fokus stehen dabei der Anspruch der Philosophie, die Gottesfrage nicht mehr im Horizont des Glaubens, sondern allein innerhalb der Grenzen der Vernunft zu behandeln (Kap. IV und V), die Rezeption der cartesischen Philosophie (Kap. VI), deren Ausbreitung in Basel durch den Einfluss von Ramus beg\u00fcnstigt wurde und die das Ende der aristotelischen Scholastik in Basel besiegelte, sowie die Aufwertung der Geschichtswissenschaft zu einer eigenst\u00e4ndigen akademischen Disziplin (Kap. VII) \u2013 ein Wandel, der sich institutionell in der Abl\u00f6sung der Professur f\u00fcr das Organum Aristotelicum durch einen Lehrstuhl f\u00fcr Geschichte niederschlug.<\/p>\n\n\n\n<p>Mit ihrem spezifischen Zugriff leisten die vorliegenden Studien einen Beitrag zur Erforschung der intellektuellen Transformationsprozesse im fr\u00fchneuzeitlichen Europa und zeigen exemplarisch, wie sich die Philosophie im universit\u00e4ren Kontext neu positionierte.<\/p>\n\n\n\n<p>Zur Open-Access-Version des Werks geht es <a href=\"https:\/\/www.hope.uzh.ch\/conexus\/article\/view\/conexus.lib.04\">hier<\/a>.<\/p>\n\n\n\n<p><\/p>\n","protected":false},"excerpt":{"rendered":"<p>Wolfgang Rother, Auf dem Weg in die Neuzeit. Studien zur Philosophie an der Universit\u00e4t Basel, Z\u00fcrich: Conexus, 2025. DOI: 10.24445\/conexus.lib.04. Die vorliegenden Studien widmen sich dem besonderen Weg, den die Philosophie an der Universit\u00e4t Basel in die Neuzeit genommen hat. Im Mittelpunkt stehen Fallanalysen, die anhand von vier pr\u00e4genden Pers\u00f6nlichkeiten und vier thematischen Schwerpunkten zentrale [&hellip;]<\/p>\n","protected":false},"author":9,"featured_media":7908,"comment_status":"closed","ping_status":"open","sticky":false,"template":"","format":"standard","meta":{"footnotes":""},"categories":[42,25],"tags":[67,68,90,134,91,101],"class_list":{"0":"post-7910","1":"post","2":"type-post","3":"status-publish","4":"format-standard","5":"has-post-thumbnail","7":"category-actualite","8":"category-nouvelles-publications","9":"tag-enlightenment-fr","10":"tag-knowledge-fr","11":"tag-networks-fr","12":"tag-philosophy-fr","13":"tag-publication-fr","14":"tag-switzerland-fr","15":"czr-hentry"},"yoast_head":"<!-- This site is optimized with the Yoast SEO plugin v26.9 - https:\/\/yoast.com\/product\/yoast-seo-wordpress\/ -->\n<title>Auf dem Weg in die Neuzeit - Schweizerische Gesellschaft f\u00fcr die Erforschung des 18. Jahrhunderts (SGEAJ - SSEDS)<\/title>\n<meta name=\"robots\" content=\"index, follow, max-snippet:-1, max-image-preview:large, max-video-preview:-1\" \/>\n<link rel=\"canonical\" href=\"https:\/\/www.sgeaj.ch\/fr\/actualite\/auf-dem-weg-in-die-neuzeit\/\" \/>\n<meta name=\"twitter:label1\" content=\"\u00c9crit par\" \/>\n\t<meta name=\"twitter:data1\" content=\"Mich\u00e8le Steiner\" \/>\n\t<meta name=\"twitter:label2\" content=\"Dur\u00e9e de lecture estim\u00e9e\" \/>\n\t<meta name=\"twitter:data2\" content=\"2 minutes\" \/>\n<script type=\"application\/ld+json\" class=\"yoast-schema-graph\">{\"@context\":\"https:\/\/schema.org\",\"@graph\":[{\"@type\":\"Article\",\"@id\":\"https:\/\/www.sgeaj.ch\/fr\/actualite\/auf-dem-weg-in-die-neuzeit\/#article\",\"isPartOf\":{\"@id\":\"https:\/\/www.sgeaj.ch\/fr\/actualite\/auf-dem-weg-in-die-neuzeit\/\"},\"author\":{\"name\":\"Mich\u00e8le Steiner\",\"@id\":\"https:\/\/www.sgeaj.ch\/fr\/#\/schema\/person\/f9930dca12b3bd252d469f244e700c60\"},\"headline\":\"Auf dem Weg in die Neuzeit\",\"datePublished\":\"2025-05-07T10:25:36+00:00\",\"dateModified\":\"2025-05-07T10:28:25+00:00\",\"mainEntityOfPage\":{\"@id\":\"https:\/\/www.sgeaj.ch\/fr\/actualite\/auf-dem-weg-in-die-neuzeit\/\"},\"wordCount\":325,\"publisher\":{\"@id\":\"https:\/\/www.sgeaj.ch\/fr\/#organization\"},\"image\":{\"@id\":\"https:\/\/www.sgeaj.ch\/fr\/actualite\/auf-dem-weg-in-die-neuzeit\/#primaryimage\"},\"thumbnailUrl\":\"https:\/\/www.sgeaj.ch\/wp-content\/uploads\/2025\/05\/rother-philosophie-cover.png\",\"keywords\":[\"Enlightenment\",\"Knowledge\",\"Networks\",\"Philosophy\",\"Publication\",\"Switzerland\"],\"articleSection\":[\"Actualit\u00e9\",\"Nouvelles publications\"],\"inLanguage\":\"fr-FR\"},{\"@type\":\"WebPage\",\"@id\":\"https:\/\/www.sgeaj.ch\/fr\/actualite\/auf-dem-weg-in-die-neuzeit\/\",\"url\":\"https:\/\/www.sgeaj.ch\/fr\/actualite\/auf-dem-weg-in-die-neuzeit\/\",\"name\":\"Auf dem Weg in die Neuzeit - Schweizerische Gesellschaft f\u00fcr die Erforschung des 18. Jahrhunderts (SGEAJ - SSEDS)\",\"isPartOf\":{\"@id\":\"https:\/\/www.sgeaj.ch\/fr\/#website\"},\"primaryImageOfPage\":{\"@id\":\"https:\/\/www.sgeaj.ch\/fr\/actualite\/auf-dem-weg-in-die-neuzeit\/#primaryimage\"},\"image\":{\"@id\":\"https:\/\/www.sgeaj.ch\/fr\/actualite\/auf-dem-weg-in-die-neuzeit\/#primaryimage\"},\"thumbnailUrl\":\"https:\/\/www.sgeaj.ch\/wp-content\/uploads\/2025\/05\/rother-philosophie-cover.png\",\"datePublished\":\"2025-05-07T10:25:36+00:00\",\"dateModified\":\"2025-05-07T10:28:25+00:00\",\"inLanguage\":\"fr-FR\",\"potentialAction\":[{\"@type\":\"ReadAction\",\"target\":[\"https:\/\/www.sgeaj.ch\/fr\/actualite\/auf-dem-weg-in-die-neuzeit\/\"]}]},{\"@type\":\"ImageObject\",\"inLanguage\":\"fr-FR\",\"@id\":\"https:\/\/www.sgeaj.ch\/fr\/actualite\/auf-dem-weg-in-die-neuzeit\/#primaryimage\",\"url\":\"https:\/\/www.sgeaj.ch\/wp-content\/uploads\/2025\/05\/rother-philosophie-cover.png\",\"contentUrl\":\"https:\/\/www.sgeaj.ch\/wp-content\/uploads\/2025\/05\/rother-philosophie-cover.png\",\"width\":856,\"height\":912},{\"@type\":\"WebSite\",\"@id\":\"https:\/\/www.sgeaj.ch\/fr\/#website\",\"url\":\"https:\/\/www.sgeaj.ch\/fr\/\",\"name\":\"Schweizerische Gesellschaft f\u00fcr die Erforschung des 18. Jahrhunderts (SGEAJ - SSEDS)\",\"description\":\"Schweizerische Gesellschaft f\u00fcr die Erforschung des 18. Jahrhunderts\",\"publisher\":{\"@id\":\"https:\/\/www.sgeaj.ch\/fr\/#organization\"},\"potentialAction\":[{\"@type\":\"SearchAction\",\"target\":{\"@type\":\"EntryPoint\",\"urlTemplate\":\"https:\/\/www.sgeaj.ch\/fr\/?s={search_term_string}\"},\"query-input\":{\"@type\":\"PropertyValueSpecification\",\"valueRequired\":true,\"valueName\":\"search_term_string\"}}],\"inLanguage\":\"fr-FR\"},{\"@type\":\"Organization\",\"@id\":\"https:\/\/www.sgeaj.ch\/fr\/#organization\",\"name\":\"Schweizerische Gesellschaft f\u00fcr die Erforschung des 18. Jahrhunderts (SGEAJ - SSEDS)\",\"url\":\"https:\/\/www.sgeaj.ch\/fr\/\",\"logo\":{\"@type\":\"ImageObject\",\"inLanguage\":\"fr-FR\",\"@id\":\"https:\/\/www.sgeaj.ch\/fr\/#\/schema\/logo\/image\/\",\"url\":\"https:\/\/www.sgeaj.ch\/wp-content\/uploads\/2021\/06\/cropped-logo-xviiies-horiz-abreuviations-bleues.png\",\"contentUrl\":\"https:\/\/www.sgeaj.ch\/wp-content\/uploads\/2021\/06\/cropped-logo-xviiies-horiz-abreuviations-bleues.png\",\"width\":659,\"height\":335,\"caption\":\"Schweizerische Gesellschaft f\u00fcr die Erforschung des 18. Jahrhunderts (SGEAJ - SSEDS)\"},\"image\":{\"@id\":\"https:\/\/www.sgeaj.ch\/fr\/#\/schema\/logo\/image\/\"}},{\"@type\":\"Person\",\"@id\":\"https:\/\/www.sgeaj.ch\/fr\/#\/schema\/person\/f9930dca12b3bd252d469f244e700c60\",\"name\":\"Mich\u00e8le Steiner\",\"url\":\"https:\/\/www.sgeaj.ch\/fr\/author\/msteiner\/\"}]}<\/script>\n<!-- \/ Yoast SEO plugin. -->","yoast_head_json":{"title":"Auf dem Weg in die Neuzeit - Schweizerische Gesellschaft f\u00fcr die Erforschung des 18. Jahrhunderts (SGEAJ - SSEDS)","robots":{"index":"index","follow":"follow","max-snippet":"max-snippet:-1","max-image-preview":"max-image-preview:large","max-video-preview":"max-video-preview:-1"},"canonical":"https:\/\/www.sgeaj.ch\/fr\/actualite\/auf-dem-weg-in-die-neuzeit\/","twitter_misc":{"\u00c9crit par":"Mich\u00e8le Steiner","Dur\u00e9e de lecture estim\u00e9e":"2 minutes"},"schema":{"@context":"https:\/\/schema.org","@graph":[{"@type":"Article","@id":"https:\/\/www.sgeaj.ch\/fr\/actualite\/auf-dem-weg-in-die-neuzeit\/#article","isPartOf":{"@id":"https:\/\/www.sgeaj.ch\/fr\/actualite\/auf-dem-weg-in-die-neuzeit\/"},"author":{"name":"Mich\u00e8le Steiner","@id":"https:\/\/www.sgeaj.ch\/fr\/#\/schema\/person\/f9930dca12b3bd252d469f244e700c60"},"headline":"Auf dem Weg in die Neuzeit","datePublished":"2025-05-07T10:25:36+00:00","dateModified":"2025-05-07T10:28:25+00:00","mainEntityOfPage":{"@id":"https:\/\/www.sgeaj.ch\/fr\/actualite\/auf-dem-weg-in-die-neuzeit\/"},"wordCount":325,"publisher":{"@id":"https:\/\/www.sgeaj.ch\/fr\/#organization"},"image":{"@id":"https:\/\/www.sgeaj.ch\/fr\/actualite\/auf-dem-weg-in-die-neuzeit\/#primaryimage"},"thumbnailUrl":"https:\/\/www.sgeaj.ch\/wp-content\/uploads\/2025\/05\/rother-philosophie-cover.png","keywords":["Enlightenment","Knowledge","Networks","Philosophy","Publication","Switzerland"],"articleSection":["Actualit\u00e9","Nouvelles publications"],"inLanguage":"fr-FR"},{"@type":"WebPage","@id":"https:\/\/www.sgeaj.ch\/fr\/actualite\/auf-dem-weg-in-die-neuzeit\/","url":"https:\/\/www.sgeaj.ch\/fr\/actualite\/auf-dem-weg-in-die-neuzeit\/","name":"Auf dem Weg in die Neuzeit - Schweizerische Gesellschaft f\u00fcr die Erforschung des 18. Jahrhunderts (SGEAJ - SSEDS)","isPartOf":{"@id":"https:\/\/www.sgeaj.ch\/fr\/#website"},"primaryImageOfPage":{"@id":"https:\/\/www.sgeaj.ch\/fr\/actualite\/auf-dem-weg-in-die-neuzeit\/#primaryimage"},"image":{"@id":"https:\/\/www.sgeaj.ch\/fr\/actualite\/auf-dem-weg-in-die-neuzeit\/#primaryimage"},"thumbnailUrl":"https:\/\/www.sgeaj.ch\/wp-content\/uploads\/2025\/05\/rother-philosophie-cover.png","datePublished":"2025-05-07T10:25:36+00:00","dateModified":"2025-05-07T10:28:25+00:00","inLanguage":"fr-FR","potentialAction":[{"@type":"ReadAction","target":["https:\/\/www.sgeaj.ch\/fr\/actualite\/auf-dem-weg-in-die-neuzeit\/"]}]},{"@type":"ImageObject","inLanguage":"fr-FR","@id":"https:\/\/www.sgeaj.ch\/fr\/actualite\/auf-dem-weg-in-die-neuzeit\/#primaryimage","url":"https:\/\/www.sgeaj.ch\/wp-content\/uploads\/2025\/05\/rother-philosophie-cover.png","contentUrl":"https:\/\/www.sgeaj.ch\/wp-content\/uploads\/2025\/05\/rother-philosophie-cover.png","width":856,"height":912},{"@type":"WebSite","@id":"https:\/\/www.sgeaj.ch\/fr\/#website","url":"https:\/\/www.sgeaj.ch\/fr\/","name":"Schweizerische Gesellschaft f\u00fcr die Erforschung des 18. Jahrhunderts (SGEAJ - SSEDS)","description":"Schweizerische Gesellschaft f\u00fcr die Erforschung des 18. Jahrhunderts","publisher":{"@id":"https:\/\/www.sgeaj.ch\/fr\/#organization"},"potentialAction":[{"@type":"SearchAction","target":{"@type":"EntryPoint","urlTemplate":"https:\/\/www.sgeaj.ch\/fr\/?s={search_term_string}"},"query-input":{"@type":"PropertyValueSpecification","valueRequired":true,"valueName":"search_term_string"}}],"inLanguage":"fr-FR"},{"@type":"Organization","@id":"https:\/\/www.sgeaj.ch\/fr\/#organization","name":"Schweizerische Gesellschaft f\u00fcr die Erforschung des 18. Jahrhunderts (SGEAJ - SSEDS)","url":"https:\/\/www.sgeaj.ch\/fr\/","logo":{"@type":"ImageObject","inLanguage":"fr-FR","@id":"https:\/\/www.sgeaj.ch\/fr\/#\/schema\/logo\/image\/","url":"https:\/\/www.sgeaj.ch\/wp-content\/uploads\/2021\/06\/cropped-logo-xviiies-horiz-abreuviations-bleues.png","contentUrl":"https:\/\/www.sgeaj.ch\/wp-content\/uploads\/2021\/06\/cropped-logo-xviiies-horiz-abreuviations-bleues.png","width":659,"height":335,"caption":"Schweizerische Gesellschaft f\u00fcr die Erforschung des 18. Jahrhunderts (SGEAJ - SSEDS)"},"image":{"@id":"https:\/\/www.sgeaj.ch\/fr\/#\/schema\/logo\/image\/"}},{"@type":"Person","@id":"https:\/\/www.sgeaj.ch\/fr\/#\/schema\/person\/f9930dca12b3bd252d469f244e700c60","name":"Mich\u00e8le Steiner","url":"https:\/\/www.sgeaj.ch\/fr\/author\/msteiner\/"}]}},"_links":{"self":[{"href":"https:\/\/www.sgeaj.ch\/fr\/wp-json\/wp\/v2\/posts\/7910","targetHints":{"allow":["GET"]}}],"collection":[{"href":"https:\/\/www.sgeaj.ch\/fr\/wp-json\/wp\/v2\/posts"}],"about":[{"href":"https:\/\/www.sgeaj.ch\/fr\/wp-json\/wp\/v2\/types\/post"}],"author":[{"embeddable":true,"href":"https:\/\/www.sgeaj.ch\/fr\/wp-json\/wp\/v2\/users\/9"}],"replies":[{"embeddable":true,"href":"https:\/\/www.sgeaj.ch\/fr\/wp-json\/wp\/v2\/comments?post=7910"}],"version-history":[{"count":2,"href":"https:\/\/www.sgeaj.ch\/fr\/wp-json\/wp\/v2\/posts\/7910\/revisions"}],"predecessor-version":[{"id":7913,"href":"https:\/\/www.sgeaj.ch\/fr\/wp-json\/wp\/v2\/posts\/7910\/revisions\/7913"}],"wp:featuredmedia":[{"embeddable":true,"href":"https:\/\/www.sgeaj.ch\/fr\/wp-json\/wp\/v2\/media\/7908"}],"wp:attachment":[{"href":"https:\/\/www.sgeaj.ch\/fr\/wp-json\/wp\/v2\/media?parent=7910"}],"wp:term":[{"taxonomy":"category","embeddable":true,"href":"https:\/\/www.sgeaj.ch\/fr\/wp-json\/wp\/v2\/categories?post=7910"},{"taxonomy":"post_tag","embeddable":true,"href":"https:\/\/www.sgeaj.ch\/fr\/wp-json\/wp\/v2\/tags?post=7910"}],"curies":[{"name":"wp","href":"https:\/\/api.w.org\/{rel}","templated":true}]}}