{"id":7969,"date":"2025-06-04T09:54:21","date_gmt":"2025-06-04T07:54:21","guid":{"rendered":"https:\/\/www.sgeaj.ch\/?p=7969"},"modified":"2025-06-04T09:54:23","modified_gmt":"2025-06-04T07:54:23","slug":"dozentur-fuer-geschichte-der-fruehen-neuzeit-50","status":"publish","type":"post","link":"https:\/\/www.sgeaj.ch\/fr\/actualite\/dozentur-fuer-geschichte-der-fruehen-neuzeit-50\/","title":{"rendered":"Dozentur f\u00fcr Geschichte der Fr\u00fchen Neuzeit (50%)"},"content":{"rendered":"\n<h3 class=\"wp-block-heading\"><strong>Am Departement Geschichte der Universit\u00e4t Basel ist auf den 1. Februar 2026 die Stelle eines Universit\u00e4tsdozenten\/einer Universit\u00e4tsdozentin f\u00fcr Geschichte der Fr\u00fchen Neuzeit mit Schwerpunkt Geschichte der Schweiz\/Europ\u00e4ische Geschichte zu besetzen.<\/strong><\/h3>\n\n\n\n<p>Die Dozentur erg\u00e4nzt die Lehrangebote im Bereich Fr\u00fche Neuzeit, erweitert das Lehrportfolio der Vormoderne um Angebote im Bereich \u00abGeschichte der Schweiz\/Europ\u00e4ische Geschichte\u00bb und bringt einen innovativen methodologischen und transversalen Schwerpunkt in das Lehrprofil des Departements ein (Public History, Digital History o.\u00e4.).<\/p>\n\n\n\n<p><strong>Ihre Aufgaben<\/strong><br>Sie tragen im Umfang von 6 Semesterwochenstunden einen substantiellen Beitrag zum Lehrangebot des <a href=\"https:\/\/dg.philhist.unibas.ch\/de\/\" target=\"_blank\" rel=\"noreferrer noopener\">Departements<\/a> in den Bereichen \u00abGeschichte der Fr\u00fchen Neuzeit\u00bb, \u00abMethode und Theorie\u00bb sowie \u00abGeschichte der Schweiz\/Geschichte Europas\u00bb bei.<br>Neben wiederkehrenden Einf\u00fchrungs- und Methodenkursen unterrichten Sie regelm\u00e4ssig aktuelle forschungsorientierte Proseminare und Seminare und punktuell auch Vorlesungen (z.B. im Rahmen der wiederkehrenden Vorlesung \u00abGeschichte der Schweiz\u00bb).<br>Sie betreuen Studierende, insbesondere deren schriftliche Arbeiten und Abschlussarbeiten, nehmen Pr\u00fcfungen ab und beteiligen sich an der Betreuung von Dissertationen.<br>Sie wirken an den kommunikativen und organisatorischen Aufgaben rund um die Lehrorganisation des Departements mit, etwa an Studienberatung, Studieninformation und Studierendenwerbung, Lehrangebotsplanung und dem Austausch unter den Dozierenden.<br>Als Mitglied der Unterrichtskommission arbeiten Sie an der Qualit\u00e4tssicherung und der Weiterentwicklung unserer Lehrformate und Curricula mit.<br>Sie bringen sich mit Ihren Interessen und Themen in den Forschungszusammenhang des Departements ein, etwa im Kolloquium Vormoderne.<br>Im Rahmen der Gruppierung II beteiligen Sie sich an den Aufgaben der akademischen Selbstverwaltung.<\/p>\n\n\n\n<p><strong>Ihr Profil<\/strong><br>Sie sind eine erfahrene und engagierte Lehrperson, die ihren pers\u00f6nlichen Forschungshintergrund in innovative geschichtswissenschaftliche Lehre einbringen kann.<br>Sie bringen eine breite Erfahrung in der geschichtswissenschaftlichen Forschung und Lehre mit, die durch einschl\u00e4gige Publikationen und Lehrveranstaltungen nachgewiesen ist, unter anderem in den Bereichen der Schweizer und\/oder der Europ\u00e4ischen Geschichte.<br>Sie verf\u00fcgen \u00fcber eine Promotion in der Geschichte der Vormoderne.<br>Ihr Portfolio enth\u00e4lt einen methodologischen oder inhaltlichen Schwerpunkt, mit dem Sie \u00fcber die Epochengrenzen hinweg das Profil des Departements erweitern und unterst\u00fctzen k\u00f6nnen (Public History, Digital History o.\u00e4.)<br>Sie sind bereit, Ihre Ideen in die Weiterentwicklung eines anspruchsvollen und innovativen geschichtswissenschaftlichen Lehrbetriebes einzubringen.<\/p>\n\n\n\n<p><strong>Wir bieten Ihnen<\/strong><br>Eine vielseitige und anforderungsreiche akademische Position in einem lebendigen Lehr- und Forschungsbetrieb, der gepr\u00e4gt ist von intellektuellem Austausch, Kollegialit\u00e4t und Engagement.<br>Eine befristete Anstellung mit der Option einer Evaluation und Entfristung nach vier Jahren.<br>Die Universit\u00e4t Basel bietet attraktive Anstellungsbedingungen und Sozialleistungen.<\/p>\n\n\n\n<p>Die Universit\u00e4t Basel steht f\u00fcr Exzellenz durch Diversit\u00e4t und setzt sich f\u00fcr Chancengleichheit und Familienfreundlichkeit ein. Im Bestreben, den Frauenanteil in verantwortungsvollen Positionen zu erh\u00f6hen, ist die Universit\u00e4t an Bewerbungen von Frauen besonders interessiert.<\/p>\n\n\n\n<p><strong>Bewerbung \/ Kontakt<\/strong><br>Wir freuen uns auf Ihre Bewerbung bis sp\u00e4testens 15. Juli 2025. Bewerbungen werden ausschliesslich online \u00fcber das <a href=\"https:\/\/jobs.unibas.ch\/offene-stellen\/dozentur-fuer-geschichte-der-fruehen-neuzeit-mit-schwp-gesch-der-schweiz-europaeische-gesch\/8bd49ed0-a032-4334-b5be-748f558bee7e\" target=\"_blank\" rel=\"noreferrer noopener\">Stellenportal der Universit\u00e4t Basel <\/a>entgegengenommen.<\/p>\n\n\n\n<p>Neben den \u00fcblichen Unterlagen bitten wir Bewerber:innen, ein detailliertes Lehrkonzept sowie eine kurze Skizze (max. 2 Seiten) einzureichen, in der Sie erl\u00e4utern mit welchem methodologischen oder inhaltlichen Schwerpunkt Sie (neben Ihrer Lehre zur Geschichte der Fr\u00fchen Neuzeit) das transepochale Lehrportfolio des Departements erweitern bzw. bereichern m\u00f6chten.<\/p>\n\n\n\n<p>Das Auswahlverfahren umfasst ein Vorstellungsgespr\u00e4ch und \u2013 an einem zweiten Termin \u2013\u00a0 ein Probeseminar \/ eine Probelektion f\u00fcr Studierende. Als Termine hierf\u00fcr sind aktuell der 9. und 25. September 2025 vorgesehen.<\/p>\n\n\n\n<p>F\u00fcr n\u00e4here Ausk\u00fcnfte stehen Ihnen Prof. Dr. F. Benjamin Schenk (<a href=\"https:\/\/jobs.unibas.ch\/offene-stellen\/dozentur-fuer-geschichte-der-fruehen-neuzeit-mit-schwp-gesch-der-schweiz-europaeische-gesch\/benjamin.schenk@unibas.ch\" target=\"_blank\" rel=\"noreferrer noopener\">benjamin.schenk@unibas.ch<\/a>, Departementsleiter), sowie Dr. Marino Ferri (<a href=\"https:\/\/jobs.unibas.ch\/offene-stellen\/dozentur-fuer-geschichte-der-fruehen-neuzeit-mit-schwp-gesch-der-schweiz-europaeische-gesch\/marino.ferri@unibas.ch\" target=\"_blank\" rel=\"noreferrer noopener\">marino.ferri@unibas.ch<\/a>, Gesch\u00e4ftsf\u00fchrer des Departements Geschichte), zur Verf\u00fcgung.<\/p>\n","protected":false},"excerpt":{"rendered":"<p>Am Departement Geschichte der Universit\u00e4t Basel ist auf den 1. Februar 2026 die Stelle eines Universit\u00e4tsdozenten\/einer Universit\u00e4tsdozentin f\u00fcr Geschichte der Fr\u00fchen Neuzeit mit Schwerpunkt Geschichte der Schweiz\/Europ\u00e4ische Geschichte zu besetzen. Die Dozentur erg\u00e4nzt die Lehrangebote im Bereich Fr\u00fche Neuzeit, erweitert das Lehrportfolio der Vormoderne um Angebote im Bereich \u00abGeschichte der Schweiz\/Europ\u00e4ische Geschichte\u00bb und bringt einen [&hellip;]<\/p>\n","protected":false},"author":9,"featured_media":7967,"comment_status":"closed","ping_status":"open","sticky":false,"template":"","format":"standard","meta":{"footnotes":""},"categories":[42,43],"tags":[179,61,167,101],"class_list":{"0":"post-7969","1":"post","2":"type-post","3":"status-publish","4":"format-standard","5":"has-post-thumbnail","7":"category-actualite","8":"category-communication","9":"tag-basel-fr","10":"tag-early-modern-period-fr","11":"tag-job-advertisement-fr","12":"tag-switzerland-fr","13":"czr-hentry"},"yoast_head":"<!-- This site is optimized with the Yoast SEO plugin v26.9 - https:\/\/yoast.com\/product\/yoast-seo-wordpress\/ -->\n<title>Dozentur f\u00fcr Geschichte der Fr\u00fchen Neuzeit (50%) - Schweizerische Gesellschaft f\u00fcr die Erforschung des 18. Jahrhunderts (SGEAJ - SSEDS)<\/title>\n<meta name=\"robots\" content=\"index, follow, max-snippet:-1, max-image-preview:large, max-video-preview:-1\" \/>\n<link rel=\"canonical\" href=\"https:\/\/www.sgeaj.ch\/fr\/actualite\/dozentur-fuer-geschichte-der-fruehen-neuzeit-50\/\" \/>\n<meta name=\"twitter:label1\" content=\"\u00c9crit par\" \/>\n\t<meta name=\"twitter:data1\" content=\"Mich\u00e8le Steiner\" \/>\n\t<meta name=\"twitter:label2\" content=\"Dur\u00e9e de lecture estim\u00e9e\" \/>\n\t<meta name=\"twitter:data2\" content=\"4 minutes\" \/>\n<script type=\"application\/ld+json\" class=\"yoast-schema-graph\">{\"@context\":\"https:\/\/schema.org\",\"@graph\":[{\"@type\":\"Article\",\"@id\":\"https:\/\/www.sgeaj.ch\/fr\/actualite\/dozentur-fuer-geschichte-der-fruehen-neuzeit-50\/#article\",\"isPartOf\":{\"@id\":\"https:\/\/www.sgeaj.ch\/fr\/actualite\/dozentur-fuer-geschichte-der-fruehen-neuzeit-50\/\"},\"author\":{\"name\":\"Mich\u00e8le Steiner\",\"@id\":\"https:\/\/www.sgeaj.ch\/fr\/#\/schema\/person\/f9930dca12b3bd252d469f244e700c60\"},\"headline\":\"Dozentur f\u00fcr Geschichte der Fr\u00fchen Neuzeit (50%)\",\"datePublished\":\"2025-06-04T07:54:21+00:00\",\"dateModified\":\"2025-06-04T07:54:23+00:00\",\"mainEntityOfPage\":{\"@id\":\"https:\/\/www.sgeaj.ch\/fr\/actualite\/dozentur-fuer-geschichte-der-fruehen-neuzeit-50\/\"},\"wordCount\":585,\"publisher\":{\"@id\":\"https:\/\/www.sgeaj.ch\/fr\/#organization\"},\"image\":{\"@id\":\"https:\/\/www.sgeaj.ch\/fr\/actualite\/dozentur-fuer-geschichte-der-fruehen-neuzeit-50\/#primaryimage\"},\"thumbnailUrl\":\"https:\/\/www.sgeaj.ch\/wp-content\/uploads\/2025\/06\/alte-universitaet-1280x544-3266444052.jpg\",\"keywords\":[\"Basel\",\"Early Modern Period\",\"Job Advertisement\",\"Switzerland\"],\"articleSection\":[\"Actualit\u00e9\",\"Communication\"],\"inLanguage\":\"fr-FR\"},{\"@type\":\"WebPage\",\"@id\":\"https:\/\/www.sgeaj.ch\/fr\/actualite\/dozentur-fuer-geschichte-der-fruehen-neuzeit-50\/\",\"url\":\"https:\/\/www.sgeaj.ch\/fr\/actualite\/dozentur-fuer-geschichte-der-fruehen-neuzeit-50\/\",\"name\":\"Dozentur f\u00fcr Geschichte der Fr\u00fchen Neuzeit (50%) - Schweizerische Gesellschaft f\u00fcr die Erforschung des 18. Jahrhunderts (SGEAJ - SSEDS)\",\"isPartOf\":{\"@id\":\"https:\/\/www.sgeaj.ch\/fr\/#website\"},\"primaryImageOfPage\":{\"@id\":\"https:\/\/www.sgeaj.ch\/fr\/actualite\/dozentur-fuer-geschichte-der-fruehen-neuzeit-50\/#primaryimage\"},\"image\":{\"@id\":\"https:\/\/www.sgeaj.ch\/fr\/actualite\/dozentur-fuer-geschichte-der-fruehen-neuzeit-50\/#primaryimage\"},\"thumbnailUrl\":\"https:\/\/www.sgeaj.ch\/wp-content\/uploads\/2025\/06\/alte-universitaet-1280x544-3266444052.jpg\",\"datePublished\":\"2025-06-04T07:54:21+00:00\",\"dateModified\":\"2025-06-04T07:54:23+00:00\",\"inLanguage\":\"fr-FR\",\"potentialAction\":[{\"@type\":\"ReadAction\",\"target\":[\"https:\/\/www.sgeaj.ch\/fr\/actualite\/dozentur-fuer-geschichte-der-fruehen-neuzeit-50\/\"]}]},{\"@type\":\"ImageObject\",\"inLanguage\":\"fr-FR\",\"@id\":\"https:\/\/www.sgeaj.ch\/fr\/actualite\/dozentur-fuer-geschichte-der-fruehen-neuzeit-50\/#primaryimage\",\"url\":\"https:\/\/www.sgeaj.ch\/wp-content\/uploads\/2025\/06\/alte-universitaet-1280x544-3266444052.jpg\",\"contentUrl\":\"https:\/\/www.sgeaj.ch\/wp-content\/uploads\/2025\/06\/alte-universitaet-1280x544-3266444052.jpg\",\"width\":1280,\"height\":544},{\"@type\":\"WebSite\",\"@id\":\"https:\/\/www.sgeaj.ch\/fr\/#website\",\"url\":\"https:\/\/www.sgeaj.ch\/fr\/\",\"name\":\"Schweizerische Gesellschaft f\u00fcr die Erforschung des 18. Jahrhunderts (SGEAJ - SSEDS)\",\"description\":\"Schweizerische Gesellschaft f\u00fcr die Erforschung des 18. Jahrhunderts\",\"publisher\":{\"@id\":\"https:\/\/www.sgeaj.ch\/fr\/#organization\"},\"potentialAction\":[{\"@type\":\"SearchAction\",\"target\":{\"@type\":\"EntryPoint\",\"urlTemplate\":\"https:\/\/www.sgeaj.ch\/fr\/?s={search_term_string}\"},\"query-input\":{\"@type\":\"PropertyValueSpecification\",\"valueRequired\":true,\"valueName\":\"search_term_string\"}}],\"inLanguage\":\"fr-FR\"},{\"@type\":\"Organization\",\"@id\":\"https:\/\/www.sgeaj.ch\/fr\/#organization\",\"name\":\"Schweizerische Gesellschaft f\u00fcr die Erforschung des 18. Jahrhunderts (SGEAJ - SSEDS)\",\"url\":\"https:\/\/www.sgeaj.ch\/fr\/\",\"logo\":{\"@type\":\"ImageObject\",\"inLanguage\":\"fr-FR\",\"@id\":\"https:\/\/www.sgeaj.ch\/fr\/#\/schema\/logo\/image\/\",\"url\":\"https:\/\/www.sgeaj.ch\/wp-content\/uploads\/2021\/06\/cropped-logo-xviiies-horiz-abreuviations-bleues.png\",\"contentUrl\":\"https:\/\/www.sgeaj.ch\/wp-content\/uploads\/2021\/06\/cropped-logo-xviiies-horiz-abreuviations-bleues.png\",\"width\":659,\"height\":335,\"caption\":\"Schweizerische Gesellschaft f\u00fcr die Erforschung des 18. Jahrhunderts (SGEAJ - SSEDS)\"},\"image\":{\"@id\":\"https:\/\/www.sgeaj.ch\/fr\/#\/schema\/logo\/image\/\"}},{\"@type\":\"Person\",\"@id\":\"https:\/\/www.sgeaj.ch\/fr\/#\/schema\/person\/f9930dca12b3bd252d469f244e700c60\",\"name\":\"Mich\u00e8le Steiner\",\"url\":\"https:\/\/www.sgeaj.ch\/fr\/author\/msteiner\/\"}]}<\/script>\n<!-- \/ Yoast SEO plugin. -->","yoast_head_json":{"title":"Dozentur f\u00fcr Geschichte der Fr\u00fchen Neuzeit (50%) - Schweizerische Gesellschaft f\u00fcr die Erforschung des 18. Jahrhunderts (SGEAJ - SSEDS)","robots":{"index":"index","follow":"follow","max-snippet":"max-snippet:-1","max-image-preview":"max-image-preview:large","max-video-preview":"max-video-preview:-1"},"canonical":"https:\/\/www.sgeaj.ch\/fr\/actualite\/dozentur-fuer-geschichte-der-fruehen-neuzeit-50\/","twitter_misc":{"\u00c9crit par":"Mich\u00e8le Steiner","Dur\u00e9e de lecture estim\u00e9e":"4 minutes"},"schema":{"@context":"https:\/\/schema.org","@graph":[{"@type":"Article","@id":"https:\/\/www.sgeaj.ch\/fr\/actualite\/dozentur-fuer-geschichte-der-fruehen-neuzeit-50\/#article","isPartOf":{"@id":"https:\/\/www.sgeaj.ch\/fr\/actualite\/dozentur-fuer-geschichte-der-fruehen-neuzeit-50\/"},"author":{"name":"Mich\u00e8le Steiner","@id":"https:\/\/www.sgeaj.ch\/fr\/#\/schema\/person\/f9930dca12b3bd252d469f244e700c60"},"headline":"Dozentur f\u00fcr Geschichte der Fr\u00fchen Neuzeit (50%)","datePublished":"2025-06-04T07:54:21+00:00","dateModified":"2025-06-04T07:54:23+00:00","mainEntityOfPage":{"@id":"https:\/\/www.sgeaj.ch\/fr\/actualite\/dozentur-fuer-geschichte-der-fruehen-neuzeit-50\/"},"wordCount":585,"publisher":{"@id":"https:\/\/www.sgeaj.ch\/fr\/#organization"},"image":{"@id":"https:\/\/www.sgeaj.ch\/fr\/actualite\/dozentur-fuer-geschichte-der-fruehen-neuzeit-50\/#primaryimage"},"thumbnailUrl":"https:\/\/www.sgeaj.ch\/wp-content\/uploads\/2025\/06\/alte-universitaet-1280x544-3266444052.jpg","keywords":["Basel","Early Modern Period","Job Advertisement","Switzerland"],"articleSection":["Actualit\u00e9","Communication"],"inLanguage":"fr-FR"},{"@type":"WebPage","@id":"https:\/\/www.sgeaj.ch\/fr\/actualite\/dozentur-fuer-geschichte-der-fruehen-neuzeit-50\/","url":"https:\/\/www.sgeaj.ch\/fr\/actualite\/dozentur-fuer-geschichte-der-fruehen-neuzeit-50\/","name":"Dozentur f\u00fcr Geschichte der Fr\u00fchen Neuzeit (50%) - Schweizerische Gesellschaft f\u00fcr die Erforschung des 18. Jahrhunderts (SGEAJ - SSEDS)","isPartOf":{"@id":"https:\/\/www.sgeaj.ch\/fr\/#website"},"primaryImageOfPage":{"@id":"https:\/\/www.sgeaj.ch\/fr\/actualite\/dozentur-fuer-geschichte-der-fruehen-neuzeit-50\/#primaryimage"},"image":{"@id":"https:\/\/www.sgeaj.ch\/fr\/actualite\/dozentur-fuer-geschichte-der-fruehen-neuzeit-50\/#primaryimage"},"thumbnailUrl":"https:\/\/www.sgeaj.ch\/wp-content\/uploads\/2025\/06\/alte-universitaet-1280x544-3266444052.jpg","datePublished":"2025-06-04T07:54:21+00:00","dateModified":"2025-06-04T07:54:23+00:00","inLanguage":"fr-FR","potentialAction":[{"@type":"ReadAction","target":["https:\/\/www.sgeaj.ch\/fr\/actualite\/dozentur-fuer-geschichte-der-fruehen-neuzeit-50\/"]}]},{"@type":"ImageObject","inLanguage":"fr-FR","@id":"https:\/\/www.sgeaj.ch\/fr\/actualite\/dozentur-fuer-geschichte-der-fruehen-neuzeit-50\/#primaryimage","url":"https:\/\/www.sgeaj.ch\/wp-content\/uploads\/2025\/06\/alte-universitaet-1280x544-3266444052.jpg","contentUrl":"https:\/\/www.sgeaj.ch\/wp-content\/uploads\/2025\/06\/alte-universitaet-1280x544-3266444052.jpg","width":1280,"height":544},{"@type":"WebSite","@id":"https:\/\/www.sgeaj.ch\/fr\/#website","url":"https:\/\/www.sgeaj.ch\/fr\/","name":"Schweizerische Gesellschaft f\u00fcr die Erforschung des 18. Jahrhunderts (SGEAJ - SSEDS)","description":"Schweizerische Gesellschaft f\u00fcr die Erforschung des 18. Jahrhunderts","publisher":{"@id":"https:\/\/www.sgeaj.ch\/fr\/#organization"},"potentialAction":[{"@type":"SearchAction","target":{"@type":"EntryPoint","urlTemplate":"https:\/\/www.sgeaj.ch\/fr\/?s={search_term_string}"},"query-input":{"@type":"PropertyValueSpecification","valueRequired":true,"valueName":"search_term_string"}}],"inLanguage":"fr-FR"},{"@type":"Organization","@id":"https:\/\/www.sgeaj.ch\/fr\/#organization","name":"Schweizerische Gesellschaft f\u00fcr die Erforschung des 18. Jahrhunderts (SGEAJ - SSEDS)","url":"https:\/\/www.sgeaj.ch\/fr\/","logo":{"@type":"ImageObject","inLanguage":"fr-FR","@id":"https:\/\/www.sgeaj.ch\/fr\/#\/schema\/logo\/image\/","url":"https:\/\/www.sgeaj.ch\/wp-content\/uploads\/2021\/06\/cropped-logo-xviiies-horiz-abreuviations-bleues.png","contentUrl":"https:\/\/www.sgeaj.ch\/wp-content\/uploads\/2021\/06\/cropped-logo-xviiies-horiz-abreuviations-bleues.png","width":659,"height":335,"caption":"Schweizerische Gesellschaft f\u00fcr die Erforschung des 18. Jahrhunderts (SGEAJ - SSEDS)"},"image":{"@id":"https:\/\/www.sgeaj.ch\/fr\/#\/schema\/logo\/image\/"}},{"@type":"Person","@id":"https:\/\/www.sgeaj.ch\/fr\/#\/schema\/person\/f9930dca12b3bd252d469f244e700c60","name":"Mich\u00e8le Steiner","url":"https:\/\/www.sgeaj.ch\/fr\/author\/msteiner\/"}]}},"_links":{"self":[{"href":"https:\/\/www.sgeaj.ch\/fr\/wp-json\/wp\/v2\/posts\/7969","targetHints":{"allow":["GET"]}}],"collection":[{"href":"https:\/\/www.sgeaj.ch\/fr\/wp-json\/wp\/v2\/posts"}],"about":[{"href":"https:\/\/www.sgeaj.ch\/fr\/wp-json\/wp\/v2\/types\/post"}],"author":[{"embeddable":true,"href":"https:\/\/www.sgeaj.ch\/fr\/wp-json\/wp\/v2\/users\/9"}],"replies":[{"embeddable":true,"href":"https:\/\/www.sgeaj.ch\/fr\/wp-json\/wp\/v2\/comments?post=7969"}],"version-history":[{"count":2,"href":"https:\/\/www.sgeaj.ch\/fr\/wp-json\/wp\/v2\/posts\/7969\/revisions"}],"predecessor-version":[{"id":7973,"href":"https:\/\/www.sgeaj.ch\/fr\/wp-json\/wp\/v2\/posts\/7969\/revisions\/7973"}],"wp:featuredmedia":[{"embeddable":true,"href":"https:\/\/www.sgeaj.ch\/fr\/wp-json\/wp\/v2\/media\/7967"}],"wp:attachment":[{"href":"https:\/\/www.sgeaj.ch\/fr\/wp-json\/wp\/v2\/media?parent=7969"}],"wp:term":[{"taxonomy":"category","embeddable":true,"href":"https:\/\/www.sgeaj.ch\/fr\/wp-json\/wp\/v2\/categories?post=7969"},{"taxonomy":"post_tag","embeddable":true,"href":"https:\/\/www.sgeaj.ch\/fr\/wp-json\/wp\/v2\/tags?post=7969"}],"curies":[{"name":"wp","href":"https:\/\/api.w.org\/{rel}","templated":true}]}}