{"id":7983,"date":"2025-06-23T08:07:33","date_gmt":"2025-06-23T06:07:33","guid":{"rendered":"https:\/\/www.sgeaj.ch\/?p=7983"},"modified":"2025-06-23T08:12:28","modified_gmt":"2025-06-23T06:12:28","slug":"le-xviiie-siecle-et-les-mondes-possibles","status":"publish","type":"post","link":"https:\/\/www.sgeaj.ch\/fr\/actualite\/colloques\/le-xviiie-siecle-et-les-mondes-possibles\/","title":{"rendered":"Le XVIIIe si\u00e8cle et les mondes possibles"},"content":{"rendered":"\n<h3 class=\"wp-block-heading\">Annonce du S\u00e9minaire international des jeunes chercheuses et chercheurs dix-huiti\u00e9mistes, organis\u00e9 par Sophie Audidi\u00e8re et Susana Seguin pour la Soci\u00e9t\u00e9 internationale d\u2019\u00e9tudes du XVIIIe si\u00e8cle (SIEDS), qui aura lieu \u00e0 Lyon (Biblioth\u00e8que Diderot) du 30 juin au 4 juillet 2025. <\/h3>\n\n\n\n<p>La <a href=\"https:\/\/oraprdnt.uqtr.uquebec.ca\/portail\/gscw031?owa_no_site=304\" target=\"_blank\" rel=\"noreferrer noopener\">Soci\u00e9t\u00e9 internationale d\u2019\u00e9tudes du dix-huiti\u00e8me si\u00e8cle<\/a> (SIEDS) a le plaisir de pr\u00e9senter le programme du S\u00e9minaire international 2025 pour les jeunes chercheuses et chercheurs dix-huiti\u00e9mistes. Le S\u00e9minaire r\u00e9unit chaque ann\u00e9e des repr\u00e9sentantes et repr\u00e9sentants de plusieurs pays travaillant sur le XVIIIe si\u00e8cle, sans limite d\u2019aire g\u00e9ographique, de discipline ou d\u2019\u00e9cole scientifique.<\/p>\n\n\n\n<p>En 2025, la rencontre aura lieu \u00e0 <a href=\"https:\/\/www.ens-lyon.fr\/\" target=\"_blank\" rel=\"noreferrer noopener\">l\u2019\u00c9cole Normale Sup\u00e9rieure<\/a> de Lyon, du 30 juin au 4 juillet. Elle sera organis\u00e9e par Sophie Audidi\u00e8re (Universit\u00e9 de Bourgogne-Franche Comt\u00e9, Soci\u00e9t\u00e9 fran\u00e7aise d\u2019\u00e9tude du XVIII<sup>e<\/sup> si\u00e8cle, SFEDS) et Maria Susana Seguin (Universit\u00e9 Montpellier III, Institut Universitaire de France, Asociaci\u00f3n argentina de estudios del siglo dieiciocho, AAESD, et Soci\u00e9t\u00e9 Fran\u00e7aise du XVIIIe si\u00e8cle, SFEDS).<\/p>\n\n\n\n<p>Cette ann\u00e9e, le s\u00e9minaire sera consacr\u00e9 au th\u00e8me \u00ab\u00a0Le XVIII<sup>e<\/sup> si\u00e8cle et les mondes possibles\u00a0\u00bb. La recherche a fait voler en \u00e9clat le mythe d\u2019un XVIIIe si\u00e8cle fig\u00e9 dans ses barri\u00e8res d\u2019ordre et de classe, immobile. Le XVIIIe si\u00e8cle non seulement est mobile, mais il n\u2019a cess\u00e9 de dire que d\u2019autres mondes \u00e9taient possibles, de les dire sous formes d\u2019utopies certes mais aussi de pastorales, d\u2019op\u00e9ras, de romans politiques, de les figurer en trait\u00e9s, projets, architectures de papier, et m\u00eame de les vivre et les construire. Ce s\u00e9minaire se propose d\u2019explorer la pr\u00e9sence des mondes possibles dans le monde du XVIII<sup>e<\/sup> si\u00e8cle lui-m\u00eame, pr\u00e9sents, r\u00e9ellement possibles et non simplement possibles. Il interrogera les mani\u00e8res de les faire comme des mondes complets et complexes, aussi bien que la signification qu\u2019ils ont pour ceux qui les produisent.<\/p>\n\n\n\n<div data-wp-interactive=\"core\/file\" class=\"wp-block-file\"><object data-wp-bind--hidden=\"!state.hasPdfPreview\" hidden class=\"wp-block-file__embed\" data=\"https:\/\/www.sgeaj.ch\/wp-content\/uploads\/2025\/06\/sieds-jeune-recherche-mondes-possibles-programme-compressed.pdf\" type=\"application\/pdf\" style=\"width:100%;height:600px\" aria-label=\"Contenu embarqu\u00e9 SIEDS_jeune_recherche_mondes_possibles_programme_compressed.\"><\/object><a id=\"wp-block-file--media-9fd5818f-3a27-4f54-aaef-0de81e28f063\" href=\"https:\/\/www.sgeaj.ch\/wp-content\/uploads\/2025\/06\/sieds-jeune-recherche-mondes-possibles-programme-compressed.pdf\">SIEDS_jeune_recherche_mondes_possibles_programme_compressed<\/a><a href=\"https:\/\/www.sgeaj.ch\/wp-content\/uploads\/2025\/06\/sieds-jeune-recherche-mondes-possibles-programme-compressed.pdf\" class=\"wp-block-file__button wp-element-button\" download aria-describedby=\"wp-block-file--media-9fd5818f-3a27-4f54-aaef-0de81e28f063\">Herunterladen<\/a><\/div>\n","protected":false},"excerpt":{"rendered":"<p>Annonce du S\u00e9minaire international des jeunes chercheuses et chercheurs dix-huiti\u00e9mistes, organis\u00e9 par Sophie Audidi\u00e8re et Susana Seguin pour la Soci\u00e9t\u00e9 internationale d\u2019\u00e9tudes du XVIIIe si\u00e8cle (SIEDS), qui aura lieu \u00e0 Lyon (Biblioth\u00e8que Diderot) du 30 juin au 4 juillet 2025. La Soci\u00e9t\u00e9 internationale d\u2019\u00e9tudes du dix-huiti\u00e8me si\u00e8cle (SIEDS) a le plaisir de pr\u00e9senter le programme [&hellip;]<\/p>\n","protected":false},"author":9,"featured_media":7989,"comment_status":"closed","ping_status":"open","sticky":false,"template":"","format":"standard","meta":{"footnotes":""},"categories":[42,27],"tags":[181,61],"class_list":{"0":"post-7983","1":"post","2":"type-post","3":"status-publish","4":"format-standard","5":"has-post-thumbnail","7":"category-actualite","8":"category-colloques","9":"tag-early-career-fr","10":"tag-early-modern-period-fr","11":"czr-hentry"},"yoast_head":"<!-- This site is optimized with the Yoast SEO plugin v26.9 - https:\/\/yoast.com\/product\/yoast-seo-wordpress\/ -->\n<title>Le XVIIIe si\u00e8cle et les mondes possibles - Schweizerische Gesellschaft f\u00fcr die Erforschung des 18. Jahrhunderts (SGEAJ - SSEDS)<\/title>\n<meta name=\"robots\" content=\"index, follow, max-snippet:-1, max-image-preview:large, max-video-preview:-1\" \/>\n<link rel=\"canonical\" href=\"https:\/\/www.sgeaj.ch\/fr\/actualite\/colloques\/le-xviiie-siecle-et-les-mondes-possibles\/\" \/>\n<meta name=\"twitter:label1\" content=\"\u00c9crit par\" \/>\n\t<meta name=\"twitter:data1\" content=\"Mich\u00e8le Steiner\" \/>\n\t<meta name=\"twitter:label2\" content=\"Dur\u00e9e de lecture estim\u00e9e\" \/>\n\t<meta name=\"twitter:data2\" content=\"2 minutes\" \/>\n<script type=\"application\/ld+json\" class=\"yoast-schema-graph\">{\"@context\":\"https:\/\/schema.org\",\"@graph\":[{\"@type\":\"Article\",\"@id\":\"https:\/\/www.sgeaj.ch\/fr\/actualite\/colloques\/le-xviiie-siecle-et-les-mondes-possibles\/#article\",\"isPartOf\":{\"@id\":\"https:\/\/www.sgeaj.ch\/fr\/actualite\/colloques\/le-xviiie-siecle-et-les-mondes-possibles\/\"},\"author\":{\"name\":\"Mich\u00e8le Steiner\",\"@id\":\"https:\/\/www.sgeaj.ch\/fr\/#\/schema\/person\/f9930dca12b3bd252d469f244e700c60\"},\"headline\":\"Le XVIIIe si\u00e8cle et les mondes possibles\",\"datePublished\":\"2025-06-23T06:07:33+00:00\",\"dateModified\":\"2025-06-23T06:12:28+00:00\",\"mainEntityOfPage\":{\"@id\":\"https:\/\/www.sgeaj.ch\/fr\/actualite\/colloques\/le-xviiie-siecle-et-les-mondes-possibles\/\"},\"wordCount\":355,\"publisher\":{\"@id\":\"https:\/\/www.sgeaj.ch\/fr\/#organization\"},\"image\":{\"@id\":\"https:\/\/www.sgeaj.ch\/fr\/actualite\/colloques\/le-xviiie-siecle-et-les-mondes-possibles\/#primaryimage\"},\"thumbnailUrl\":\"https:\/\/www.sgeaj.ch\/wp-content\/uploads\/2025\/06\/seminaire-sieds-2025.png\",\"keywords\":[\"Early Career\",\"Early Modern Period\"],\"articleSection\":[\"Actualit\u00e9\",\"Colloques\"],\"inLanguage\":\"fr-FR\"},{\"@type\":\"WebPage\",\"@id\":\"https:\/\/www.sgeaj.ch\/fr\/actualite\/colloques\/le-xviiie-siecle-et-les-mondes-possibles\/\",\"url\":\"https:\/\/www.sgeaj.ch\/fr\/actualite\/colloques\/le-xviiie-siecle-et-les-mondes-possibles\/\",\"name\":\"Le XVIIIe si\u00e8cle et les mondes possibles - Schweizerische Gesellschaft f\u00fcr die Erforschung des 18. Jahrhunderts (SGEAJ - SSEDS)\",\"isPartOf\":{\"@id\":\"https:\/\/www.sgeaj.ch\/fr\/#website\"},\"primaryImageOfPage\":{\"@id\":\"https:\/\/www.sgeaj.ch\/fr\/actualite\/colloques\/le-xviiie-siecle-et-les-mondes-possibles\/#primaryimage\"},\"image\":{\"@id\":\"https:\/\/www.sgeaj.ch\/fr\/actualite\/colloques\/le-xviiie-siecle-et-les-mondes-possibles\/#primaryimage\"},\"thumbnailUrl\":\"https:\/\/www.sgeaj.ch\/wp-content\/uploads\/2025\/06\/seminaire-sieds-2025.png\",\"datePublished\":\"2025-06-23T06:07:33+00:00\",\"dateModified\":\"2025-06-23T06:12:28+00:00\",\"inLanguage\":\"fr-FR\",\"potentialAction\":[{\"@type\":\"ReadAction\",\"target\":[\"https:\/\/www.sgeaj.ch\/fr\/actualite\/colloques\/le-xviiie-siecle-et-les-mondes-possibles\/\"]}]},{\"@type\":\"ImageObject\",\"inLanguage\":\"fr-FR\",\"@id\":\"https:\/\/www.sgeaj.ch\/fr\/actualite\/colloques\/le-xviiie-siecle-et-les-mondes-possibles\/#primaryimage\",\"url\":\"https:\/\/www.sgeaj.ch\/wp-content\/uploads\/2025\/06\/seminaire-sieds-2025.png\",\"contentUrl\":\"https:\/\/www.sgeaj.ch\/wp-content\/uploads\/2025\/06\/seminaire-sieds-2025.png\",\"width\":1179,\"height\":664},{\"@type\":\"WebSite\",\"@id\":\"https:\/\/www.sgeaj.ch\/fr\/#website\",\"url\":\"https:\/\/www.sgeaj.ch\/fr\/\",\"name\":\"Schweizerische Gesellschaft f\u00fcr die Erforschung des 18. Jahrhunderts (SGEAJ - SSEDS)\",\"description\":\"Schweizerische Gesellschaft f\u00fcr die Erforschung des 18. Jahrhunderts\",\"publisher\":{\"@id\":\"https:\/\/www.sgeaj.ch\/fr\/#organization\"},\"potentialAction\":[{\"@type\":\"SearchAction\",\"target\":{\"@type\":\"EntryPoint\",\"urlTemplate\":\"https:\/\/www.sgeaj.ch\/fr\/?s={search_term_string}\"},\"query-input\":{\"@type\":\"PropertyValueSpecification\",\"valueRequired\":true,\"valueName\":\"search_term_string\"}}],\"inLanguage\":\"fr-FR\"},{\"@type\":\"Organization\",\"@id\":\"https:\/\/www.sgeaj.ch\/fr\/#organization\",\"name\":\"Schweizerische Gesellschaft f\u00fcr die Erforschung des 18. Jahrhunderts (SGEAJ - SSEDS)\",\"url\":\"https:\/\/www.sgeaj.ch\/fr\/\",\"logo\":{\"@type\":\"ImageObject\",\"inLanguage\":\"fr-FR\",\"@id\":\"https:\/\/www.sgeaj.ch\/fr\/#\/schema\/logo\/image\/\",\"url\":\"https:\/\/www.sgeaj.ch\/wp-content\/uploads\/2021\/06\/cropped-logo-xviiies-horiz-abreuviations-bleues.png\",\"contentUrl\":\"https:\/\/www.sgeaj.ch\/wp-content\/uploads\/2021\/06\/cropped-logo-xviiies-horiz-abreuviations-bleues.png\",\"width\":659,\"height\":335,\"caption\":\"Schweizerische Gesellschaft f\u00fcr die Erforschung des 18. Jahrhunderts (SGEAJ - SSEDS)\"},\"image\":{\"@id\":\"https:\/\/www.sgeaj.ch\/fr\/#\/schema\/logo\/image\/\"}},{\"@type\":\"Person\",\"@id\":\"https:\/\/www.sgeaj.ch\/fr\/#\/schema\/person\/f9930dca12b3bd252d469f244e700c60\",\"name\":\"Mich\u00e8le Steiner\",\"url\":\"https:\/\/www.sgeaj.ch\/fr\/author\/msteiner\/\"}]}<\/script>\n<!-- \/ Yoast SEO plugin. -->","yoast_head_json":{"title":"Le XVIIIe si\u00e8cle et les mondes possibles - Schweizerische Gesellschaft f\u00fcr die Erforschung des 18. Jahrhunderts (SGEAJ - SSEDS)","robots":{"index":"index","follow":"follow","max-snippet":"max-snippet:-1","max-image-preview":"max-image-preview:large","max-video-preview":"max-video-preview:-1"},"canonical":"https:\/\/www.sgeaj.ch\/fr\/actualite\/colloques\/le-xviiie-siecle-et-les-mondes-possibles\/","twitter_misc":{"\u00c9crit par":"Mich\u00e8le Steiner","Dur\u00e9e de lecture estim\u00e9e":"2 minutes"},"schema":{"@context":"https:\/\/schema.org","@graph":[{"@type":"Article","@id":"https:\/\/www.sgeaj.ch\/fr\/actualite\/colloques\/le-xviiie-siecle-et-les-mondes-possibles\/#article","isPartOf":{"@id":"https:\/\/www.sgeaj.ch\/fr\/actualite\/colloques\/le-xviiie-siecle-et-les-mondes-possibles\/"},"author":{"name":"Mich\u00e8le Steiner","@id":"https:\/\/www.sgeaj.ch\/fr\/#\/schema\/person\/f9930dca12b3bd252d469f244e700c60"},"headline":"Le XVIIIe si\u00e8cle et les mondes possibles","datePublished":"2025-06-23T06:07:33+00:00","dateModified":"2025-06-23T06:12:28+00:00","mainEntityOfPage":{"@id":"https:\/\/www.sgeaj.ch\/fr\/actualite\/colloques\/le-xviiie-siecle-et-les-mondes-possibles\/"},"wordCount":355,"publisher":{"@id":"https:\/\/www.sgeaj.ch\/fr\/#organization"},"image":{"@id":"https:\/\/www.sgeaj.ch\/fr\/actualite\/colloques\/le-xviiie-siecle-et-les-mondes-possibles\/#primaryimage"},"thumbnailUrl":"https:\/\/www.sgeaj.ch\/wp-content\/uploads\/2025\/06\/seminaire-sieds-2025.png","keywords":["Early Career","Early Modern Period"],"articleSection":["Actualit\u00e9","Colloques"],"inLanguage":"fr-FR"},{"@type":"WebPage","@id":"https:\/\/www.sgeaj.ch\/fr\/actualite\/colloques\/le-xviiie-siecle-et-les-mondes-possibles\/","url":"https:\/\/www.sgeaj.ch\/fr\/actualite\/colloques\/le-xviiie-siecle-et-les-mondes-possibles\/","name":"Le XVIIIe si\u00e8cle et les mondes possibles - Schweizerische Gesellschaft f\u00fcr die Erforschung des 18. Jahrhunderts (SGEAJ - SSEDS)","isPartOf":{"@id":"https:\/\/www.sgeaj.ch\/fr\/#website"},"primaryImageOfPage":{"@id":"https:\/\/www.sgeaj.ch\/fr\/actualite\/colloques\/le-xviiie-siecle-et-les-mondes-possibles\/#primaryimage"},"image":{"@id":"https:\/\/www.sgeaj.ch\/fr\/actualite\/colloques\/le-xviiie-siecle-et-les-mondes-possibles\/#primaryimage"},"thumbnailUrl":"https:\/\/www.sgeaj.ch\/wp-content\/uploads\/2025\/06\/seminaire-sieds-2025.png","datePublished":"2025-06-23T06:07:33+00:00","dateModified":"2025-06-23T06:12:28+00:00","inLanguage":"fr-FR","potentialAction":[{"@type":"ReadAction","target":["https:\/\/www.sgeaj.ch\/fr\/actualite\/colloques\/le-xviiie-siecle-et-les-mondes-possibles\/"]}]},{"@type":"ImageObject","inLanguage":"fr-FR","@id":"https:\/\/www.sgeaj.ch\/fr\/actualite\/colloques\/le-xviiie-siecle-et-les-mondes-possibles\/#primaryimage","url":"https:\/\/www.sgeaj.ch\/wp-content\/uploads\/2025\/06\/seminaire-sieds-2025.png","contentUrl":"https:\/\/www.sgeaj.ch\/wp-content\/uploads\/2025\/06\/seminaire-sieds-2025.png","width":1179,"height":664},{"@type":"WebSite","@id":"https:\/\/www.sgeaj.ch\/fr\/#website","url":"https:\/\/www.sgeaj.ch\/fr\/","name":"Schweizerische Gesellschaft f\u00fcr die Erforschung des 18. Jahrhunderts (SGEAJ - SSEDS)","description":"Schweizerische Gesellschaft f\u00fcr die Erforschung des 18. Jahrhunderts","publisher":{"@id":"https:\/\/www.sgeaj.ch\/fr\/#organization"},"potentialAction":[{"@type":"SearchAction","target":{"@type":"EntryPoint","urlTemplate":"https:\/\/www.sgeaj.ch\/fr\/?s={search_term_string}"},"query-input":{"@type":"PropertyValueSpecification","valueRequired":true,"valueName":"search_term_string"}}],"inLanguage":"fr-FR"},{"@type":"Organization","@id":"https:\/\/www.sgeaj.ch\/fr\/#organization","name":"Schweizerische Gesellschaft f\u00fcr die Erforschung des 18. Jahrhunderts (SGEAJ - SSEDS)","url":"https:\/\/www.sgeaj.ch\/fr\/","logo":{"@type":"ImageObject","inLanguage":"fr-FR","@id":"https:\/\/www.sgeaj.ch\/fr\/#\/schema\/logo\/image\/","url":"https:\/\/www.sgeaj.ch\/wp-content\/uploads\/2021\/06\/cropped-logo-xviiies-horiz-abreuviations-bleues.png","contentUrl":"https:\/\/www.sgeaj.ch\/wp-content\/uploads\/2021\/06\/cropped-logo-xviiies-horiz-abreuviations-bleues.png","width":659,"height":335,"caption":"Schweizerische Gesellschaft f\u00fcr die Erforschung des 18. Jahrhunderts (SGEAJ - SSEDS)"},"image":{"@id":"https:\/\/www.sgeaj.ch\/fr\/#\/schema\/logo\/image\/"}},{"@type":"Person","@id":"https:\/\/www.sgeaj.ch\/fr\/#\/schema\/person\/f9930dca12b3bd252d469f244e700c60","name":"Mich\u00e8le Steiner","url":"https:\/\/www.sgeaj.ch\/fr\/author\/msteiner\/"}]}},"_links":{"self":[{"href":"https:\/\/www.sgeaj.ch\/fr\/wp-json\/wp\/v2\/posts\/7983","targetHints":{"allow":["GET"]}}],"collection":[{"href":"https:\/\/www.sgeaj.ch\/fr\/wp-json\/wp\/v2\/posts"}],"about":[{"href":"https:\/\/www.sgeaj.ch\/fr\/wp-json\/wp\/v2\/types\/post"}],"author":[{"embeddable":true,"href":"https:\/\/www.sgeaj.ch\/fr\/wp-json\/wp\/v2\/users\/9"}],"replies":[{"embeddable":true,"href":"https:\/\/www.sgeaj.ch\/fr\/wp-json\/wp\/v2\/comments?post=7983"}],"version-history":[{"count":2,"href":"https:\/\/www.sgeaj.ch\/fr\/wp-json\/wp\/v2\/posts\/7983\/revisions"}],"predecessor-version":[{"id":7987,"href":"https:\/\/www.sgeaj.ch\/fr\/wp-json\/wp\/v2\/posts\/7983\/revisions\/7987"}],"wp:featuredmedia":[{"embeddable":true,"href":"https:\/\/www.sgeaj.ch\/fr\/wp-json\/wp\/v2\/media\/7989"}],"wp:attachment":[{"href":"https:\/\/www.sgeaj.ch\/fr\/wp-json\/wp\/v2\/media?parent=7983"}],"wp:term":[{"taxonomy":"category","embeddable":true,"href":"https:\/\/www.sgeaj.ch\/fr\/wp-json\/wp\/v2\/categories?post=7983"},{"taxonomy":"post_tag","embeddable":true,"href":"https:\/\/www.sgeaj.ch\/fr\/wp-json\/wp\/v2\/tags?post=7983"}],"curies":[{"name":"wp","href":"https:\/\/api.w.org\/{rel}","templated":true}]}}