{"id":8003,"date":"2025-07-14T11:37:57","date_gmt":"2025-07-14T09:37:57","guid":{"rendered":"https:\/\/www.sgeaj.ch\/?p=8003"},"modified":"2025-07-29T08:30:31","modified_gmt":"2025-07-29T06:30:31","slug":"cfp-materiality-and-confinements-in-the-medieval-and-early-modern-eras","status":"publish","type":"post","link":"https:\/\/www.sgeaj.ch\/fr\/actualite\/cfp-materiality-and-confinements-in-the-medieval-and-early-modern-eras\/","title":{"rendered":"CfP: Materiality and Confinements in the Medieval and Early Modern Eras"},"content":{"rendered":"\n<h3 class=\"wp-block-heading\">Call for Papers for the international conference \u00ab\u00a0Materiality and Confinements in the Medieval and Early Modern Eras: Objects, Actors and Experiences\u00a0\u00bb, organised by Dr. Nathalie Dahn-Singh (Universit\u00e9 de Lausanne) and Dr. Anna Clara Basilic\u00f2 (FBK). The conference will take place at the University of Lausanne from 22 to 24 April 2026. Deadline for submissions: 22 September 2025.<\/h3>\n\n\n\n<p>The international conference \u00ab\u00a0Materiality and Confinements in the Medieval and Early Modern Eras: Objects, Actors, Experiences\u00a0\u00bb examines confinements through the lens of their materiality. Drawing on a recent historiographical broadening of the field (Claustre, Heullant-Donat, Lusset and Bretschneider 2011, 2015, 2017), the conference aims to address various forms of medieval and early modern confinement, both judicial and non-judicial: prisons, galleys, hospitals, workhouses, cloisters, monasteries, and the like. At the same time, it seeks to reflect on methodological questions pertaining to material history as an approach and to the sources that underpin it. \u00ab\u00a0Material culture\u00a0\u00bb, as Anne Gerritsen and Giorgio Riello summarised, \u00ab\u00a0encompasses more than simply material objects. Objects have meanings for the people who produce and own, purchase and gift, use and consume them. Material culture therefore consists not merely of &lsquo;things&rsquo;, but also of the meanings they hold for people\u00a0\u00bb (Gerritsen &amp; Riello 2021, 3). At the same time, one might add, they also carry a socio-economic dimension. Materiality might therefore open new ways of approaching and narrating the history of confinements, revealing \u00ab\u00a0other registers and ways of knowing beyond the intellectual and cognitive\u00a0\u00bb (Lester 2024, 203).<\/p>\n\n\n\n<p>Contributions are encouraged that reflect on how material history and its sources could contribute to a better understanding of different institutions of confinement and their actors (confined individuals, monks, jailers, doctors, suppliers\u2026), practices, and infrastructures. Indeed, as \u00ab\u00a0the goal of the study of material culture is primarily to understand how people use the material world available to them\u00a0\u00bb (Auslander 2012, 354), we seek to understand what was, in fact, available to confined individuals in carceral, cloistered, or hospital environments and how they acted with or towards a variety of objects, artifacts, and things across the different eras. Furthermore, in most cases, confined individuals have not left egodocuments behind and the archival sources thus do not provide personal written perspectives on their imprisonment, internment, or reclusion experiences. We thus aim to explore the extent to which focusing on materiality might offer divergent\/additional information, whether described in written sources or available in other kinds of material records. Is there a difference between \u00ab\u00a0textual\u00a0\u00bb and \u00ab\u00a0tangible\u00a0\u00bb things? Finally, we wish to explore whether there are any specificities to confinement things that set them apart from similar \u00ab\u00a0things\u00a0\u00bb in other settings. We seek to bring together contributions that address different phases of the history of confinements: for instance, the ecclesiastical practices of detrusio in monasterium and immuratio (from late antiquity to the 13th century in particular), the major shift in civil law in the 16th century which marked the crystallization of centuries of canonical penal praxis influence, or the introduction of a correlation between the seriousness of the offence and the length of the prison sentence that came to characterize early modern prisons. The conference will therefore provide an opportunity to discuss the evolution of confinement across the medieval and early modern periods, to identify possible changes, turning points and continuities across these eras, and to draw comparisons.<\/p>\n\n\n\n<p>We welcome proposals based on various types of tangible and textual sources (material, written, iconographic, archaeological) that focus on various confinement institutions and populations from across the medieval and early modern world (up to but not including the revolutionary era). Proposals focusing on gender, religious, and social differences, as well as underexplored regions of the world, are especially welcome. <\/p>\n\n\n\n<p>The working languages of the conference will be English and French. The conference will be held in person at the University of Lausanne. We will submit a funding application to the Swiss National Science Foundation to cover participants\u2019 travel and accommodation costs. We aim to publish selected papers in a thematic issue of a peer-reviewed international journal or in an edited volume with an international publisher.<\/p>\n\n\n\n<p>The conference is organised by Dr. Nathalie Dahn-Singh, University of Lausanne (<a href=\"mailto:nathalie.dahn-singh@unil.ch\" target=\"_blank\" rel=\"noreferrer noopener\">nathalie.dahn-singh@unil.ch<\/a>) and Dr. Anna Clara Basilic\u00f2, FBK \u2013 Istituto Storico Italo Germanico (<a href=\"mailto:abasilico@fbk.eu\" target=\"_blank\" rel=\"noreferrer noopener\">abasilico@fbk.eu<\/a>). Please do not hesitate to contact us for any questions pertaining to this Call for Papers.<\/p>\n\n\n\n<p>For more information on the conference, please refer to the attached call for papers and the <a href=\"https:\/\/www.unil.ch\/news\/fr\/1750227968576\" target=\"_blank\" rel=\"noreferrer noopener\">official website<\/a>.<\/p>\n\n\n\n<div data-wp-interactive=\"core\/file\" class=\"wp-block-file\"><object data-wp-bind--hidden=\"!state.hasPdfPreview\" hidden class=\"wp-block-file__embed\" data=\"https:\/\/www.sgeaj.ch\/wp-content\/uploads\/2025\/07\/250714-cfp-materiality-and-confinements.pdf\" type=\"application\/pdf\" style=\"width:100%;height:600px\" aria-label=\"Contenu embarqu\u00e9 250714_CfP_Materiality-and-Confinements.\"><\/object><a id=\"wp-block-file--media-6825efb5-0af9-4635-9f3b-b51c52c4ec52\" href=\"https:\/\/www.sgeaj.ch\/wp-content\/uploads\/2025\/07\/250714-cfp-materiality-and-confinements.pdf\">250714_CfP_Materiality-and-Confinements<\/a><a href=\"https:\/\/www.sgeaj.ch\/wp-content\/uploads\/2025\/07\/250714-cfp-materiality-and-confinements.pdf\" class=\"wp-block-file__button wp-element-button\" download aria-describedby=\"wp-block-file--media-6825efb5-0af9-4635-9f3b-b51c52c4ec52\">Herunterladen<\/a><\/div>\n\n\n\n<p>Image credits: Graffiti, Sermoneta\u00a0prison\u00a0(Castello Caetani), 16th-17th century.\u00a0Photo: Anna Clara Basilic\u00f2.<\/p>\n\n\n\n<p><\/p>\n","protected":false},"excerpt":{"rendered":"<p>Call for Papers for the international conference \u00ab\u00a0Materiality and Confinements in the Medieval and Early Modern Eras: Objects, Actors and Experiences\u00a0\u00bb, organised by Dr. Nathalie Dahn-Singh (Universit\u00e9 de Lausanne) and Dr. Anna Clara Basilic\u00f2 (FBK). The conference will take place at the University of Lausanne from 22 to 24 April 2026. Deadline for submissions: 22 [&hellip;]<\/p>\n","protected":false},"author":9,"featured_media":8029,"comment_status":"closed","ping_status":"open","sticky":false,"template":"","format":"standard","meta":{"footnotes":""},"categories":[42,26],"tags":[60,61,80],"class_list":{"0":"post-8003","1":"post","2":"type-post","3":"status-publish","4":"format-standard","5":"has-post-thumbnail","7":"category-actualite","8":"category-call-for-papers-fr","9":"tag-call-for-papers-fr","10":"tag-early-modern-period-fr","11":"tag-material-culture-fr","12":"czr-hentry"},"yoast_head":"<!-- This site is optimized with the Yoast SEO plugin v26.9 - https:\/\/yoast.com\/product\/yoast-seo-wordpress\/ -->\n<title>CfP: Materiality and Confinements in the Medieval and Early Modern Eras - Schweizerische Gesellschaft f\u00fcr die Erforschung des 18. Jahrhunderts (SGEAJ - SSEDS)<\/title>\n<meta name=\"robots\" content=\"index, follow, max-snippet:-1, max-image-preview:large, max-video-preview:-1\" \/>\n<link rel=\"canonical\" href=\"https:\/\/www.sgeaj.ch\/fr\/actualite\/cfp-materiality-and-confinements-in-the-medieval-and-early-modern-eras\/\" \/>\n<meta name=\"twitter:label1\" content=\"\u00c9crit par\" \/>\n\t<meta name=\"twitter:data1\" content=\"Mich\u00e8le Steiner\" \/>\n\t<meta name=\"twitter:label2\" content=\"Dur\u00e9e de lecture estim\u00e9e\" \/>\n\t<meta name=\"twitter:data2\" content=\"5 minutes\" \/>\n<script type=\"application\/ld+json\" class=\"yoast-schema-graph\">{\"@context\":\"https:\/\/schema.org\",\"@graph\":[{\"@type\":\"Article\",\"@id\":\"https:\/\/www.sgeaj.ch\/fr\/actualite\/cfp-materiality-and-confinements-in-the-medieval-and-early-modern-eras\/#article\",\"isPartOf\":{\"@id\":\"https:\/\/www.sgeaj.ch\/fr\/actualite\/cfp-materiality-and-confinements-in-the-medieval-and-early-modern-eras\/\"},\"author\":{\"name\":\"Mich\u00e8le Steiner\",\"@id\":\"https:\/\/www.sgeaj.ch\/fr\/#\/schema\/person\/f9930dca12b3bd252d469f244e700c60\"},\"headline\":\"CfP: Materiality and Confinements in the Medieval and Early Modern Eras\",\"datePublished\":\"2025-07-14T09:37:57+00:00\",\"dateModified\":\"2025-07-29T06:30:31+00:00\",\"mainEntityOfPage\":{\"@id\":\"https:\/\/www.sgeaj.ch\/fr\/actualite\/cfp-materiality-and-confinements-in-the-medieval-and-early-modern-eras\/\"},\"wordCount\":751,\"publisher\":{\"@id\":\"https:\/\/www.sgeaj.ch\/fr\/#organization\"},\"image\":{\"@id\":\"https:\/\/www.sgeaj.ch\/fr\/actualite\/cfp-materiality-and-confinements-in-the-medieval-and-early-modern-eras\/#primaryimage\"},\"thumbnailUrl\":\"https:\/\/www.sgeaj.ch\/wp-content\/uploads\/2025\/07\/cfp-materialite-et-enfermements-2025-scaled.jpg\",\"keywords\":[\"Call for Papers\",\"Early Modern Period\",\"Material Culture\"],\"articleSection\":[\"Actualit\u00e9\",\"Call for Papers\"],\"inLanguage\":\"fr-FR\"},{\"@type\":\"WebPage\",\"@id\":\"https:\/\/www.sgeaj.ch\/fr\/actualite\/cfp-materiality-and-confinements-in-the-medieval-and-early-modern-eras\/\",\"url\":\"https:\/\/www.sgeaj.ch\/fr\/actualite\/cfp-materiality-and-confinements-in-the-medieval-and-early-modern-eras\/\",\"name\":\"CfP: Materiality and Confinements in the Medieval and Early Modern Eras - Schweizerische Gesellschaft f\u00fcr die Erforschung des 18. Jahrhunderts (SGEAJ - SSEDS)\",\"isPartOf\":{\"@id\":\"https:\/\/www.sgeaj.ch\/fr\/#website\"},\"primaryImageOfPage\":{\"@id\":\"https:\/\/www.sgeaj.ch\/fr\/actualite\/cfp-materiality-and-confinements-in-the-medieval-and-early-modern-eras\/#primaryimage\"},\"image\":{\"@id\":\"https:\/\/www.sgeaj.ch\/fr\/actualite\/cfp-materiality-and-confinements-in-the-medieval-and-early-modern-eras\/#primaryimage\"},\"thumbnailUrl\":\"https:\/\/www.sgeaj.ch\/wp-content\/uploads\/2025\/07\/cfp-materialite-et-enfermements-2025-scaled.jpg\",\"datePublished\":\"2025-07-14T09:37:57+00:00\",\"dateModified\":\"2025-07-29T06:30:31+00:00\",\"inLanguage\":\"fr-FR\",\"potentialAction\":[{\"@type\":\"ReadAction\",\"target\":[\"https:\/\/www.sgeaj.ch\/fr\/actualite\/cfp-materiality-and-confinements-in-the-medieval-and-early-modern-eras\/\"]}]},{\"@type\":\"ImageObject\",\"inLanguage\":\"fr-FR\",\"@id\":\"https:\/\/www.sgeaj.ch\/fr\/actualite\/cfp-materiality-and-confinements-in-the-medieval-and-early-modern-eras\/#primaryimage\",\"url\":\"https:\/\/www.sgeaj.ch\/wp-content\/uploads\/2025\/07\/cfp-materialite-et-enfermements-2025-scaled.jpg\",\"contentUrl\":\"https:\/\/www.sgeaj.ch\/wp-content\/uploads\/2025\/07\/cfp-materialite-et-enfermements-2025-scaled.jpg\",\"width\":2560,\"height\":1702,\"caption\":\"Graffiti, Sermoneta prison (Castello Caetani), 16th-17th century. Photo: Anna Clara Basilic\u00f2.\"},{\"@type\":\"WebSite\",\"@id\":\"https:\/\/www.sgeaj.ch\/fr\/#website\",\"url\":\"https:\/\/www.sgeaj.ch\/fr\/\",\"name\":\"Schweizerische Gesellschaft f\u00fcr die Erforschung des 18. Jahrhunderts (SGEAJ - SSEDS)\",\"description\":\"Schweizerische Gesellschaft f\u00fcr die Erforschung des 18. Jahrhunderts\",\"publisher\":{\"@id\":\"https:\/\/www.sgeaj.ch\/fr\/#organization\"},\"potentialAction\":[{\"@type\":\"SearchAction\",\"target\":{\"@type\":\"EntryPoint\",\"urlTemplate\":\"https:\/\/www.sgeaj.ch\/fr\/?s={search_term_string}\"},\"query-input\":{\"@type\":\"PropertyValueSpecification\",\"valueRequired\":true,\"valueName\":\"search_term_string\"}}],\"inLanguage\":\"fr-FR\"},{\"@type\":\"Organization\",\"@id\":\"https:\/\/www.sgeaj.ch\/fr\/#organization\",\"name\":\"Schweizerische Gesellschaft f\u00fcr die Erforschung des 18. Jahrhunderts (SGEAJ - SSEDS)\",\"url\":\"https:\/\/www.sgeaj.ch\/fr\/\",\"logo\":{\"@type\":\"ImageObject\",\"inLanguage\":\"fr-FR\",\"@id\":\"https:\/\/www.sgeaj.ch\/fr\/#\/schema\/logo\/image\/\",\"url\":\"https:\/\/www.sgeaj.ch\/wp-content\/uploads\/2021\/06\/cropped-logo-xviiies-horiz-abreuviations-bleues.png\",\"contentUrl\":\"https:\/\/www.sgeaj.ch\/wp-content\/uploads\/2021\/06\/cropped-logo-xviiies-horiz-abreuviations-bleues.png\",\"width\":659,\"height\":335,\"caption\":\"Schweizerische Gesellschaft f\u00fcr die Erforschung des 18. Jahrhunderts (SGEAJ - SSEDS)\"},\"image\":{\"@id\":\"https:\/\/www.sgeaj.ch\/fr\/#\/schema\/logo\/image\/\"}},{\"@type\":\"Person\",\"@id\":\"https:\/\/www.sgeaj.ch\/fr\/#\/schema\/person\/f9930dca12b3bd252d469f244e700c60\",\"name\":\"Mich\u00e8le Steiner\",\"url\":\"https:\/\/www.sgeaj.ch\/fr\/author\/msteiner\/\"}]}<\/script>\n<!-- \/ Yoast SEO plugin. -->","yoast_head_json":{"title":"CfP: Materiality and Confinements in the Medieval and Early Modern Eras - Schweizerische Gesellschaft f\u00fcr die Erforschung des 18. Jahrhunderts (SGEAJ - SSEDS)","robots":{"index":"index","follow":"follow","max-snippet":"max-snippet:-1","max-image-preview":"max-image-preview:large","max-video-preview":"max-video-preview:-1"},"canonical":"https:\/\/www.sgeaj.ch\/fr\/actualite\/cfp-materiality-and-confinements-in-the-medieval-and-early-modern-eras\/","twitter_misc":{"\u00c9crit par":"Mich\u00e8le Steiner","Dur\u00e9e de lecture estim\u00e9e":"5 minutes"},"schema":{"@context":"https:\/\/schema.org","@graph":[{"@type":"Article","@id":"https:\/\/www.sgeaj.ch\/fr\/actualite\/cfp-materiality-and-confinements-in-the-medieval-and-early-modern-eras\/#article","isPartOf":{"@id":"https:\/\/www.sgeaj.ch\/fr\/actualite\/cfp-materiality-and-confinements-in-the-medieval-and-early-modern-eras\/"},"author":{"name":"Mich\u00e8le Steiner","@id":"https:\/\/www.sgeaj.ch\/fr\/#\/schema\/person\/f9930dca12b3bd252d469f244e700c60"},"headline":"CfP: Materiality and Confinements in the Medieval and Early Modern Eras","datePublished":"2025-07-14T09:37:57+00:00","dateModified":"2025-07-29T06:30:31+00:00","mainEntityOfPage":{"@id":"https:\/\/www.sgeaj.ch\/fr\/actualite\/cfp-materiality-and-confinements-in-the-medieval-and-early-modern-eras\/"},"wordCount":751,"publisher":{"@id":"https:\/\/www.sgeaj.ch\/fr\/#organization"},"image":{"@id":"https:\/\/www.sgeaj.ch\/fr\/actualite\/cfp-materiality-and-confinements-in-the-medieval-and-early-modern-eras\/#primaryimage"},"thumbnailUrl":"https:\/\/www.sgeaj.ch\/wp-content\/uploads\/2025\/07\/cfp-materialite-et-enfermements-2025-scaled.jpg","keywords":["Call for Papers","Early Modern Period","Material Culture"],"articleSection":["Actualit\u00e9","Call for Papers"],"inLanguage":"fr-FR"},{"@type":"WebPage","@id":"https:\/\/www.sgeaj.ch\/fr\/actualite\/cfp-materiality-and-confinements-in-the-medieval-and-early-modern-eras\/","url":"https:\/\/www.sgeaj.ch\/fr\/actualite\/cfp-materiality-and-confinements-in-the-medieval-and-early-modern-eras\/","name":"CfP: Materiality and Confinements in the Medieval and Early Modern Eras - Schweizerische Gesellschaft f\u00fcr die Erforschung des 18. Jahrhunderts (SGEAJ - SSEDS)","isPartOf":{"@id":"https:\/\/www.sgeaj.ch\/fr\/#website"},"primaryImageOfPage":{"@id":"https:\/\/www.sgeaj.ch\/fr\/actualite\/cfp-materiality-and-confinements-in-the-medieval-and-early-modern-eras\/#primaryimage"},"image":{"@id":"https:\/\/www.sgeaj.ch\/fr\/actualite\/cfp-materiality-and-confinements-in-the-medieval-and-early-modern-eras\/#primaryimage"},"thumbnailUrl":"https:\/\/www.sgeaj.ch\/wp-content\/uploads\/2025\/07\/cfp-materialite-et-enfermements-2025-scaled.jpg","datePublished":"2025-07-14T09:37:57+00:00","dateModified":"2025-07-29T06:30:31+00:00","inLanguage":"fr-FR","potentialAction":[{"@type":"ReadAction","target":["https:\/\/www.sgeaj.ch\/fr\/actualite\/cfp-materiality-and-confinements-in-the-medieval-and-early-modern-eras\/"]}]},{"@type":"ImageObject","inLanguage":"fr-FR","@id":"https:\/\/www.sgeaj.ch\/fr\/actualite\/cfp-materiality-and-confinements-in-the-medieval-and-early-modern-eras\/#primaryimage","url":"https:\/\/www.sgeaj.ch\/wp-content\/uploads\/2025\/07\/cfp-materialite-et-enfermements-2025-scaled.jpg","contentUrl":"https:\/\/www.sgeaj.ch\/wp-content\/uploads\/2025\/07\/cfp-materialite-et-enfermements-2025-scaled.jpg","width":2560,"height":1702,"caption":"Graffiti, Sermoneta prison (Castello Caetani), 16th-17th century. Photo: Anna Clara Basilic\u00f2."},{"@type":"WebSite","@id":"https:\/\/www.sgeaj.ch\/fr\/#website","url":"https:\/\/www.sgeaj.ch\/fr\/","name":"Schweizerische Gesellschaft f\u00fcr die Erforschung des 18. Jahrhunderts (SGEAJ - SSEDS)","description":"Schweizerische Gesellschaft f\u00fcr die Erforschung des 18. Jahrhunderts","publisher":{"@id":"https:\/\/www.sgeaj.ch\/fr\/#organization"},"potentialAction":[{"@type":"SearchAction","target":{"@type":"EntryPoint","urlTemplate":"https:\/\/www.sgeaj.ch\/fr\/?s={search_term_string}"},"query-input":{"@type":"PropertyValueSpecification","valueRequired":true,"valueName":"search_term_string"}}],"inLanguage":"fr-FR"},{"@type":"Organization","@id":"https:\/\/www.sgeaj.ch\/fr\/#organization","name":"Schweizerische Gesellschaft f\u00fcr die Erforschung des 18. Jahrhunderts (SGEAJ - SSEDS)","url":"https:\/\/www.sgeaj.ch\/fr\/","logo":{"@type":"ImageObject","inLanguage":"fr-FR","@id":"https:\/\/www.sgeaj.ch\/fr\/#\/schema\/logo\/image\/","url":"https:\/\/www.sgeaj.ch\/wp-content\/uploads\/2021\/06\/cropped-logo-xviiies-horiz-abreuviations-bleues.png","contentUrl":"https:\/\/www.sgeaj.ch\/wp-content\/uploads\/2021\/06\/cropped-logo-xviiies-horiz-abreuviations-bleues.png","width":659,"height":335,"caption":"Schweizerische Gesellschaft f\u00fcr die Erforschung des 18. Jahrhunderts (SGEAJ - SSEDS)"},"image":{"@id":"https:\/\/www.sgeaj.ch\/fr\/#\/schema\/logo\/image\/"}},{"@type":"Person","@id":"https:\/\/www.sgeaj.ch\/fr\/#\/schema\/person\/f9930dca12b3bd252d469f244e700c60","name":"Mich\u00e8le Steiner","url":"https:\/\/www.sgeaj.ch\/fr\/author\/msteiner\/"}]}},"_links":{"self":[{"href":"https:\/\/www.sgeaj.ch\/fr\/wp-json\/wp\/v2\/posts\/8003","targetHints":{"allow":["GET"]}}],"collection":[{"href":"https:\/\/www.sgeaj.ch\/fr\/wp-json\/wp\/v2\/posts"}],"about":[{"href":"https:\/\/www.sgeaj.ch\/fr\/wp-json\/wp\/v2\/types\/post"}],"author":[{"embeddable":true,"href":"https:\/\/www.sgeaj.ch\/fr\/wp-json\/wp\/v2\/users\/9"}],"replies":[{"embeddable":true,"href":"https:\/\/www.sgeaj.ch\/fr\/wp-json\/wp\/v2\/comments?post=8003"}],"version-history":[{"count":6,"href":"https:\/\/www.sgeaj.ch\/fr\/wp-json\/wp\/v2\/posts\/8003\/revisions"}],"predecessor-version":[{"id":8036,"href":"https:\/\/www.sgeaj.ch\/fr\/wp-json\/wp\/v2\/posts\/8003\/revisions\/8036"}],"wp:featuredmedia":[{"embeddable":true,"href":"https:\/\/www.sgeaj.ch\/fr\/wp-json\/wp\/v2\/media\/8029"}],"wp:attachment":[{"href":"https:\/\/www.sgeaj.ch\/fr\/wp-json\/wp\/v2\/media?parent=8003"}],"wp:term":[{"taxonomy":"category","embeddable":true,"href":"https:\/\/www.sgeaj.ch\/fr\/wp-json\/wp\/v2\/categories?post=8003"},{"taxonomy":"post_tag","embeddable":true,"href":"https:\/\/www.sgeaj.ch\/fr\/wp-json\/wp\/v2\/tags?post=8003"}],"curies":[{"name":"wp","href":"https:\/\/api.w.org\/{rel}","templated":true}]}}