{"id":8009,"date":"2025-07-15T08:14:18","date_gmt":"2025-07-15T06:14:18","guid":{"rendered":"https:\/\/www.sgeaj.ch\/?p=8009"},"modified":"2025-07-15T08:17:32","modified_gmt":"2025-07-15T06:17:32","slug":"5-stellen-als-wissenschaftlicher-mitarbeiterin-m-w-d-zur-promotion","status":"publish","type":"post","link":"https:\/\/www.sgeaj.ch\/fr\/aktualitaet\/5-stellen-als-wissenschaftlicher-mitarbeiterin-m-w-d-zur-promotion\/","title":{"rendered":"5 Stellen als Wissenschaftliche:r Mitarbeiter:in (m-w-d) zur Promotion"},"content":{"rendered":"\n<h3 class=\"wp-block-heading\">An der Martin-Luther-Universit\u00e4t Halle-Wittenberg, im Rahmen des DFG-Graduiertenkollegs \u00ab\u00a0Politik der Aufkl\u00e4rung\u00a0\u00bb (GRK 2999), sind am Interdisziplin\u00e4ren Zentrum f\u00fcr die Erforschung der Europ\u00e4ischen Aufkl\u00e4rung (IZEA) f\u00fcnf befristete Stellen ab dem 01.04.2026 f\u00fcr bis zu vier Jahre als Wissenschaftliche:r Mitarbeiter:in (m-w-d) in Teilzeit (65 %) zu besetzen.<\/h3>\n\n\n\n<p>Die Verg\u00fctung erfolgt je nach Aufgaben\u00fcbertragung und Erf\u00fcllung der pers\u00f6nlichen Voraussetzungen bis zur Entgeltgruppe 13 TV-L.<br><br><strong>Arbeitsaufgaben:<\/strong><\/p>\n\n\n\n<ul class=\"wp-block-list\">\n<li>Erarbeiten einer Dissertation im thematischen Spektrum des Graduiertenkollegs<\/li>\n\n\n\n<li>Mitwirkung an den Aktivit\u00e4ten des Graduiertenkollegs<\/li>\n\n\n\n<li>Das Forschungs- und Qualifizierungskonzept des Graduiertenkollegs<\/li>\n\n\n\n<li>finden Sie hier:&nbsp;<a href=\"https:\/\/cloud.uni-halle.de\/s\/VtL0KaBlcffB5jY\" target=\"_blank\" rel=\"noreferrer noopener\">https:\/\/cloud.uni-halle.de\/s\/VtL0KaBlcffB5jY<\/a><\/li>\n<\/ul>\n\n\n\n<p><strong>Voraussetzungen:<\/strong><\/p>\n\n\n\n<ul class=\"wp-block-list\">\n<li>Sehr gut abgeschlossenes wissenschaftliches Hochschulstudium (Master, Staatsexamen oder \u00c4quivalent) in einer der am Graduiertenkolleg beteiligten Fachrichtungen (Anglistik, Amerikanistik, Germanistik, Romanistik, Komparatistik, Geschichte, Kulturgeschichte, Philosophie, Politikwissenschaft)<\/li>\n\n\n\n<li>Bereitschaft zur interdisziplin\u00e4ren Zusammenarbeit<\/li>\n\n\n\n<li>Sehr gute Sprachkenntnisse in deutscher und englischer Sprache. Weitere Sprachkompetenzen sind w\u00fcnschenswert<\/li>\n\n\n\n<li>Hohe kommunikative und soziale Kompetenz<\/li>\n<\/ul>\n\n\n\n<p><strong>Wir bieten:<\/strong><\/p>\n\n\n\n<ul class=\"wp-block-list\">\n<li>Einen offenen, motivierenden, interdisziplin\u00e4ren und internationalen Forschungskontext gemeinsam mit der M\u00f6glichkeit, Lehrerfahrung zu sammeln<\/li>\n\n\n\n<li>Ein strukturiertes Qualifizierungsprogramm f\u00fcr universit\u00e4re sowie au\u00dferuniversit\u00e4re Karrierewege, einschlie\u00dflich der Option auf ein ein- bis dreimonatiges Praktikum<\/li>\n\n\n\n<li>30 Tage Erholungsurlaub im Jahr, zus\u00e4tzlich arbeitsfrei am 24. und 31. Dezember<\/li>\n\n\n\n<li>Eine weltoffene, vielf\u00e4ltige und internationale Arbeitsumgebung, die auch als familiengerecht zertifiziert ist (incl. Ferienbetreuung)<\/li>\n<\/ul>\n\n\n\n<p><strong>Bewerbungsunterlagen:<\/strong><\/p>\n\n\n\n<ul class=\"wp-block-list\">\n<li>Maximal f\u00fcnfseitiges Expos\u00e9 des Promotionsprojekts (erg\u00e4nzt um einen Zeitplan und einen summarischen \u00dcberblick \u00fcber die geplante Gliederung), das eine methodisch reflektierte, im vorgegebenen Zeitraum l\u00f6sbare und interdisziplin\u00e4r anschlussf\u00e4hige Forschungsfrage im thematischen Rahmen des Graduiertenkollegs entwickelt<\/li>\n\n\n\n<li>Motivationsschreiben (mit einem Vorschlag f\u00fcr Thema und Format einer Veranstaltung im Rahmen des Kollegs \u2013 etwa Seminar, Workshop usw.)<\/li>\n\n\n\n<li>Lebenslauf<\/li>\n\n\n\n<li>Die letzte fachwissenschaftlich relevante Studienabschlussarbeit<\/li>\n\n\n\n<li>Kopien der relevanten Zeugnisse<\/li>\n\n\n\n<li>ggf. Lehr- und Publikationsverzeichnis<\/li>\n\n\n\n<li>ggf. Arbeitszeugnisse<\/li>\n\n\n\n<li>Empfehlungsschreiben einer:eines Hochschullehrers:Hochschullehrerin<\/li>\n<\/ul>\n\n\n\n<p>Bewerbungen von schwerbehinderten Menschen und ihnen gleichgestellten Menschen werden bei gleicher Eignung und Bef\u00e4higung bevorzugt ber\u00fccksichtigt. Frauen werden nachdr\u00fccklich aufgefordert, sich zu bewerben. Die Bewerbung von Menschen aller Nationalit\u00e4ten ist ausdr\u00fccklich erw\u00fcnscht. Bewerber:innen mit einem Abschluss, der nicht an einer deutschen Hochschule erworben wurde, m\u00fcssen zum Nachweis der Gleichwertigkeit bei Abschluss des Arbeitsvertrages eine Zeugnisbewertung f\u00fcr ausl\u00e4ndische Hochschulqualifikationen (Statement of Comparability for Foreign Higher Education Qualifications) der <a href=\"https:\/\/www.kmk.org\/zab\/zentralstelle-fuer-auslaendisches-bildungswesen.html\" target=\"_blank\" rel=\"noreferrer noopener\">Zentralstelle f\u00fcr ausl\u00e4ndisches Bildungswesen<\/a> vorlegen. M\u00f6glichkeiten zur Beantragung eines finanziellen Zuschusses hierf\u00fcr, finden Sie unter:&nbsp;<a href=\"https:\/\/www.anerkennung-in-deutschland.de\/html\/de\/pro\/anerkennungszuschuss.php\" target=\"_blank\" rel=\"noreferrer noopener\">https:\/\/www.anerkennung-in-deutschland.de\/html\/de\/pro\/anerkennungszuschuss.php#<\/a>.<br><br>Bei R\u00fcckfragen wenden Sie sich bitte an Herrn Dr. Martin D\u00f6nike, E-Mail:&nbsp;<a href=\"mailto:grk@polight.uni-halle.de\" target=\"_blank\" rel=\"noreferrer noopener\">grk@polight.uni-halle.de<\/a>.<\/p>\n\n\n\n<p>Ihre Bewerbung richten Sie bitte unter Angabe der Reg.-Nr. 4-6767\/25-D bis zum 27.10.2025 an die Martin-Luther-Universit\u00e4t Halle-Wittenberg, Graduiertenkolleg \u00ab\u00a0Politik der Aufkl\u00e4rung\u00a0\u00bb, IZEA, Prof. Dr. Elisabeth D\u00e9cultot, 06099 Halle (Saale). Vorzugsweise senden Sie Ihre Bewerbungsunterlagen bitte per E-Mail (ein PDF-Dokument) unter dem Stichwort \u00ab\u00a0Bewerbungsunterlagen GRK-Doktorandenstelle\u00a0\u00bb und der Reg.-Nr. an:&nbsp;<a href=\"mailto:graduiertenkolleg.pda@izea.uni-halle.de\" target=\"_blank\" rel=\"noreferrer noopener\">graduiertenkolleg.pda@izea.uni-halle.de<\/a>.<br><br>Die Ausschreibung erfolgt unter Vorbehalt eventueller haushaltsrechtlicher Restriktionen. Bewerbungskosten werden von der Martin-Luther-Universit\u00e4t nicht erstattet. Bewerbungsunterlagen werden nur zur\u00fcckgesandt, wenn ein ausreichend frankierter R\u00fcckumschlag beigef\u00fcgt wurde. Eine elektronische Bewerbung ist erw\u00fcnscht.<\/p>\n\n\n\n<div data-wp-interactive=\"core\/file\" class=\"wp-block-file\"><object data-wp-bind--hidden=\"!state.hasPdfPreview\" hidden class=\"wp-block-file__embed\" data=\"https:\/\/www.sgeaj.ch\/wp-content\/uploads\/2025\/07\/250715-izea-stellenausschreibung-docs.pdf\" type=\"application\/pdf\" style=\"width:100%;height:600px\" aria-label=\"Contenu embarqu\u00e9 250715_IZEA_Stellenausschreibung_Docs.\"><\/object><a id=\"wp-block-file--media-c56d7f69-04b7-4440-8d39-f64348ba439a\" href=\"https:\/\/www.sgeaj.ch\/wp-content\/uploads\/2025\/07\/250715-izea-stellenausschreibung-docs.pdf\">250715_IZEA_Stellenausschreibung_Docs<\/a><a href=\"https:\/\/www.sgeaj.ch\/wp-content\/uploads\/2025\/07\/250715-izea-stellenausschreibung-docs.pdf\" class=\"wp-block-file__button wp-element-button\" download aria-describedby=\"wp-block-file--media-c56d7f69-04b7-4440-8d39-f64348ba439a\">Herunterladen<\/a><\/div>\n","protected":false},"excerpt":{"rendered":"<p>An der Martin-Luther-Universit\u00e4t Halle-Wittenberg, im Rahmen des DFG-Graduiertenkollegs \u00ab\u00a0Politik der Aufkl\u00e4rung\u00a0\u00bb (GRK 2999), sind am Interdisziplin\u00e4ren Zentrum f\u00fcr die Erforschung der Europ\u00e4ischen Aufkl\u00e4rung (IZEA) f\u00fcnf befristete Stellen ab dem 01.04.2026 f\u00fcr bis zu vier Jahre als Wissenschaftliche:r Mitarbeiter:in (m-w-d) in Teilzeit (65 %) zu besetzen. Die Verg\u00fctung erfolgt je nach Aufgaben\u00fcbertragung und Erf\u00fcllung der pers\u00f6nlichen [&hellip;]<\/p>\n","protected":false},"author":9,"featured_media":7389,"comment_status":"closed","ping_status":"open","sticky":false,"template":"","format":"standard","meta":{"footnotes":""},"categories":[34,35],"tags":[58,63,166],"class_list":{"0":"post-8009","1":"post","2":"type-post","3":"status-publish","4":"format-standard","5":"has-post-thumbnail","7":"category-aktualitaet","8":"category-nachrichten","9":"tag-early-modern-period","10":"tag-enlightenment","11":"tag-job-advertisement","12":"czr-hentry"},"yoast_head":"<!-- This site is optimized with the Yoast SEO plugin v26.9 - https:\/\/yoast.com\/product\/yoast-seo-wordpress\/ -->\n<title>5 Stellen als Wissenschaftliche:r Mitarbeiter:in (m-w-d) zur Promotion - Schweizerische Gesellschaft f\u00fcr die Erforschung des 18. Jahrhunderts (SGEAJ - SSEDS)<\/title>\n<meta name=\"robots\" content=\"index, follow, max-snippet:-1, max-image-preview:large, max-video-preview:-1\" \/>\n<link rel=\"canonical\" href=\"https:\/\/www.sgeaj.ch\/fr\/aktualitaet\/5-stellen-als-wissenschaftlicher-mitarbeiterin-m-w-d-zur-promotion\/\" \/>\n<meta name=\"twitter:label1\" content=\"\u00c9crit par\" \/>\n\t<meta name=\"twitter:data1\" content=\"Mich\u00e8le Steiner\" \/>\n\t<meta name=\"twitter:label2\" content=\"Dur\u00e9e de lecture estim\u00e9e\" \/>\n\t<meta name=\"twitter:data2\" content=\"3 minutes\" \/>\n<script type=\"application\/ld+json\" class=\"yoast-schema-graph\">{\"@context\":\"https:\/\/schema.org\",\"@graph\":[{\"@type\":\"Article\",\"@id\":\"https:\/\/www.sgeaj.ch\/fr\/aktualitaet\/5-stellen-als-wissenschaftlicher-mitarbeiterin-m-w-d-zur-promotion\/#article\",\"isPartOf\":{\"@id\":\"https:\/\/www.sgeaj.ch\/fr\/aktualitaet\/5-stellen-als-wissenschaftlicher-mitarbeiterin-m-w-d-zur-promotion\/\"},\"author\":{\"name\":\"Mich\u00e8le Steiner\",\"@id\":\"https:\/\/www.sgeaj.ch\/fr\/#\/schema\/person\/f9930dca12b3bd252d469f244e700c60\"},\"headline\":\"5 Stellen als Wissenschaftliche:r Mitarbeiter:in (m-w-d) zur Promotion\",\"datePublished\":\"2025-07-15T06:14:18+00:00\",\"dateModified\":\"2025-07-15T06:17:32+00:00\",\"mainEntityOfPage\":{\"@id\":\"https:\/\/www.sgeaj.ch\/fr\/aktualitaet\/5-stellen-als-wissenschaftlicher-mitarbeiterin-m-w-d-zur-promotion\/\"},\"wordCount\":531,\"publisher\":{\"@id\":\"https:\/\/www.sgeaj.ch\/fr\/#organization\"},\"image\":{\"@id\":\"https:\/\/www.sgeaj.ch\/fr\/aktualitaet\/5-stellen-als-wissenschaftlicher-mitarbeiterin-m-w-d-zur-promotion\/#primaryimage\"},\"thumbnailUrl\":\"https:\/\/www.sgeaj.ch\/wp-content\/uploads\/2024\/08\/logo-mlu-halle.jpg\",\"keywords\":[\"Early Modern Period\",\"Enlightenment\",\"Job Advertisement\"],\"articleSection\":[\"Aktualit\u00e4t\",\"Nachrichten\"],\"inLanguage\":\"fr-FR\"},{\"@type\":\"WebPage\",\"@id\":\"https:\/\/www.sgeaj.ch\/fr\/aktualitaet\/5-stellen-als-wissenschaftlicher-mitarbeiterin-m-w-d-zur-promotion\/\",\"url\":\"https:\/\/www.sgeaj.ch\/fr\/aktualitaet\/5-stellen-als-wissenschaftlicher-mitarbeiterin-m-w-d-zur-promotion\/\",\"name\":\"5 Stellen als Wissenschaftliche:r Mitarbeiter:in (m-w-d) zur Promotion - Schweizerische Gesellschaft f\u00fcr die Erforschung des 18. Jahrhunderts (SGEAJ - SSEDS)\",\"isPartOf\":{\"@id\":\"https:\/\/www.sgeaj.ch\/fr\/#website\"},\"primaryImageOfPage\":{\"@id\":\"https:\/\/www.sgeaj.ch\/fr\/aktualitaet\/5-stellen-als-wissenschaftlicher-mitarbeiterin-m-w-d-zur-promotion\/#primaryimage\"},\"image\":{\"@id\":\"https:\/\/www.sgeaj.ch\/fr\/aktualitaet\/5-stellen-als-wissenschaftlicher-mitarbeiterin-m-w-d-zur-promotion\/#primaryimage\"},\"thumbnailUrl\":\"https:\/\/www.sgeaj.ch\/wp-content\/uploads\/2024\/08\/logo-mlu-halle.jpg\",\"datePublished\":\"2025-07-15T06:14:18+00:00\",\"dateModified\":\"2025-07-15T06:17:32+00:00\",\"inLanguage\":\"fr-FR\",\"potentialAction\":[{\"@type\":\"ReadAction\",\"target\":[\"https:\/\/www.sgeaj.ch\/fr\/aktualitaet\/5-stellen-als-wissenschaftlicher-mitarbeiterin-m-w-d-zur-promotion\/\"]}]},{\"@type\":\"ImageObject\",\"inLanguage\":\"fr-FR\",\"@id\":\"https:\/\/www.sgeaj.ch\/fr\/aktualitaet\/5-stellen-als-wissenschaftlicher-mitarbeiterin-m-w-d-zur-promotion\/#primaryimage\",\"url\":\"https:\/\/www.sgeaj.ch\/wp-content\/uploads\/2024\/08\/logo-mlu-halle.jpg\",\"contentUrl\":\"https:\/\/www.sgeaj.ch\/wp-content\/uploads\/2024\/08\/logo-mlu-halle.jpg\",\"width\":1050,\"height\":700},{\"@type\":\"WebSite\",\"@id\":\"https:\/\/www.sgeaj.ch\/fr\/#website\",\"url\":\"https:\/\/www.sgeaj.ch\/fr\/\",\"name\":\"Schweizerische Gesellschaft f\u00fcr die Erforschung des 18. Jahrhunderts (SGEAJ - SSEDS)\",\"description\":\"Schweizerische Gesellschaft f\u00fcr die Erforschung des 18. Jahrhunderts\",\"publisher\":{\"@id\":\"https:\/\/www.sgeaj.ch\/fr\/#organization\"},\"potentialAction\":[{\"@type\":\"SearchAction\",\"target\":{\"@type\":\"EntryPoint\",\"urlTemplate\":\"https:\/\/www.sgeaj.ch\/fr\/?s={search_term_string}\"},\"query-input\":{\"@type\":\"PropertyValueSpecification\",\"valueRequired\":true,\"valueName\":\"search_term_string\"}}],\"inLanguage\":\"fr-FR\"},{\"@type\":\"Organization\",\"@id\":\"https:\/\/www.sgeaj.ch\/fr\/#organization\",\"name\":\"Schweizerische Gesellschaft f\u00fcr die Erforschung des 18. Jahrhunderts (SGEAJ - SSEDS)\",\"url\":\"https:\/\/www.sgeaj.ch\/fr\/\",\"logo\":{\"@type\":\"ImageObject\",\"inLanguage\":\"fr-FR\",\"@id\":\"https:\/\/www.sgeaj.ch\/fr\/#\/schema\/logo\/image\/\",\"url\":\"https:\/\/www.sgeaj.ch\/wp-content\/uploads\/2021\/06\/cropped-logo-xviiies-horiz-abreuviations-bleues.png\",\"contentUrl\":\"https:\/\/www.sgeaj.ch\/wp-content\/uploads\/2021\/06\/cropped-logo-xviiies-horiz-abreuviations-bleues.png\",\"width\":659,\"height\":335,\"caption\":\"Schweizerische Gesellschaft f\u00fcr die Erforschung des 18. Jahrhunderts (SGEAJ - SSEDS)\"},\"image\":{\"@id\":\"https:\/\/www.sgeaj.ch\/fr\/#\/schema\/logo\/image\/\"}},{\"@type\":\"Person\",\"@id\":\"https:\/\/www.sgeaj.ch\/fr\/#\/schema\/person\/f9930dca12b3bd252d469f244e700c60\",\"name\":\"Mich\u00e8le Steiner\",\"url\":\"https:\/\/www.sgeaj.ch\/fr\/author\/msteiner\/\"}]}<\/script>\n<!-- \/ Yoast SEO plugin. -->","yoast_head_json":{"title":"5 Stellen als Wissenschaftliche:r Mitarbeiter:in (m-w-d) zur Promotion - Schweizerische Gesellschaft f\u00fcr die Erforschung des 18. Jahrhunderts (SGEAJ - SSEDS)","robots":{"index":"index","follow":"follow","max-snippet":"max-snippet:-1","max-image-preview":"max-image-preview:large","max-video-preview":"max-video-preview:-1"},"canonical":"https:\/\/www.sgeaj.ch\/fr\/aktualitaet\/5-stellen-als-wissenschaftlicher-mitarbeiterin-m-w-d-zur-promotion\/","twitter_misc":{"\u00c9crit par":"Mich\u00e8le Steiner","Dur\u00e9e de lecture estim\u00e9e":"3 minutes"},"schema":{"@context":"https:\/\/schema.org","@graph":[{"@type":"Article","@id":"https:\/\/www.sgeaj.ch\/fr\/aktualitaet\/5-stellen-als-wissenschaftlicher-mitarbeiterin-m-w-d-zur-promotion\/#article","isPartOf":{"@id":"https:\/\/www.sgeaj.ch\/fr\/aktualitaet\/5-stellen-als-wissenschaftlicher-mitarbeiterin-m-w-d-zur-promotion\/"},"author":{"name":"Mich\u00e8le Steiner","@id":"https:\/\/www.sgeaj.ch\/fr\/#\/schema\/person\/f9930dca12b3bd252d469f244e700c60"},"headline":"5 Stellen als Wissenschaftliche:r Mitarbeiter:in (m-w-d) zur Promotion","datePublished":"2025-07-15T06:14:18+00:00","dateModified":"2025-07-15T06:17:32+00:00","mainEntityOfPage":{"@id":"https:\/\/www.sgeaj.ch\/fr\/aktualitaet\/5-stellen-als-wissenschaftlicher-mitarbeiterin-m-w-d-zur-promotion\/"},"wordCount":531,"publisher":{"@id":"https:\/\/www.sgeaj.ch\/fr\/#organization"},"image":{"@id":"https:\/\/www.sgeaj.ch\/fr\/aktualitaet\/5-stellen-als-wissenschaftlicher-mitarbeiterin-m-w-d-zur-promotion\/#primaryimage"},"thumbnailUrl":"https:\/\/www.sgeaj.ch\/wp-content\/uploads\/2024\/08\/logo-mlu-halle.jpg","keywords":["Early Modern Period","Enlightenment","Job Advertisement"],"articleSection":["Aktualit\u00e4t","Nachrichten"],"inLanguage":"fr-FR"},{"@type":"WebPage","@id":"https:\/\/www.sgeaj.ch\/fr\/aktualitaet\/5-stellen-als-wissenschaftlicher-mitarbeiterin-m-w-d-zur-promotion\/","url":"https:\/\/www.sgeaj.ch\/fr\/aktualitaet\/5-stellen-als-wissenschaftlicher-mitarbeiterin-m-w-d-zur-promotion\/","name":"5 Stellen als Wissenschaftliche:r Mitarbeiter:in (m-w-d) zur Promotion - Schweizerische Gesellschaft f\u00fcr die Erforschung des 18. Jahrhunderts (SGEAJ - SSEDS)","isPartOf":{"@id":"https:\/\/www.sgeaj.ch\/fr\/#website"},"primaryImageOfPage":{"@id":"https:\/\/www.sgeaj.ch\/fr\/aktualitaet\/5-stellen-als-wissenschaftlicher-mitarbeiterin-m-w-d-zur-promotion\/#primaryimage"},"image":{"@id":"https:\/\/www.sgeaj.ch\/fr\/aktualitaet\/5-stellen-als-wissenschaftlicher-mitarbeiterin-m-w-d-zur-promotion\/#primaryimage"},"thumbnailUrl":"https:\/\/www.sgeaj.ch\/wp-content\/uploads\/2024\/08\/logo-mlu-halle.jpg","datePublished":"2025-07-15T06:14:18+00:00","dateModified":"2025-07-15T06:17:32+00:00","inLanguage":"fr-FR","potentialAction":[{"@type":"ReadAction","target":["https:\/\/www.sgeaj.ch\/fr\/aktualitaet\/5-stellen-als-wissenschaftlicher-mitarbeiterin-m-w-d-zur-promotion\/"]}]},{"@type":"ImageObject","inLanguage":"fr-FR","@id":"https:\/\/www.sgeaj.ch\/fr\/aktualitaet\/5-stellen-als-wissenschaftlicher-mitarbeiterin-m-w-d-zur-promotion\/#primaryimage","url":"https:\/\/www.sgeaj.ch\/wp-content\/uploads\/2024\/08\/logo-mlu-halle.jpg","contentUrl":"https:\/\/www.sgeaj.ch\/wp-content\/uploads\/2024\/08\/logo-mlu-halle.jpg","width":1050,"height":700},{"@type":"WebSite","@id":"https:\/\/www.sgeaj.ch\/fr\/#website","url":"https:\/\/www.sgeaj.ch\/fr\/","name":"Schweizerische Gesellschaft f\u00fcr die Erforschung des 18. Jahrhunderts (SGEAJ - SSEDS)","description":"Schweizerische Gesellschaft f\u00fcr die Erforschung des 18. Jahrhunderts","publisher":{"@id":"https:\/\/www.sgeaj.ch\/fr\/#organization"},"potentialAction":[{"@type":"SearchAction","target":{"@type":"EntryPoint","urlTemplate":"https:\/\/www.sgeaj.ch\/fr\/?s={search_term_string}"},"query-input":{"@type":"PropertyValueSpecification","valueRequired":true,"valueName":"search_term_string"}}],"inLanguage":"fr-FR"},{"@type":"Organization","@id":"https:\/\/www.sgeaj.ch\/fr\/#organization","name":"Schweizerische Gesellschaft f\u00fcr die Erforschung des 18. Jahrhunderts (SGEAJ - SSEDS)","url":"https:\/\/www.sgeaj.ch\/fr\/","logo":{"@type":"ImageObject","inLanguage":"fr-FR","@id":"https:\/\/www.sgeaj.ch\/fr\/#\/schema\/logo\/image\/","url":"https:\/\/www.sgeaj.ch\/wp-content\/uploads\/2021\/06\/cropped-logo-xviiies-horiz-abreuviations-bleues.png","contentUrl":"https:\/\/www.sgeaj.ch\/wp-content\/uploads\/2021\/06\/cropped-logo-xviiies-horiz-abreuviations-bleues.png","width":659,"height":335,"caption":"Schweizerische Gesellschaft f\u00fcr die Erforschung des 18. Jahrhunderts (SGEAJ - SSEDS)"},"image":{"@id":"https:\/\/www.sgeaj.ch\/fr\/#\/schema\/logo\/image\/"}},{"@type":"Person","@id":"https:\/\/www.sgeaj.ch\/fr\/#\/schema\/person\/f9930dca12b3bd252d469f244e700c60","name":"Mich\u00e8le Steiner","url":"https:\/\/www.sgeaj.ch\/fr\/author\/msteiner\/"}]}},"_links":{"self":[{"href":"https:\/\/www.sgeaj.ch\/fr\/wp-json\/wp\/v2\/posts\/8009","targetHints":{"allow":["GET"]}}],"collection":[{"href":"https:\/\/www.sgeaj.ch\/fr\/wp-json\/wp\/v2\/posts"}],"about":[{"href":"https:\/\/www.sgeaj.ch\/fr\/wp-json\/wp\/v2\/types\/post"}],"author":[{"embeddable":true,"href":"https:\/\/www.sgeaj.ch\/fr\/wp-json\/wp\/v2\/users\/9"}],"replies":[{"embeddable":true,"href":"https:\/\/www.sgeaj.ch\/fr\/wp-json\/wp\/v2\/comments?post=8009"}],"version-history":[{"count":5,"href":"https:\/\/www.sgeaj.ch\/fr\/wp-json\/wp\/v2\/posts\/8009\/revisions"}],"predecessor-version":[{"id":8016,"href":"https:\/\/www.sgeaj.ch\/fr\/wp-json\/wp\/v2\/posts\/8009\/revisions\/8016"}],"wp:featuredmedia":[{"embeddable":true,"href":"https:\/\/www.sgeaj.ch\/fr\/wp-json\/wp\/v2\/media\/7389"}],"wp:attachment":[{"href":"https:\/\/www.sgeaj.ch\/fr\/wp-json\/wp\/v2\/media?parent=8009"}],"wp:term":[{"taxonomy":"category","embeddable":true,"href":"https:\/\/www.sgeaj.ch\/fr\/wp-json\/wp\/v2\/categories?post=8009"},{"taxonomy":"post_tag","embeddable":true,"href":"https:\/\/www.sgeaj.ch\/fr\/wp-json\/wp\/v2\/tags?post=8009"}],"curies":[{"name":"wp","href":"https:\/\/api.w.org\/{rel}","templated":true}]}}