{"id":8044,"date":"2025-09-15T13:32:23","date_gmt":"2025-09-15T11:32:23","guid":{"rendered":"https:\/\/www.sgeaj.ch\/?p=8044"},"modified":"2025-09-15T17:02:18","modified_gmt":"2025-09-15T15:02:18","slug":"cfp-a-social-question-before-the-social-question","status":"publish","type":"post","link":"https:\/\/www.sgeaj.ch\/fr\/actualite\/cfp-a-social-question-before-the-social-question\/","title":{"rendered":"CfP: A Social Question Before the Social Question"},"content":{"rendered":"\n<h3 class=\"wp-block-heading\">Call for Papers for the international conference \u00ab\u00a0A social question before the Social Question: Addressing poverty in the long eighteenth century\u00a0\u00bb, organised by Damiano Bardelli (University of Oxford). The conference will take place at Oxford, from 22 to 23 October 2026. Deadline for submissions: 31 December 2025.<\/h3>\n\n\n\n<p>Precariousness and hardships were inescapable features of the life of the lower orders in early modern European society. In the Age of Enlightenment, just like in previous centuries, the majority of the population either lived in poverty or faced the constant risk of becoming unable to meet basic needs. Throughout the long eighteenth century, rulers and reformers alike showed sustained interest in the problem of poverty, with the purpose of improving the condition of their poorer subjects and countrymen and indirectly stabilising the social order. This concern took on multiple forms, ranging from the introduction of new institutions of confinement and labour to the critique of long held systems of relief like the English Poor Laws, and is testified by the widely participated academic prize contests on poverty and indigence of those years. At the same time, traditional conceptions of charity were redefined in secular terms \u2013 e.g. bienfaisance, Gemeinn\u00fctzigkeit, philanthropy \u2013 while the French Revolution and radical movements inspired innovative approaches that resonated well into the nineteenth century.<\/p>\n\n\n\n<p>Yet the attention paid to poverty by eighteenth-century rulers and reformers cannot be reduced to a pragmatic response to pressing social needs. Those concerns were also closely tied to broader philosophical developments, including the emergence of a secular conception of history in which human beings, rather than divine providence, were seen as major agents of change. This new perspective made progress in the human condition conceivable, stimulating novel interest in society and encouraging the development of new solutions aimed to reform existing institutions. At the same time, the decline of manorial serfdom and the emergence of a \u201cfree\u201d labour market, alongside the transition from mercantilism to political economy, brought about new ideas of population, scarcity, social mobility, and work discipline. Unlike their predecessors, Enlightenment reformers no longer viewed poverty as part of a godly plan but rather as a consequence of human institutions and practices. Whereas some of them considered it as an injustice standing in stark contradiction with natural law theories of equality, others saw it as the unavoidable outcome of the dynamics of production, which mandated the existence of poverty as a necessary spur to industry. Breaking with the past, Enlightenment thinkers thereby framed poverty as a distinctively social question well before the nineteenth century made the Social Question a crucial political issue.<\/p>\n\n\n\n<p>This international conference seeks to shed light on the innovations introduced by Enlightenment debates on poverty that paved the way for the later emergence of the Social Question. It solicits presentations on reform projects developed \u2013 and occasionally applied \u2013 in the long eighteenth century that were aimed to address poverty as the key social issue of the age, breaking with traditional approaches based on Christian theology and morals. Of special interest will thus be Enlightenment reform projects that sought to find a solution to the social consequences of contemporary economic dynamics and questioned existing institutions and theoretical frameworks of poor relief. Participants will be encouraged to reflect on the novelty of these eighteenth-century schemes, their relation to both older systems, modern notions, and novel disciplines (including natural law and political economy), and their potential impact on and legacy in early nineteenth-century reflections on pauperism and the development of the Social Question. <\/p>\n\n\n\n<p>Papers will ideally (but not exclusively) deal with the following topics:<\/p>\n\n\n\n<ul class=\"wp-block-list\">\n<li>Reform projects aimed at eradicating poverty, mitigating or governing its social consequences, reducing inequality, and reframing practices of assistance<\/li>\n\n\n\n<li>Reflections on the concept of poverty in its interpenetration with notions of property, social (in)equality, natural law, and \u00ab\u00a0the rights of man\u00a0\u00bb<\/li>\n\n\n\n<li>Proposals for the introduction of new property regimes (e.g. privatisation of communal properties, redistribution and\/or communalisation of private property)<\/li>\n\n\n\n<li>Social schemes aimed to promote the independence of the lower orders and minimise their risk of falling into poverty (e.g. pedagogical institutions, mutual organisations, savings banks), and their disciplinarian implications<\/li>\n\n\n\n<li>Critiques of traditional forms of solidarity, either vertical or horizontal (e.g. feudal social relations, guilds, mutual help, fraternal societies, confraternities)<\/li>\n\n\n\n<li>Reflections on practices of assistance and the notions that sustained them (e.g. charity, bienfaisance, Gemeinn\u00fctzigkeit, philanthropy)<\/li>\n\n\n\n<li>Radical perspectives on poverty and solutions to it \u00ab\u00a0from below\u00a0\u00bb<\/li>\n\n\n\n<li>Case studies on the interrelation between poverty, race, and gender<\/li>\n<\/ul>\n\n\n\n<p>The conference is organised by Damiano Bardelli (University of Oxford, Voltaire Foundation visiting fellow) with the support of the <a href=\"http:\/\/www.voltaire.ox.ac.uk\/\" target=\"_blank\" rel=\"noreferrer noopener\">Voltaire Foundation<\/a> and the <a href=\"https:\/\/www.snf.ch\/de\">Swiss National Science Foundation<\/a>.<\/p>\n\n\n\n<p>Proposals in English, including an <strong>abstract of 250 words<\/strong> <strong>and a short biography and list of selected publications<\/strong>, should be sent to <a href=\"mailto:damiano.bardelli@ehess.fr\" target=\"_blank\" rel=\"noreferrer noopener\">damiano.bardelli@ehess.fr<\/a> by <strong>31 December 2025<\/strong>.<\/p>\n\n\n\n<p>Applicants will be notified about the outcome of their submission by 31 March 2026.<\/p>\n\n\n\n<p>Image credits: A detail from Thomas Gainsborough&rsquo;s work \u00ab\u00a0Charity Relieving Distress\u00a0\u00bb, 1784, oil on canvas, 98 \u00d7 76.2cm.<\/p>\n\n\n\n<div data-wp-interactive=\"core\/file\" class=\"wp-block-file\"><object data-wp-bind--hidden=\"!state.hasPdfPreview\" hidden class=\"wp-block-file__embed\" data=\"https:\/\/www.sgeaj.ch\/wp-content\/uploads\/2025\/09\/2025-cfp-a-social-question-before-the-social-question.pdf\" type=\"application\/pdf\" style=\"width:100%;height:600px\" aria-label=\"Contenu embarqu\u00e9 2025_CfP_A social question before the Social Question.\"><\/object><a id=\"wp-block-file--media-7e21e192-370b-4064-9962-058043eac148\" href=\"https:\/\/www.sgeaj.ch\/wp-content\/uploads\/2025\/09\/2025-cfp-a-social-question-before-the-social-question.pdf\">2025_CfP_A social question before the Social Question<\/a><a href=\"https:\/\/www.sgeaj.ch\/wp-content\/uploads\/2025\/09\/2025-cfp-a-social-question-before-the-social-question.pdf\" class=\"wp-block-file__button wp-element-button\" download aria-describedby=\"wp-block-file--media-7e21e192-370b-4064-9962-058043eac148\">Herunterladen<\/a><\/div>\n","protected":false},"excerpt":{"rendered":"<p>Call for Papers for the international conference \u00ab\u00a0A social question before the Social Question: Addressing poverty in the long eighteenth century\u00a0\u00bb, organised by Damiano Bardelli (University of Oxford). The conference will take place at Oxford, from 22 to 23 October 2026. Deadline for submissions: 31 December 2025. Precariousness and hardships were inescapable features of the [&hellip;]<\/p>\n","protected":false},"author":9,"featured_media":8042,"comment_status":"closed","ping_status":"open","sticky":false,"template":"","format":"standard","meta":{"footnotes":""},"categories":[42,26],"tags":[60,67,160,83,183,92],"class_list":{"0":"post-8044","1":"post","2":"type-post","3":"status-publish","4":"format-standard","5":"has-post-thumbnail","7":"category-actualite","8":"category-call-for-papers-fr","9":"tag-call-for-papers-fr","10":"tag-enlightenment-fr","11":"tag-french-revolution-fr","12":"tag-gender-fr","13":"tag-race-fr","14":"tag-theology-fr","15":"czr-hentry"},"yoast_head":"<!-- This site is optimized with the Yoast SEO plugin v26.9 - https:\/\/yoast.com\/product\/yoast-seo-wordpress\/ -->\n<title>CfP: A Social Question Before the Social Question - Schweizerische Gesellschaft f\u00fcr die Erforschung des 18. Jahrhunderts (SGEAJ - SSEDS)<\/title>\n<meta name=\"robots\" content=\"index, follow, max-snippet:-1, max-image-preview:large, max-video-preview:-1\" \/>\n<link rel=\"canonical\" href=\"https:\/\/www.sgeaj.ch\/fr\/actualite\/cfp-a-social-question-before-the-social-question\/\" \/>\n<meta name=\"twitter:label1\" content=\"\u00c9crit par\" \/>\n\t<meta name=\"twitter:data1\" content=\"Mich\u00e8le Steiner\" \/>\n\t<meta name=\"twitter:label2\" content=\"Dur\u00e9e de lecture estim\u00e9e\" \/>\n\t<meta name=\"twitter:data2\" content=\"5 minutes\" \/>\n<script type=\"application\/ld+json\" class=\"yoast-schema-graph\">{\"@context\":\"https:\/\/schema.org\",\"@graph\":[{\"@type\":\"Article\",\"@id\":\"https:\/\/www.sgeaj.ch\/fr\/actualite\/cfp-a-social-question-before-the-social-question\/#article\",\"isPartOf\":{\"@id\":\"https:\/\/www.sgeaj.ch\/fr\/actualite\/cfp-a-social-question-before-the-social-question\/\"},\"author\":{\"name\":\"Mich\u00e8le Steiner\",\"@id\":\"https:\/\/www.sgeaj.ch\/fr\/#\/schema\/person\/f9930dca12b3bd252d469f244e700c60\"},\"headline\":\"CfP: A Social Question Before the Social Question\",\"datePublished\":\"2025-09-15T11:32:23+00:00\",\"dateModified\":\"2025-09-15T15:02:18+00:00\",\"mainEntityOfPage\":{\"@id\":\"https:\/\/www.sgeaj.ch\/fr\/actualite\/cfp-a-social-question-before-the-social-question\/\"},\"wordCount\":839,\"publisher\":{\"@id\":\"https:\/\/www.sgeaj.ch\/fr\/#organization\"},\"image\":{\"@id\":\"https:\/\/www.sgeaj.ch\/fr\/actualite\/cfp-a-social-question-before-the-social-question\/#primaryimage\"},\"thumbnailUrl\":\"https:\/\/www.sgeaj.ch\/wp-content\/uploads\/2025\/09\/2025-cfp-a-social-question-before-the-social-question-e1757935533628.jpg\",\"keywords\":[\"Call for Papers\",\"Enlightenment\",\"French Revolution\",\"Gender\",\"Race\",\"Theology\"],\"articleSection\":[\"Actualit\u00e9\",\"Call for Papers\"],\"inLanguage\":\"fr-FR\"},{\"@type\":\"WebPage\",\"@id\":\"https:\/\/www.sgeaj.ch\/fr\/actualite\/cfp-a-social-question-before-the-social-question\/\",\"url\":\"https:\/\/www.sgeaj.ch\/fr\/actualite\/cfp-a-social-question-before-the-social-question\/\",\"name\":\"CfP: A Social Question Before the Social Question - Schweizerische Gesellschaft f\u00fcr die Erforschung des 18. Jahrhunderts (SGEAJ - SSEDS)\",\"isPartOf\":{\"@id\":\"https:\/\/www.sgeaj.ch\/fr\/#website\"},\"primaryImageOfPage\":{\"@id\":\"https:\/\/www.sgeaj.ch\/fr\/actualite\/cfp-a-social-question-before-the-social-question\/#primaryimage\"},\"image\":{\"@id\":\"https:\/\/www.sgeaj.ch\/fr\/actualite\/cfp-a-social-question-before-the-social-question\/#primaryimage\"},\"thumbnailUrl\":\"https:\/\/www.sgeaj.ch\/wp-content\/uploads\/2025\/09\/2025-cfp-a-social-question-before-the-social-question-e1757935533628.jpg\",\"datePublished\":\"2025-09-15T11:32:23+00:00\",\"dateModified\":\"2025-09-15T15:02:18+00:00\",\"inLanguage\":\"fr-FR\",\"potentialAction\":[{\"@type\":\"ReadAction\",\"target\":[\"https:\/\/www.sgeaj.ch\/fr\/actualite\/cfp-a-social-question-before-the-social-question\/\"]}]},{\"@type\":\"ImageObject\",\"inLanguage\":\"fr-FR\",\"@id\":\"https:\/\/www.sgeaj.ch\/fr\/actualite\/cfp-a-social-question-before-the-social-question\/#primaryimage\",\"url\":\"https:\/\/www.sgeaj.ch\/wp-content\/uploads\/2025\/09\/2025-cfp-a-social-question-before-the-social-question-e1757935533628.jpg\",\"contentUrl\":\"https:\/\/www.sgeaj.ch\/wp-content\/uploads\/2025\/09\/2025-cfp-a-social-question-before-the-social-question-e1757935533628.jpg\",\"width\":2000,\"height\":1477},{\"@type\":\"WebSite\",\"@id\":\"https:\/\/www.sgeaj.ch\/fr\/#website\",\"url\":\"https:\/\/www.sgeaj.ch\/fr\/\",\"name\":\"Schweizerische Gesellschaft f\u00fcr die Erforschung des 18. Jahrhunderts (SGEAJ - SSEDS)\",\"description\":\"Schweizerische Gesellschaft f\u00fcr die Erforschung des 18. Jahrhunderts\",\"publisher\":{\"@id\":\"https:\/\/www.sgeaj.ch\/fr\/#organization\"},\"potentialAction\":[{\"@type\":\"SearchAction\",\"target\":{\"@type\":\"EntryPoint\",\"urlTemplate\":\"https:\/\/www.sgeaj.ch\/fr\/?s={search_term_string}\"},\"query-input\":{\"@type\":\"PropertyValueSpecification\",\"valueRequired\":true,\"valueName\":\"search_term_string\"}}],\"inLanguage\":\"fr-FR\"},{\"@type\":\"Organization\",\"@id\":\"https:\/\/www.sgeaj.ch\/fr\/#organization\",\"name\":\"Schweizerische Gesellschaft f\u00fcr die Erforschung des 18. Jahrhunderts (SGEAJ - SSEDS)\",\"url\":\"https:\/\/www.sgeaj.ch\/fr\/\",\"logo\":{\"@type\":\"ImageObject\",\"inLanguage\":\"fr-FR\",\"@id\":\"https:\/\/www.sgeaj.ch\/fr\/#\/schema\/logo\/image\/\",\"url\":\"https:\/\/www.sgeaj.ch\/wp-content\/uploads\/2021\/06\/cropped-logo-xviiies-horiz-abreuviations-bleues.png\",\"contentUrl\":\"https:\/\/www.sgeaj.ch\/wp-content\/uploads\/2021\/06\/cropped-logo-xviiies-horiz-abreuviations-bleues.png\",\"width\":659,\"height\":335,\"caption\":\"Schweizerische Gesellschaft f\u00fcr die Erforschung des 18. Jahrhunderts (SGEAJ - SSEDS)\"},\"image\":{\"@id\":\"https:\/\/www.sgeaj.ch\/fr\/#\/schema\/logo\/image\/\"}},{\"@type\":\"Person\",\"@id\":\"https:\/\/www.sgeaj.ch\/fr\/#\/schema\/person\/f9930dca12b3bd252d469f244e700c60\",\"name\":\"Mich\u00e8le Steiner\",\"url\":\"https:\/\/www.sgeaj.ch\/fr\/author\/msteiner\/\"}]}<\/script>\n<!-- \/ Yoast SEO plugin. -->","yoast_head_json":{"title":"CfP: A Social Question Before the Social Question - Schweizerische Gesellschaft f\u00fcr die Erforschung des 18. Jahrhunderts (SGEAJ - SSEDS)","robots":{"index":"index","follow":"follow","max-snippet":"max-snippet:-1","max-image-preview":"max-image-preview:large","max-video-preview":"max-video-preview:-1"},"canonical":"https:\/\/www.sgeaj.ch\/fr\/actualite\/cfp-a-social-question-before-the-social-question\/","twitter_misc":{"\u00c9crit par":"Mich\u00e8le Steiner","Dur\u00e9e de lecture estim\u00e9e":"5 minutes"},"schema":{"@context":"https:\/\/schema.org","@graph":[{"@type":"Article","@id":"https:\/\/www.sgeaj.ch\/fr\/actualite\/cfp-a-social-question-before-the-social-question\/#article","isPartOf":{"@id":"https:\/\/www.sgeaj.ch\/fr\/actualite\/cfp-a-social-question-before-the-social-question\/"},"author":{"name":"Mich\u00e8le Steiner","@id":"https:\/\/www.sgeaj.ch\/fr\/#\/schema\/person\/f9930dca12b3bd252d469f244e700c60"},"headline":"CfP: A Social Question Before the Social Question","datePublished":"2025-09-15T11:32:23+00:00","dateModified":"2025-09-15T15:02:18+00:00","mainEntityOfPage":{"@id":"https:\/\/www.sgeaj.ch\/fr\/actualite\/cfp-a-social-question-before-the-social-question\/"},"wordCount":839,"publisher":{"@id":"https:\/\/www.sgeaj.ch\/fr\/#organization"},"image":{"@id":"https:\/\/www.sgeaj.ch\/fr\/actualite\/cfp-a-social-question-before-the-social-question\/#primaryimage"},"thumbnailUrl":"https:\/\/www.sgeaj.ch\/wp-content\/uploads\/2025\/09\/2025-cfp-a-social-question-before-the-social-question-e1757935533628.jpg","keywords":["Call for Papers","Enlightenment","French Revolution","Gender","Race","Theology"],"articleSection":["Actualit\u00e9","Call for Papers"],"inLanguage":"fr-FR"},{"@type":"WebPage","@id":"https:\/\/www.sgeaj.ch\/fr\/actualite\/cfp-a-social-question-before-the-social-question\/","url":"https:\/\/www.sgeaj.ch\/fr\/actualite\/cfp-a-social-question-before-the-social-question\/","name":"CfP: A Social Question Before the Social Question - Schweizerische Gesellschaft f\u00fcr die Erforschung des 18. Jahrhunderts (SGEAJ - SSEDS)","isPartOf":{"@id":"https:\/\/www.sgeaj.ch\/fr\/#website"},"primaryImageOfPage":{"@id":"https:\/\/www.sgeaj.ch\/fr\/actualite\/cfp-a-social-question-before-the-social-question\/#primaryimage"},"image":{"@id":"https:\/\/www.sgeaj.ch\/fr\/actualite\/cfp-a-social-question-before-the-social-question\/#primaryimage"},"thumbnailUrl":"https:\/\/www.sgeaj.ch\/wp-content\/uploads\/2025\/09\/2025-cfp-a-social-question-before-the-social-question-e1757935533628.jpg","datePublished":"2025-09-15T11:32:23+00:00","dateModified":"2025-09-15T15:02:18+00:00","inLanguage":"fr-FR","potentialAction":[{"@type":"ReadAction","target":["https:\/\/www.sgeaj.ch\/fr\/actualite\/cfp-a-social-question-before-the-social-question\/"]}]},{"@type":"ImageObject","inLanguage":"fr-FR","@id":"https:\/\/www.sgeaj.ch\/fr\/actualite\/cfp-a-social-question-before-the-social-question\/#primaryimage","url":"https:\/\/www.sgeaj.ch\/wp-content\/uploads\/2025\/09\/2025-cfp-a-social-question-before-the-social-question-e1757935533628.jpg","contentUrl":"https:\/\/www.sgeaj.ch\/wp-content\/uploads\/2025\/09\/2025-cfp-a-social-question-before-the-social-question-e1757935533628.jpg","width":2000,"height":1477},{"@type":"WebSite","@id":"https:\/\/www.sgeaj.ch\/fr\/#website","url":"https:\/\/www.sgeaj.ch\/fr\/","name":"Schweizerische Gesellschaft f\u00fcr die Erforschung des 18. Jahrhunderts (SGEAJ - SSEDS)","description":"Schweizerische Gesellschaft f\u00fcr die Erforschung des 18. Jahrhunderts","publisher":{"@id":"https:\/\/www.sgeaj.ch\/fr\/#organization"},"potentialAction":[{"@type":"SearchAction","target":{"@type":"EntryPoint","urlTemplate":"https:\/\/www.sgeaj.ch\/fr\/?s={search_term_string}"},"query-input":{"@type":"PropertyValueSpecification","valueRequired":true,"valueName":"search_term_string"}}],"inLanguage":"fr-FR"},{"@type":"Organization","@id":"https:\/\/www.sgeaj.ch\/fr\/#organization","name":"Schweizerische Gesellschaft f\u00fcr die Erforschung des 18. Jahrhunderts (SGEAJ - SSEDS)","url":"https:\/\/www.sgeaj.ch\/fr\/","logo":{"@type":"ImageObject","inLanguage":"fr-FR","@id":"https:\/\/www.sgeaj.ch\/fr\/#\/schema\/logo\/image\/","url":"https:\/\/www.sgeaj.ch\/wp-content\/uploads\/2021\/06\/cropped-logo-xviiies-horiz-abreuviations-bleues.png","contentUrl":"https:\/\/www.sgeaj.ch\/wp-content\/uploads\/2021\/06\/cropped-logo-xviiies-horiz-abreuviations-bleues.png","width":659,"height":335,"caption":"Schweizerische Gesellschaft f\u00fcr die Erforschung des 18. Jahrhunderts (SGEAJ - SSEDS)"},"image":{"@id":"https:\/\/www.sgeaj.ch\/fr\/#\/schema\/logo\/image\/"}},{"@type":"Person","@id":"https:\/\/www.sgeaj.ch\/fr\/#\/schema\/person\/f9930dca12b3bd252d469f244e700c60","name":"Mich\u00e8le Steiner","url":"https:\/\/www.sgeaj.ch\/fr\/author\/msteiner\/"}]}},"_links":{"self":[{"href":"https:\/\/www.sgeaj.ch\/fr\/wp-json\/wp\/v2\/posts\/8044","targetHints":{"allow":["GET"]}}],"collection":[{"href":"https:\/\/www.sgeaj.ch\/fr\/wp-json\/wp\/v2\/posts"}],"about":[{"href":"https:\/\/www.sgeaj.ch\/fr\/wp-json\/wp\/v2\/types\/post"}],"author":[{"embeddable":true,"href":"https:\/\/www.sgeaj.ch\/fr\/wp-json\/wp\/v2\/users\/9"}],"replies":[{"embeddable":true,"href":"https:\/\/www.sgeaj.ch\/fr\/wp-json\/wp\/v2\/comments?post=8044"}],"version-history":[{"count":7,"href":"https:\/\/www.sgeaj.ch\/fr\/wp-json\/wp\/v2\/posts\/8044\/revisions"}],"predecessor-version":[{"id":8083,"href":"https:\/\/www.sgeaj.ch\/fr\/wp-json\/wp\/v2\/posts\/8044\/revisions\/8083"}],"wp:featuredmedia":[{"embeddable":true,"href":"https:\/\/www.sgeaj.ch\/fr\/wp-json\/wp\/v2\/media\/8042"}],"wp:attachment":[{"href":"https:\/\/www.sgeaj.ch\/fr\/wp-json\/wp\/v2\/media?parent=8044"}],"wp:term":[{"taxonomy":"category","embeddable":true,"href":"https:\/\/www.sgeaj.ch\/fr\/wp-json\/wp\/v2\/categories?post=8044"},{"taxonomy":"post_tag","embeddable":true,"href":"https:\/\/www.sgeaj.ch\/fr\/wp-json\/wp\/v2\/tags?post=8044"}],"curies":[{"name":"wp","href":"https:\/\/api.w.org\/{rel}","templated":true}]}}