{"id":8058,"date":"2025-09-15T14:26:15","date_gmt":"2025-09-15T12:26:15","guid":{"rendered":"https:\/\/www.sgeaj.ch\/?p=8058"},"modified":"2025-09-25T15:45:34","modified_gmt":"2025-09-25T13:45:34","slug":"cfp-reframing-the-enlightenment","status":"publish","type":"post","link":"https:\/\/www.sgeaj.ch\/fr\/actualite\/cfp-reframing-the-enlightenment\/","title":{"rendered":"CfP: Reframing the Enlightenment"},"content":{"rendered":"\n<h3 class=\"wp-block-heading\">Call for Papers for the international conference of the International Society for Eighteenth-Century Studies (ISECS), organised by the Deutsches Historisches Institut Paris, the Coll\u00e8ge de France and the Maison de la Recherche de la Facult\u00e9 des Lettres de Sorbonne Universit\u00e9. The conference will take place at the German Historical Institute Paris from 10 to 12 June 2026. Deadline for submissions: 26 October 2025. <\/h3>\n\n\n\n<p>Both ISECS and most of its member societies were founded when the Enlightenment movement of the 18th century enjoyed the highest reputation among scholars and perhaps even more so in society: as fighters for freedom of thought and self-determination, as advocates of progress and as pioneers of a democratic society. This of course was a view that experts always knew to be idealising, but it suited the mood of the democratisation push in Western societies and beyond in the last third of the 20th century.<\/p>\n\n\n\n<p>Since around the turn of the millennium, the winds of scholars\u2019s and society\u2019s favour towards the Enlightenment have changed. Today, it seems that the society that the Enlightenment thinkers envisioned has not been realized. We are still facing fundamental inequalities: namely a power imbalance between the sexes, between elites and the people, between Europeans and the &lsquo;rest&rsquo; of the world. Some exponents of the post-colonial agenda see the Enlightenment, not only in its racial doctrines but also in its standards of rationality, primarily as a justification of European colonial domination and exploitation. On the other side of the political spectrum, the Enlightenment is also criticised by those who see it as an arbitrary destruction of traditions or the self-serving empowerment of a small group of the intellectual elite. The current situation can be summarised in a variation of Jonathan Israel\u2019s well-known book title: \u00ab\u00a0Enlightenment contested again\u00a0\u00bb.<\/p>\n\n\n\n<p>Anyone studying the 18th century is doubly challenged by this development. Firstly, the research in the 18<sup>th<\/sup> century is not unaffected by the respective social conditions. Secondly, the experts of the 18<sup>th<\/sup> century are able to substantially contribute to current debates on the role of the Enlightenment in the history of humanity. Organizing a conference, titled \u00ab\u00a0Reframing the Enlightenment \/ Le d\u00e9fi des Lumi\u00e8res\u00a0\u00bb, ISECS is consciously taking on these challenges. This conference reflects the contemporary context in which we conduct our research and takes a well-founded position on the assessment of the Enlightenment in today&rsquo;s debates based on our research. The focus of the contributions should therefore be both on the historical subjects and on the assessment of the Enlightenment in our present day. The aim of the conference is to overcome the too simple positioning oneself either for or against the Enlightenment and to emphasise the complexity of both the Enlightenment as a historical phenomenon and its legacy for the present and the future.<\/p>\n\n\n\n<p>The conference will focus primarily on the following topics:<\/p>\n\n\n\n<ol class=\"wp-block-list\">\n<li>Social privileges and exclusions: Who makes and benefits from the Enlightenment? Is it a problem that the Enlightenment was mainly designed and carried out by white men and their supporters? Or is that not true at all?<\/li>\n\n\n\n<li>The postcolonial challenge, migration, and global justice: while the Enlightenment has been critiqued as being Eurocentric and being used to justify European colonialism, many prominent Enlightenment thinkers have also highlighted the importance of universal ethics and global justice. How do we negotiate between acknowledging the postcolonial critique and making use of the Enlightenment legacy for the thorny issue of contemporary migration and related human rights? How do we navigate between the request to &lsquo;provincialize&rsquo; Europe and the Enlightenment and the potential to reframe the Enlightenment for greater global justice?<\/li>\n\n\n\n<li>Epistemological questions: Was there any enlightenment at all or is it just a retrospective construct, driven by political interests and too willingly supported by research?<\/li>\n<\/ol>\n\n\n\n<p>Detailed information on the three sections (also available in French) can be found in the document attached below. <\/p>\n\n\n\n<p>The conference is co-organised \u2013 alongside <a href=\"https:\/\/oraprdnt.uqtr.uquebec.ca\/portail\/gscw031?owa_no_site=304&amp;owa_no_fiche=54&amp;owa_bottin=\" target=\"_blank\" rel=\"noreferrer noopener\">ISECS<\/a> (represented by its president Prof. Daniel Fulda, Halle) \u2013 by the <a href=\"https:\/\/www.dhi-paris.fr\/de\/home.html\">German Historical Institute Paris<\/a> (Dr. Christine Zabel); the Chaire d\u2019Histoire des Lumi\u00e8res, XVIIIe-XXIe si\u00e8cle, <a href=\"https:\/\/www.college-de-france.fr\/fr\/chaire\/antoine-lilti-histoire-des-lumieres-xviiie-xxie-siecle-chaire-statutaire\">Coll\u00e8ge de France<\/a> (Prof. Dr. Antoine Lilti); the <a href=\"https:\/\/sfeds.fr\/\" target=\"_blank\" rel=\"noreferrer noopener\">Soci\u00e9t\u00e9 Fran\u00e7aise d\u2019\u00c9tude du Dix\u2011huiti\u00e8me Si\u00e8cle<\/a> (Prof. Christophe Martin); the <a href=\"https:\/\/ibpp.eu\/fr\/\" target=\"_blank\" rel=\"noreferrer noopener\">Biblioth\u00e8que Polonaise de Paris<\/a> (Prof. Dr. Maciej Forycki); Prof. Florence Magnot-Ogilvy (Sorbonne Nouvelle) and Prof. Dr. Chunjie Zhang (University of California, Davis). <\/p>\n\n\n\n<p>Early career scholars in particular are warmly invited to submit paper proposals for this interdisciplinary conference on the current debates surrounding the Enlightenment. The conference will focus on the question of how research into the historical Enlightenment and contemporary references to or critiques of the Enlightenment challenge each other.<\/p>\n\n\n\n<p><strong>Proposals for papers, including a half-page explanation of the topic, a short CV, and assignment to one of the three sections<\/strong>, should be sent to the President of ISECS\/SIEDS by <strong>26 October 2025<\/strong>, Prof. Daniel Fulda (<a href=\"mailto:daniel.fulda@germanistik.uni-halle.de\" target=\"_blank\" rel=\"noreferrer noopener\">daniel.fulda@germanistik.uni-halle.de<\/a>).<\/p>\n\n\n\n<p>Travel and accommodation costs are expected to be covered by the organisers. The conference languages are English and French. <\/p>\n\n\n\n<div data-wp-interactive=\"core\/file\" class=\"wp-block-file\"><object data-wp-bind--hidden=\"!state.hasPdfPreview\" hidden class=\"wp-block-file__embed\" data=\"https:\/\/www.sgeaj.ch\/wp-content\/uploads\/2025\/09\/2025-cfp-reframing-the-enlightenment-engl-1.pdf\" type=\"application\/pdf\" style=\"width:100%;height:600px\" aria-label=\"Contenu embarqu\u00e9 2025_CfP_Reframing_the_Enlightenment_engl.\"><\/object><a id=\"wp-block-file--media-ac99cfa2-1ddf-408f-8a32-ba87f511350c\" href=\"https:\/\/www.sgeaj.ch\/wp-content\/uploads\/2025\/09\/2025-cfp-reframing-the-enlightenment-engl-1.pdf\">2025_CfP_Reframing_the_Enlightenment_engl<\/a><a href=\"https:\/\/www.sgeaj.ch\/wp-content\/uploads\/2025\/09\/2025-cfp-reframing-the-enlightenment-engl-1.pdf\" class=\"wp-block-file__button wp-element-button\" download aria-describedby=\"wp-block-file--media-ac99cfa2-1ddf-408f-8a32-ba87f511350c\">Herunterladen<\/a><\/div>\n","protected":false},"excerpt":{"rendered":"<p>Call for Papers for the international conference of the International Society for Eighteenth-Century Studies (ISECS), organised by the Deutsches Historisches Institut Paris, the Coll\u00e8ge de France and the Maison de la Recherche de la Facult\u00e9 des Lettres de Sorbonne Universit\u00e9. The conference will take place at the German Historical Institute Paris from 10 to 12 [&hellip;]<\/p>\n","protected":false},"author":9,"featured_media":7931,"comment_status":"closed","ping_status":"open","sticky":false,"template":"","format":"standard","meta":{"footnotes":""},"categories":[42,26],"tags":[60,186,181,61,67,187],"class_list":{"0":"post-8058","1":"post","2":"type-post","3":"status-publish","4":"format-standard","5":"has-post-thumbnail","7":"category-actualite","8":"category-call-for-papers-fr","9":"tag-call-for-papers-fr","10":"tag-colonialism-fr","11":"tag-early-career-fr","12":"tag-early-modern-period-fr","13":"tag-enlightenment-fr","14":"tag-politics-fr","15":"czr-hentry"},"yoast_head":"<!-- This site is optimized with the Yoast SEO plugin v26.9 - https:\/\/yoast.com\/product\/yoast-seo-wordpress\/ -->\n<title>CfP: Reframing the Enlightenment - Schweizerische Gesellschaft f\u00fcr die Erforschung des 18. Jahrhunderts (SGEAJ - SSEDS)<\/title>\n<meta name=\"robots\" content=\"index, follow, max-snippet:-1, max-image-preview:large, max-video-preview:-1\" \/>\n<link rel=\"canonical\" href=\"https:\/\/www.sgeaj.ch\/fr\/actualite\/cfp-reframing-the-enlightenment\/\" \/>\n<meta name=\"twitter:label1\" content=\"\u00c9crit par\" \/>\n\t<meta name=\"twitter:data1\" content=\"Mich\u00e8le Steiner\" \/>\n\t<meta name=\"twitter:label2\" content=\"Dur\u00e9e de lecture estim\u00e9e\" \/>\n\t<meta name=\"twitter:data2\" content=\"5 minutes\" \/>\n<script type=\"application\/ld+json\" class=\"yoast-schema-graph\">{\"@context\":\"https:\/\/schema.org\",\"@graph\":[{\"@type\":\"Article\",\"@id\":\"https:\/\/www.sgeaj.ch\/fr\/actualite\/cfp-reframing-the-enlightenment\/#article\",\"isPartOf\":{\"@id\":\"https:\/\/www.sgeaj.ch\/fr\/actualite\/cfp-reframing-the-enlightenment\/\"},\"author\":{\"name\":\"Mich\u00e8le Steiner\",\"@id\":\"https:\/\/www.sgeaj.ch\/fr\/#\/schema\/person\/f9930dca12b3bd252d469f244e700c60\"},\"headline\":\"CfP: Reframing the Enlightenment\",\"datePublished\":\"2025-09-15T12:26:15+00:00\",\"dateModified\":\"2025-09-25T13:45:34+00:00\",\"mainEntityOfPage\":{\"@id\":\"https:\/\/www.sgeaj.ch\/fr\/actualite\/cfp-reframing-the-enlightenment\/\"},\"wordCount\":838,\"publisher\":{\"@id\":\"https:\/\/www.sgeaj.ch\/fr\/#organization\"},\"image\":{\"@id\":\"https:\/\/www.sgeaj.ch\/fr\/actualite\/cfp-reframing-the-enlightenment\/#primaryimage\"},\"thumbnailUrl\":\"https:\/\/www.sgeaj.ch\/wp-content\/uploads\/2025\/05\/o0005692540-isecs-logo-3374094886.png\",\"keywords\":[\"Call for Papers\",\"Colonialism\",\"Early Career\",\"Early Modern Period\",\"Enlightenment\",\"Politics\"],\"articleSection\":[\"Actualit\u00e9\",\"Call for Papers\"],\"inLanguage\":\"fr-FR\"},{\"@type\":\"WebPage\",\"@id\":\"https:\/\/www.sgeaj.ch\/fr\/actualite\/cfp-reframing-the-enlightenment\/\",\"url\":\"https:\/\/www.sgeaj.ch\/fr\/actualite\/cfp-reframing-the-enlightenment\/\",\"name\":\"CfP: Reframing the Enlightenment - Schweizerische Gesellschaft f\u00fcr die Erforschung des 18. Jahrhunderts (SGEAJ - SSEDS)\",\"isPartOf\":{\"@id\":\"https:\/\/www.sgeaj.ch\/fr\/#website\"},\"primaryImageOfPage\":{\"@id\":\"https:\/\/www.sgeaj.ch\/fr\/actualite\/cfp-reframing-the-enlightenment\/#primaryimage\"},\"image\":{\"@id\":\"https:\/\/www.sgeaj.ch\/fr\/actualite\/cfp-reframing-the-enlightenment\/#primaryimage\"},\"thumbnailUrl\":\"https:\/\/www.sgeaj.ch\/wp-content\/uploads\/2025\/05\/o0005692540-isecs-logo-3374094886.png\",\"datePublished\":\"2025-09-15T12:26:15+00:00\",\"dateModified\":\"2025-09-25T13:45:34+00:00\",\"inLanguage\":\"fr-FR\",\"potentialAction\":[{\"@type\":\"ReadAction\",\"target\":[\"https:\/\/www.sgeaj.ch\/fr\/actualite\/cfp-reframing-the-enlightenment\/\"]}]},{\"@type\":\"ImageObject\",\"inLanguage\":\"fr-FR\",\"@id\":\"https:\/\/www.sgeaj.ch\/fr\/actualite\/cfp-reframing-the-enlightenment\/#primaryimage\",\"url\":\"https:\/\/www.sgeaj.ch\/wp-content\/uploads\/2025\/05\/o0005692540-isecs-logo-3374094886.png\",\"contentUrl\":\"https:\/\/www.sgeaj.ch\/wp-content\/uploads\/2025\/05\/o0005692540-isecs-logo-3374094886.png\",\"width\":1574,\"height\":1654},{\"@type\":\"WebSite\",\"@id\":\"https:\/\/www.sgeaj.ch\/fr\/#website\",\"url\":\"https:\/\/www.sgeaj.ch\/fr\/\",\"name\":\"Schweizerische Gesellschaft f\u00fcr die Erforschung des 18. Jahrhunderts (SGEAJ - SSEDS)\",\"description\":\"Schweizerische Gesellschaft f\u00fcr die Erforschung des 18. Jahrhunderts\",\"publisher\":{\"@id\":\"https:\/\/www.sgeaj.ch\/fr\/#organization\"},\"potentialAction\":[{\"@type\":\"SearchAction\",\"target\":{\"@type\":\"EntryPoint\",\"urlTemplate\":\"https:\/\/www.sgeaj.ch\/fr\/?s={search_term_string}\"},\"query-input\":{\"@type\":\"PropertyValueSpecification\",\"valueRequired\":true,\"valueName\":\"search_term_string\"}}],\"inLanguage\":\"fr-FR\"},{\"@type\":\"Organization\",\"@id\":\"https:\/\/www.sgeaj.ch\/fr\/#organization\",\"name\":\"Schweizerische Gesellschaft f\u00fcr die Erforschung des 18. Jahrhunderts (SGEAJ - SSEDS)\",\"url\":\"https:\/\/www.sgeaj.ch\/fr\/\",\"logo\":{\"@type\":\"ImageObject\",\"inLanguage\":\"fr-FR\",\"@id\":\"https:\/\/www.sgeaj.ch\/fr\/#\/schema\/logo\/image\/\",\"url\":\"https:\/\/www.sgeaj.ch\/wp-content\/uploads\/2021\/06\/cropped-logo-xviiies-horiz-abreuviations-bleues.png\",\"contentUrl\":\"https:\/\/www.sgeaj.ch\/wp-content\/uploads\/2021\/06\/cropped-logo-xviiies-horiz-abreuviations-bleues.png\",\"width\":659,\"height\":335,\"caption\":\"Schweizerische Gesellschaft f\u00fcr die Erforschung des 18. Jahrhunderts (SGEAJ - SSEDS)\"},\"image\":{\"@id\":\"https:\/\/www.sgeaj.ch\/fr\/#\/schema\/logo\/image\/\"}},{\"@type\":\"Person\",\"@id\":\"https:\/\/www.sgeaj.ch\/fr\/#\/schema\/person\/f9930dca12b3bd252d469f244e700c60\",\"name\":\"Mich\u00e8le Steiner\",\"url\":\"https:\/\/www.sgeaj.ch\/fr\/author\/msteiner\/\"}]}<\/script>\n<!-- \/ Yoast SEO plugin. -->","yoast_head_json":{"title":"CfP: Reframing the Enlightenment - Schweizerische Gesellschaft f\u00fcr die Erforschung des 18. Jahrhunderts (SGEAJ - SSEDS)","robots":{"index":"index","follow":"follow","max-snippet":"max-snippet:-1","max-image-preview":"max-image-preview:large","max-video-preview":"max-video-preview:-1"},"canonical":"https:\/\/www.sgeaj.ch\/fr\/actualite\/cfp-reframing-the-enlightenment\/","twitter_misc":{"\u00c9crit par":"Mich\u00e8le Steiner","Dur\u00e9e de lecture estim\u00e9e":"5 minutes"},"schema":{"@context":"https:\/\/schema.org","@graph":[{"@type":"Article","@id":"https:\/\/www.sgeaj.ch\/fr\/actualite\/cfp-reframing-the-enlightenment\/#article","isPartOf":{"@id":"https:\/\/www.sgeaj.ch\/fr\/actualite\/cfp-reframing-the-enlightenment\/"},"author":{"name":"Mich\u00e8le Steiner","@id":"https:\/\/www.sgeaj.ch\/fr\/#\/schema\/person\/f9930dca12b3bd252d469f244e700c60"},"headline":"CfP: Reframing the Enlightenment","datePublished":"2025-09-15T12:26:15+00:00","dateModified":"2025-09-25T13:45:34+00:00","mainEntityOfPage":{"@id":"https:\/\/www.sgeaj.ch\/fr\/actualite\/cfp-reframing-the-enlightenment\/"},"wordCount":838,"publisher":{"@id":"https:\/\/www.sgeaj.ch\/fr\/#organization"},"image":{"@id":"https:\/\/www.sgeaj.ch\/fr\/actualite\/cfp-reframing-the-enlightenment\/#primaryimage"},"thumbnailUrl":"https:\/\/www.sgeaj.ch\/wp-content\/uploads\/2025\/05\/o0005692540-isecs-logo-3374094886.png","keywords":["Call for Papers","Colonialism","Early Career","Early Modern Period","Enlightenment","Politics"],"articleSection":["Actualit\u00e9","Call for Papers"],"inLanguage":"fr-FR"},{"@type":"WebPage","@id":"https:\/\/www.sgeaj.ch\/fr\/actualite\/cfp-reframing-the-enlightenment\/","url":"https:\/\/www.sgeaj.ch\/fr\/actualite\/cfp-reframing-the-enlightenment\/","name":"CfP: Reframing the Enlightenment - Schweizerische Gesellschaft f\u00fcr die Erforschung des 18. Jahrhunderts (SGEAJ - SSEDS)","isPartOf":{"@id":"https:\/\/www.sgeaj.ch\/fr\/#website"},"primaryImageOfPage":{"@id":"https:\/\/www.sgeaj.ch\/fr\/actualite\/cfp-reframing-the-enlightenment\/#primaryimage"},"image":{"@id":"https:\/\/www.sgeaj.ch\/fr\/actualite\/cfp-reframing-the-enlightenment\/#primaryimage"},"thumbnailUrl":"https:\/\/www.sgeaj.ch\/wp-content\/uploads\/2025\/05\/o0005692540-isecs-logo-3374094886.png","datePublished":"2025-09-15T12:26:15+00:00","dateModified":"2025-09-25T13:45:34+00:00","inLanguage":"fr-FR","potentialAction":[{"@type":"ReadAction","target":["https:\/\/www.sgeaj.ch\/fr\/actualite\/cfp-reframing-the-enlightenment\/"]}]},{"@type":"ImageObject","inLanguage":"fr-FR","@id":"https:\/\/www.sgeaj.ch\/fr\/actualite\/cfp-reframing-the-enlightenment\/#primaryimage","url":"https:\/\/www.sgeaj.ch\/wp-content\/uploads\/2025\/05\/o0005692540-isecs-logo-3374094886.png","contentUrl":"https:\/\/www.sgeaj.ch\/wp-content\/uploads\/2025\/05\/o0005692540-isecs-logo-3374094886.png","width":1574,"height":1654},{"@type":"WebSite","@id":"https:\/\/www.sgeaj.ch\/fr\/#website","url":"https:\/\/www.sgeaj.ch\/fr\/","name":"Schweizerische Gesellschaft f\u00fcr die Erforschung des 18. Jahrhunderts (SGEAJ - SSEDS)","description":"Schweizerische Gesellschaft f\u00fcr die Erforschung des 18. Jahrhunderts","publisher":{"@id":"https:\/\/www.sgeaj.ch\/fr\/#organization"},"potentialAction":[{"@type":"SearchAction","target":{"@type":"EntryPoint","urlTemplate":"https:\/\/www.sgeaj.ch\/fr\/?s={search_term_string}"},"query-input":{"@type":"PropertyValueSpecification","valueRequired":true,"valueName":"search_term_string"}}],"inLanguage":"fr-FR"},{"@type":"Organization","@id":"https:\/\/www.sgeaj.ch\/fr\/#organization","name":"Schweizerische Gesellschaft f\u00fcr die Erforschung des 18. Jahrhunderts (SGEAJ - SSEDS)","url":"https:\/\/www.sgeaj.ch\/fr\/","logo":{"@type":"ImageObject","inLanguage":"fr-FR","@id":"https:\/\/www.sgeaj.ch\/fr\/#\/schema\/logo\/image\/","url":"https:\/\/www.sgeaj.ch\/wp-content\/uploads\/2021\/06\/cropped-logo-xviiies-horiz-abreuviations-bleues.png","contentUrl":"https:\/\/www.sgeaj.ch\/wp-content\/uploads\/2021\/06\/cropped-logo-xviiies-horiz-abreuviations-bleues.png","width":659,"height":335,"caption":"Schweizerische Gesellschaft f\u00fcr die Erforschung des 18. Jahrhunderts (SGEAJ - SSEDS)"},"image":{"@id":"https:\/\/www.sgeaj.ch\/fr\/#\/schema\/logo\/image\/"}},{"@type":"Person","@id":"https:\/\/www.sgeaj.ch\/fr\/#\/schema\/person\/f9930dca12b3bd252d469f244e700c60","name":"Mich\u00e8le Steiner","url":"https:\/\/www.sgeaj.ch\/fr\/author\/msteiner\/"}]}},"_links":{"self":[{"href":"https:\/\/www.sgeaj.ch\/fr\/wp-json\/wp\/v2\/posts\/8058","targetHints":{"allow":["GET"]}}],"collection":[{"href":"https:\/\/www.sgeaj.ch\/fr\/wp-json\/wp\/v2\/posts"}],"about":[{"href":"https:\/\/www.sgeaj.ch\/fr\/wp-json\/wp\/v2\/types\/post"}],"author":[{"embeddable":true,"href":"https:\/\/www.sgeaj.ch\/fr\/wp-json\/wp\/v2\/users\/9"}],"replies":[{"embeddable":true,"href":"https:\/\/www.sgeaj.ch\/fr\/wp-json\/wp\/v2\/comments?post=8058"}],"version-history":[{"count":6,"href":"https:\/\/www.sgeaj.ch\/fr\/wp-json\/wp\/v2\/posts\/8058\/revisions"}],"predecessor-version":[{"id":8110,"href":"https:\/\/www.sgeaj.ch\/fr\/wp-json\/wp\/v2\/posts\/8058\/revisions\/8110"}],"wp:featuredmedia":[{"embeddable":true,"href":"https:\/\/www.sgeaj.ch\/fr\/wp-json\/wp\/v2\/media\/7931"}],"wp:attachment":[{"href":"https:\/\/www.sgeaj.ch\/fr\/wp-json\/wp\/v2\/media?parent=8058"}],"wp:term":[{"taxonomy":"category","embeddable":true,"href":"https:\/\/www.sgeaj.ch\/fr\/wp-json\/wp\/v2\/categories?post=8058"},{"taxonomy":"post_tag","embeddable":true,"href":"https:\/\/www.sgeaj.ch\/fr\/wp-json\/wp\/v2\/tags?post=8058"}],"curies":[{"name":"wp","href":"https:\/\/api.w.org\/{rel}","templated":true}]}}