{"id":8073,"date":"2025-09-15T15:15:12","date_gmt":"2025-09-15T13:15:12","guid":{"rendered":"https:\/\/www.sgeaj.ch\/?p=8073"},"modified":"2025-09-15T15:32:07","modified_gmt":"2025-09-15T13:32:07","slug":"decouvrez-sigisuisse","status":"publish","type":"post","link":"https:\/\/www.sgeaj.ch\/fr\/actualite\/decouvrez-sigisuisse\/","title":{"rendered":"D\u00e9couvrez Sigisuisse !"},"content":{"rendered":"\n<h3 class=\"wp-block-heading\">Venez d\u00e9couvrir Sigisuisse et explorez un patrimoine unique qui ouvre de nouvelles perspectives pour la recherche historique et g\u00e9n\u00e9alogique en Suisse !<\/h3>\n\n\n\n<p>Les sceaux anciens sont de pr\u00e9cieux t\u00e9moins de l&rsquo;histoire m\u00e9di\u00e9vale et moderne. Ils r\u00e9v\u00e8lent le fonctionnement du pouvoir, des institutions, des pratiques juridiques et de la soci\u00e9t\u00e9. <\/p>\n\n\n\n<p>Le projet <a href=\"https:\/\/www.iapiaget.ch\/sigisuisse\/\">Sigisuisse<\/a>, men\u00e9 par l&rsquo;Institut Arthur Piaget en partenariat avec <a href=\"https:\/\/sigilla.irht.cnrs.fr\/\" target=\"_blank\" rel=\"noreferrer noopener\">SIGILLA<\/a>, met en valeur les sceaux conserv\u00e9s dans les archives, mus\u00e9es et collections priv\u00e9es en Suisse. Inspir\u00e9 de l&rsquo;antenne alsacienne <a href=\"https:\/\/sigial.hypotheses.org\/\" target=\"_blank\" rel=\"noreferrer noopener\">SigiAl<\/a>, il organise des collectes, forme des b\u00e9n\u00e9voles et accompagne les institutions pour int\u00e9grer ces tr\u00e9sors dans une base de donn\u00e9es scientifique internationale. Chaque sceau est photographi\u00e9, analys\u00e9 et contextualis\u00e9, permettant d&rsquo;\u00e9tudier sa production, sa diffusion et son usage. <\/p>\n\n\n\n<p>L&rsquo;objectif de Sigisuisse est d&rsquo;encourager et d&rsquo;accompagner l&rsquo;int\u00e9gration des sceaux conserv\u00e9s en Suisse \u2013 m\u00e9di\u00e9vaux mais aussi modernes \u2013 dans cette plateforme collaborative. Ces empreintes, v\u00e9ritables t\u00e9moins mat\u00e9riels, offrent des informations pr\u00e9cieuses sur les pratiques politiques, juridiques, sociales et culturelles de leur \u00e9poque.<\/p>\n\n\n\n<p>Une telle initiative est essentielle, car la sigillographie a longtemps \u00e9t\u00e9 n\u00e9glig\u00e9e en Suisse alors que les sceaux sont nombreux, dispers\u00e9s dans les archives, mus\u00e9es et collections priv\u00e9es. Leur recensement dans une base de donn\u00e9es internationale permettra non seulement de les pr\u00e9server, mais aussi de renouveler les perspectives de recherche.<\/p>\n\n\n\n<p>En octobre, l&rsquo;Institut Arthur Piaget organise une pr\u00e9sentation publique de Sigisuisse. Elle aura lieu le 6 octobre, \u00e0 17 h 30, dans la salle des \u00c9tats du ch\u00e2teau de Neuch\u00e2tel. L\u2019\u00e9v\u00e9nement est ouvert \u00e0 toutes et \u00e0 tous et sera suivi d&rsquo;un ap\u00e9ritif convivial.<\/p>\n\n\n\n<p>Pour toute question, n&rsquo;h\u00e9sitez pas \u00e0 contacter les organisateurs \u00e0 l&rsquo;adresse suivante : <a href=\"mailto:contact@iapiaget.ch\" target=\"_blank\" rel=\"noreferrer noopener\">contact@iapiaget.ch<\/a>. <\/p>\n\n\n\n<div data-wp-interactive=\"core\/file\" class=\"wp-block-file\"><object data-wp-bind--hidden=\"!state.hasPdfPreview\" hidden class=\"wp-block-file__embed\" data=\"https:\/\/www.sgeaj.ch\/wp-content\/uploads\/2025\/09\/sigisuisse-flyer-1.pdf\" type=\"application\/pdf\" style=\"width:100%;height:600px\" aria-label=\"Contenu embarqu\u00e9 Sigisuisse-flyer-1.\"><\/object><a id=\"wp-block-file--media-67b1e869-8e1b-4321-b04a-f6c51323ffec\" href=\"https:\/\/www.sgeaj.ch\/wp-content\/uploads\/2025\/09\/sigisuisse-flyer-1.pdf\">Sigisuisse-flyer-1<\/a><a href=\"https:\/\/www.sgeaj.ch\/wp-content\/uploads\/2025\/09\/sigisuisse-flyer-1.pdf\" class=\"wp-block-file__button wp-element-button\" download aria-describedby=\"wp-block-file--media-67b1e869-8e1b-4321-b04a-f6c51323ffec\">Herunterladen<\/a><\/div>\n","protected":false},"excerpt":{"rendered":"<p>Venez d\u00e9couvrir Sigisuisse et explorez un patrimoine unique qui ouvre de nouvelles perspectives pour la recherche historique et g\u00e9n\u00e9alogique en Suisse ! Les sceaux anciens sont de pr\u00e9cieux t\u00e9moins de l&rsquo;histoire m\u00e9di\u00e9vale et moderne. Ils r\u00e9v\u00e8lent le fonctionnement du pouvoir, des institutions, des pratiques juridiques et de la soci\u00e9t\u00e9. Le projet Sigisuisse, men\u00e9 par l&rsquo;Institut [&hellip;]<\/p>\n","protected":false},"author":9,"featured_media":8069,"comment_status":"closed","ping_status":"open","sticky":false,"template":"","format":"standard","meta":{"footnotes":""},"categories":[42,43],"tags":[95,61,80,62,90],"class_list":{"0":"post-8073","1":"post","2":"type-post","3":"status-publish","4":"format-standard","5":"has-post-thumbnail","7":"category-actualite","8":"category-communication","9":"tag-digital-humanities-2-fr","10":"tag-early-modern-period-fr","11":"tag-material-culture-fr","12":"tag-materiality-fr","13":"tag-networks-fr","14":"czr-hentry"},"yoast_head":"<!-- This site is optimized with the Yoast SEO plugin v26.9 - https:\/\/yoast.com\/product\/yoast-seo-wordpress\/ -->\n<title>D\u00e9couvrez Sigisuisse ! - Schweizerische Gesellschaft f\u00fcr die Erforschung des 18. Jahrhunderts (SGEAJ - SSEDS)<\/title>\n<meta name=\"robots\" content=\"index, follow, max-snippet:-1, max-image-preview:large, max-video-preview:-1\" \/>\n<link rel=\"canonical\" href=\"https:\/\/www.sgeaj.ch\/fr\/actualite\/decouvrez-sigisuisse\/\" \/>\n<meta name=\"twitter:label1\" content=\"\u00c9crit par\" \/>\n\t<meta name=\"twitter:data1\" content=\"Mich\u00e8le Steiner\" \/>\n\t<meta name=\"twitter:label2\" content=\"Dur\u00e9e de lecture estim\u00e9e\" \/>\n\t<meta name=\"twitter:data2\" content=\"2 minutes\" \/>\n<script type=\"application\/ld+json\" class=\"yoast-schema-graph\">{\"@context\":\"https:\/\/schema.org\",\"@graph\":[{\"@type\":\"Article\",\"@id\":\"https:\/\/www.sgeaj.ch\/fr\/actualite\/decouvrez-sigisuisse\/#article\",\"isPartOf\":{\"@id\":\"https:\/\/www.sgeaj.ch\/fr\/actualite\/decouvrez-sigisuisse\/\"},\"author\":{\"name\":\"Mich\u00e8le Steiner\",\"@id\":\"https:\/\/www.sgeaj.ch\/fr\/#\/schema\/person\/f9930dca12b3bd252d469f244e700c60\"},\"headline\":\"D\u00e9couvrez Sigisuisse !\",\"datePublished\":\"2025-09-15T13:15:12+00:00\",\"dateModified\":\"2025-09-15T13:32:07+00:00\",\"mainEntityOfPage\":{\"@id\":\"https:\/\/www.sgeaj.ch\/fr\/actualite\/decouvrez-sigisuisse\/\"},\"wordCount\":317,\"publisher\":{\"@id\":\"https:\/\/www.sgeaj.ch\/fr\/#organization\"},\"image\":{\"@id\":\"https:\/\/www.sgeaj.ch\/fr\/actualite\/decouvrez-sigisuisse\/#primaryimage\"},\"thumbnailUrl\":\"https:\/\/www.sgeaj.ch\/wp-content\/uploads\/2025\/09\/sigisuisse-flyer-1-e1757941632944.png\",\"keywords\":[\"Digital Humanities\",\"Early Modern Period\",\"Material Culture\",\"Materiality\",\"Networks\"],\"articleSection\":[\"Actualit\u00e9\",\"Communication\"],\"inLanguage\":\"fr-FR\"},{\"@type\":\"WebPage\",\"@id\":\"https:\/\/www.sgeaj.ch\/fr\/actualite\/decouvrez-sigisuisse\/\",\"url\":\"https:\/\/www.sgeaj.ch\/fr\/actualite\/decouvrez-sigisuisse\/\",\"name\":\"D\u00e9couvrez Sigisuisse ! - Schweizerische Gesellschaft f\u00fcr die Erforschung des 18. Jahrhunderts (SGEAJ - SSEDS)\",\"isPartOf\":{\"@id\":\"https:\/\/www.sgeaj.ch\/fr\/#website\"},\"primaryImageOfPage\":{\"@id\":\"https:\/\/www.sgeaj.ch\/fr\/actualite\/decouvrez-sigisuisse\/#primaryimage\"},\"image\":{\"@id\":\"https:\/\/www.sgeaj.ch\/fr\/actualite\/decouvrez-sigisuisse\/#primaryimage\"},\"thumbnailUrl\":\"https:\/\/www.sgeaj.ch\/wp-content\/uploads\/2025\/09\/sigisuisse-flyer-1-e1757941632944.png\",\"datePublished\":\"2025-09-15T13:15:12+00:00\",\"dateModified\":\"2025-09-15T13:32:07+00:00\",\"inLanguage\":\"fr-FR\",\"potentialAction\":[{\"@type\":\"ReadAction\",\"target\":[\"https:\/\/www.sgeaj.ch\/fr\/actualite\/decouvrez-sigisuisse\/\"]}]},{\"@type\":\"ImageObject\",\"inLanguage\":\"fr-FR\",\"@id\":\"https:\/\/www.sgeaj.ch\/fr\/actualite\/decouvrez-sigisuisse\/#primaryimage\",\"url\":\"https:\/\/www.sgeaj.ch\/wp-content\/uploads\/2025\/09\/sigisuisse-flyer-1-e1757941632944.png\",\"contentUrl\":\"https:\/\/www.sgeaj.ch\/wp-content\/uploads\/2025\/09\/sigisuisse-flyer-1-e1757941632944.png\",\"width\":1409,\"height\":2000},{\"@type\":\"WebSite\",\"@id\":\"https:\/\/www.sgeaj.ch\/fr\/#website\",\"url\":\"https:\/\/www.sgeaj.ch\/fr\/\",\"name\":\"Schweizerische Gesellschaft f\u00fcr die Erforschung des 18. Jahrhunderts (SGEAJ - SSEDS)\",\"description\":\"Schweizerische Gesellschaft f\u00fcr die Erforschung des 18. Jahrhunderts\",\"publisher\":{\"@id\":\"https:\/\/www.sgeaj.ch\/fr\/#organization\"},\"potentialAction\":[{\"@type\":\"SearchAction\",\"target\":{\"@type\":\"EntryPoint\",\"urlTemplate\":\"https:\/\/www.sgeaj.ch\/fr\/?s={search_term_string}\"},\"query-input\":{\"@type\":\"PropertyValueSpecification\",\"valueRequired\":true,\"valueName\":\"search_term_string\"}}],\"inLanguage\":\"fr-FR\"},{\"@type\":\"Organization\",\"@id\":\"https:\/\/www.sgeaj.ch\/fr\/#organization\",\"name\":\"Schweizerische Gesellschaft f\u00fcr die Erforschung des 18. Jahrhunderts (SGEAJ - SSEDS)\",\"url\":\"https:\/\/www.sgeaj.ch\/fr\/\",\"logo\":{\"@type\":\"ImageObject\",\"inLanguage\":\"fr-FR\",\"@id\":\"https:\/\/www.sgeaj.ch\/fr\/#\/schema\/logo\/image\/\",\"url\":\"https:\/\/www.sgeaj.ch\/wp-content\/uploads\/2021\/06\/cropped-logo-xviiies-horiz-abreuviations-bleues.png\",\"contentUrl\":\"https:\/\/www.sgeaj.ch\/wp-content\/uploads\/2021\/06\/cropped-logo-xviiies-horiz-abreuviations-bleues.png\",\"width\":659,\"height\":335,\"caption\":\"Schweizerische Gesellschaft f\u00fcr die Erforschung des 18. Jahrhunderts (SGEAJ - SSEDS)\"},\"image\":{\"@id\":\"https:\/\/www.sgeaj.ch\/fr\/#\/schema\/logo\/image\/\"}},{\"@type\":\"Person\",\"@id\":\"https:\/\/www.sgeaj.ch\/fr\/#\/schema\/person\/f9930dca12b3bd252d469f244e700c60\",\"name\":\"Mich\u00e8le Steiner\",\"url\":\"https:\/\/www.sgeaj.ch\/fr\/author\/msteiner\/\"}]}<\/script>\n<!-- \/ Yoast SEO plugin. -->","yoast_head_json":{"title":"D\u00e9couvrez Sigisuisse ! - Schweizerische Gesellschaft f\u00fcr die Erforschung des 18. Jahrhunderts (SGEAJ - SSEDS)","robots":{"index":"index","follow":"follow","max-snippet":"max-snippet:-1","max-image-preview":"max-image-preview:large","max-video-preview":"max-video-preview:-1"},"canonical":"https:\/\/www.sgeaj.ch\/fr\/actualite\/decouvrez-sigisuisse\/","twitter_misc":{"\u00c9crit par":"Mich\u00e8le Steiner","Dur\u00e9e de lecture estim\u00e9e":"2 minutes"},"schema":{"@context":"https:\/\/schema.org","@graph":[{"@type":"Article","@id":"https:\/\/www.sgeaj.ch\/fr\/actualite\/decouvrez-sigisuisse\/#article","isPartOf":{"@id":"https:\/\/www.sgeaj.ch\/fr\/actualite\/decouvrez-sigisuisse\/"},"author":{"name":"Mich\u00e8le Steiner","@id":"https:\/\/www.sgeaj.ch\/fr\/#\/schema\/person\/f9930dca12b3bd252d469f244e700c60"},"headline":"D\u00e9couvrez Sigisuisse !","datePublished":"2025-09-15T13:15:12+00:00","dateModified":"2025-09-15T13:32:07+00:00","mainEntityOfPage":{"@id":"https:\/\/www.sgeaj.ch\/fr\/actualite\/decouvrez-sigisuisse\/"},"wordCount":317,"publisher":{"@id":"https:\/\/www.sgeaj.ch\/fr\/#organization"},"image":{"@id":"https:\/\/www.sgeaj.ch\/fr\/actualite\/decouvrez-sigisuisse\/#primaryimage"},"thumbnailUrl":"https:\/\/www.sgeaj.ch\/wp-content\/uploads\/2025\/09\/sigisuisse-flyer-1-e1757941632944.png","keywords":["Digital Humanities","Early Modern Period","Material Culture","Materiality","Networks"],"articleSection":["Actualit\u00e9","Communication"],"inLanguage":"fr-FR"},{"@type":"WebPage","@id":"https:\/\/www.sgeaj.ch\/fr\/actualite\/decouvrez-sigisuisse\/","url":"https:\/\/www.sgeaj.ch\/fr\/actualite\/decouvrez-sigisuisse\/","name":"D\u00e9couvrez Sigisuisse ! - Schweizerische Gesellschaft f\u00fcr die Erforschung des 18. Jahrhunderts (SGEAJ - SSEDS)","isPartOf":{"@id":"https:\/\/www.sgeaj.ch\/fr\/#website"},"primaryImageOfPage":{"@id":"https:\/\/www.sgeaj.ch\/fr\/actualite\/decouvrez-sigisuisse\/#primaryimage"},"image":{"@id":"https:\/\/www.sgeaj.ch\/fr\/actualite\/decouvrez-sigisuisse\/#primaryimage"},"thumbnailUrl":"https:\/\/www.sgeaj.ch\/wp-content\/uploads\/2025\/09\/sigisuisse-flyer-1-e1757941632944.png","datePublished":"2025-09-15T13:15:12+00:00","dateModified":"2025-09-15T13:32:07+00:00","inLanguage":"fr-FR","potentialAction":[{"@type":"ReadAction","target":["https:\/\/www.sgeaj.ch\/fr\/actualite\/decouvrez-sigisuisse\/"]}]},{"@type":"ImageObject","inLanguage":"fr-FR","@id":"https:\/\/www.sgeaj.ch\/fr\/actualite\/decouvrez-sigisuisse\/#primaryimage","url":"https:\/\/www.sgeaj.ch\/wp-content\/uploads\/2025\/09\/sigisuisse-flyer-1-e1757941632944.png","contentUrl":"https:\/\/www.sgeaj.ch\/wp-content\/uploads\/2025\/09\/sigisuisse-flyer-1-e1757941632944.png","width":1409,"height":2000},{"@type":"WebSite","@id":"https:\/\/www.sgeaj.ch\/fr\/#website","url":"https:\/\/www.sgeaj.ch\/fr\/","name":"Schweizerische Gesellschaft f\u00fcr die Erforschung des 18. Jahrhunderts (SGEAJ - SSEDS)","description":"Schweizerische Gesellschaft f\u00fcr die Erforschung des 18. Jahrhunderts","publisher":{"@id":"https:\/\/www.sgeaj.ch\/fr\/#organization"},"potentialAction":[{"@type":"SearchAction","target":{"@type":"EntryPoint","urlTemplate":"https:\/\/www.sgeaj.ch\/fr\/?s={search_term_string}"},"query-input":{"@type":"PropertyValueSpecification","valueRequired":true,"valueName":"search_term_string"}}],"inLanguage":"fr-FR"},{"@type":"Organization","@id":"https:\/\/www.sgeaj.ch\/fr\/#organization","name":"Schweizerische Gesellschaft f\u00fcr die Erforschung des 18. Jahrhunderts (SGEAJ - SSEDS)","url":"https:\/\/www.sgeaj.ch\/fr\/","logo":{"@type":"ImageObject","inLanguage":"fr-FR","@id":"https:\/\/www.sgeaj.ch\/fr\/#\/schema\/logo\/image\/","url":"https:\/\/www.sgeaj.ch\/wp-content\/uploads\/2021\/06\/cropped-logo-xviiies-horiz-abreuviations-bleues.png","contentUrl":"https:\/\/www.sgeaj.ch\/wp-content\/uploads\/2021\/06\/cropped-logo-xviiies-horiz-abreuviations-bleues.png","width":659,"height":335,"caption":"Schweizerische Gesellschaft f\u00fcr die Erforschung des 18. Jahrhunderts (SGEAJ - SSEDS)"},"image":{"@id":"https:\/\/www.sgeaj.ch\/fr\/#\/schema\/logo\/image\/"}},{"@type":"Person","@id":"https:\/\/www.sgeaj.ch\/fr\/#\/schema\/person\/f9930dca12b3bd252d469f244e700c60","name":"Mich\u00e8le Steiner","url":"https:\/\/www.sgeaj.ch\/fr\/author\/msteiner\/"}]}},"_links":{"self":[{"href":"https:\/\/www.sgeaj.ch\/fr\/wp-json\/wp\/v2\/posts\/8073","targetHints":{"allow":["GET"]}}],"collection":[{"href":"https:\/\/www.sgeaj.ch\/fr\/wp-json\/wp\/v2\/posts"}],"about":[{"href":"https:\/\/www.sgeaj.ch\/fr\/wp-json\/wp\/v2\/types\/post"}],"author":[{"embeddable":true,"href":"https:\/\/www.sgeaj.ch\/fr\/wp-json\/wp\/v2\/users\/9"}],"replies":[{"embeddable":true,"href":"https:\/\/www.sgeaj.ch\/fr\/wp-json\/wp\/v2\/comments?post=8073"}],"version-history":[{"count":3,"href":"https:\/\/www.sgeaj.ch\/fr\/wp-json\/wp\/v2\/posts\/8073\/revisions"}],"predecessor-version":[{"id":8079,"href":"https:\/\/www.sgeaj.ch\/fr\/wp-json\/wp\/v2\/posts\/8073\/revisions\/8079"}],"wp:featuredmedia":[{"embeddable":true,"href":"https:\/\/www.sgeaj.ch\/fr\/wp-json\/wp\/v2\/media\/8069"}],"wp:attachment":[{"href":"https:\/\/www.sgeaj.ch\/fr\/wp-json\/wp\/v2\/media?parent=8073"}],"wp:term":[{"taxonomy":"category","embeddable":true,"href":"https:\/\/www.sgeaj.ch\/fr\/wp-json\/wp\/v2\/categories?post=8073"},{"taxonomy":"post_tag","embeddable":true,"href":"https:\/\/www.sgeaj.ch\/fr\/wp-json\/wp\/v2\/tags?post=8073"}],"curies":[{"name":"wp","href":"https:\/\/api.w.org\/{rel}","templated":true}]}}