{"id":8092,"date":"2025-09-23T09:10:23","date_gmt":"2025-09-23T07:10:23","guid":{"rendered":"https:\/\/www.sgeaj.ch\/?p=8092"},"modified":"2025-09-23T09:25:18","modified_gmt":"2025-09-23T07:25:18","slug":"beat-ludwig-von-muralt-1665-1749","status":"publish","type":"post","link":"https:\/\/www.sgeaj.ch\/fr\/actualite\/beat-ludwig-von-muralt-1665-1749\/","title":{"rendered":"Beat Ludwig von Muralt (1665\u20131749)"},"content":{"rendered":"\n<h3 class=\"wp-block-heading\">Rudolf Dellsperger und Malou von Muralt, Beat Ludwig von Muralt (1665\u20131749). Philosoph, Mystiker und Rebell. Biographische Studien und neue Quellen (Schriften der Burgerbibliothek Bern), 2 Bde., G\u00f6ttingen: Wallstein Verlag, 2025. <\/h3>\n\n\n\n<p>Eine umfassende Studie zu Werk und Leben des streitbaren Schweizer Autors Beat Ludwig von Muralt mit bisher unver\u00f6ffentlichten Briefen und Schriften.<\/p>\n\n\n\n<p>In Beat Ludwig von Muralt (1665\u20131749), dem Autor der ber\u00fchmten Lettres sur les Anglois et les Fran\u00e7ois (1725), ber\u00fchren sich Radikalpietismus und Fr\u00fchaufkl\u00e4rung. Als er f\u00fcr Glaubens- und Gewissensfreiheit eintrat, stiess er mit Kirche und Staat zusammen, wurde 1701 aus Bern verbannt und lebte seitdem im Exil. Die bisherige Forschung beurteilte seine Druckschriften vorwiegend als heterogen: Auf die brillanten Lettres folgten mit ihnen nur schwer vereinbare religi\u00f6se Schriften. Sie legten die Annahme eines Bruches nahe.<\/p>\n\n\n\n<p>Nun ergeben bisher unbekannte Manuskripte aus dem Herrschaftsarchiv Oberdiessbach das Bild einer vielf\u00e4ltigen, aber kontinuierlichen Entwicklung. Der deutsche und franz\u00f6sische Fund umfasst Briefe, polemische Traktate, Autographe, theologische Schriften und Exzerpte. Diese Texte werden im Quellenband in chronologischer Reihenfolge vollst\u00e4ndig ediert, kommentiert und im Studienband in ihren jeweiligen Kontext eingebettet.<\/p>\n\n\n\n<p>Die beiden B\u00e4nde des Werks sind im Buchhandel erh\u00e4ltlich oder <a href=\"https:\/\/www.wallstein-verlag.de\/9783835358447-beat-ludwig-von-muralt.html\">k\u00f6nnen hier direkt beim Verlag bestellt werden<\/a>.<\/p>\n\n\n\n<div data-wp-interactive=\"core\/file\" class=\"wp-block-file\"><object data-wp-bind--hidden=\"!state.hasPdfPreview\" hidden class=\"wp-block-file__embed\" data=\"https:\/\/www.sgeaj.ch\/wp-content\/uploads\/2025\/09\/dellsperger-von-muralt-beat-ludwig-von-muralt-2025.pdf\" type=\"application\/pdf\" style=\"width:100%;height:600px\" aria-label=\"Contenu embarqu\u00e9 Dellsperger-von-Muralt_Beat-Ludwig-von-Muralt_2025.\"><\/object><a id=\"wp-block-file--media-fbd5b05e-83df-478a-9f99-73c571a72cde\" href=\"https:\/\/www.sgeaj.ch\/wp-content\/uploads\/2025\/09\/dellsperger-von-muralt-beat-ludwig-von-muralt-2025.pdf\">Dellsperger-von-Muralt_Beat-Ludwig-von-Muralt_2025<\/a><a href=\"https:\/\/www.sgeaj.ch\/wp-content\/uploads\/2025\/09\/dellsperger-von-muralt-beat-ludwig-von-muralt-2025.pdf\" class=\"wp-block-file__button wp-element-button\" download aria-describedby=\"wp-block-file--media-fbd5b05e-83df-478a-9f99-73c571a72cde\">Herunterladen<\/a><\/div>\n","protected":false},"excerpt":{"rendered":"<p>Rudolf Dellsperger und Malou von Muralt, Beat Ludwig von Muralt (1665\u20131749). Philosoph, Mystiker und Rebell. Biographische Studien und neue Quellen (Schriften der Burgerbibliothek Bern), 2 Bde., G\u00f6ttingen: Wallstein Verlag, 2025. Eine umfassende Studie zu Werk und Leben des streitbaren Schweizer Autors Beat Ludwig von Muralt mit bisher unver\u00f6ffentlichten Briefen und Schriften. In Beat Ludwig von [&hellip;]<\/p>\n","protected":false},"author":9,"featured_media":8095,"comment_status":"closed","ping_status":"open","sticky":false,"template":"","format":"standard","meta":{"footnotes":""},"categories":[42,25],"tags":[61,112,67,191,91,192,193,101,92],"class_list":{"0":"post-8092","1":"post","2":"type-post","3":"status-publish","4":"format-standard","5":"has-post-thumbnail","7":"category-actualite","8":"category-nouvelles-publications","9":"tag-early-modern-period-fr","10":"tag-edition-fr","11":"tag-enlightenment-fr","12":"tag-pietism-fr","13":"tag-publication-fr","14":"tag-republique-des-lettres-fr","15":"tag-sources-fr","16":"tag-switzerland-fr","17":"tag-theology-fr","18":"czr-hentry"},"yoast_head":"<!-- This site is optimized with the Yoast SEO plugin v26.9 - https:\/\/yoast.com\/product\/yoast-seo-wordpress\/ -->\n<title>Beat Ludwig von Muralt (1665\u20131749) - Schweizerische Gesellschaft f\u00fcr die Erforschung des 18. Jahrhunderts (SGEAJ - SSEDS)<\/title>\n<meta name=\"robots\" content=\"index, follow, max-snippet:-1, max-image-preview:large, max-video-preview:-1\" \/>\n<link rel=\"canonical\" href=\"https:\/\/www.sgeaj.ch\/fr\/actualite\/beat-ludwig-von-muralt-1665-1749\/\" \/>\n<meta name=\"twitter:label1\" content=\"\u00c9crit par\" \/>\n\t<meta name=\"twitter:data1\" content=\"Mich\u00e8le Steiner\" \/>\n\t<meta name=\"twitter:label2\" content=\"Dur\u00e9e de lecture estim\u00e9e\" \/>\n\t<meta name=\"twitter:data2\" content=\"2 minutes\" \/>\n<script type=\"application\/ld+json\" class=\"yoast-schema-graph\">{\"@context\":\"https:\/\/schema.org\",\"@graph\":[{\"@type\":\"Article\",\"@id\":\"https:\/\/www.sgeaj.ch\/fr\/actualite\/beat-ludwig-von-muralt-1665-1749\/#article\",\"isPartOf\":{\"@id\":\"https:\/\/www.sgeaj.ch\/fr\/actualite\/beat-ludwig-von-muralt-1665-1749\/\"},\"author\":{\"name\":\"Mich\u00e8le Steiner\",\"@id\":\"https:\/\/www.sgeaj.ch\/fr\/#\/schema\/person\/f9930dca12b3bd252d469f244e700c60\"},\"headline\":\"Beat Ludwig von Muralt (1665\u20131749)\",\"datePublished\":\"2025-09-23T07:10:23+00:00\",\"dateModified\":\"2025-09-23T07:25:18+00:00\",\"mainEntityOfPage\":{\"@id\":\"https:\/\/www.sgeaj.ch\/fr\/actualite\/beat-ludwig-von-muralt-1665-1749\/\"},\"wordCount\":208,\"publisher\":{\"@id\":\"https:\/\/www.sgeaj.ch\/fr\/#organization\"},\"image\":{\"@id\":\"https:\/\/www.sgeaj.ch\/fr\/actualite\/beat-ludwig-von-muralt-1665-1749\/#primaryimage\"},\"thumbnailUrl\":\"https:\/\/www.sgeaj.ch\/wp-content\/uploads\/2025\/09\/dellsperger-von-muralt-beat-ludwig-von-muralt-2025-1-e1758611325984.jpg\",\"keywords\":[\"Early Modern Period\",\"Edition\",\"Enlightenment\",\"Pietism\",\"Publication\",\"R\u00e9publique des Lettres\",\"Sources\",\"Switzerland\",\"Theology\"],\"articleSection\":[\"Actualit\u00e9\",\"Nouvelles publications\"],\"inLanguage\":\"fr-FR\"},{\"@type\":\"WebPage\",\"@id\":\"https:\/\/www.sgeaj.ch\/fr\/actualite\/beat-ludwig-von-muralt-1665-1749\/\",\"url\":\"https:\/\/www.sgeaj.ch\/fr\/actualite\/beat-ludwig-von-muralt-1665-1749\/\",\"name\":\"Beat Ludwig von Muralt (1665\u20131749) - Schweizerische Gesellschaft f\u00fcr die Erforschung des 18. Jahrhunderts (SGEAJ - SSEDS)\",\"isPartOf\":{\"@id\":\"https:\/\/www.sgeaj.ch\/fr\/#website\"},\"primaryImageOfPage\":{\"@id\":\"https:\/\/www.sgeaj.ch\/fr\/actualite\/beat-ludwig-von-muralt-1665-1749\/#primaryimage\"},\"image\":{\"@id\":\"https:\/\/www.sgeaj.ch\/fr\/actualite\/beat-ludwig-von-muralt-1665-1749\/#primaryimage\"},\"thumbnailUrl\":\"https:\/\/www.sgeaj.ch\/wp-content\/uploads\/2025\/09\/dellsperger-von-muralt-beat-ludwig-von-muralt-2025-1-e1758611325984.jpg\",\"datePublished\":\"2025-09-23T07:10:23+00:00\",\"dateModified\":\"2025-09-23T07:25:18+00:00\",\"inLanguage\":\"fr-FR\",\"potentialAction\":[{\"@type\":\"ReadAction\",\"target\":[\"https:\/\/www.sgeaj.ch\/fr\/actualite\/beat-ludwig-von-muralt-1665-1749\/\"]}]},{\"@type\":\"ImageObject\",\"inLanguage\":\"fr-FR\",\"@id\":\"https:\/\/www.sgeaj.ch\/fr\/actualite\/beat-ludwig-von-muralt-1665-1749\/#primaryimage\",\"url\":\"https:\/\/www.sgeaj.ch\/wp-content\/uploads\/2025\/09\/dellsperger-von-muralt-beat-ludwig-von-muralt-2025-1-e1758611325984.jpg\",\"contentUrl\":\"https:\/\/www.sgeaj.ch\/wp-content\/uploads\/2025\/09\/dellsperger-von-muralt-beat-ludwig-von-muralt-2025-1-e1758611325984.jpg\",\"width\":1028,\"height\":1286},{\"@type\":\"WebSite\",\"@id\":\"https:\/\/www.sgeaj.ch\/fr\/#website\",\"url\":\"https:\/\/www.sgeaj.ch\/fr\/\",\"name\":\"Schweizerische Gesellschaft f\u00fcr die Erforschung des 18. Jahrhunderts (SGEAJ - SSEDS)\",\"description\":\"Schweizerische Gesellschaft f\u00fcr die Erforschung des 18. Jahrhunderts\",\"publisher\":{\"@id\":\"https:\/\/www.sgeaj.ch\/fr\/#organization\"},\"potentialAction\":[{\"@type\":\"SearchAction\",\"target\":{\"@type\":\"EntryPoint\",\"urlTemplate\":\"https:\/\/www.sgeaj.ch\/fr\/?s={search_term_string}\"},\"query-input\":{\"@type\":\"PropertyValueSpecification\",\"valueRequired\":true,\"valueName\":\"search_term_string\"}}],\"inLanguage\":\"fr-FR\"},{\"@type\":\"Organization\",\"@id\":\"https:\/\/www.sgeaj.ch\/fr\/#organization\",\"name\":\"Schweizerische Gesellschaft f\u00fcr die Erforschung des 18. Jahrhunderts (SGEAJ - SSEDS)\",\"url\":\"https:\/\/www.sgeaj.ch\/fr\/\",\"logo\":{\"@type\":\"ImageObject\",\"inLanguage\":\"fr-FR\",\"@id\":\"https:\/\/www.sgeaj.ch\/fr\/#\/schema\/logo\/image\/\",\"url\":\"https:\/\/www.sgeaj.ch\/wp-content\/uploads\/2021\/06\/cropped-logo-xviiies-horiz-abreuviations-bleues.png\",\"contentUrl\":\"https:\/\/www.sgeaj.ch\/wp-content\/uploads\/2021\/06\/cropped-logo-xviiies-horiz-abreuviations-bleues.png\",\"width\":659,\"height\":335,\"caption\":\"Schweizerische Gesellschaft f\u00fcr die Erforschung des 18. Jahrhunderts (SGEAJ - SSEDS)\"},\"image\":{\"@id\":\"https:\/\/www.sgeaj.ch\/fr\/#\/schema\/logo\/image\/\"}},{\"@type\":\"Person\",\"@id\":\"https:\/\/www.sgeaj.ch\/fr\/#\/schema\/person\/f9930dca12b3bd252d469f244e700c60\",\"name\":\"Mich\u00e8le Steiner\",\"url\":\"https:\/\/www.sgeaj.ch\/fr\/author\/msteiner\/\"}]}<\/script>\n<!-- \/ Yoast SEO plugin. -->","yoast_head_json":{"title":"Beat Ludwig von Muralt (1665\u20131749) - Schweizerische Gesellschaft f\u00fcr die Erforschung des 18. Jahrhunderts (SGEAJ - SSEDS)","robots":{"index":"index","follow":"follow","max-snippet":"max-snippet:-1","max-image-preview":"max-image-preview:large","max-video-preview":"max-video-preview:-1"},"canonical":"https:\/\/www.sgeaj.ch\/fr\/actualite\/beat-ludwig-von-muralt-1665-1749\/","twitter_misc":{"\u00c9crit par":"Mich\u00e8le Steiner","Dur\u00e9e de lecture estim\u00e9e":"2 minutes"},"schema":{"@context":"https:\/\/schema.org","@graph":[{"@type":"Article","@id":"https:\/\/www.sgeaj.ch\/fr\/actualite\/beat-ludwig-von-muralt-1665-1749\/#article","isPartOf":{"@id":"https:\/\/www.sgeaj.ch\/fr\/actualite\/beat-ludwig-von-muralt-1665-1749\/"},"author":{"name":"Mich\u00e8le Steiner","@id":"https:\/\/www.sgeaj.ch\/fr\/#\/schema\/person\/f9930dca12b3bd252d469f244e700c60"},"headline":"Beat Ludwig von Muralt (1665\u20131749)","datePublished":"2025-09-23T07:10:23+00:00","dateModified":"2025-09-23T07:25:18+00:00","mainEntityOfPage":{"@id":"https:\/\/www.sgeaj.ch\/fr\/actualite\/beat-ludwig-von-muralt-1665-1749\/"},"wordCount":208,"publisher":{"@id":"https:\/\/www.sgeaj.ch\/fr\/#organization"},"image":{"@id":"https:\/\/www.sgeaj.ch\/fr\/actualite\/beat-ludwig-von-muralt-1665-1749\/#primaryimage"},"thumbnailUrl":"https:\/\/www.sgeaj.ch\/wp-content\/uploads\/2025\/09\/dellsperger-von-muralt-beat-ludwig-von-muralt-2025-1-e1758611325984.jpg","keywords":["Early Modern Period","Edition","Enlightenment","Pietism","Publication","R\u00e9publique des Lettres","Sources","Switzerland","Theology"],"articleSection":["Actualit\u00e9","Nouvelles publications"],"inLanguage":"fr-FR"},{"@type":"WebPage","@id":"https:\/\/www.sgeaj.ch\/fr\/actualite\/beat-ludwig-von-muralt-1665-1749\/","url":"https:\/\/www.sgeaj.ch\/fr\/actualite\/beat-ludwig-von-muralt-1665-1749\/","name":"Beat Ludwig von Muralt (1665\u20131749) - Schweizerische Gesellschaft f\u00fcr die Erforschung des 18. Jahrhunderts (SGEAJ - SSEDS)","isPartOf":{"@id":"https:\/\/www.sgeaj.ch\/fr\/#website"},"primaryImageOfPage":{"@id":"https:\/\/www.sgeaj.ch\/fr\/actualite\/beat-ludwig-von-muralt-1665-1749\/#primaryimage"},"image":{"@id":"https:\/\/www.sgeaj.ch\/fr\/actualite\/beat-ludwig-von-muralt-1665-1749\/#primaryimage"},"thumbnailUrl":"https:\/\/www.sgeaj.ch\/wp-content\/uploads\/2025\/09\/dellsperger-von-muralt-beat-ludwig-von-muralt-2025-1-e1758611325984.jpg","datePublished":"2025-09-23T07:10:23+00:00","dateModified":"2025-09-23T07:25:18+00:00","inLanguage":"fr-FR","potentialAction":[{"@type":"ReadAction","target":["https:\/\/www.sgeaj.ch\/fr\/actualite\/beat-ludwig-von-muralt-1665-1749\/"]}]},{"@type":"ImageObject","inLanguage":"fr-FR","@id":"https:\/\/www.sgeaj.ch\/fr\/actualite\/beat-ludwig-von-muralt-1665-1749\/#primaryimage","url":"https:\/\/www.sgeaj.ch\/wp-content\/uploads\/2025\/09\/dellsperger-von-muralt-beat-ludwig-von-muralt-2025-1-e1758611325984.jpg","contentUrl":"https:\/\/www.sgeaj.ch\/wp-content\/uploads\/2025\/09\/dellsperger-von-muralt-beat-ludwig-von-muralt-2025-1-e1758611325984.jpg","width":1028,"height":1286},{"@type":"WebSite","@id":"https:\/\/www.sgeaj.ch\/fr\/#website","url":"https:\/\/www.sgeaj.ch\/fr\/","name":"Schweizerische Gesellschaft f\u00fcr die Erforschung des 18. Jahrhunderts (SGEAJ - SSEDS)","description":"Schweizerische Gesellschaft f\u00fcr die Erforschung des 18. Jahrhunderts","publisher":{"@id":"https:\/\/www.sgeaj.ch\/fr\/#organization"},"potentialAction":[{"@type":"SearchAction","target":{"@type":"EntryPoint","urlTemplate":"https:\/\/www.sgeaj.ch\/fr\/?s={search_term_string}"},"query-input":{"@type":"PropertyValueSpecification","valueRequired":true,"valueName":"search_term_string"}}],"inLanguage":"fr-FR"},{"@type":"Organization","@id":"https:\/\/www.sgeaj.ch\/fr\/#organization","name":"Schweizerische Gesellschaft f\u00fcr die Erforschung des 18. Jahrhunderts (SGEAJ - SSEDS)","url":"https:\/\/www.sgeaj.ch\/fr\/","logo":{"@type":"ImageObject","inLanguage":"fr-FR","@id":"https:\/\/www.sgeaj.ch\/fr\/#\/schema\/logo\/image\/","url":"https:\/\/www.sgeaj.ch\/wp-content\/uploads\/2021\/06\/cropped-logo-xviiies-horiz-abreuviations-bleues.png","contentUrl":"https:\/\/www.sgeaj.ch\/wp-content\/uploads\/2021\/06\/cropped-logo-xviiies-horiz-abreuviations-bleues.png","width":659,"height":335,"caption":"Schweizerische Gesellschaft f\u00fcr die Erforschung des 18. Jahrhunderts (SGEAJ - SSEDS)"},"image":{"@id":"https:\/\/www.sgeaj.ch\/fr\/#\/schema\/logo\/image\/"}},{"@type":"Person","@id":"https:\/\/www.sgeaj.ch\/fr\/#\/schema\/person\/f9930dca12b3bd252d469f244e700c60","name":"Mich\u00e8le Steiner","url":"https:\/\/www.sgeaj.ch\/fr\/author\/msteiner\/"}]}},"_links":{"self":[{"href":"https:\/\/www.sgeaj.ch\/fr\/wp-json\/wp\/v2\/posts\/8092","targetHints":{"allow":["GET"]}}],"collection":[{"href":"https:\/\/www.sgeaj.ch\/fr\/wp-json\/wp\/v2\/posts"}],"about":[{"href":"https:\/\/www.sgeaj.ch\/fr\/wp-json\/wp\/v2\/types\/post"}],"author":[{"embeddable":true,"href":"https:\/\/www.sgeaj.ch\/fr\/wp-json\/wp\/v2\/users\/9"}],"replies":[{"embeddable":true,"href":"https:\/\/www.sgeaj.ch\/fr\/wp-json\/wp\/v2\/comments?post=8092"}],"version-history":[{"count":2,"href":"https:\/\/www.sgeaj.ch\/fr\/wp-json\/wp\/v2\/posts\/8092\/revisions"}],"predecessor-version":[{"id":8099,"href":"https:\/\/www.sgeaj.ch\/fr\/wp-json\/wp\/v2\/posts\/8092\/revisions\/8099"}],"wp:featuredmedia":[{"embeddable":true,"href":"https:\/\/www.sgeaj.ch\/fr\/wp-json\/wp\/v2\/media\/8095"}],"wp:attachment":[{"href":"https:\/\/www.sgeaj.ch\/fr\/wp-json\/wp\/v2\/media?parent=8092"}],"wp:term":[{"taxonomy":"category","embeddable":true,"href":"https:\/\/www.sgeaj.ch\/fr\/wp-json\/wp\/v2\/categories?post=8092"},{"taxonomy":"post_tag","embeddable":true,"href":"https:\/\/www.sgeaj.ch\/fr\/wp-json\/wp\/v2\/tags?post=8092"}],"curies":[{"name":"wp","href":"https:\/\/api.w.org\/{rel}","templated":true}]}}